{"id":2652,"date":"2021-05-19T16:14:02","date_gmt":"2021-05-19T21:14:02","guid":{"rendered":"http:\/\/expressometro.mx\/?p=2652"},"modified":"2021-05-19T16:14:03","modified_gmt":"2021-05-19T21:14:03","slug":"letra-muerta-el-pacto-de-civilidad-si-el-gobierno-no-actua-ante-las-agresiones-maurilio","status":"publish","type":"post","link":"https:\/\/expressometro.mx\/index.php\/2021\/05\/19\/letra-muerta-el-pacto-de-civilidad-si-el-gobierno-no-actua-ante-las-agresiones-maurilio\/","title":{"rendered":"LETRA MUERTA EL PACTO DE CIVILIDAD SI EL GOBIERNO NO ACT\u00daA ANTE LAS AGRESIONES: MAURILIO"},"content":{"rendered":"\n<p>Si el Gobierno del Estado de M\u00e9xico no interviene en los puntos de conflicto por agresiones a candidatos y brigadistas, el pacto de civilidad estatal solo ser\u00e1 letra muerta, advirti\u00f3 el presidente del Consejo Estatal de Morena, Maurilio Hern\u00e1ndez Gonz\u00e1lez.<\/p>\n\n\n\n<p>Las agresiones se han registrado de manera reiterada en Chimalhuac\u00e1n, Ixtapaluca y Huixquilucan, en este \u00faltimo donde se ha emprendido una campa\u00f1a de acoso contra el aspirante a la alcald\u00eda Enrique Garay, impulsada por el edil panista con licencia, Enrique Vargas.<\/p>\n\n\n\n<p>El 7 de mayo, la Secretar\u00eda General de Gobierno convoc\u00f3 a la mesa pol\u00edtica con representantes de todos los partidos pol\u00edticos y el Instituto Electoral del Estado de M\u00e9xico (IEEM) para firmar un acuerdo de civilidad y respeto para que las campa\u00f1as sean pac\u00edficas pero los ataques continuaron en Huixquilucan y en Chimalhuac\u00e1n.<\/p>\n\n\n\n<p>\u201cSon los responsables de la pol\u00edtica interna del estado, celebro que el Secretario de Gobierno haya convocado a la mesa pol\u00edtica, que todas las fuerzas est\u00e9n presentes, que se materializara en hechos concretos, porque s\u00ed se firma un pacto de civilidad, pero si no se aplica al punto de los conflictos puede ser letra muerta\u201d, apunt\u00f3 el morenista.<\/p>\n\n\n\n<p>Morena ha recibido reportes de agresiones, intimidaciones contra brigadistas y candidatos en 11 municipios, y ha presentado 10 denuncias: dos denuncias por hostigamiento en Chimalhuac\u00e1n por parte de golpeadores del candidato Jes\u00fas Tolentino Rom\u00e1n Boj\u00f3rquez, y tres denuncias por agresiones en Huixquilucan, vinculadas con el candidato panista a diputado Enrique Vargas.<\/p>\n\n\n\n<p>Maurilio Hern\u00e1ndez refiri\u00f3 que hay denuncias ante el IEEM y ante el Tribunal Electoral del Estado de M\u00e9xico por las irregularidades en que han incurrido candidatos de diferentes partidos, y acudir\u00e1n ante las \u00faltimas instancias hasta que haya sanciones contra los actores pol\u00edticos involucrados.<\/p>\n\n\n\n<p>Consider\u00f3 que estas agresiones son resultado de la desesperaci\u00f3n de los contrincantes pues Morena tiene una ventaja irreversible y obtendr\u00e1 buenos resultados en la elecci\u00f3n de diputados federales, locales y Ayuntamientos.<br>Sin embargo, Maurilio Gonz\u00e1lez llam\u00f3 a todas las fuerzas pol\u00edticas a realizar un esfuerzo para garantizar un proceso electoral limpio y una elecci\u00f3n sin contratiempos, por el bien de todos los gobiernos y del estado.<\/p>\n\n\n\n<p>\u201cQuiero reiterar a las autoridades correspondientes que act\u00faen de com\u00fan acuerdo con las fuerzas pol\u00edticas porque todos somos corresponsables de que la elecci\u00f3n sea limpia, s\u00f3lida y sobre todo sea confiable, para que la poblaci\u00f3n siga transitando en este proceso de recuperaci\u00f3n de la entidad\u201d, insisti\u00f3.<\/p>\n\n\n\n<figure class=\"wp-block-image size-large\"><img decoding=\"async\" width=\"720\" height=\"480\" src=\"http:\/\/expressometro.mx\/wp-content\/uploads\/2021\/05\/90E1F34C-A5BE-41C7-AED0-B36CCE823B0E-720x480.jpeg\" alt=\"\" class=\"wp-image-2653\" srcset=\"https:\/\/expressometro.mx\/wp-content\/uploads\/2021\/05\/90E1F34C-A5BE-41C7-AED0-B36CCE823B0E-720x480.jpeg 720w, https:\/\/expressometro.mx\/wp-content\/uploads\/2021\/05\/90E1F34C-A5BE-41C7-AED0-B36CCE823B0E-548x365.jpeg 548w, https:\/\/expressometro.mx\/wp-content\/uploads\/2021\/05\/90E1F34C-A5BE-41C7-AED0-B36CCE823B0E-768x512.jpeg 768w, https:\/\/expressometro.mx\/wp-content\/uploads\/2021\/05\/90E1F34C-A5BE-41C7-AED0-B36CCE823B0E-1536x1024.jpeg 1536w, https:\/\/expressometro.mx\/wp-content\/uploads\/2021\/05\/90E1F34C-A5BE-41C7-AED0-B36CCE823B0E.jpeg 1599w\" sizes=\"(max-width: 720px) 100vw, 720px\" \/><\/figure>\n","protected":false},"excerpt":{"rendered":"<p>Maurilio Hern\u00e1ndez refiri\u00f3 que hay denuncias ante el IEEM y ante el Tribunal Electoral del Estado de M\u00e9xico por las irregularidades en que han incurrido candidatos de diferentes partidos. <\/p>\n","protected":false},"author":2,"featured_media":2656,"comment_status":"open","ping_status":"open","sticky":false,"template":"","format":"standard","meta":{"footnotes":""},"categories":[3,231],"tags":[99],"class_list":["post-2652","post","type-post","status-publish","format-standard","has-post-thumbnail","hentry","category-gobierno","category-politica","tag-maurilio-hernandez"],"yoast_head":"<!-- This site is optimized with the Yoast SEO plugin v27.5 - https:\/\/yoast.com\/product\/yoast-seo-wordpress\/ -->\n<title>LETRA MUERTA EL PACTO DE CIVILIDAD SI EL GOBIERNO NO ACT\u00daA ANTE LAS AGRESIONES: MAURILIO - Expresso Metropolitano<\/title>\n<meta name=\"robots\" content=\"index, follow, max-snippet:-1, max-image-preview:large, max-video-preview:-1\" \/>\n<link rel=\"canonical\" href=\"https:\/\/expressometro.mx\/index.php\/2021\/05\/19\/letra-muerta-el-pacto-de-civilidad-si-el-gobierno-no-actua-ante-las-agresiones-maurilio\/\" \/>\n<meta property=\"og:locale\" content=\"es_MX\" \/>\n<meta property=\"og:type\" content=\"article\" \/>\n<meta property=\"og:title\" content=\"LETRA MUERTA EL PACTO DE CIVILIDAD SI EL GOBIERNO NO ACT\u00daA ANTE LAS AGRESIONES: MAURILIO - Expresso Metropolitano\" \/>\n<meta property=\"og:description\" content=\"Maurilio Hern\u00e1ndez refiri\u00f3 que hay denuncias ante el IEEM y ante el Tribunal Electoral del Estado de M\u00e9xico por las irregularidades en que han incurrido candidatos de diferentes partidos.\" \/>\n<meta property=\"og:url\" content=\"https:\/\/expressometro.mx\/index.php\/2021\/05\/19\/letra-muerta-el-pacto-de-civilidad-si-el-gobierno-no-actua-ante-las-agresiones-maurilio\/\" \/>\n<meta property=\"og:site_name\" content=\"Expresso Metropolitano\" \/>\n<meta property=\"article:published_time\" content=\"2021-05-19T21:14:02+00:00\" \/>\n<meta property=\"article:modified_time\" content=\"2021-05-19T21:14:03+00:00\" \/>\n<meta property=\"og:image\" content=\"https:\/\/expressometro.mx\/wp-content\/uploads\/2021\/05\/72AAE518-E637-4571-9D5F-7E358148C5F4.jpeg\" \/>\n\t<meta property=\"og:image:width\" content=\"539\" \/>\n\t<meta property=\"og:image:height\" content=\"669\" \/>\n\t<meta property=\"og:image:type\" content=\"image\/jpeg\" \/>\n<meta name=\"author\" content=\"Cecilia Vega\" \/>\n<meta name=\"twitter:label1\" content=\"Escrito por\" \/>\n\t<meta name=\"twitter:data1\" content=\"Cecilia Vega\" \/>\n\t<meta name=\"twitter:label2\" content=\"Tiempo de lectura\" \/>\n\t<meta name=\"twitter:data2\" content=\"2 minutos\" \/>\n<script type=\"application\/ld+json\" class=\"yoast-schema-graph\">{\"@context\":\"https:\\\/\\\/schema.org\",\"@graph\":[{\"@type\":\"Article\",\"@id\":\"https:\\\/\\\/expressometro.mx\\\/index.php\\\/2021\\\/05\\\/19\\\/letra-muerta-el-pacto-de-civilidad-si-el-gobierno-no-actua-ante-las-agresiones-maurilio\\\/#article\",\"isPartOf\":{\"@id\":\"https:\\\/\\\/expressometro.mx\\\/index.php\\\/2021\\\/05\\\/19\\\/letra-muerta-el-pacto-de-civilidad-si-el-gobierno-no-actua-ante-las-agresiones-maurilio\\\/\"},\"author\":{\"name\":\"Cecilia Vega\",\"@id\":\"https:\\\/\\\/expressometro.mx\\\/#\\\/schema\\\/person\\\/67a95b8e3862085c7598f66237488f1f\"},\"headline\":\"LETRA MUERTA EL PACTO DE CIVILIDAD SI EL GOBIERNO NO ACT\u00daA ANTE LAS AGRESIONES: MAURILIO\",\"datePublished\":\"2021-05-19T21:14:02+00:00\",\"dateModified\":\"2021-05-19T21:14:03+00:00\",\"mainEntityOfPage\":{\"@id\":\"https:\\\/\\\/expressometro.mx\\\/index.php\\\/2021\\\/05\\\/19\\\/letra-muerta-el-pacto-de-civilidad-si-el-gobierno-no-actua-ante-las-agresiones-maurilio\\\/\"},\"wordCount\":448,\"commentCount\":0,\"publisher\":{\"@id\":\"https:\\\/\\\/expressometro.mx\\\/#organization\"},\"image\":{\"@id\":\"https:\\\/\\\/expressometro.mx\\\/index.php\\\/2021\\\/05\\\/19\\\/letra-muerta-el-pacto-de-civilidad-si-el-gobierno-no-actua-ante-las-agresiones-maurilio\\\/#primaryimage\"},\"thumbnailUrl\":\"https:\\\/\\\/expressometro.mx\\\/wp-content\\\/uploads\\\/2021\\\/05\\\/72AAE518-E637-4571-9D5F-7E358148C5F4.jpeg\",\"keywords\":[\"Maurilio Hern\u00e1ndez\"],\"articleSection\":[\"Gobierno\",\"Pol\u00edtica\"],\"inLanguage\":\"es\",\"potentialAction\":[{\"@type\":\"CommentAction\",\"name\":\"Comment\",\"target\":[\"https:\\\/\\\/expressometro.mx\\\/index.php\\\/2021\\\/05\\\/19\\\/letra-muerta-el-pacto-de-civilidad-si-el-gobierno-no-actua-ante-las-agresiones-maurilio\\\/#respond\"]}]},{\"@type\":\"WebPage\",\"@id\":\"https:\\\/\\\/expressometro.mx\\\/index.php\\\/2021\\\/05\\\/19\\\/letra-muerta-el-pacto-de-civilidad-si-el-gobierno-no-actua-ante-las-agresiones-maurilio\\\/\",\"url\":\"https:\\\/\\\/expressometro.mx\\\/index.php\\\/2021\\\/05\\\/19\\\/letra-muerta-el-pacto-de-civilidad-si-el-gobierno-no-actua-ante-las-agresiones-maurilio\\\/\",\"name\":\"LETRA MUERTA EL PACTO DE CIVILIDAD SI EL GOBIERNO NO ACT\u00daA ANTE LAS AGRESIONES: MAURILIO - Expresso Metropolitano\",\"isPartOf\":{\"@id\":\"https:\\\/\\\/expressometro.mx\\\/#website\"},\"primaryImageOfPage\":{\"@id\":\"https:\\\/\\\/expressometro.mx\\\/index.php\\\/2021\\\/05\\\/19\\\/letra-muerta-el-pacto-de-civilidad-si-el-gobierno-no-actua-ante-las-agresiones-maurilio\\\/#primaryimage\"},\"image\":{\"@id\":\"https:\\\/\\\/expressometro.mx\\\/index.php\\\/2021\\\/05\\\/19\\\/letra-muerta-el-pacto-de-civilidad-si-el-gobierno-no-actua-ante-las-agresiones-maurilio\\\/#primaryimage\"},\"thumbnailUrl\":\"https:\\\/\\\/expressometro.mx\\\/wp-content\\\/uploads\\\/2021\\\/05\\\/72AAE518-E637-4571-9D5F-7E358148C5F4.jpeg\",\"datePublished\":\"2021-05-19T21:14:02+00:00\",\"dateModified\":\"2021-05-19T21:14:03+00:00\",\"breadcrumb\":{\"@id\":\"https:\\\/\\\/expressometro.mx\\\/index.php\\\/2021\\\/05\\\/19\\\/letra-muerta-el-pacto-de-civilidad-si-el-gobierno-no-actua-ante-las-agresiones-maurilio\\\/#breadcrumb\"},\"inLanguage\":\"es\",\"potentialAction\":[{\"@type\":\"ReadAction\",\"target\":[\"https:\\\/\\\/expressometro.mx\\\/index.php\\\/2021\\\/05\\\/19\\\/letra-muerta-el-pacto-de-civilidad-si-el-gobierno-no-actua-ante-las-agresiones-maurilio\\\/\"]}]},{\"@type\":\"ImageObject\",\"inLanguage\":\"es\",\"@id\":\"https:\\\/\\\/expressometro.mx\\\/index.php\\\/2021\\\/05\\\/19\\\/letra-muerta-el-pacto-de-civilidad-si-el-gobierno-no-actua-ante-las-agresiones-maurilio\\\/#primaryimage\",\"url\":\"https:\\\/\\\/expressometro.mx\\\/wp-content\\\/uploads\\\/2021\\\/05\\\/72AAE518-E637-4571-9D5F-7E358148C5F4.jpeg\",\"contentUrl\":\"https:\\\/\\\/expressometro.mx\\\/wp-content\\\/uploads\\\/2021\\\/05\\\/72AAE518-E637-4571-9D5F-7E358148C5F4.jpeg\",\"width\":539,\"height\":669},{\"@type\":\"BreadcrumbList\",\"@id\":\"https:\\\/\\\/expressometro.mx\\\/index.php\\\/2021\\\/05\\\/19\\\/letra-muerta-el-pacto-de-civilidad-si-el-gobierno-no-actua-ante-las-agresiones-maurilio\\\/#breadcrumb\",\"itemListElement\":[{\"@type\":\"ListItem\",\"position\":1,\"name\":\"Inicio\",\"item\":\"https:\\\/\\\/expressometro.mx\\\/\"},{\"@type\":\"ListItem\",\"position\":2,\"name\":\"LETRA MUERTA EL PACTO DE CIVILIDAD SI EL GOBIERNO NO ACT\u00daA ANTE LAS AGRESIONES: MAURILIO\"}]},{\"@type\":\"WebSite\",\"@id\":\"https:\\\/\\\/expressometro.mx\\\/#website\",\"url\":\"https:\\\/\\\/expressometro.mx\\\/\",\"name\":\"Expresso Metropolitano\",\"description\":\"Periodismo comprometido, informaci\u00f3n, investigaci\u00f3n y an\u00e1lisis\",\"publisher\":{\"@id\":\"https:\\\/\\\/expressometro.mx\\\/#organization\"},\"potentialAction\":[{\"@type\":\"SearchAction\",\"target\":{\"@type\":\"EntryPoint\",\"urlTemplate\":\"https:\\\/\\\/expressometro.mx\\\/?s={search_term_string}\"},\"query-input\":{\"@type\":\"PropertyValueSpecification\",\"valueRequired\":true,\"valueName\":\"search_term_string\"}}],\"inLanguage\":\"es\"},{\"@type\":\"Organization\",\"@id\":\"https:\\\/\\\/expressometro.mx\\\/#organization\",\"name\":\"Expresso Metropolitano\",\"url\":\"https:\\\/\\\/expressometro.mx\\\/\",\"logo\":{\"@type\":\"ImageObject\",\"inLanguage\":\"es\",\"@id\":\"https:\\\/\\\/expressometro.mx\\\/#\\\/schema\\\/logo\\\/image\\\/\",\"url\":\"https:\\\/\\\/expressometro.mx\\\/wp-content\\\/uploads\\\/2019\\\/07\\\/cropped-Logo-Expresso-Metropolitano-1-1.jpeg\",\"contentUrl\":\"https:\\\/\\\/expressometro.mx\\\/wp-content\\\/uploads\\\/2019\\\/07\\\/cropped-Logo-Expresso-Metropolitano-1-1.jpeg\",\"width\":290,\"height\":73,\"caption\":\"Expresso Metropolitano\"},\"image\":{\"@id\":\"https:\\\/\\\/expressometro.mx\\\/#\\\/schema\\\/logo\\\/image\\\/\"}},{\"@type\":\"Person\",\"@id\":\"https:\\\/\\\/expressometro.mx\\\/#\\\/schema\\\/person\\\/67a95b8e3862085c7598f66237488f1f\",\"name\":\"Cecilia Vega\",\"image\":{\"@type\":\"ImageObject\",\"inLanguage\":\"es\",\"@id\":\"https:\\\/\\\/secure.gravatar.com\\\/avatar\\\/13aae9944ab2ee472a9e407c9487fdbd03b049abaa559af32fe5dbcf615c981b?s=96&d=mm&r=g\",\"url\":\"https:\\\/\\\/secure.gravatar.com\\\/avatar\\\/13aae9944ab2ee472a9e407c9487fdbd03b049abaa559af32fe5dbcf615c981b?s=96&d=mm&r=g\",\"contentUrl\":\"https:\\\/\\\/secure.gravatar.com\\\/avatar\\\/13aae9944ab2ee472a9e407c9487fdbd03b049abaa559af32fe5dbcf615c981b?s=96&d=mm&r=g\",\"caption\":\"Cecilia Vega\"},\"url\":\"https:\\\/\\\/expressometro.mx\\\/index.php\\\/author\\\/cecilia-vega\\\/\"}]}<\/script>\n<!-- \/ Yoast SEO plugin. -->","yoast_head_json":{"title":"LETRA MUERTA EL PACTO DE CIVILIDAD SI EL GOBIERNO NO ACT\u00daA ANTE LAS AGRESIONES: MAURILIO - Expresso Metropolitano","robots":{"index":"index","follow":"follow","max-snippet":"max-snippet:-1","max-image-preview":"max-image-preview:large","max-video-preview":"max-video-preview:-1"},"canonical":"https:\/\/expressometro.mx\/index.php\/2021\/05\/19\/letra-muerta-el-pacto-de-civilidad-si-el-gobierno-no-actua-ante-las-agresiones-maurilio\/","og_locale":"es_MX","og_type":"article","og_title":"LETRA MUERTA EL PACTO DE CIVILIDAD SI EL GOBIERNO NO ACT\u00daA ANTE LAS AGRESIONES: MAURILIO - Expresso Metropolitano","og_description":"Maurilio Hern\u00e1ndez refiri\u00f3 que hay denuncias ante el IEEM y ante el Tribunal Electoral del Estado de M\u00e9xico por las irregularidades en que han incurrido candidatos de diferentes partidos.","og_url":"https:\/\/expressometro.mx\/index.php\/2021\/05\/19\/letra-muerta-el-pacto-de-civilidad-si-el-gobierno-no-actua-ante-las-agresiones-maurilio\/","og_site_name":"Expresso Metropolitano","article_published_time":"2021-05-19T21:14:02+00:00","article_modified_time":"2021-05-19T21:14:03+00:00","og_image":[{"width":539,"height":669,"url":"https:\/\/expressometro.mx\/wp-content\/uploads\/2021\/05\/72AAE518-E637-4571-9D5F-7E358148C5F4.jpeg","type":"image\/jpeg"}],"author":"Cecilia Vega","twitter_misc":{"Escrito por":"Cecilia Vega","Tiempo de lectura":"2 minutos"},"schema":{"@context":"https:\/\/schema.org","@graph":[{"@type":"Article","@id":"https:\/\/expressometro.mx\/index.php\/2021\/05\/19\/letra-muerta-el-pacto-de-civilidad-si-el-gobierno-no-actua-ante-las-agresiones-maurilio\/#article","isPartOf":{"@id":"https:\/\/expressometro.mx\/index.php\/2021\/05\/19\/letra-muerta-el-pacto-de-civilidad-si-el-gobierno-no-actua-ante-las-agresiones-maurilio\/"},"author":{"name":"Cecilia Vega","@id":"https:\/\/expressometro.mx\/#\/schema\/person\/67a95b8e3862085c7598f66237488f1f"},"headline":"LETRA MUERTA EL PACTO DE CIVILIDAD SI EL GOBIERNO NO ACT\u00daA ANTE LAS AGRESIONES: MAURILIO","datePublished":"2021-05-19T21:14:02+00:00","dateModified":"2021-05-19T21:14:03+00:00","mainEntityOfPage":{"@id":"https:\/\/expressometro.mx\/index.php\/2021\/05\/19\/letra-muerta-el-pacto-de-civilidad-si-el-gobierno-no-actua-ante-las-agresiones-maurilio\/"},"wordCount":448,"commentCount":0,"publisher":{"@id":"https:\/\/expressometro.mx\/#organization"},"image":{"@id":"https:\/\/expressometro.mx\/index.php\/2021\/05\/19\/letra-muerta-el-pacto-de-civilidad-si-el-gobierno-no-actua-ante-las-agresiones-maurilio\/#primaryimage"},"thumbnailUrl":"https:\/\/expressometro.mx\/wp-content\/uploads\/2021\/05\/72AAE518-E637-4571-9D5F-7E358148C5F4.jpeg","keywords":["Maurilio Hern\u00e1ndez"],"articleSection":["Gobierno","Pol\u00edtica"],"inLanguage":"es","potentialAction":[{"@type":"CommentAction","name":"Comment","target":["https:\/\/expressometro.mx\/index.php\/2021\/05\/19\/letra-muerta-el-pacto-de-civilidad-si-el-gobierno-no-actua-ante-las-agresiones-maurilio\/#respond"]}]},{"@type":"WebPage","@id":"https:\/\/expressometro.mx\/index.php\/2021\/05\/19\/letra-muerta-el-pacto-de-civilidad-si-el-gobierno-no-actua-ante-las-agresiones-maurilio\/","url":"https:\/\/expressometro.mx\/index.php\/2021\/05\/19\/letra-muerta-el-pacto-de-civilidad-si-el-gobierno-no-actua-ante-las-agresiones-maurilio\/","name":"LETRA MUERTA EL PACTO DE CIVILIDAD SI EL GOBIERNO NO ACT\u00daA ANTE LAS AGRESIONES: MAURILIO - Expresso Metropolitano","isPartOf":{"@id":"https:\/\/expressometro.mx\/#website"},"primaryImageOfPage":{"@id":"https:\/\/expressometro.mx\/index.php\/2021\/05\/19\/letra-muerta-el-pacto-de-civilidad-si-el-gobierno-no-actua-ante-las-agresiones-maurilio\/#primaryimage"},"image":{"@id":"https:\/\/expressometro.mx\/index.php\/2021\/05\/19\/letra-muerta-el-pacto-de-civilidad-si-el-gobierno-no-actua-ante-las-agresiones-maurilio\/#primaryimage"},"thumbnailUrl":"https:\/\/expressometro.mx\/wp-content\/uploads\/2021\/05\/72AAE518-E637-4571-9D5F-7E358148C5F4.jpeg","datePublished":"2021-05-19T21:14:02+00:00","dateModified":"2021-05-19T21:14:03+00:00","breadcrumb":{"@id":"https:\/\/expressometro.mx\/index.php\/2021\/05\/19\/letra-muerta-el-pacto-de-civilidad-si-el-gobierno-no-actua-ante-las-agresiones-maurilio\/#breadcrumb"},"inLanguage":"es","potentialAction":[{"@type":"ReadAction","target":["https:\/\/expressometro.mx\/index.php\/2021\/05\/19\/letra-muerta-el-pacto-de-civilidad-si-el-gobierno-no-actua-ante-las-agresiones-maurilio\/"]}]},{"@type":"ImageObject","inLanguage":"es","@id":"https:\/\/expressometro.mx\/index.php\/2021\/05\/19\/letra-muerta-el-pacto-de-civilidad-si-el-gobierno-no-actua-ante-las-agresiones-maurilio\/#primaryimage","url":"https:\/\/expressometro.mx\/wp-content\/uploads\/2021\/05\/72AAE518-E637-4571-9D5F-7E358148C5F4.jpeg","contentUrl":"https:\/\/expressometro.mx\/wp-content\/uploads\/2021\/05\/72AAE518-E637-4571-9D5F-7E358148C5F4.jpeg","width":539,"height":669},{"@type":"BreadcrumbList","@id":"https:\/\/expressometro.mx\/index.php\/2021\/05\/19\/letra-muerta-el-pacto-de-civilidad-si-el-gobierno-no-actua-ante-las-agresiones-maurilio\/#breadcrumb","itemListElement":[{"@type":"ListItem","position":1,"name":"Inicio","item":"https:\/\/expressometro.mx\/"},{"@type":"ListItem","position":2,"name":"LETRA MUERTA EL PACTO DE CIVILIDAD SI EL GOBIERNO NO ACT\u00daA ANTE LAS AGRESIONES: MAURILIO"}]},{"@type":"WebSite","@id":"https:\/\/expressometro.mx\/#website","url":"https:\/\/expressometro.mx\/","name":"Expresso Metropolitano","description":"Periodismo comprometido, informaci\u00f3n, investigaci\u00f3n y an\u00e1lisis","publisher":{"@id":"https:\/\/expressometro.mx\/#organization"},"potentialAction":[{"@type":"SearchAction","target":{"@type":"EntryPoint","urlTemplate":"https:\/\/expressometro.mx\/?s={search_term_string}"},"query-input":{"@type":"PropertyValueSpecification","valueRequired":true,"valueName":"search_term_string"}}],"inLanguage":"es"},{"@type":"Organization","@id":"https:\/\/expressometro.mx\/#organization","name":"Expresso Metropolitano","url":"https:\/\/expressometro.mx\/","logo":{"@type":"ImageObject","inLanguage":"es","@id":"https:\/\/expressometro.mx\/#\/schema\/logo\/image\/","url":"https:\/\/expressometro.mx\/wp-content\/uploads\/2019\/07\/cropped-Logo-Expresso-Metropolitano-1-1.jpeg","contentUrl":"https:\/\/expressometro.mx\/wp-content\/uploads\/2019\/07\/cropped-Logo-Expresso-Metropolitano-1-1.jpeg","width":290,"height":73,"caption":"Expresso Metropolitano"},"image":{"@id":"https:\/\/expressometro.mx\/#\/schema\/logo\/image\/"}},{"@type":"Person","@id":"https:\/\/expressometro.mx\/#\/schema\/person\/67a95b8e3862085c7598f66237488f1f","name":"Cecilia Vega","image":{"@type":"ImageObject","inLanguage":"es","@id":"https:\/\/secure.gravatar.com\/avatar\/13aae9944ab2ee472a9e407c9487fdbd03b049abaa559af32fe5dbcf615c981b?s=96&d=mm&r=g","url":"https:\/\/secure.gravatar.com\/avatar\/13aae9944ab2ee472a9e407c9487fdbd03b049abaa559af32fe5dbcf615c981b?s=96&d=mm&r=g","contentUrl":"https:\/\/secure.gravatar.com\/avatar\/13aae9944ab2ee472a9e407c9487fdbd03b049abaa559af32fe5dbcf615c981b?s=96&d=mm&r=g","caption":"Cecilia Vega"},"url":"https:\/\/expressometro.mx\/index.php\/author\/cecilia-vega\/"}]}},"amp_enabled":true,"_links":{"self":[{"href":"https:\/\/expressometro.mx\/index.php\/wp-json\/wp\/v2\/posts\/2652","targetHints":{"allow":["GET"]}}],"collection":[{"href":"https:\/\/expressometro.mx\/index.php\/wp-json\/wp\/v2\/posts"}],"about":[{"href":"https:\/\/expressometro.mx\/index.php\/wp-json\/wp\/v2\/types\/post"}],"author":[{"embeddable":true,"href":"https:\/\/expressometro.mx\/index.php\/wp-json\/wp\/v2\/users\/2"}],"replies":[{"embeddable":true,"href":"https:\/\/expressometro.mx\/index.php\/wp-json\/wp\/v2\/comments?post=2652"}],"version-history":[{"count":1,"href":"https:\/\/expressometro.mx\/index.php\/wp-json\/wp\/v2\/posts\/2652\/revisions"}],"predecessor-version":[{"id":2657,"href":"https:\/\/expressometro.mx\/index.php\/wp-json\/wp\/v2\/posts\/2652\/revisions\/2657"}],"wp:featuredmedia":[{"embeddable":true,"href":"https:\/\/expressometro.mx\/index.php\/wp-json\/wp\/v2\/media\/2656"}],"wp:attachment":[{"href":"https:\/\/expressometro.mx\/index.php\/wp-json\/wp\/v2\/media?parent=2652"}],"wp:term":[{"taxonomy":"category","embeddable":true,"href":"https:\/\/expressometro.mx\/index.php\/wp-json\/wp\/v2\/categories?post=2652"},{"taxonomy":"post_tag","embeddable":true,"href":"https:\/\/expressometro.mx\/index.php\/wp-json\/wp\/v2\/tags?post=2652"}],"curies":[{"name":"wp","href":"https:\/\/api.w.org\/{rel}","templated":true}]}}