{"id":263,"date":"2019-08-26T09:28:49","date_gmt":"2019-08-26T14:28:49","guid":{"rendered":"http:\/\/expressometro.mx\/?p=263"},"modified":"2019-09-25T10:37:58","modified_gmt":"2019-09-25T15:37:58","slug":"alistan-para-septiembre-protocolo-de-actuacion-contra-la-violencia-politica-hacia-las-mujeres","status":"publish","type":"post","link":"https:\/\/expressometro.mx\/index.php\/2019\/08\/26\/alistan-para-septiembre-protocolo-de-actuacion-contra-la-violencia-politica-hacia-las-mujeres\/","title":{"rendered":"ALISTAN PARA SEPTIEMBRE PROTOCOLO DE ACTUACI\u00d3N CONTRA LA VIOLENCIA POL\u00cdTICA HACIA LAS MUJERES"},"content":{"rendered":"\n<p>El Protocolo para la Prevenci\u00f3n y Atenci\u00f3n de la Violencia Pol\u00edtica por Razones de G\u00e9nero, instrumento de actuaci\u00f3n para que las mujeres que sean v\u00edctimas de \u00e9sta sepan c\u00f3mo identificarla y ante qu\u00e9 instituciones denunciar, as\u00ed como para que las dependencias responsables tengan conocimiento de c\u00f3mo atenderla, estar\u00e1 listo en septiembre pr\u00f3ximo, tal y como fue programado, inform\u00f3 la diputada Mariana Uribe Bernal.<\/p>\n\n\n\n<p>La presidenta de la Comisi\u00f3n para la Igualdad de G\u00e9nero de la 60 Legislatura encabez\u00f3 la tercera reuni\u00f3n ordinaria del denominado Grupo Espec\u00edfico de Trabajo que elabora tal protocolo, en la que se aprobaron los avances en esa tarea a cargo de la consultora Divergente.<\/p>\n\n\n\n<p>La integrante del grupo parlamentario de morena en el Congreso mexiquense dijo que el protocolo, en el que tambi\u00e9n participan con propuestas las representantes de las instancias p\u00fablicas que conforman el Observatorio de Participaci\u00f3n Pol\u00edtica de las Mujeres en el Estado de M\u00e9xico, presenta un avance del 805, y su principal aportaci\u00f3n al tratamiento de este problema es que contar\u00e1 con un Comit\u00e9 de Seguimiento tanto de su aplicaci\u00f3n como sus resultados.<\/p>\n\n\n\n<p>En las entidades del pa\u00eds donde ya se cuenta con un protocolo similar no hay un comit\u00e9 de este tipo, apunt\u00f3, por lo que crearlo ser\u00e1 un gran avance para evaluar su desempe\u00f1o y pertinencia.<\/p>\n\n\n\n<p>Explic\u00f3 que si bien en la entidad no se cuenta con datos concretos sobre este tipo de violencia, es un hecho que la hay tanto en periodos electorales, como en la vida interna de los partidos pol\u00edticos, lo que obliga a dise\u00f1ar un marco de actuaci\u00f3n para prevenirla y combatirla.<\/p>\n\n\n\n<p>En mayo pasado la legisladora fue designada presidenta de este grupo creado a instancias del mencionado Observatorio. En esa ocasi\u00f3n se plante\u00f3 que el referido instrumento busca unificar criterios, conceptos y procedimientos para estandarizar el tratamiento del problema de la violencia pol\u00edtica por razones de g\u00e9nero e identificar las responsabilidades de las personas y las instituciones. Tambi\u00e9n se se\u00f1al\u00f3 que, de aprobarse, ser\u00e1 no s\u00f3lo un referente de actuaci\u00f3n, sino tambi\u00e9n una herramienta preventiva de aplicaci\u00f3n efectiva.<\/p>\n\n\n\n<p>En el Observatorio referido, erigido por iniciativa del Consejo Estatal de la Mujer y Bienestar Social, el Instituto Electoral del Estado de M\u00e9xico, el Tribunal Electoral del Estado de M\u00e9xico y el Instituto Nacional de las Mujeres colaboran y participan otras dependencias e instancias, entre ellas la Legislatura local.<\/p>\n","protected":false},"excerpt":{"rendered":"<p>El Protocolo para la Prevenci\u00f3n y Atenci\u00f3n de la Violencia Pol\u00edtica por Razones de G\u00e9nero, instrumento de actuaci\u00f3n para que las mujeres que sean v\u00edctimas de \u00e9sta sepan c\u00f3mo identificarla y ante qu\u00e9 instituciones denunciar, as\u00ed como para que las dependencias responsables tengan conocimiento de c\u00f3mo atenderla, estar\u00e1 listo en septiembre pr\u00f3ximo, tal y como fue programado, inform\u00f3 la diputada Mariana Uribe Bernal. La presidenta de la Comisi\u00f3n para la Igualdad de G\u00e9nero de la 60 Legislatura encabez\u00f3 la tercera reuni\u00f3n ordinaria del denominado Grupo Espec\u00edfico de Trabajo que elabora&hellip;<\/p>\n","protected":false},"author":1,"featured_media":0,"comment_status":"open","ping_status":"open","sticky":false,"template":"","format":"standard","meta":{"footnotes":""},"categories":[3],"tags":[],"class_list":["post-263","post","type-post","status-publish","format-standard","hentry","category-gobierno"],"yoast_head":"<!-- This site is optimized with the Yoast SEO plugin v27.5 - https:\/\/yoast.com\/product\/yoast-seo-wordpress\/ -->\n<title>ALISTAN PARA SEPTIEMBRE PROTOCOLO DE ACTUACI\u00d3N CONTRA LA VIOLENCIA POL\u00cdTICA HACIA LAS MUJERES - Expresso Metropolitano<\/title>\n<meta name=\"robots\" content=\"index, follow, max-snippet:-1, max-image-preview:large, max-video-preview:-1\" \/>\n<link rel=\"canonical\" href=\"https:\/\/expressometro.mx\/index.php\/2019\/08\/26\/alistan-para-septiembre-protocolo-de-actuacion-contra-la-violencia-politica-hacia-las-mujeres\/\" \/>\n<meta property=\"og:locale\" content=\"es_MX\" \/>\n<meta property=\"og:type\" content=\"article\" \/>\n<meta property=\"og:title\" content=\"ALISTAN PARA SEPTIEMBRE PROTOCOLO DE ACTUACI\u00d3N CONTRA LA VIOLENCIA POL\u00cdTICA HACIA LAS MUJERES - Expresso Metropolitano\" \/>\n<meta property=\"og:description\" content=\"El Protocolo para la Prevenci\u00f3n y Atenci\u00f3n de la Violencia Pol\u00edtica por Razones de G\u00e9nero, instrumento de actuaci\u00f3n para que las mujeres que sean v\u00edctimas de \u00e9sta sepan c\u00f3mo identificarla y ante qu\u00e9 instituciones denunciar, as\u00ed como para que las dependencias responsables tengan conocimiento de c\u00f3mo atenderla, estar\u00e1 listo en septiembre pr\u00f3ximo, tal y como fue programado, inform\u00f3 la diputada Mariana Uribe Bernal. La presidenta de la Comisi\u00f3n para la Igualdad de G\u00e9nero de la 60 Legislatura encabez\u00f3 la tercera reuni\u00f3n ordinaria del denominado Grupo Espec\u00edfico de Trabajo que elabora&hellip;\" \/>\n<meta property=\"og:url\" content=\"https:\/\/expressometro.mx\/index.php\/2019\/08\/26\/alistan-para-septiembre-protocolo-de-actuacion-contra-la-violencia-politica-hacia-las-mujeres\/\" \/>\n<meta property=\"og:site_name\" content=\"Expresso Metropolitano\" \/>\n<meta property=\"article:published_time\" content=\"2019-08-26T14:28:49+00:00\" \/>\n<meta property=\"article:modified_time\" content=\"2019-09-25T15:37:58+00:00\" \/>\n<meta property=\"og:image\" content=\"https:\/\/expressometro.mx\/wp-content\/uploads\/2019\/08\/1097b.jpg\" \/>\n\t<meta property=\"og:image:width\" content=\"850\" \/>\n\t<meta property=\"og:image:height\" content=\"478\" \/>\n\t<meta property=\"og:image:type\" content=\"image\/jpeg\" \/>\n<meta name=\"author\" content=\"Expresso Metropolitano\" \/>\n<meta name=\"twitter:label1\" content=\"Escrito por\" \/>\n\t<meta name=\"twitter:data1\" content=\"Expresso Metropolitano\" \/>\n\t<meta name=\"twitter:label2\" content=\"Tiempo de lectura\" \/>\n\t<meta name=\"twitter:data2\" content=\"2 minutos\" \/>\n<script type=\"application\/ld+json\" class=\"yoast-schema-graph\">{\"@context\":\"https:\\\/\\\/schema.org\",\"@graph\":[{\"@type\":\"Article\",\"@id\":\"https:\\\/\\\/expressometro.mx\\\/index.php\\\/2019\\\/08\\\/26\\\/alistan-para-septiembre-protocolo-de-actuacion-contra-la-violencia-politica-hacia-las-mujeres\\\/#article\",\"isPartOf\":{\"@id\":\"https:\\\/\\\/expressometro.mx\\\/index.php\\\/2019\\\/08\\\/26\\\/alistan-para-septiembre-protocolo-de-actuacion-contra-la-violencia-politica-hacia-las-mujeres\\\/\"},\"author\":{\"name\":\"Expresso Metropolitano\",\"@id\":\"https:\\\/\\\/expressometro.mx\\\/#\\\/schema\\\/person\\\/efa971b4a0664db8ed5c22b1b0dd2f5d\"},\"headline\":\"ALISTAN PARA SEPTIEMBRE PROTOCOLO DE ACTUACI\u00d3N CONTRA LA VIOLENCIA POL\u00cdTICA HACIA LAS MUJERES\",\"datePublished\":\"2019-08-26T14:28:49+00:00\",\"dateModified\":\"2019-09-25T15:37:58+00:00\",\"mainEntityOfPage\":{\"@id\":\"https:\\\/\\\/expressometro.mx\\\/index.php\\\/2019\\\/08\\\/26\\\/alistan-para-septiembre-protocolo-de-actuacion-contra-la-violencia-politica-hacia-las-mujeres\\\/\"},\"wordCount\":440,\"commentCount\":0,\"publisher\":{\"@id\":\"https:\\\/\\\/expressometro.mx\\\/#organization\"},\"articleSection\":[\"Gobierno\"],\"inLanguage\":\"es\",\"potentialAction\":[{\"@type\":\"CommentAction\",\"name\":\"Comment\",\"target\":[\"https:\\\/\\\/expressometro.mx\\\/index.php\\\/2019\\\/08\\\/26\\\/alistan-para-septiembre-protocolo-de-actuacion-contra-la-violencia-politica-hacia-las-mujeres\\\/#respond\"]}]},{\"@type\":\"WebPage\",\"@id\":\"https:\\\/\\\/expressometro.mx\\\/index.php\\\/2019\\\/08\\\/26\\\/alistan-para-septiembre-protocolo-de-actuacion-contra-la-violencia-politica-hacia-las-mujeres\\\/\",\"url\":\"https:\\\/\\\/expressometro.mx\\\/index.php\\\/2019\\\/08\\\/26\\\/alistan-para-septiembre-protocolo-de-actuacion-contra-la-violencia-politica-hacia-las-mujeres\\\/\",\"name\":\"ALISTAN PARA SEPTIEMBRE PROTOCOLO DE ACTUACI\u00d3N CONTRA LA VIOLENCIA POL\u00cdTICA HACIA LAS MUJERES - Expresso Metropolitano\",\"isPartOf\":{\"@id\":\"https:\\\/\\\/expressometro.mx\\\/#website\"},\"datePublished\":\"2019-08-26T14:28:49+00:00\",\"dateModified\":\"2019-09-25T15:37:58+00:00\",\"breadcrumb\":{\"@id\":\"https:\\\/\\\/expressometro.mx\\\/index.php\\\/2019\\\/08\\\/26\\\/alistan-para-septiembre-protocolo-de-actuacion-contra-la-violencia-politica-hacia-las-mujeres\\\/#breadcrumb\"},\"inLanguage\":\"es\",\"potentialAction\":[{\"@type\":\"ReadAction\",\"target\":[\"https:\\\/\\\/expressometro.mx\\\/index.php\\\/2019\\\/08\\\/26\\\/alistan-para-septiembre-protocolo-de-actuacion-contra-la-violencia-politica-hacia-las-mujeres\\\/\"]}]},{\"@type\":\"BreadcrumbList\",\"@id\":\"https:\\\/\\\/expressometro.mx\\\/index.php\\\/2019\\\/08\\\/26\\\/alistan-para-septiembre-protocolo-de-actuacion-contra-la-violencia-politica-hacia-las-mujeres\\\/#breadcrumb\",\"itemListElement\":[{\"@type\":\"ListItem\",\"position\":1,\"name\":\"Inicio\",\"item\":\"https:\\\/\\\/expressometro.mx\\\/\"},{\"@type\":\"ListItem\",\"position\":2,\"name\":\"ALISTAN PARA SEPTIEMBRE PROTOCOLO DE ACTUACI\u00d3N CONTRA LA VIOLENCIA POL\u00cdTICA HACIA LAS MUJERES\"}]},{\"@type\":\"WebSite\",\"@id\":\"https:\\\/\\\/expressometro.mx\\\/#website\",\"url\":\"https:\\\/\\\/expressometro.mx\\\/\",\"name\":\"Expresso Metropolitano\",\"description\":\"Periodismo comprometido, informaci\u00f3n, investigaci\u00f3n y an\u00e1lisis\",\"publisher\":{\"@id\":\"https:\\\/\\\/expressometro.mx\\\/#organization\"},\"potentialAction\":[{\"@type\":\"SearchAction\",\"target\":{\"@type\":\"EntryPoint\",\"urlTemplate\":\"https:\\\/\\\/expressometro.mx\\\/?s={search_term_string}\"},\"query-input\":{\"@type\":\"PropertyValueSpecification\",\"valueRequired\":true,\"valueName\":\"search_term_string\"}}],\"inLanguage\":\"es\"},{\"@type\":\"Organization\",\"@id\":\"https:\\\/\\\/expressometro.mx\\\/#organization\",\"name\":\"Expresso Metropolitano\",\"url\":\"https:\\\/\\\/expressometro.mx\\\/\",\"logo\":{\"@type\":\"ImageObject\",\"inLanguage\":\"es\",\"@id\":\"https:\\\/\\\/expressometro.mx\\\/#\\\/schema\\\/logo\\\/image\\\/\",\"url\":\"https:\\\/\\\/expressometro.mx\\\/wp-content\\\/uploads\\\/2019\\\/07\\\/cropped-Logo-Expresso-Metropolitano-1-1.jpeg\",\"contentUrl\":\"https:\\\/\\\/expressometro.mx\\\/wp-content\\\/uploads\\\/2019\\\/07\\\/cropped-Logo-Expresso-Metropolitano-1-1.jpeg\",\"width\":290,\"height\":73,\"caption\":\"Expresso Metropolitano\"},\"image\":{\"@id\":\"https:\\\/\\\/expressometro.mx\\\/#\\\/schema\\\/logo\\\/image\\\/\"}},{\"@type\":\"Person\",\"@id\":\"https:\\\/\\\/expressometro.mx\\\/#\\\/schema\\\/person\\\/efa971b4a0664db8ed5c22b1b0dd2f5d\",\"name\":\"Expresso Metropolitano\",\"image\":{\"@type\":\"ImageObject\",\"inLanguage\":\"es\",\"@id\":\"https:\\\/\\\/secure.gravatar.com\\\/avatar\\\/a89f802b8de18c6952f223c88d3d106e9e3679839f4e25a02f4a6cc2ae6ba3b3?s=96&d=mm&r=g\",\"url\":\"https:\\\/\\\/secure.gravatar.com\\\/avatar\\\/a89f802b8de18c6952f223c88d3d106e9e3679839f4e25a02f4a6cc2ae6ba3b3?s=96&d=mm&r=g\",\"contentUrl\":\"https:\\\/\\\/secure.gravatar.com\\\/avatar\\\/a89f802b8de18c6952f223c88d3d106e9e3679839f4e25a02f4a6cc2ae6ba3b3?s=96&d=mm&r=g\",\"caption\":\"Expresso Metropolitano\"},\"url\":\"https:\\\/\\\/expressometro.mx\\\/index.php\\\/author\\\/diego\\\/\"}]}<\/script>\n<!-- \/ Yoast SEO plugin. -->","yoast_head_json":{"title":"ALISTAN PARA SEPTIEMBRE PROTOCOLO DE ACTUACI\u00d3N CONTRA LA VIOLENCIA POL\u00cdTICA HACIA LAS MUJERES - Expresso Metropolitano","robots":{"index":"index","follow":"follow","max-snippet":"max-snippet:-1","max-image-preview":"max-image-preview:large","max-video-preview":"max-video-preview:-1"},"canonical":"https:\/\/expressometro.mx\/index.php\/2019\/08\/26\/alistan-para-septiembre-protocolo-de-actuacion-contra-la-violencia-politica-hacia-las-mujeres\/","og_locale":"es_MX","og_type":"article","og_title":"ALISTAN PARA SEPTIEMBRE PROTOCOLO DE ACTUACI\u00d3N CONTRA LA VIOLENCIA POL\u00cdTICA HACIA LAS MUJERES - Expresso Metropolitano","og_description":"El Protocolo para la Prevenci\u00f3n y Atenci\u00f3n de la Violencia Pol\u00edtica por Razones de G\u00e9nero, instrumento de actuaci\u00f3n para que las mujeres que sean v\u00edctimas de \u00e9sta sepan c\u00f3mo identificarla y ante qu\u00e9 instituciones denunciar, as\u00ed como para que las dependencias responsables tengan conocimiento de c\u00f3mo atenderla, estar\u00e1 listo en septiembre pr\u00f3ximo, tal y como fue programado, inform\u00f3 la diputada Mariana Uribe Bernal. La presidenta de la Comisi\u00f3n para la Igualdad de G\u00e9nero de la 60 Legislatura encabez\u00f3 la tercera reuni\u00f3n ordinaria del denominado Grupo Espec\u00edfico de Trabajo que elabora&hellip;","og_url":"https:\/\/expressometro.mx\/index.php\/2019\/08\/26\/alistan-para-septiembre-protocolo-de-actuacion-contra-la-violencia-politica-hacia-las-mujeres\/","og_site_name":"Expresso Metropolitano","article_published_time":"2019-08-26T14:28:49+00:00","article_modified_time":"2019-09-25T15:37:58+00:00","og_image":[{"width":850,"height":478,"url":"https:\/\/expressometro.mx\/wp-content\/uploads\/2019\/08\/1097b.jpg","type":"image\/jpeg"}],"author":"Expresso Metropolitano","twitter_misc":{"Escrito por":"Expresso Metropolitano","Tiempo de lectura":"2 minutos"},"schema":{"@context":"https:\/\/schema.org","@graph":[{"@type":"Article","@id":"https:\/\/expressometro.mx\/index.php\/2019\/08\/26\/alistan-para-septiembre-protocolo-de-actuacion-contra-la-violencia-politica-hacia-las-mujeres\/#article","isPartOf":{"@id":"https:\/\/expressometro.mx\/index.php\/2019\/08\/26\/alistan-para-septiembre-protocolo-de-actuacion-contra-la-violencia-politica-hacia-las-mujeres\/"},"author":{"name":"Expresso Metropolitano","@id":"https:\/\/expressometro.mx\/#\/schema\/person\/efa971b4a0664db8ed5c22b1b0dd2f5d"},"headline":"ALISTAN PARA SEPTIEMBRE PROTOCOLO DE ACTUACI\u00d3N CONTRA LA VIOLENCIA POL\u00cdTICA HACIA LAS MUJERES","datePublished":"2019-08-26T14:28:49+00:00","dateModified":"2019-09-25T15:37:58+00:00","mainEntityOfPage":{"@id":"https:\/\/expressometro.mx\/index.php\/2019\/08\/26\/alistan-para-septiembre-protocolo-de-actuacion-contra-la-violencia-politica-hacia-las-mujeres\/"},"wordCount":440,"commentCount":0,"publisher":{"@id":"https:\/\/expressometro.mx\/#organization"},"articleSection":["Gobierno"],"inLanguage":"es","potentialAction":[{"@type":"CommentAction","name":"Comment","target":["https:\/\/expressometro.mx\/index.php\/2019\/08\/26\/alistan-para-septiembre-protocolo-de-actuacion-contra-la-violencia-politica-hacia-las-mujeres\/#respond"]}]},{"@type":"WebPage","@id":"https:\/\/expressometro.mx\/index.php\/2019\/08\/26\/alistan-para-septiembre-protocolo-de-actuacion-contra-la-violencia-politica-hacia-las-mujeres\/","url":"https:\/\/expressometro.mx\/index.php\/2019\/08\/26\/alistan-para-septiembre-protocolo-de-actuacion-contra-la-violencia-politica-hacia-las-mujeres\/","name":"ALISTAN PARA SEPTIEMBRE PROTOCOLO DE ACTUACI\u00d3N CONTRA LA VIOLENCIA POL\u00cdTICA HACIA LAS MUJERES - Expresso Metropolitano","isPartOf":{"@id":"https:\/\/expressometro.mx\/#website"},"datePublished":"2019-08-26T14:28:49+00:00","dateModified":"2019-09-25T15:37:58+00:00","breadcrumb":{"@id":"https:\/\/expressometro.mx\/index.php\/2019\/08\/26\/alistan-para-septiembre-protocolo-de-actuacion-contra-la-violencia-politica-hacia-las-mujeres\/#breadcrumb"},"inLanguage":"es","potentialAction":[{"@type":"ReadAction","target":["https:\/\/expressometro.mx\/index.php\/2019\/08\/26\/alistan-para-septiembre-protocolo-de-actuacion-contra-la-violencia-politica-hacia-las-mujeres\/"]}]},{"@type":"BreadcrumbList","@id":"https:\/\/expressometro.mx\/index.php\/2019\/08\/26\/alistan-para-septiembre-protocolo-de-actuacion-contra-la-violencia-politica-hacia-las-mujeres\/#breadcrumb","itemListElement":[{"@type":"ListItem","position":1,"name":"Inicio","item":"https:\/\/expressometro.mx\/"},{"@type":"ListItem","position":2,"name":"ALISTAN PARA SEPTIEMBRE PROTOCOLO DE ACTUACI\u00d3N CONTRA LA VIOLENCIA POL\u00cdTICA HACIA LAS MUJERES"}]},{"@type":"WebSite","@id":"https:\/\/expressometro.mx\/#website","url":"https:\/\/expressometro.mx\/","name":"Expresso Metropolitano","description":"Periodismo comprometido, informaci\u00f3n, investigaci\u00f3n y an\u00e1lisis","publisher":{"@id":"https:\/\/expressometro.mx\/#organization"},"potentialAction":[{"@type":"SearchAction","target":{"@type":"EntryPoint","urlTemplate":"https:\/\/expressometro.mx\/?s={search_term_string}"},"query-input":{"@type":"PropertyValueSpecification","valueRequired":true,"valueName":"search_term_string"}}],"inLanguage":"es"},{"@type":"Organization","@id":"https:\/\/expressometro.mx\/#organization","name":"Expresso Metropolitano","url":"https:\/\/expressometro.mx\/","logo":{"@type":"ImageObject","inLanguage":"es","@id":"https:\/\/expressometro.mx\/#\/schema\/logo\/image\/","url":"https:\/\/expressometro.mx\/wp-content\/uploads\/2019\/07\/cropped-Logo-Expresso-Metropolitano-1-1.jpeg","contentUrl":"https:\/\/expressometro.mx\/wp-content\/uploads\/2019\/07\/cropped-Logo-Expresso-Metropolitano-1-1.jpeg","width":290,"height":73,"caption":"Expresso Metropolitano"},"image":{"@id":"https:\/\/expressometro.mx\/#\/schema\/logo\/image\/"}},{"@type":"Person","@id":"https:\/\/expressometro.mx\/#\/schema\/person\/efa971b4a0664db8ed5c22b1b0dd2f5d","name":"Expresso Metropolitano","image":{"@type":"ImageObject","inLanguage":"es","@id":"https:\/\/secure.gravatar.com\/avatar\/a89f802b8de18c6952f223c88d3d106e9e3679839f4e25a02f4a6cc2ae6ba3b3?s=96&d=mm&r=g","url":"https:\/\/secure.gravatar.com\/avatar\/a89f802b8de18c6952f223c88d3d106e9e3679839f4e25a02f4a6cc2ae6ba3b3?s=96&d=mm&r=g","contentUrl":"https:\/\/secure.gravatar.com\/avatar\/a89f802b8de18c6952f223c88d3d106e9e3679839f4e25a02f4a6cc2ae6ba3b3?s=96&d=mm&r=g","caption":"Expresso Metropolitano"},"url":"https:\/\/expressometro.mx\/index.php\/author\/diego\/"}]}},"amp_enabled":true,"_links":{"self":[{"href":"https:\/\/expressometro.mx\/index.php\/wp-json\/wp\/v2\/posts\/263","targetHints":{"allow":["GET"]}}],"collection":[{"href":"https:\/\/expressometro.mx\/index.php\/wp-json\/wp\/v2\/posts"}],"about":[{"href":"https:\/\/expressometro.mx\/index.php\/wp-json\/wp\/v2\/types\/post"}],"author":[{"embeddable":true,"href":"https:\/\/expressometro.mx\/index.php\/wp-json\/wp\/v2\/users\/1"}],"replies":[{"embeddable":true,"href":"https:\/\/expressometro.mx\/index.php\/wp-json\/wp\/v2\/comments?post=263"}],"version-history":[{"count":1,"href":"https:\/\/expressometro.mx\/index.php\/wp-json\/wp\/v2\/posts\/263\/revisions"}],"predecessor-version":[{"id":265,"href":"https:\/\/expressometro.mx\/index.php\/wp-json\/wp\/v2\/posts\/263\/revisions\/265"}],"wp:attachment":[{"href":"https:\/\/expressometro.mx\/index.php\/wp-json\/wp\/v2\/media?parent=263"}],"wp:term":[{"taxonomy":"category","embeddable":true,"href":"https:\/\/expressometro.mx\/index.php\/wp-json\/wp\/v2\/categories?post=263"},{"taxonomy":"post_tag","embeddable":true,"href":"https:\/\/expressometro.mx\/index.php\/wp-json\/wp\/v2\/tags?post=263"}],"curies":[{"name":"wp","href":"https:\/\/api.w.org\/{rel}","templated":true}]}}