{"id":2625,"date":"2021-05-18T18:36:05","date_gmt":"2021-05-18T23:36:05","guid":{"rendered":"http:\/\/expressometro.mx\/?p=2625"},"modified":"2021-05-18T18:36:06","modified_gmt":"2021-05-18T23:36:06","slug":"llego-la-hora-de-transformar-ixtlahuaca-abuzeid-lozano","status":"publish","type":"post","link":"https:\/\/expressometro.mx\/index.php\/2021\/05\/18\/llego-la-hora-de-transformar-ixtlahuaca-abuzeid-lozano\/","title":{"rendered":"LLEG\u00d3 LA HORA DE TRANSFORMAR IXTLAHUACA: ABUZEID LOZANO"},"content":{"rendered":"\n<p>El candidato a la presidencia municipal de Ixtlahuaca por la alianza \u201cVa por el Estado de M\u00e9xico\u201d, Abuzeid Lozano Casta\u00f1eda, afirm\u00f3 que a su municipio ya le lleg\u00f3 la hora de crecer y transformarlo.<\/p>\n\n\n\n<p>\u201cEs tiempo de volver a creer en nuestra gente, de rescatar nuestras ra\u00edces y cultura y juntos vamos a construir una Ixtlahuaca triunfadora\u201d, dijo el candidato de la alianza PRI-PAN-PRD.<\/p>\n\n\n\n<p>En diferentes recorridos por las comunidades de este municipio, Lozano Casta\u00f1eda ha dado a conocer las propuestas que tiene para cambiar el rostro de Ixtlahuaca y que mejoren las condiciones de vida de sus vecinos.<\/p>\n\n\n\n<p>\u201cDurante mis recorridos diarios en las comunidades del municipio he tenido la oportunidad de conocer muchas personas incre\u00edbles e impacientes por hacer que a Ixtlahuaca le vaya mejor y que saben que si puede\u201d, puntualiz\u00f3.<\/p>\n\n\n\n<p>En ese sentido, llam\u00f3 a su comunidad a construir una Ixtlahuaca triunfadora porque a cada uno de ustedes \u201cles apasiona su trabajo, porque trabajan en equipo, porque logran metas en conjunto\u201d.<\/p>\n\n\n\n<p>Afirm\u00f3 que para lograr una sociedad justa se deben crear incentivos, en donde la honestidad y el hacer mejor las cosas, maximice la utilidad individual y colectiva.<\/p>\n\n\n\n<figure class=\"wp-block-gallery columns-2 is-cropped wp-block-gallery-1 is-layout-flex wp-block-gallery-is-layout-flex\"><ul class=\"blocks-gallery-grid\"><li class=\"blocks-gallery-item\"><figure><img loading=\"lazy\" decoding=\"async\" width=\"720\" height=\"480\" src=\"http:\/\/expressometro.mx\/wp-content\/uploads\/2021\/05\/WhatsApp-Image-2021-05-18-at-11.02.02-720x480.jpeg\" alt=\"\" data-id=\"2628\" data-link=\"http:\/\/expressometro.mx\/?attachment_id=2628\" class=\"wp-image-2628\" srcset=\"https:\/\/expressometro.mx\/wp-content\/uploads\/2021\/05\/WhatsApp-Image-2021-05-18-at-11.02.02-720x480.jpeg 720w, https:\/\/expressometro.mx\/wp-content\/uploads\/2021\/05\/WhatsApp-Image-2021-05-18-at-11.02.02-548x365.jpeg 548w, https:\/\/expressometro.mx\/wp-content\/uploads\/2021\/05\/WhatsApp-Image-2021-05-18-at-11.02.02-768x512.jpeg 768w, https:\/\/expressometro.mx\/wp-content\/uploads\/2021\/05\/WhatsApp-Image-2021-05-18-at-11.02.02.jpeg 960w\" sizes=\"auto, (max-width: 720px) 100vw, 720px\" \/><\/figure><\/li><li class=\"blocks-gallery-item\"><figure><img loading=\"lazy\" decoding=\"async\" width=\"720\" height=\"480\" src=\"http:\/\/expressometro.mx\/wp-content\/uploads\/2021\/05\/WhatsApp-Image-2021-05-18-at-11.02.03-720x480.jpeg\" alt=\"\" data-id=\"2629\" data-full-url=\"http:\/\/expressometro.mx\/wp-content\/uploads\/2021\/05\/WhatsApp-Image-2021-05-18-at-11.02.03.jpeg\" data-link=\"http:\/\/expressometro.mx\/?attachment_id=2629\" class=\"wp-image-2629\" srcset=\"https:\/\/expressometro.mx\/wp-content\/uploads\/2021\/05\/WhatsApp-Image-2021-05-18-at-11.02.03-720x480.jpeg 720w, https:\/\/expressometro.mx\/wp-content\/uploads\/2021\/05\/WhatsApp-Image-2021-05-18-at-11.02.03-548x365.jpeg 548w, https:\/\/expressometro.mx\/wp-content\/uploads\/2021\/05\/WhatsApp-Image-2021-05-18-at-11.02.03-768x512.jpeg 768w, https:\/\/expressometro.mx\/wp-content\/uploads\/2021\/05\/WhatsApp-Image-2021-05-18-at-11.02.03.jpeg 960w\" sizes=\"auto, (max-width: 720px) 100vw, 720px\" \/><\/figure><\/li><\/ul><\/figure>\n","protected":false},"excerpt":{"rendered":"<p>El candidato a la presidencia municipal de Ixtlahuaca por la alianza \u201cVa por el Estado de M\u00e9xico\u201d, Abuzeid Lozano Casta\u00f1eda, afirm\u00f3 que a su municipio ya le lleg\u00f3 la hora de crecer y transformarlo. \u201cEs tiempo de volver a creer en nuestra gente, de rescatar nuestras ra\u00edces y cultura y juntos vamos a construir una Ixtlahuaca triunfadora\u201d, dijo el candidato de la alianza PRI-PAN-PRD. En diferentes recorridos por las comunidades de este municipio, Lozano Casta\u00f1eda ha dado a conocer las propuestas que tiene para cambiar el rostro de Ixtlahuaca y&hellip;<\/p>\n","protected":false},"author":2,"featured_media":2627,"comment_status":"open","ping_status":"open","sticky":false,"template":"","format":"standard","meta":{"footnotes":""},"categories":[231],"tags":[425,424,393],"class_list":["post-2625","post","type-post","status-publish","format-standard","has-post-thumbnail","hentry","category-politica","tag-abuzeid-lozano","tag-ixtlahuaca","tag-va-por-el-estado-de-mexico"],"yoast_head":"<!-- This site is optimized with the Yoast SEO plugin v27.5 - https:\/\/yoast.com\/product\/yoast-seo-wordpress\/ -->\n<title>LLEG\u00d3 LA HORA DE TRANSFORMAR IXTLAHUACA: ABUZEID LOZANO - Expresso Metropolitano<\/title>\n<meta name=\"robots\" content=\"index, follow, max-snippet:-1, max-image-preview:large, max-video-preview:-1\" \/>\n<link rel=\"canonical\" href=\"https:\/\/expressometro.mx\/index.php\/2021\/05\/18\/llego-la-hora-de-transformar-ixtlahuaca-abuzeid-lozano\/\" \/>\n<meta property=\"og:locale\" content=\"es_MX\" \/>\n<meta property=\"og:type\" content=\"article\" \/>\n<meta property=\"og:title\" content=\"LLEG\u00d3 LA HORA DE TRANSFORMAR IXTLAHUACA: ABUZEID LOZANO - Expresso Metropolitano\" \/>\n<meta property=\"og:description\" content=\"El candidato a la presidencia municipal de Ixtlahuaca por la alianza \u201cVa por el Estado de M\u00e9xico\u201d, Abuzeid Lozano Casta\u00f1eda, afirm\u00f3 que a su municipio ya le lleg\u00f3 la hora de crecer y transformarlo. \u201cEs tiempo de volver a creer en nuestra gente, de rescatar nuestras ra\u00edces y cultura y juntos vamos a construir una Ixtlahuaca triunfadora\u201d, dijo el candidato de la alianza PRI-PAN-PRD. En diferentes recorridos por las comunidades de este municipio, Lozano Casta\u00f1eda ha dado a conocer las propuestas que tiene para cambiar el rostro de Ixtlahuaca y&hellip;\" \/>\n<meta property=\"og:url\" content=\"https:\/\/expressometro.mx\/index.php\/2021\/05\/18\/llego-la-hora-de-transformar-ixtlahuaca-abuzeid-lozano\/\" \/>\n<meta property=\"og:site_name\" content=\"Expresso Metropolitano\" \/>\n<meta property=\"article:published_time\" content=\"2021-05-18T23:36:05+00:00\" \/>\n<meta property=\"article:modified_time\" content=\"2021-05-18T23:36:06+00:00\" \/>\n<meta property=\"og:image\" content=\"https:\/\/expressometro.mx\/wp-content\/uploads\/2021\/05\/WhatsApp-Image-2021-05-18-at-11.02.00.jpeg\" \/>\n\t<meta property=\"og:image:width\" content=\"1600\" \/>\n\t<meta property=\"og:image:height\" content=\"1066\" \/>\n\t<meta property=\"og:image:type\" content=\"image\/jpeg\" \/>\n<meta name=\"author\" content=\"Cecilia Vega\" \/>\n<meta name=\"twitter:label1\" content=\"Escrito por\" \/>\n\t<meta name=\"twitter:data1\" content=\"Cecilia Vega\" \/>\n\t<meta name=\"twitter:label2\" content=\"Tiempo de lectura\" \/>\n\t<meta name=\"twitter:data2\" content=\"2 minutos\" \/>\n<script type=\"application\/ld+json\" class=\"yoast-schema-graph\">{\"@context\":\"https:\\\/\\\/schema.org\",\"@graph\":[{\"@type\":\"Article\",\"@id\":\"https:\\\/\\\/expressometro.mx\\\/index.php\\\/2021\\\/05\\\/18\\\/llego-la-hora-de-transformar-ixtlahuaca-abuzeid-lozano\\\/#article\",\"isPartOf\":{\"@id\":\"https:\\\/\\\/expressometro.mx\\\/index.php\\\/2021\\\/05\\\/18\\\/llego-la-hora-de-transformar-ixtlahuaca-abuzeid-lozano\\\/\"},\"author\":{\"name\":\"Cecilia Vega\",\"@id\":\"https:\\\/\\\/expressometro.mx\\\/#\\\/schema\\\/person\\\/67a95b8e3862085c7598f66237488f1f\"},\"headline\":\"LLEG\u00d3 LA HORA DE TRANSFORMAR IXTLAHUACA: ABUZEID LOZANO\",\"datePublished\":\"2021-05-18T23:36:05+00:00\",\"dateModified\":\"2021-05-18T23:36:06+00:00\",\"mainEntityOfPage\":{\"@id\":\"https:\\\/\\\/expressometro.mx\\\/index.php\\\/2021\\\/05\\\/18\\\/llego-la-hora-de-transformar-ixtlahuaca-abuzeid-lozano\\\/\"},\"wordCount\":205,\"commentCount\":0,\"publisher\":{\"@id\":\"https:\\\/\\\/expressometro.mx\\\/#organization\"},\"image\":{\"@id\":\"https:\\\/\\\/expressometro.mx\\\/index.php\\\/2021\\\/05\\\/18\\\/llego-la-hora-de-transformar-ixtlahuaca-abuzeid-lozano\\\/#primaryimage\"},\"thumbnailUrl\":\"https:\\\/\\\/expressometro.mx\\\/wp-content\\\/uploads\\\/2021\\\/05\\\/WhatsApp-Image-2021-05-18-at-11.02.00.jpeg\",\"keywords\":[\"Abuzeid Lozano\",\"Ixtlahuaca\",\"Va por el Estado de M\u00e9xico\"],\"articleSection\":[\"Pol\u00edtica\"],\"inLanguage\":\"es\",\"potentialAction\":[{\"@type\":\"CommentAction\",\"name\":\"Comment\",\"target\":[\"https:\\\/\\\/expressometro.mx\\\/index.php\\\/2021\\\/05\\\/18\\\/llego-la-hora-de-transformar-ixtlahuaca-abuzeid-lozano\\\/#respond\"]}]},{\"@type\":\"WebPage\",\"@id\":\"https:\\\/\\\/expressometro.mx\\\/index.php\\\/2021\\\/05\\\/18\\\/llego-la-hora-de-transformar-ixtlahuaca-abuzeid-lozano\\\/\",\"url\":\"https:\\\/\\\/expressometro.mx\\\/index.php\\\/2021\\\/05\\\/18\\\/llego-la-hora-de-transformar-ixtlahuaca-abuzeid-lozano\\\/\",\"name\":\"LLEG\u00d3 LA HORA DE TRANSFORMAR IXTLAHUACA: ABUZEID LOZANO - Expresso Metropolitano\",\"isPartOf\":{\"@id\":\"https:\\\/\\\/expressometro.mx\\\/#website\"},\"primaryImageOfPage\":{\"@id\":\"https:\\\/\\\/expressometro.mx\\\/index.php\\\/2021\\\/05\\\/18\\\/llego-la-hora-de-transformar-ixtlahuaca-abuzeid-lozano\\\/#primaryimage\"},\"image\":{\"@id\":\"https:\\\/\\\/expressometro.mx\\\/index.php\\\/2021\\\/05\\\/18\\\/llego-la-hora-de-transformar-ixtlahuaca-abuzeid-lozano\\\/#primaryimage\"},\"thumbnailUrl\":\"https:\\\/\\\/expressometro.mx\\\/wp-content\\\/uploads\\\/2021\\\/05\\\/WhatsApp-Image-2021-05-18-at-11.02.00.jpeg\",\"datePublished\":\"2021-05-18T23:36:05+00:00\",\"dateModified\":\"2021-05-18T23:36:06+00:00\",\"breadcrumb\":{\"@id\":\"https:\\\/\\\/expressometro.mx\\\/index.php\\\/2021\\\/05\\\/18\\\/llego-la-hora-de-transformar-ixtlahuaca-abuzeid-lozano\\\/#breadcrumb\"},\"inLanguage\":\"es\",\"potentialAction\":[{\"@type\":\"ReadAction\",\"target\":[\"https:\\\/\\\/expressometro.mx\\\/index.php\\\/2021\\\/05\\\/18\\\/llego-la-hora-de-transformar-ixtlahuaca-abuzeid-lozano\\\/\"]}]},{\"@type\":\"ImageObject\",\"inLanguage\":\"es\",\"@id\":\"https:\\\/\\\/expressometro.mx\\\/index.php\\\/2021\\\/05\\\/18\\\/llego-la-hora-de-transformar-ixtlahuaca-abuzeid-lozano\\\/#primaryimage\",\"url\":\"https:\\\/\\\/expressometro.mx\\\/wp-content\\\/uploads\\\/2021\\\/05\\\/WhatsApp-Image-2021-05-18-at-11.02.00.jpeg\",\"contentUrl\":\"https:\\\/\\\/expressometro.mx\\\/wp-content\\\/uploads\\\/2021\\\/05\\\/WhatsApp-Image-2021-05-18-at-11.02.00.jpeg\",\"width\":1600,\"height\":1066},{\"@type\":\"BreadcrumbList\",\"@id\":\"https:\\\/\\\/expressometro.mx\\\/index.php\\\/2021\\\/05\\\/18\\\/llego-la-hora-de-transformar-ixtlahuaca-abuzeid-lozano\\\/#breadcrumb\",\"itemListElement\":[{\"@type\":\"ListItem\",\"position\":1,\"name\":\"Inicio\",\"item\":\"https:\\\/\\\/expressometro.mx\\\/\"},{\"@type\":\"ListItem\",\"position\":2,\"name\":\"LLEG\u00d3 LA HORA DE TRANSFORMAR IXTLAHUACA: ABUZEID LOZANO\"}]},{\"@type\":\"WebSite\",\"@id\":\"https:\\\/\\\/expressometro.mx\\\/#website\",\"url\":\"https:\\\/\\\/expressometro.mx\\\/\",\"name\":\"Expresso Metropolitano\",\"description\":\"Periodismo comprometido, informaci\u00f3n, investigaci\u00f3n y an\u00e1lisis\",\"publisher\":{\"@id\":\"https:\\\/\\\/expressometro.mx\\\/#organization\"},\"potentialAction\":[{\"@type\":\"SearchAction\",\"target\":{\"@type\":\"EntryPoint\",\"urlTemplate\":\"https:\\\/\\\/expressometro.mx\\\/?s={search_term_string}\"},\"query-input\":{\"@type\":\"PropertyValueSpecification\",\"valueRequired\":true,\"valueName\":\"search_term_string\"}}],\"inLanguage\":\"es\"},{\"@type\":\"Organization\",\"@id\":\"https:\\\/\\\/expressometro.mx\\\/#organization\",\"name\":\"Expresso Metropolitano\",\"url\":\"https:\\\/\\\/expressometro.mx\\\/\",\"logo\":{\"@type\":\"ImageObject\",\"inLanguage\":\"es\",\"@id\":\"https:\\\/\\\/expressometro.mx\\\/#\\\/schema\\\/logo\\\/image\\\/\",\"url\":\"https:\\\/\\\/expressometro.mx\\\/wp-content\\\/uploads\\\/2019\\\/07\\\/cropped-Logo-Expresso-Metropolitano-1-1.jpeg\",\"contentUrl\":\"https:\\\/\\\/expressometro.mx\\\/wp-content\\\/uploads\\\/2019\\\/07\\\/cropped-Logo-Expresso-Metropolitano-1-1.jpeg\",\"width\":290,\"height\":73,\"caption\":\"Expresso Metropolitano\"},\"image\":{\"@id\":\"https:\\\/\\\/expressometro.mx\\\/#\\\/schema\\\/logo\\\/image\\\/\"}},{\"@type\":\"Person\",\"@id\":\"https:\\\/\\\/expressometro.mx\\\/#\\\/schema\\\/person\\\/67a95b8e3862085c7598f66237488f1f\",\"name\":\"Cecilia Vega\",\"image\":{\"@type\":\"ImageObject\",\"inLanguage\":\"es\",\"@id\":\"https:\\\/\\\/secure.gravatar.com\\\/avatar\\\/13aae9944ab2ee472a9e407c9487fdbd03b049abaa559af32fe5dbcf615c981b?s=96&d=mm&r=g\",\"url\":\"https:\\\/\\\/secure.gravatar.com\\\/avatar\\\/13aae9944ab2ee472a9e407c9487fdbd03b049abaa559af32fe5dbcf615c981b?s=96&d=mm&r=g\",\"contentUrl\":\"https:\\\/\\\/secure.gravatar.com\\\/avatar\\\/13aae9944ab2ee472a9e407c9487fdbd03b049abaa559af32fe5dbcf615c981b?s=96&d=mm&r=g\",\"caption\":\"Cecilia Vega\"},\"url\":\"https:\\\/\\\/expressometro.mx\\\/index.php\\\/author\\\/cecilia-vega\\\/\"}]}<\/script>\n<!-- \/ Yoast SEO plugin. -->","yoast_head_json":{"title":"LLEG\u00d3 LA HORA DE TRANSFORMAR IXTLAHUACA: ABUZEID LOZANO - Expresso Metropolitano","robots":{"index":"index","follow":"follow","max-snippet":"max-snippet:-1","max-image-preview":"max-image-preview:large","max-video-preview":"max-video-preview:-1"},"canonical":"https:\/\/expressometro.mx\/index.php\/2021\/05\/18\/llego-la-hora-de-transformar-ixtlahuaca-abuzeid-lozano\/","og_locale":"es_MX","og_type":"article","og_title":"LLEG\u00d3 LA HORA DE TRANSFORMAR IXTLAHUACA: ABUZEID LOZANO - Expresso Metropolitano","og_description":"El candidato a la presidencia municipal de Ixtlahuaca por la alianza \u201cVa por el Estado de M\u00e9xico\u201d, Abuzeid Lozano Casta\u00f1eda, afirm\u00f3 que a su municipio ya le lleg\u00f3 la hora de crecer y transformarlo. \u201cEs tiempo de volver a creer en nuestra gente, de rescatar nuestras ra\u00edces y cultura y juntos vamos a construir una Ixtlahuaca triunfadora\u201d, dijo el candidato de la alianza PRI-PAN-PRD. En diferentes recorridos por las comunidades de este municipio, Lozano Casta\u00f1eda ha dado a conocer las propuestas que tiene para cambiar el rostro de Ixtlahuaca y&hellip;","og_url":"https:\/\/expressometro.mx\/index.php\/2021\/05\/18\/llego-la-hora-de-transformar-ixtlahuaca-abuzeid-lozano\/","og_site_name":"Expresso Metropolitano","article_published_time":"2021-05-18T23:36:05+00:00","article_modified_time":"2021-05-18T23:36:06+00:00","og_image":[{"width":1600,"height":1066,"url":"https:\/\/expressometro.mx\/wp-content\/uploads\/2021\/05\/WhatsApp-Image-2021-05-18-at-11.02.00.jpeg","type":"image\/jpeg"}],"author":"Cecilia Vega","twitter_misc":{"Escrito por":"Cecilia Vega","Tiempo de lectura":"2 minutos"},"schema":{"@context":"https:\/\/schema.org","@graph":[{"@type":"Article","@id":"https:\/\/expressometro.mx\/index.php\/2021\/05\/18\/llego-la-hora-de-transformar-ixtlahuaca-abuzeid-lozano\/#article","isPartOf":{"@id":"https:\/\/expressometro.mx\/index.php\/2021\/05\/18\/llego-la-hora-de-transformar-ixtlahuaca-abuzeid-lozano\/"},"author":{"name":"Cecilia Vega","@id":"https:\/\/expressometro.mx\/#\/schema\/person\/67a95b8e3862085c7598f66237488f1f"},"headline":"LLEG\u00d3 LA HORA DE TRANSFORMAR IXTLAHUACA: ABUZEID LOZANO","datePublished":"2021-05-18T23:36:05+00:00","dateModified":"2021-05-18T23:36:06+00:00","mainEntityOfPage":{"@id":"https:\/\/expressometro.mx\/index.php\/2021\/05\/18\/llego-la-hora-de-transformar-ixtlahuaca-abuzeid-lozano\/"},"wordCount":205,"commentCount":0,"publisher":{"@id":"https:\/\/expressometro.mx\/#organization"},"image":{"@id":"https:\/\/expressometro.mx\/index.php\/2021\/05\/18\/llego-la-hora-de-transformar-ixtlahuaca-abuzeid-lozano\/#primaryimage"},"thumbnailUrl":"https:\/\/expressometro.mx\/wp-content\/uploads\/2021\/05\/WhatsApp-Image-2021-05-18-at-11.02.00.jpeg","keywords":["Abuzeid Lozano","Ixtlahuaca","Va por el Estado de M\u00e9xico"],"articleSection":["Pol\u00edtica"],"inLanguage":"es","potentialAction":[{"@type":"CommentAction","name":"Comment","target":["https:\/\/expressometro.mx\/index.php\/2021\/05\/18\/llego-la-hora-de-transformar-ixtlahuaca-abuzeid-lozano\/#respond"]}]},{"@type":"WebPage","@id":"https:\/\/expressometro.mx\/index.php\/2021\/05\/18\/llego-la-hora-de-transformar-ixtlahuaca-abuzeid-lozano\/","url":"https:\/\/expressometro.mx\/index.php\/2021\/05\/18\/llego-la-hora-de-transformar-ixtlahuaca-abuzeid-lozano\/","name":"LLEG\u00d3 LA HORA DE TRANSFORMAR IXTLAHUACA: ABUZEID LOZANO - Expresso Metropolitano","isPartOf":{"@id":"https:\/\/expressometro.mx\/#website"},"primaryImageOfPage":{"@id":"https:\/\/expressometro.mx\/index.php\/2021\/05\/18\/llego-la-hora-de-transformar-ixtlahuaca-abuzeid-lozano\/#primaryimage"},"image":{"@id":"https:\/\/expressometro.mx\/index.php\/2021\/05\/18\/llego-la-hora-de-transformar-ixtlahuaca-abuzeid-lozano\/#primaryimage"},"thumbnailUrl":"https:\/\/expressometro.mx\/wp-content\/uploads\/2021\/05\/WhatsApp-Image-2021-05-18-at-11.02.00.jpeg","datePublished":"2021-05-18T23:36:05+00:00","dateModified":"2021-05-18T23:36:06+00:00","breadcrumb":{"@id":"https:\/\/expressometro.mx\/index.php\/2021\/05\/18\/llego-la-hora-de-transformar-ixtlahuaca-abuzeid-lozano\/#breadcrumb"},"inLanguage":"es","potentialAction":[{"@type":"ReadAction","target":["https:\/\/expressometro.mx\/index.php\/2021\/05\/18\/llego-la-hora-de-transformar-ixtlahuaca-abuzeid-lozano\/"]}]},{"@type":"ImageObject","inLanguage":"es","@id":"https:\/\/expressometro.mx\/index.php\/2021\/05\/18\/llego-la-hora-de-transformar-ixtlahuaca-abuzeid-lozano\/#primaryimage","url":"https:\/\/expressometro.mx\/wp-content\/uploads\/2021\/05\/WhatsApp-Image-2021-05-18-at-11.02.00.jpeg","contentUrl":"https:\/\/expressometro.mx\/wp-content\/uploads\/2021\/05\/WhatsApp-Image-2021-05-18-at-11.02.00.jpeg","width":1600,"height":1066},{"@type":"BreadcrumbList","@id":"https:\/\/expressometro.mx\/index.php\/2021\/05\/18\/llego-la-hora-de-transformar-ixtlahuaca-abuzeid-lozano\/#breadcrumb","itemListElement":[{"@type":"ListItem","position":1,"name":"Inicio","item":"https:\/\/expressometro.mx\/"},{"@type":"ListItem","position":2,"name":"LLEG\u00d3 LA HORA DE TRANSFORMAR IXTLAHUACA: ABUZEID LOZANO"}]},{"@type":"WebSite","@id":"https:\/\/expressometro.mx\/#website","url":"https:\/\/expressometro.mx\/","name":"Expresso Metropolitano","description":"Periodismo comprometido, informaci\u00f3n, investigaci\u00f3n y an\u00e1lisis","publisher":{"@id":"https:\/\/expressometro.mx\/#organization"},"potentialAction":[{"@type":"SearchAction","target":{"@type":"EntryPoint","urlTemplate":"https:\/\/expressometro.mx\/?s={search_term_string}"},"query-input":{"@type":"PropertyValueSpecification","valueRequired":true,"valueName":"search_term_string"}}],"inLanguage":"es"},{"@type":"Organization","@id":"https:\/\/expressometro.mx\/#organization","name":"Expresso Metropolitano","url":"https:\/\/expressometro.mx\/","logo":{"@type":"ImageObject","inLanguage":"es","@id":"https:\/\/expressometro.mx\/#\/schema\/logo\/image\/","url":"https:\/\/expressometro.mx\/wp-content\/uploads\/2019\/07\/cropped-Logo-Expresso-Metropolitano-1-1.jpeg","contentUrl":"https:\/\/expressometro.mx\/wp-content\/uploads\/2019\/07\/cropped-Logo-Expresso-Metropolitano-1-1.jpeg","width":290,"height":73,"caption":"Expresso Metropolitano"},"image":{"@id":"https:\/\/expressometro.mx\/#\/schema\/logo\/image\/"}},{"@type":"Person","@id":"https:\/\/expressometro.mx\/#\/schema\/person\/67a95b8e3862085c7598f66237488f1f","name":"Cecilia Vega","image":{"@type":"ImageObject","inLanguage":"es","@id":"https:\/\/secure.gravatar.com\/avatar\/13aae9944ab2ee472a9e407c9487fdbd03b049abaa559af32fe5dbcf615c981b?s=96&d=mm&r=g","url":"https:\/\/secure.gravatar.com\/avatar\/13aae9944ab2ee472a9e407c9487fdbd03b049abaa559af32fe5dbcf615c981b?s=96&d=mm&r=g","contentUrl":"https:\/\/secure.gravatar.com\/avatar\/13aae9944ab2ee472a9e407c9487fdbd03b049abaa559af32fe5dbcf615c981b?s=96&d=mm&r=g","caption":"Cecilia Vega"},"url":"https:\/\/expressometro.mx\/index.php\/author\/cecilia-vega\/"}]}},"amp_enabled":true,"_links":{"self":[{"href":"https:\/\/expressometro.mx\/index.php\/wp-json\/wp\/v2\/posts\/2625","targetHints":{"allow":["GET"]}}],"collection":[{"href":"https:\/\/expressometro.mx\/index.php\/wp-json\/wp\/v2\/posts"}],"about":[{"href":"https:\/\/expressometro.mx\/index.php\/wp-json\/wp\/v2\/types\/post"}],"author":[{"embeddable":true,"href":"https:\/\/expressometro.mx\/index.php\/wp-json\/wp\/v2\/users\/2"}],"replies":[{"embeddable":true,"href":"https:\/\/expressometro.mx\/index.php\/wp-json\/wp\/v2\/comments?post=2625"}],"version-history":[{"count":1,"href":"https:\/\/expressometro.mx\/index.php\/wp-json\/wp\/v2\/posts\/2625\/revisions"}],"predecessor-version":[{"id":2630,"href":"https:\/\/expressometro.mx\/index.php\/wp-json\/wp\/v2\/posts\/2625\/revisions\/2630"}],"wp:featuredmedia":[{"embeddable":true,"href":"https:\/\/expressometro.mx\/index.php\/wp-json\/wp\/v2\/media\/2627"}],"wp:attachment":[{"href":"https:\/\/expressometro.mx\/index.php\/wp-json\/wp\/v2\/media?parent=2625"}],"wp:term":[{"taxonomy":"category","embeddable":true,"href":"https:\/\/expressometro.mx\/index.php\/wp-json\/wp\/v2\/categories?post=2625"},{"taxonomy":"post_tag","embeddable":true,"href":"https:\/\/expressometro.mx\/index.php\/wp-json\/wp\/v2\/tags?post=2625"}],"curies":[{"name":"wp","href":"https:\/\/api.w.org\/{rel}","templated":true}]}}