{"id":260,"date":"2019-08-26T09:21:47","date_gmt":"2019-08-26T14:21:47","guid":{"rendered":"http:\/\/expressometro.mx\/?p=260"},"modified":"2019-09-25T10:38:05","modified_gmt":"2019-09-25T15:38:05","slug":"inaugura-alcaldesa-de-tultitlan-ciclo-escolar-2019-2020","status":"publish","type":"post","link":"https:\/\/expressometro.mx\/index.php\/2019\/08\/26\/inaugura-alcaldesa-de-tultitlan-ciclo-escolar-2019-2020\/","title":{"rendered":"Inaugura alcaldesa de Tultitl\u00e1n ciclo escolar 2019-2020"},"content":{"rendered":"\n<p>\n\nAl iniciar su agenda de actividades, la presidenta municipal de Tultitl\u00e1n Elena Garc\u00eda Mart\u00ednez inaugur\u00f3 de manera oficial el ciclo escolar 2019-2020 en el plantel CETIS 95 ubicado en la Colonia L\u00e1zaro C\u00e1rdenas, donde la mandataria municipal e integrantes del cuerpo edilicio fueron recibidos por los m\u00e1s de 700 alumnos y la plantilla docente.<br>Ante la presencia del alumnado de dicho plantel, la alcaldesa refrend\u00f3 su compromiso para continuar gestionando recursos a favor de la educaci\u00f3n.<br>\u201cEs un orgullo estar frente a ustedes para darles la bienvenida a este ciclo escolar, el d\u00eda de hoy inician una nueva etapa de sus vidas acad\u00e9micas para los chicos de nuevo ingreso y para los dem\u00e1s les queda seguir adelante para culminar esta etapa y definir qu\u00e9 carrera desean cursar.<br>Por su parte, el director del Plantel CETIS 95 Tom\u00e1s Moreno Hern\u00e1ndez, dijo que el 77 % de la matr\u00edcula del plantel son tultitlenses, \u201cLa educaci\u00f3n representa la ruta de acceso a mejores oportunidades de desarrollo profesional, personal y que adem\u00e1s se refleja en el desarrollo de una comunidad estudiantil, por ello seguiremos impuls\u00e1ndolos para que sigan destacando en el \u00e1mbito deportivo, tecnol\u00f3gico a nivel nacional\u201d.<br>Posteriormente se hizo entrega de diplomas a 3 alumnas por haber obtenido promedio de 9.2 y tambi\u00e9n se reconoci\u00f3 a alumnos por haber quedado en semifinales en el \u201cYoung Business Talents\u201d el cual&nbsp; es el \u00fanico programa que permite adquirir experiencia por la pr\u00e1ctica, el cual funciona con un simulador empresarial para practicar tomando todo tipo de decisiones dentro de una empresa.<br>Cabe resaltar que dicho plantel cuenta con Centro de Atenci\u00f3n para Estudiantes con Discapacidad (CAED) donde los alumnos que est\u00e1n inscritos cuentan con diversos recursos did\u00e1cticos y material adaptado para atender cada tipo de discapacidad; as\u00ed como un equipo de asesores acad\u00e9micos que adem\u00e1s de dominar los contenidos de su campo de conocimiento son capacitados en lectoescritura braille, Lengua de Se\u00f1as Mexicana y sensibilizaci\u00f3n a la discapacidad entre otros temas.\n\n<\/p>\n","protected":false},"excerpt":{"rendered":"<p>Al iniciar su agenda de actividades, la presidenta municipal de Tultitl\u00e1n Elena Garc\u00eda Mart\u00ednez inaugur\u00f3 de manera oficial el ciclo escolar 2019-2020 en el plantel CETIS 95 ubicado en la Colonia L\u00e1zaro C\u00e1rdenas, donde la mandataria municipal e integrantes del cuerpo edilicio fueron recibidos por los m\u00e1s de 700 alumnos y la plantilla docente.Ante la presencia del alumnado de dicho plantel, la alcaldesa refrend\u00f3 su compromiso para continuar gestionando recursos a favor de la educaci\u00f3n.\u201cEs un orgullo estar frente a ustedes para darles la bienvenida a este ciclo escolar, el&hellip;<\/p>\n","protected":false},"author":1,"featured_media":0,"comment_status":"open","ping_status":"open","sticky":false,"template":"","format":"standard","meta":{"footnotes":""},"categories":[4,3],"tags":[],"class_list":["post-260","post","type-post","status-publish","format-standard","hentry","category-finanzas","category-gobierno"],"yoast_head":"<!-- This site is optimized with the Yoast SEO plugin v27.5 - https:\/\/yoast.com\/product\/yoast-seo-wordpress\/ -->\n<title>Inaugura alcaldesa de Tultitl\u00e1n ciclo escolar 2019-2020 - Expresso Metropolitano<\/title>\n<meta name=\"robots\" content=\"index, follow, max-snippet:-1, max-image-preview:large, max-video-preview:-1\" \/>\n<link rel=\"canonical\" href=\"https:\/\/expressometro.mx\/index.php\/2019\/08\/26\/inaugura-alcaldesa-de-tultitlan-ciclo-escolar-2019-2020\/\" \/>\n<meta property=\"og:locale\" content=\"es_MX\" \/>\n<meta property=\"og:type\" content=\"article\" \/>\n<meta property=\"og:title\" content=\"Inaugura alcaldesa de Tultitl\u00e1n ciclo escolar 2019-2020 - Expresso Metropolitano\" \/>\n<meta property=\"og:description\" content=\"Al iniciar su agenda de actividades, la presidenta municipal de Tultitl\u00e1n Elena Garc\u00eda Mart\u00ednez inaugur\u00f3 de manera oficial el ciclo escolar 2019-2020 en el plantel CETIS 95 ubicado en la Colonia L\u00e1zaro C\u00e1rdenas, donde la mandataria municipal e integrantes del cuerpo edilicio fueron recibidos por los m\u00e1s de 700 alumnos y la plantilla docente.Ante la presencia del alumnado de dicho plantel, la alcaldesa refrend\u00f3 su compromiso para continuar gestionando recursos a favor de la educaci\u00f3n.\u201cEs un orgullo estar frente a ustedes para darles la bienvenida a este ciclo escolar, el&hellip;\" \/>\n<meta property=\"og:url\" content=\"https:\/\/expressometro.mx\/index.php\/2019\/08\/26\/inaugura-alcaldesa-de-tultitlan-ciclo-escolar-2019-2020\/\" \/>\n<meta property=\"og:site_name\" content=\"Expresso Metropolitano\" \/>\n<meta property=\"article:published_time\" content=\"2019-08-26T14:21:47+00:00\" \/>\n<meta property=\"article:modified_time\" content=\"2019-09-25T15:38:05+00:00\" \/>\n<meta property=\"og:image\" content=\"https:\/\/expressometro.mx\/wp-content\/uploads\/2019\/08\/IMG-20190826-WA0019.jpg\" \/>\n\t<meta property=\"og:image:width\" content=\"335\" \/>\n\t<meta property=\"og:image:height\" content=\"222\" \/>\n\t<meta property=\"og:image:type\" content=\"image\/jpeg\" \/>\n<meta name=\"author\" content=\"Expresso Metropolitano\" \/>\n<meta name=\"twitter:label1\" content=\"Escrito por\" \/>\n\t<meta name=\"twitter:data1\" content=\"Expresso Metropolitano\" \/>\n\t<meta name=\"twitter:label2\" content=\"Tiempo de lectura\" \/>\n\t<meta name=\"twitter:data2\" content=\"2 minutos\" \/>\n<script type=\"application\/ld+json\" class=\"yoast-schema-graph\">{\"@context\":\"https:\\\/\\\/schema.org\",\"@graph\":[{\"@type\":\"Article\",\"@id\":\"https:\\\/\\\/expressometro.mx\\\/index.php\\\/2019\\\/08\\\/26\\\/inaugura-alcaldesa-de-tultitlan-ciclo-escolar-2019-2020\\\/#article\",\"isPartOf\":{\"@id\":\"https:\\\/\\\/expressometro.mx\\\/index.php\\\/2019\\\/08\\\/26\\\/inaugura-alcaldesa-de-tultitlan-ciclo-escolar-2019-2020\\\/\"},\"author\":{\"name\":\"Expresso Metropolitano\",\"@id\":\"https:\\\/\\\/expressometro.mx\\\/#\\\/schema\\\/person\\\/efa971b4a0664db8ed5c22b1b0dd2f5d\"},\"headline\":\"Inaugura alcaldesa de Tultitl\u00e1n ciclo escolar 2019-2020\",\"datePublished\":\"2019-08-26T14:21:47+00:00\",\"dateModified\":\"2019-09-25T15:38:05+00:00\",\"mainEntityOfPage\":{\"@id\":\"https:\\\/\\\/expressometro.mx\\\/index.php\\\/2019\\\/08\\\/26\\\/inaugura-alcaldesa-de-tultitlan-ciclo-escolar-2019-2020\\\/\"},\"wordCount\":353,\"commentCount\":0,\"publisher\":{\"@id\":\"https:\\\/\\\/expressometro.mx\\\/#organization\"},\"articleSection\":[\"Finanzas\",\"Gobierno\"],\"inLanguage\":\"es\",\"potentialAction\":[{\"@type\":\"CommentAction\",\"name\":\"Comment\",\"target\":[\"https:\\\/\\\/expressometro.mx\\\/index.php\\\/2019\\\/08\\\/26\\\/inaugura-alcaldesa-de-tultitlan-ciclo-escolar-2019-2020\\\/#respond\"]}]},{\"@type\":\"WebPage\",\"@id\":\"https:\\\/\\\/expressometro.mx\\\/index.php\\\/2019\\\/08\\\/26\\\/inaugura-alcaldesa-de-tultitlan-ciclo-escolar-2019-2020\\\/\",\"url\":\"https:\\\/\\\/expressometro.mx\\\/index.php\\\/2019\\\/08\\\/26\\\/inaugura-alcaldesa-de-tultitlan-ciclo-escolar-2019-2020\\\/\",\"name\":\"Inaugura alcaldesa de Tultitl\u00e1n ciclo escolar 2019-2020 - Expresso Metropolitano\",\"isPartOf\":{\"@id\":\"https:\\\/\\\/expressometro.mx\\\/#website\"},\"datePublished\":\"2019-08-26T14:21:47+00:00\",\"dateModified\":\"2019-09-25T15:38:05+00:00\",\"breadcrumb\":{\"@id\":\"https:\\\/\\\/expressometro.mx\\\/index.php\\\/2019\\\/08\\\/26\\\/inaugura-alcaldesa-de-tultitlan-ciclo-escolar-2019-2020\\\/#breadcrumb\"},\"inLanguage\":\"es\",\"potentialAction\":[{\"@type\":\"ReadAction\",\"target\":[\"https:\\\/\\\/expressometro.mx\\\/index.php\\\/2019\\\/08\\\/26\\\/inaugura-alcaldesa-de-tultitlan-ciclo-escolar-2019-2020\\\/\"]}]},{\"@type\":\"BreadcrumbList\",\"@id\":\"https:\\\/\\\/expressometro.mx\\\/index.php\\\/2019\\\/08\\\/26\\\/inaugura-alcaldesa-de-tultitlan-ciclo-escolar-2019-2020\\\/#breadcrumb\",\"itemListElement\":[{\"@type\":\"ListItem\",\"position\":1,\"name\":\"Inicio\",\"item\":\"https:\\\/\\\/expressometro.mx\\\/\"},{\"@type\":\"ListItem\",\"position\":2,\"name\":\"Inaugura alcaldesa de Tultitl\u00e1n ciclo escolar 2019-2020\"}]},{\"@type\":\"WebSite\",\"@id\":\"https:\\\/\\\/expressometro.mx\\\/#website\",\"url\":\"https:\\\/\\\/expressometro.mx\\\/\",\"name\":\"Expresso Metropolitano\",\"description\":\"Periodismo comprometido, informaci\u00f3n, investigaci\u00f3n y an\u00e1lisis\",\"publisher\":{\"@id\":\"https:\\\/\\\/expressometro.mx\\\/#organization\"},\"potentialAction\":[{\"@type\":\"SearchAction\",\"target\":{\"@type\":\"EntryPoint\",\"urlTemplate\":\"https:\\\/\\\/expressometro.mx\\\/?s={search_term_string}\"},\"query-input\":{\"@type\":\"PropertyValueSpecification\",\"valueRequired\":true,\"valueName\":\"search_term_string\"}}],\"inLanguage\":\"es\"},{\"@type\":\"Organization\",\"@id\":\"https:\\\/\\\/expressometro.mx\\\/#organization\",\"name\":\"Expresso Metropolitano\",\"url\":\"https:\\\/\\\/expressometro.mx\\\/\",\"logo\":{\"@type\":\"ImageObject\",\"inLanguage\":\"es\",\"@id\":\"https:\\\/\\\/expressometro.mx\\\/#\\\/schema\\\/logo\\\/image\\\/\",\"url\":\"https:\\\/\\\/expressometro.mx\\\/wp-content\\\/uploads\\\/2019\\\/07\\\/cropped-Logo-Expresso-Metropolitano-1-1.jpeg\",\"contentUrl\":\"https:\\\/\\\/expressometro.mx\\\/wp-content\\\/uploads\\\/2019\\\/07\\\/cropped-Logo-Expresso-Metropolitano-1-1.jpeg\",\"width\":290,\"height\":73,\"caption\":\"Expresso Metropolitano\"},\"image\":{\"@id\":\"https:\\\/\\\/expressometro.mx\\\/#\\\/schema\\\/logo\\\/image\\\/\"}},{\"@type\":\"Person\",\"@id\":\"https:\\\/\\\/expressometro.mx\\\/#\\\/schema\\\/person\\\/efa971b4a0664db8ed5c22b1b0dd2f5d\",\"name\":\"Expresso Metropolitano\",\"image\":{\"@type\":\"ImageObject\",\"inLanguage\":\"es\",\"@id\":\"https:\\\/\\\/secure.gravatar.com\\\/avatar\\\/a89f802b8de18c6952f223c88d3d106e9e3679839f4e25a02f4a6cc2ae6ba3b3?s=96&d=mm&r=g\",\"url\":\"https:\\\/\\\/secure.gravatar.com\\\/avatar\\\/a89f802b8de18c6952f223c88d3d106e9e3679839f4e25a02f4a6cc2ae6ba3b3?s=96&d=mm&r=g\",\"contentUrl\":\"https:\\\/\\\/secure.gravatar.com\\\/avatar\\\/a89f802b8de18c6952f223c88d3d106e9e3679839f4e25a02f4a6cc2ae6ba3b3?s=96&d=mm&r=g\",\"caption\":\"Expresso Metropolitano\"},\"url\":\"https:\\\/\\\/expressometro.mx\\\/index.php\\\/author\\\/diego\\\/\"}]}<\/script>\n<!-- \/ Yoast SEO plugin. -->","yoast_head_json":{"title":"Inaugura alcaldesa de Tultitl\u00e1n ciclo escolar 2019-2020 - Expresso Metropolitano","robots":{"index":"index","follow":"follow","max-snippet":"max-snippet:-1","max-image-preview":"max-image-preview:large","max-video-preview":"max-video-preview:-1"},"canonical":"https:\/\/expressometro.mx\/index.php\/2019\/08\/26\/inaugura-alcaldesa-de-tultitlan-ciclo-escolar-2019-2020\/","og_locale":"es_MX","og_type":"article","og_title":"Inaugura alcaldesa de Tultitl\u00e1n ciclo escolar 2019-2020 - Expresso Metropolitano","og_description":"Al iniciar su agenda de actividades, la presidenta municipal de Tultitl\u00e1n Elena Garc\u00eda Mart\u00ednez inaugur\u00f3 de manera oficial el ciclo escolar 2019-2020 en el plantel CETIS 95 ubicado en la Colonia L\u00e1zaro C\u00e1rdenas, donde la mandataria municipal e integrantes del cuerpo edilicio fueron recibidos por los m\u00e1s de 700 alumnos y la plantilla docente.Ante la presencia del alumnado de dicho plantel, la alcaldesa refrend\u00f3 su compromiso para continuar gestionando recursos a favor de la educaci\u00f3n.\u201cEs un orgullo estar frente a ustedes para darles la bienvenida a este ciclo escolar, el&hellip;","og_url":"https:\/\/expressometro.mx\/index.php\/2019\/08\/26\/inaugura-alcaldesa-de-tultitlan-ciclo-escolar-2019-2020\/","og_site_name":"Expresso Metropolitano","article_published_time":"2019-08-26T14:21:47+00:00","article_modified_time":"2019-09-25T15:38:05+00:00","og_image":[{"width":335,"height":222,"url":"https:\/\/expressometro.mx\/wp-content\/uploads\/2019\/08\/IMG-20190826-WA0019.jpg","type":"image\/jpeg"}],"author":"Expresso Metropolitano","twitter_misc":{"Escrito por":"Expresso Metropolitano","Tiempo de lectura":"2 minutos"},"schema":{"@context":"https:\/\/schema.org","@graph":[{"@type":"Article","@id":"https:\/\/expressometro.mx\/index.php\/2019\/08\/26\/inaugura-alcaldesa-de-tultitlan-ciclo-escolar-2019-2020\/#article","isPartOf":{"@id":"https:\/\/expressometro.mx\/index.php\/2019\/08\/26\/inaugura-alcaldesa-de-tultitlan-ciclo-escolar-2019-2020\/"},"author":{"name":"Expresso Metropolitano","@id":"https:\/\/expressometro.mx\/#\/schema\/person\/efa971b4a0664db8ed5c22b1b0dd2f5d"},"headline":"Inaugura alcaldesa de Tultitl\u00e1n ciclo escolar 2019-2020","datePublished":"2019-08-26T14:21:47+00:00","dateModified":"2019-09-25T15:38:05+00:00","mainEntityOfPage":{"@id":"https:\/\/expressometro.mx\/index.php\/2019\/08\/26\/inaugura-alcaldesa-de-tultitlan-ciclo-escolar-2019-2020\/"},"wordCount":353,"commentCount":0,"publisher":{"@id":"https:\/\/expressometro.mx\/#organization"},"articleSection":["Finanzas","Gobierno"],"inLanguage":"es","potentialAction":[{"@type":"CommentAction","name":"Comment","target":["https:\/\/expressometro.mx\/index.php\/2019\/08\/26\/inaugura-alcaldesa-de-tultitlan-ciclo-escolar-2019-2020\/#respond"]}]},{"@type":"WebPage","@id":"https:\/\/expressometro.mx\/index.php\/2019\/08\/26\/inaugura-alcaldesa-de-tultitlan-ciclo-escolar-2019-2020\/","url":"https:\/\/expressometro.mx\/index.php\/2019\/08\/26\/inaugura-alcaldesa-de-tultitlan-ciclo-escolar-2019-2020\/","name":"Inaugura alcaldesa de Tultitl\u00e1n ciclo escolar 2019-2020 - Expresso Metropolitano","isPartOf":{"@id":"https:\/\/expressometro.mx\/#website"},"datePublished":"2019-08-26T14:21:47+00:00","dateModified":"2019-09-25T15:38:05+00:00","breadcrumb":{"@id":"https:\/\/expressometro.mx\/index.php\/2019\/08\/26\/inaugura-alcaldesa-de-tultitlan-ciclo-escolar-2019-2020\/#breadcrumb"},"inLanguage":"es","potentialAction":[{"@type":"ReadAction","target":["https:\/\/expressometro.mx\/index.php\/2019\/08\/26\/inaugura-alcaldesa-de-tultitlan-ciclo-escolar-2019-2020\/"]}]},{"@type":"BreadcrumbList","@id":"https:\/\/expressometro.mx\/index.php\/2019\/08\/26\/inaugura-alcaldesa-de-tultitlan-ciclo-escolar-2019-2020\/#breadcrumb","itemListElement":[{"@type":"ListItem","position":1,"name":"Inicio","item":"https:\/\/expressometro.mx\/"},{"@type":"ListItem","position":2,"name":"Inaugura alcaldesa de Tultitl\u00e1n ciclo escolar 2019-2020"}]},{"@type":"WebSite","@id":"https:\/\/expressometro.mx\/#website","url":"https:\/\/expressometro.mx\/","name":"Expresso Metropolitano","description":"Periodismo comprometido, informaci\u00f3n, investigaci\u00f3n y an\u00e1lisis","publisher":{"@id":"https:\/\/expressometro.mx\/#organization"},"potentialAction":[{"@type":"SearchAction","target":{"@type":"EntryPoint","urlTemplate":"https:\/\/expressometro.mx\/?s={search_term_string}"},"query-input":{"@type":"PropertyValueSpecification","valueRequired":true,"valueName":"search_term_string"}}],"inLanguage":"es"},{"@type":"Organization","@id":"https:\/\/expressometro.mx\/#organization","name":"Expresso Metropolitano","url":"https:\/\/expressometro.mx\/","logo":{"@type":"ImageObject","inLanguage":"es","@id":"https:\/\/expressometro.mx\/#\/schema\/logo\/image\/","url":"https:\/\/expressometro.mx\/wp-content\/uploads\/2019\/07\/cropped-Logo-Expresso-Metropolitano-1-1.jpeg","contentUrl":"https:\/\/expressometro.mx\/wp-content\/uploads\/2019\/07\/cropped-Logo-Expresso-Metropolitano-1-1.jpeg","width":290,"height":73,"caption":"Expresso Metropolitano"},"image":{"@id":"https:\/\/expressometro.mx\/#\/schema\/logo\/image\/"}},{"@type":"Person","@id":"https:\/\/expressometro.mx\/#\/schema\/person\/efa971b4a0664db8ed5c22b1b0dd2f5d","name":"Expresso Metropolitano","image":{"@type":"ImageObject","inLanguage":"es","@id":"https:\/\/secure.gravatar.com\/avatar\/a89f802b8de18c6952f223c88d3d106e9e3679839f4e25a02f4a6cc2ae6ba3b3?s=96&d=mm&r=g","url":"https:\/\/secure.gravatar.com\/avatar\/a89f802b8de18c6952f223c88d3d106e9e3679839f4e25a02f4a6cc2ae6ba3b3?s=96&d=mm&r=g","contentUrl":"https:\/\/secure.gravatar.com\/avatar\/a89f802b8de18c6952f223c88d3d106e9e3679839f4e25a02f4a6cc2ae6ba3b3?s=96&d=mm&r=g","caption":"Expresso Metropolitano"},"url":"https:\/\/expressometro.mx\/index.php\/author\/diego\/"}]}},"amp_enabled":true,"_links":{"self":[{"href":"https:\/\/expressometro.mx\/index.php\/wp-json\/wp\/v2\/posts\/260","targetHints":{"allow":["GET"]}}],"collection":[{"href":"https:\/\/expressometro.mx\/index.php\/wp-json\/wp\/v2\/posts"}],"about":[{"href":"https:\/\/expressometro.mx\/index.php\/wp-json\/wp\/v2\/types\/post"}],"author":[{"embeddable":true,"href":"https:\/\/expressometro.mx\/index.php\/wp-json\/wp\/v2\/users\/1"}],"replies":[{"embeddable":true,"href":"https:\/\/expressometro.mx\/index.php\/wp-json\/wp\/v2\/comments?post=260"}],"version-history":[{"count":1,"href":"https:\/\/expressometro.mx\/index.php\/wp-json\/wp\/v2\/posts\/260\/revisions"}],"predecessor-version":[{"id":262,"href":"https:\/\/expressometro.mx\/index.php\/wp-json\/wp\/v2\/posts\/260\/revisions\/262"}],"wp:attachment":[{"href":"https:\/\/expressometro.mx\/index.php\/wp-json\/wp\/v2\/media?parent=260"}],"wp:term":[{"taxonomy":"category","embeddable":true,"href":"https:\/\/expressometro.mx\/index.php\/wp-json\/wp\/v2\/categories?post=260"},{"taxonomy":"post_tag","embeddable":true,"href":"https:\/\/expressometro.mx\/index.php\/wp-json\/wp\/v2\/tags?post=260"}],"curies":[{"name":"wp","href":"https:\/\/api.w.org\/{rel}","templated":true}]}}