{"id":2577,"date":"2021-05-14T16:57:18","date_gmt":"2021-05-14T21:57:18","guid":{"rendered":"http:\/\/expressometro.mx\/?p=2577"},"modified":"2021-05-14T16:57:20","modified_gmt":"2021-05-14T21:57:20","slug":"protesta-carlos-barrera-como-rector-de-la-uaemex","status":"publish","type":"post","link":"https:\/\/expressometro.mx\/index.php\/2021\/05\/14\/protesta-carlos-barrera-como-rector-de-la-uaemex\/","title":{"rendered":"PROTESTA CARLOS BARRERA COMO RECTOR DE LA UAEMEX"},"content":{"rendered":"\n<p>(Informaci\u00f3n en proceso)<\/p>\n\n\n\n<p>Carlos Barrera D\u00edaz se convirti\u00f3 en Rector de la Universidad Aut\u00f3noma del Estado de M\u00e9xico al protesta obedecer la legislaci\u00f3n universitaria y el c\u00f3digo de \u00e9tica universitario en sesi\u00f3n solemne para el periodo 2021-2025.<\/p>\n\n\n\n<p>Protest\u00f3 defender la autonom\u00eda de la UAEMex.<\/p>\n\n\n\n<p>Carlos Eduardo Barrera D\u00edaz consider\u00f3 que al ser la universidad una instituci\u00f3n clave en la generaci\u00f3n y distribuci\u00f3n del conocimiento cient\u00edfico y tecnol\u00f3gico para la sociedad, debe fortalecer su relaci\u00f3n con los tres poderes del Estado -locales y federales- con la finalidad de realizar las gestiones necesarias para incrementar los subsidios econ\u00f3micos.<\/p>\n\n\n\n<p>\u201cLa UAEM\u00e9x, que est\u00e1 comprometida con la sociedad en la formaci\u00f3n de recursos humanos de alto nivel con un alto compromiso social, \u00e9tico y cultural, debe estrechar relaciones con los \u00e1mbitos gubernamentales para garantizar el derecho a la educaci\u00f3n equitativa, inclusiva e integral\u201d, indic\u00f3.<\/p>\n\n\n\n<p>Consider\u00f3 que la relaci\u00f3n de la universidad y los distintos \u00e1mbitos de gobierno y los sectores productivos tambi\u00e9n debe evolucionar para compartir compromisos y de responsabilidad social, para hacer del Estado de M\u00e9xico una entidad m\u00e1s competitiva.<\/p>\n\n\n\n<p>Barrera D\u00edaz reiter\u00f3 que en la administraci\u00f3n 2021-2025, el O\u0301rgano Interno de Control (OIC) ser\u00e1 un aliado de la UAEM\u00e9x, en concordancia con los sistemas Nacional y Estatal Anticorrupcio\u0301n; por ello, se mantendr\u00e1 una colaboraci\u00f3n permanente para garantizar la rendici\u00f3n de cuentas y la transparencia en la aplicaci\u00f3n de recursos.<\/p>\n\n\n\n<p>Gabinete Universitario<\/p>\n\n\n\n<p>Secretaria de Docencia: Yolanda Ballesteros Sent\u00edes<br>Secretaria de Investigaci\u00f3n y Estudios Avanzados: Patricia Zarza<br>Secretario de Extensi\u00f3n y Vinculaci\u00f3n: Francisco Zepeda Mondrag\u00f3n<br>Secretaria de Difusi\u00f3n Cultural: Mar\u00eda de las Mercedes Portilla Luja<br>Secretario de Rector\u00eda: Marco Aurelio Cienfuegos<br>Secretaria de Administraci\u00f3n: Er\u00e9ndira Guerra Fuentes<br>Secretario de Finanzas: Octavio Cris\u00f3foro Bernal Ramos<br>Secretario de Planeaci\u00f3n: Jos\u00e9 Raymundo Marcial Romero<br>Abogada General: Luz Mar\u00eda Jaimes Legorreta<br>Secretario T\u00e9cnico: Luis Ra\u00fal Ort\u00edz Ram\u00edrez<br>Directora de Comunicaci\u00f3n Ginarely Valencia<br>Directora de Centros Universitarios y Unidades Acad\u00e9micas: Sandra Ch\u00e1vez Mar\u00edn<br>Director General de Evaluaci\u00f3n y Control de la Gesti\u00f3n Universitaria: Jorge Rogelio Zenteno Dom\u00ednguez<\/p>\n","protected":false},"excerpt":{"rendered":"<p>Protest\u00f3 defender la autonom\u00eda de la UAEMex.<\/p>\n","protected":false},"author":2,"featured_media":2578,"comment_status":"open","ping_status":"open","sticky":false,"template":"","format":"standard","meta":{"footnotes":""},"categories":[108],"tags":[313,82],"class_list":["post-2577","post","type-post","status-publish","format-standard","has-post-thumbnail","hentry","category-educacion","tag-carlos-eduardo-barrera-diaz","tag-uaemex"],"yoast_head":"<!-- This site is optimized with the Yoast SEO plugin v27.5 - https:\/\/yoast.com\/product\/yoast-seo-wordpress\/ -->\n<title>PROTESTA CARLOS BARRERA COMO RECTOR DE LA UAEMEX - Expresso Metropolitano<\/title>\n<meta name=\"robots\" content=\"index, follow, max-snippet:-1, max-image-preview:large, max-video-preview:-1\" \/>\n<link rel=\"canonical\" href=\"https:\/\/expressometro.mx\/index.php\/2021\/05\/14\/protesta-carlos-barrera-como-rector-de-la-uaemex\/\" \/>\n<meta property=\"og:locale\" content=\"es_MX\" \/>\n<meta property=\"og:type\" content=\"article\" \/>\n<meta property=\"og:title\" content=\"PROTESTA CARLOS BARRERA COMO RECTOR DE LA UAEMEX - Expresso Metropolitano\" \/>\n<meta property=\"og:description\" content=\"Protest\u00f3 defender la autonom\u00eda de la UAEMex.\" \/>\n<meta property=\"og:url\" content=\"https:\/\/expressometro.mx\/index.php\/2021\/05\/14\/protesta-carlos-barrera-como-rector-de-la-uaemex\/\" \/>\n<meta property=\"og:site_name\" content=\"Expresso Metropolitano\" \/>\n<meta property=\"article:published_time\" content=\"2021-05-14T21:57:18+00:00\" \/>\n<meta property=\"article:modified_time\" content=\"2021-05-14T21:57:20+00:00\" \/>\n<meta property=\"og:image\" content=\"https:\/\/expressometro.mx\/wp-content\/uploads\/2021\/05\/WhatsApp-Image-2021-05-14-at-13.23.31.jpeg\" \/>\n\t<meta property=\"og:image:width\" content=\"768\" \/>\n\t<meta property=\"og:image:height\" content=\"1201\" \/>\n\t<meta property=\"og:image:type\" content=\"image\/jpeg\" \/>\n<meta name=\"author\" content=\"Cecilia Vega\" \/>\n<meta name=\"twitter:label1\" content=\"Escrito por\" \/>\n\t<meta name=\"twitter:data1\" content=\"Cecilia Vega\" \/>\n\t<meta name=\"twitter:label2\" content=\"Tiempo de lectura\" \/>\n\t<meta name=\"twitter:data2\" content=\"2 minutos\" \/>\n<script type=\"application\/ld+json\" class=\"yoast-schema-graph\">{\"@context\":\"https:\\\/\\\/schema.org\",\"@graph\":[{\"@type\":\"Article\",\"@id\":\"https:\\\/\\\/expressometro.mx\\\/index.php\\\/2021\\\/05\\\/14\\\/protesta-carlos-barrera-como-rector-de-la-uaemex\\\/#article\",\"isPartOf\":{\"@id\":\"https:\\\/\\\/expressometro.mx\\\/index.php\\\/2021\\\/05\\\/14\\\/protesta-carlos-barrera-como-rector-de-la-uaemex\\\/\"},\"author\":{\"name\":\"Cecilia Vega\",\"@id\":\"https:\\\/\\\/expressometro.mx\\\/#\\\/schema\\\/person\\\/67a95b8e3862085c7598f66237488f1f\"},\"headline\":\"PROTESTA CARLOS BARRERA COMO RECTOR DE LA UAEMEX\",\"datePublished\":\"2021-05-14T21:57:18+00:00\",\"dateModified\":\"2021-05-14T21:57:20+00:00\",\"mainEntityOfPage\":{\"@id\":\"https:\\\/\\\/expressometro.mx\\\/index.php\\\/2021\\\/05\\\/14\\\/protesta-carlos-barrera-como-rector-de-la-uaemex\\\/\"},\"wordCount\":379,\"commentCount\":0,\"publisher\":{\"@id\":\"https:\\\/\\\/expressometro.mx\\\/#organization\"},\"image\":{\"@id\":\"https:\\\/\\\/expressometro.mx\\\/index.php\\\/2021\\\/05\\\/14\\\/protesta-carlos-barrera-como-rector-de-la-uaemex\\\/#primaryimage\"},\"thumbnailUrl\":\"https:\\\/\\\/expressometro.mx\\\/wp-content\\\/uploads\\\/2021\\\/05\\\/WhatsApp-Image-2021-05-14-at-13.23.31.jpeg\",\"keywords\":[\"Carlos Eduardo Barrera D\u00edaz\",\"UAEMex\"],\"articleSection\":[\"Educaci\u00f3n\"],\"inLanguage\":\"es\",\"potentialAction\":[{\"@type\":\"CommentAction\",\"name\":\"Comment\",\"target\":[\"https:\\\/\\\/expressometro.mx\\\/index.php\\\/2021\\\/05\\\/14\\\/protesta-carlos-barrera-como-rector-de-la-uaemex\\\/#respond\"]}]},{\"@type\":\"WebPage\",\"@id\":\"https:\\\/\\\/expressometro.mx\\\/index.php\\\/2021\\\/05\\\/14\\\/protesta-carlos-barrera-como-rector-de-la-uaemex\\\/\",\"url\":\"https:\\\/\\\/expressometro.mx\\\/index.php\\\/2021\\\/05\\\/14\\\/protesta-carlos-barrera-como-rector-de-la-uaemex\\\/\",\"name\":\"PROTESTA CARLOS BARRERA COMO RECTOR DE LA UAEMEX - Expresso Metropolitano\",\"isPartOf\":{\"@id\":\"https:\\\/\\\/expressometro.mx\\\/#website\"},\"primaryImageOfPage\":{\"@id\":\"https:\\\/\\\/expressometro.mx\\\/index.php\\\/2021\\\/05\\\/14\\\/protesta-carlos-barrera-como-rector-de-la-uaemex\\\/#primaryimage\"},\"image\":{\"@id\":\"https:\\\/\\\/expressometro.mx\\\/index.php\\\/2021\\\/05\\\/14\\\/protesta-carlos-barrera-como-rector-de-la-uaemex\\\/#primaryimage\"},\"thumbnailUrl\":\"https:\\\/\\\/expressometro.mx\\\/wp-content\\\/uploads\\\/2021\\\/05\\\/WhatsApp-Image-2021-05-14-at-13.23.31.jpeg\",\"datePublished\":\"2021-05-14T21:57:18+00:00\",\"dateModified\":\"2021-05-14T21:57:20+00:00\",\"breadcrumb\":{\"@id\":\"https:\\\/\\\/expressometro.mx\\\/index.php\\\/2021\\\/05\\\/14\\\/protesta-carlos-barrera-como-rector-de-la-uaemex\\\/#breadcrumb\"},\"inLanguage\":\"es\",\"potentialAction\":[{\"@type\":\"ReadAction\",\"target\":[\"https:\\\/\\\/expressometro.mx\\\/index.php\\\/2021\\\/05\\\/14\\\/protesta-carlos-barrera-como-rector-de-la-uaemex\\\/\"]}]},{\"@type\":\"ImageObject\",\"inLanguage\":\"es\",\"@id\":\"https:\\\/\\\/expressometro.mx\\\/index.php\\\/2021\\\/05\\\/14\\\/protesta-carlos-barrera-como-rector-de-la-uaemex\\\/#primaryimage\",\"url\":\"https:\\\/\\\/expressometro.mx\\\/wp-content\\\/uploads\\\/2021\\\/05\\\/WhatsApp-Image-2021-05-14-at-13.23.31.jpeg\",\"contentUrl\":\"https:\\\/\\\/expressometro.mx\\\/wp-content\\\/uploads\\\/2021\\\/05\\\/WhatsApp-Image-2021-05-14-at-13.23.31.jpeg\",\"width\":768,\"height\":1201},{\"@type\":\"BreadcrumbList\",\"@id\":\"https:\\\/\\\/expressometro.mx\\\/index.php\\\/2021\\\/05\\\/14\\\/protesta-carlos-barrera-como-rector-de-la-uaemex\\\/#breadcrumb\",\"itemListElement\":[{\"@type\":\"ListItem\",\"position\":1,\"name\":\"Inicio\",\"item\":\"https:\\\/\\\/expressometro.mx\\\/\"},{\"@type\":\"ListItem\",\"position\":2,\"name\":\"PROTESTA CARLOS BARRERA COMO RECTOR DE LA UAEMEX\"}]},{\"@type\":\"WebSite\",\"@id\":\"https:\\\/\\\/expressometro.mx\\\/#website\",\"url\":\"https:\\\/\\\/expressometro.mx\\\/\",\"name\":\"Expresso Metropolitano\",\"description\":\"Periodismo comprometido, informaci\u00f3n, investigaci\u00f3n y an\u00e1lisis\",\"publisher\":{\"@id\":\"https:\\\/\\\/expressometro.mx\\\/#organization\"},\"potentialAction\":[{\"@type\":\"SearchAction\",\"target\":{\"@type\":\"EntryPoint\",\"urlTemplate\":\"https:\\\/\\\/expressometro.mx\\\/?s={search_term_string}\"},\"query-input\":{\"@type\":\"PropertyValueSpecification\",\"valueRequired\":true,\"valueName\":\"search_term_string\"}}],\"inLanguage\":\"es\"},{\"@type\":\"Organization\",\"@id\":\"https:\\\/\\\/expressometro.mx\\\/#organization\",\"name\":\"Expresso Metropolitano\",\"url\":\"https:\\\/\\\/expressometro.mx\\\/\",\"logo\":{\"@type\":\"ImageObject\",\"inLanguage\":\"es\",\"@id\":\"https:\\\/\\\/expressometro.mx\\\/#\\\/schema\\\/logo\\\/image\\\/\",\"url\":\"https:\\\/\\\/expressometro.mx\\\/wp-content\\\/uploads\\\/2019\\\/07\\\/cropped-Logo-Expresso-Metropolitano-1-1.jpeg\",\"contentUrl\":\"https:\\\/\\\/expressometro.mx\\\/wp-content\\\/uploads\\\/2019\\\/07\\\/cropped-Logo-Expresso-Metropolitano-1-1.jpeg\",\"width\":290,\"height\":73,\"caption\":\"Expresso Metropolitano\"},\"image\":{\"@id\":\"https:\\\/\\\/expressometro.mx\\\/#\\\/schema\\\/logo\\\/image\\\/\"}},{\"@type\":\"Person\",\"@id\":\"https:\\\/\\\/expressometro.mx\\\/#\\\/schema\\\/person\\\/67a95b8e3862085c7598f66237488f1f\",\"name\":\"Cecilia Vega\",\"image\":{\"@type\":\"ImageObject\",\"inLanguage\":\"es\",\"@id\":\"https:\\\/\\\/secure.gravatar.com\\\/avatar\\\/13aae9944ab2ee472a9e407c9487fdbd03b049abaa559af32fe5dbcf615c981b?s=96&d=mm&r=g\",\"url\":\"https:\\\/\\\/secure.gravatar.com\\\/avatar\\\/13aae9944ab2ee472a9e407c9487fdbd03b049abaa559af32fe5dbcf615c981b?s=96&d=mm&r=g\",\"contentUrl\":\"https:\\\/\\\/secure.gravatar.com\\\/avatar\\\/13aae9944ab2ee472a9e407c9487fdbd03b049abaa559af32fe5dbcf615c981b?s=96&d=mm&r=g\",\"caption\":\"Cecilia Vega\"},\"url\":\"https:\\\/\\\/expressometro.mx\\\/index.php\\\/author\\\/cecilia-vega\\\/\"}]}<\/script>\n<!-- \/ Yoast SEO plugin. -->","yoast_head_json":{"title":"PROTESTA CARLOS BARRERA COMO RECTOR DE LA UAEMEX - Expresso Metropolitano","robots":{"index":"index","follow":"follow","max-snippet":"max-snippet:-1","max-image-preview":"max-image-preview:large","max-video-preview":"max-video-preview:-1"},"canonical":"https:\/\/expressometro.mx\/index.php\/2021\/05\/14\/protesta-carlos-barrera-como-rector-de-la-uaemex\/","og_locale":"es_MX","og_type":"article","og_title":"PROTESTA CARLOS BARRERA COMO RECTOR DE LA UAEMEX - Expresso Metropolitano","og_description":"Protest\u00f3 defender la autonom\u00eda de la UAEMex.","og_url":"https:\/\/expressometro.mx\/index.php\/2021\/05\/14\/protesta-carlos-barrera-como-rector-de-la-uaemex\/","og_site_name":"Expresso Metropolitano","article_published_time":"2021-05-14T21:57:18+00:00","article_modified_time":"2021-05-14T21:57:20+00:00","og_image":[{"width":768,"height":1201,"url":"https:\/\/expressometro.mx\/wp-content\/uploads\/2021\/05\/WhatsApp-Image-2021-05-14-at-13.23.31.jpeg","type":"image\/jpeg"}],"author":"Cecilia Vega","twitter_misc":{"Escrito por":"Cecilia Vega","Tiempo de lectura":"2 minutos"},"schema":{"@context":"https:\/\/schema.org","@graph":[{"@type":"Article","@id":"https:\/\/expressometro.mx\/index.php\/2021\/05\/14\/protesta-carlos-barrera-como-rector-de-la-uaemex\/#article","isPartOf":{"@id":"https:\/\/expressometro.mx\/index.php\/2021\/05\/14\/protesta-carlos-barrera-como-rector-de-la-uaemex\/"},"author":{"name":"Cecilia Vega","@id":"https:\/\/expressometro.mx\/#\/schema\/person\/67a95b8e3862085c7598f66237488f1f"},"headline":"PROTESTA CARLOS BARRERA COMO RECTOR DE LA UAEMEX","datePublished":"2021-05-14T21:57:18+00:00","dateModified":"2021-05-14T21:57:20+00:00","mainEntityOfPage":{"@id":"https:\/\/expressometro.mx\/index.php\/2021\/05\/14\/protesta-carlos-barrera-como-rector-de-la-uaemex\/"},"wordCount":379,"commentCount":0,"publisher":{"@id":"https:\/\/expressometro.mx\/#organization"},"image":{"@id":"https:\/\/expressometro.mx\/index.php\/2021\/05\/14\/protesta-carlos-barrera-como-rector-de-la-uaemex\/#primaryimage"},"thumbnailUrl":"https:\/\/expressometro.mx\/wp-content\/uploads\/2021\/05\/WhatsApp-Image-2021-05-14-at-13.23.31.jpeg","keywords":["Carlos Eduardo Barrera D\u00edaz","UAEMex"],"articleSection":["Educaci\u00f3n"],"inLanguage":"es","potentialAction":[{"@type":"CommentAction","name":"Comment","target":["https:\/\/expressometro.mx\/index.php\/2021\/05\/14\/protesta-carlos-barrera-como-rector-de-la-uaemex\/#respond"]}]},{"@type":"WebPage","@id":"https:\/\/expressometro.mx\/index.php\/2021\/05\/14\/protesta-carlos-barrera-como-rector-de-la-uaemex\/","url":"https:\/\/expressometro.mx\/index.php\/2021\/05\/14\/protesta-carlos-barrera-como-rector-de-la-uaemex\/","name":"PROTESTA CARLOS BARRERA COMO RECTOR DE LA UAEMEX - Expresso Metropolitano","isPartOf":{"@id":"https:\/\/expressometro.mx\/#website"},"primaryImageOfPage":{"@id":"https:\/\/expressometro.mx\/index.php\/2021\/05\/14\/protesta-carlos-barrera-como-rector-de-la-uaemex\/#primaryimage"},"image":{"@id":"https:\/\/expressometro.mx\/index.php\/2021\/05\/14\/protesta-carlos-barrera-como-rector-de-la-uaemex\/#primaryimage"},"thumbnailUrl":"https:\/\/expressometro.mx\/wp-content\/uploads\/2021\/05\/WhatsApp-Image-2021-05-14-at-13.23.31.jpeg","datePublished":"2021-05-14T21:57:18+00:00","dateModified":"2021-05-14T21:57:20+00:00","breadcrumb":{"@id":"https:\/\/expressometro.mx\/index.php\/2021\/05\/14\/protesta-carlos-barrera-como-rector-de-la-uaemex\/#breadcrumb"},"inLanguage":"es","potentialAction":[{"@type":"ReadAction","target":["https:\/\/expressometro.mx\/index.php\/2021\/05\/14\/protesta-carlos-barrera-como-rector-de-la-uaemex\/"]}]},{"@type":"ImageObject","inLanguage":"es","@id":"https:\/\/expressometro.mx\/index.php\/2021\/05\/14\/protesta-carlos-barrera-como-rector-de-la-uaemex\/#primaryimage","url":"https:\/\/expressometro.mx\/wp-content\/uploads\/2021\/05\/WhatsApp-Image-2021-05-14-at-13.23.31.jpeg","contentUrl":"https:\/\/expressometro.mx\/wp-content\/uploads\/2021\/05\/WhatsApp-Image-2021-05-14-at-13.23.31.jpeg","width":768,"height":1201},{"@type":"BreadcrumbList","@id":"https:\/\/expressometro.mx\/index.php\/2021\/05\/14\/protesta-carlos-barrera-como-rector-de-la-uaemex\/#breadcrumb","itemListElement":[{"@type":"ListItem","position":1,"name":"Inicio","item":"https:\/\/expressometro.mx\/"},{"@type":"ListItem","position":2,"name":"PROTESTA CARLOS BARRERA COMO RECTOR DE LA UAEMEX"}]},{"@type":"WebSite","@id":"https:\/\/expressometro.mx\/#website","url":"https:\/\/expressometro.mx\/","name":"Expresso Metropolitano","description":"Periodismo comprometido, informaci\u00f3n, investigaci\u00f3n y an\u00e1lisis","publisher":{"@id":"https:\/\/expressometro.mx\/#organization"},"potentialAction":[{"@type":"SearchAction","target":{"@type":"EntryPoint","urlTemplate":"https:\/\/expressometro.mx\/?s={search_term_string}"},"query-input":{"@type":"PropertyValueSpecification","valueRequired":true,"valueName":"search_term_string"}}],"inLanguage":"es"},{"@type":"Organization","@id":"https:\/\/expressometro.mx\/#organization","name":"Expresso Metropolitano","url":"https:\/\/expressometro.mx\/","logo":{"@type":"ImageObject","inLanguage":"es","@id":"https:\/\/expressometro.mx\/#\/schema\/logo\/image\/","url":"https:\/\/expressometro.mx\/wp-content\/uploads\/2019\/07\/cropped-Logo-Expresso-Metropolitano-1-1.jpeg","contentUrl":"https:\/\/expressometro.mx\/wp-content\/uploads\/2019\/07\/cropped-Logo-Expresso-Metropolitano-1-1.jpeg","width":290,"height":73,"caption":"Expresso Metropolitano"},"image":{"@id":"https:\/\/expressometro.mx\/#\/schema\/logo\/image\/"}},{"@type":"Person","@id":"https:\/\/expressometro.mx\/#\/schema\/person\/67a95b8e3862085c7598f66237488f1f","name":"Cecilia Vega","image":{"@type":"ImageObject","inLanguage":"es","@id":"https:\/\/secure.gravatar.com\/avatar\/13aae9944ab2ee472a9e407c9487fdbd03b049abaa559af32fe5dbcf615c981b?s=96&d=mm&r=g","url":"https:\/\/secure.gravatar.com\/avatar\/13aae9944ab2ee472a9e407c9487fdbd03b049abaa559af32fe5dbcf615c981b?s=96&d=mm&r=g","contentUrl":"https:\/\/secure.gravatar.com\/avatar\/13aae9944ab2ee472a9e407c9487fdbd03b049abaa559af32fe5dbcf615c981b?s=96&d=mm&r=g","caption":"Cecilia Vega"},"url":"https:\/\/expressometro.mx\/index.php\/author\/cecilia-vega\/"}]}},"amp_enabled":true,"_links":{"self":[{"href":"https:\/\/expressometro.mx\/index.php\/wp-json\/wp\/v2\/posts\/2577","targetHints":{"allow":["GET"]}}],"collection":[{"href":"https:\/\/expressometro.mx\/index.php\/wp-json\/wp\/v2\/posts"}],"about":[{"href":"https:\/\/expressometro.mx\/index.php\/wp-json\/wp\/v2\/types\/post"}],"author":[{"embeddable":true,"href":"https:\/\/expressometro.mx\/index.php\/wp-json\/wp\/v2\/users\/2"}],"replies":[{"embeddable":true,"href":"https:\/\/expressometro.mx\/index.php\/wp-json\/wp\/v2\/comments?post=2577"}],"version-history":[{"count":1,"href":"https:\/\/expressometro.mx\/index.php\/wp-json\/wp\/v2\/posts\/2577\/revisions"}],"predecessor-version":[{"id":2579,"href":"https:\/\/expressometro.mx\/index.php\/wp-json\/wp\/v2\/posts\/2577\/revisions\/2579"}],"wp:featuredmedia":[{"embeddable":true,"href":"https:\/\/expressometro.mx\/index.php\/wp-json\/wp\/v2\/media\/2578"}],"wp:attachment":[{"href":"https:\/\/expressometro.mx\/index.php\/wp-json\/wp\/v2\/media?parent=2577"}],"wp:term":[{"taxonomy":"category","embeddable":true,"href":"https:\/\/expressometro.mx\/index.php\/wp-json\/wp\/v2\/categories?post=2577"},{"taxonomy":"post_tag","embeddable":true,"href":"https:\/\/expressometro.mx\/index.php\/wp-json\/wp\/v2\/tags?post=2577"}],"curies":[{"name":"wp","href":"https:\/\/api.w.org\/{rel}","templated":true}]}}