{"id":257,"date":"2019-08-26T09:17:52","date_gmt":"2019-08-26T14:17:52","guid":{"rendered":"http:\/\/expressometro.mx\/?p=257"},"modified":"2019-09-25T10:38:12","modified_gmt":"2019-09-25T15:38:12","slug":"necesaria-participacion-de-sociedad-y-gobierno-en-preservacion-de-agua","status":"publish","type":"post","link":"https:\/\/expressometro.mx\/index.php\/2019\/08\/26\/necesaria-participacion-de-sociedad-y-gobierno-en-preservacion-de-agua\/","title":{"rendered":"Necesaria participaci\u00f3n de sociedad y gobierno en preservaci\u00f3n de agua"},"content":{"rendered":"\n<p>Con el objetivo de consultar, concertar y tomar decisiones para instrumentar acuerdos consensuados entre autoridades y sociedad para la gesti\u00f3n del agua en cuenca y acu\u00edferos, se llev\u00f3 a cabo la novena sesi\u00f3n de la Comisi\u00f3n de Operaci\u00f3n y Vigilancia (COVI), del Concejo de Cuenca del Valle de M\u00e9xico (CCVM), en Cuautitl\u00e1n Izcalli.<\/p>\n\n\n\n<p>El presidente municipal de Cuautitl\u00e1n Izcalli, Ricardo N\u00fa\u00f1ez Ayala, en su calidad de vocal titular del uso p\u00fablico urbano, coment\u00f3 que: \u201cEn Cuautitl\u00e1n Izcalli estamos concentrados en hacer un desarrollo sostenible basado en la preservaci\u00f3n del agua, es mi intenci\u00f3n convocar a foros regionales abarcando a los 62 municipios para conciliar prop\u00f3sitos, sumar voluntades, recursos y fomentar la eficacia en la gesti\u00f3n del agua; de igual forma mejorar su administraci\u00f3n, saneamiento de cauces y cuencas, a fin de tener una mejor calidad de vida entre los habitantes de los municipios involucrados en el Valle de M\u00e9xico\u201d.<\/p>\n\n\n\n<p>El alcalde precis\u00f3 que el comit\u00e9 de uso p\u00fablico urbano del Estado de M\u00e9xico, es una instancia colegiada para prevenir y dar cauce a los conflictos asociados a la distribuci\u00f3n de agua; es organizaci\u00f3n plural que se conforma para identificar, caracterizar, analizar y diagnosticar, situaciones en una cuenca hidrol\u00f3gica.<\/p>\n\n\n\n<p>Mart\u00edn Guerrero Baeza, director de OPERAGUA, resalt\u00f3 la importancia de ordenar y eficientar el uso y manejo del agua, esto coordinado y consensado con todos los actores pol\u00edticos y sociales, para dar paso a foros de capacitaci\u00f3n con los municipios involucrados.<\/p>\n\n\n\n<p>Por su parte, Froil\u00e1n Torres Herrera en su calidad de secretario t\u00e9cnico de CCVM y director general del Organismo de Cuenca Aguas Del Valle de M\u00e9xico (OCAVM) destac\u00f3 la importancia que representa para la Conagua colaborar con los concejos de cuenca.<\/p>\n\n\n\n<p>\u201cEs necesario trabajar juntos con los usuarios del agua y la sociedad organizada, as\u00ed como con las instancias gubernamentales locales, con la finalidad de avanzar en una adecuada gesti\u00f3n integraldel agua\u201d, se\u00f1al\u00f3.<\/p>\n\n\n\n<p>Algunos de los temas que se trataron durante la reuni\u00f3n tuvieron que ver con la situaci\u00f3n actual de la laguna de Zumpango, el proyecto de potabilizaci\u00f3n y saneamiento de agua en el municipio de Ecatepec, la participaci\u00f3n social y operatividad al interior del Concejo, Informe de pron\u00f3stico estacional para el Valle de M\u00e9xico en los pr\u00f3ximos tres meses, levantamiento de veda de aguas superficiales, caducidad y vol\u00famenes de pago, acu\u00edferos sobre explotados, rehabilitaci\u00f3n y mantenimiento de presas, financiamiento para operaci\u00f3n de Concejos de Cuenca, por mencionar algunos.<\/p>\n\n\n\n<p>En la novena sesi\u00f3n de la COVI participaron: Leonardo P\u00e9rez Calva, presidente del CCVM; Roberto \u00c1ngel Dom\u00ednguez, secretario de la Comisi\u00f3n de Agua Potable, Alcantarillado y Saneamiento de la C\u00e1mara de Diputados; V\u00edctor Manuel Hern\u00e1ndez Paredes, presidente municipal de Almoloya, Hidalgo; Froil\u00e1n Torres Herrera, secretario t\u00e9cnico del CCVM; David Guzm\u00e1n Torres, gerente operativo del Concejo de Cuenca; Fabiola Sosa Rodr\u00edguez, de la UAM Azcapotzalco; y Guillermo Hern\u00e1ndez Garc\u00eda, director del organismo de agua de Zumpango. Adem\u00e1s, los directores locales de la Conagua en Hidalgo y Tlaxcala, Armando Hern\u00e1ndez Mendoza y Miguel \u00c1ngel Mart\u00ednez Cordero, respectivamente.<\/p>\n\n\n\n<p>Por \u00faltimo, N\u00fa\u00f1ez Ayala, agradeci\u00f3 nuevamente la participaci\u00f3n de las \u00e1reas involucradas y reiter\u00f3 que el gobierno izcallense est\u00e1 dispuesto a brindar apoyo y trabajar de la mano con las instancias estatales y federales para recuperar los mantos acu\u00edferos del municipio.<\/p>\n","protected":false},"excerpt":{"rendered":"<p>Con el objetivo de consultar, concertar y tomar decisiones para instrumentar acuerdos consensuados entre autoridades y sociedad para la gesti\u00f3n del agua en cuenca y acu\u00edferos, se llev\u00f3 a cabo la novena sesi\u00f3n de la Comisi\u00f3n de Operaci\u00f3n y Vigilancia (COVI), del Concejo de Cuenca del Valle de M\u00e9xico (CCVM), en Cuautitl\u00e1n Izcalli. El presidente municipal de Cuautitl\u00e1n Izcalli, Ricardo N\u00fa\u00f1ez Ayala, en su calidad de vocal titular del uso p\u00fablico urbano, coment\u00f3 que: \u201cEn Cuautitl\u00e1n Izcalli estamos concentrados en hacer un desarrollo sostenible basado en la preservaci\u00f3n del agua,&hellip;<\/p>\n","protected":false},"author":1,"featured_media":0,"comment_status":"open","ping_status":"open","sticky":false,"template":"","format":"standard","meta":{"footnotes":""},"categories":[6],"tags":[],"class_list":["post-257","post","type-post","status-publish","format-standard","hentry","category-seguridad"],"yoast_head":"<!-- This site is optimized with the Yoast SEO plugin v27.5 - https:\/\/yoast.com\/product\/yoast-seo-wordpress\/ -->\n<title>Necesaria participaci\u00f3n de sociedad y gobierno en preservaci\u00f3n de agua - Expresso Metropolitano<\/title>\n<meta name=\"robots\" content=\"index, follow, max-snippet:-1, max-image-preview:large, max-video-preview:-1\" \/>\n<link rel=\"canonical\" href=\"https:\/\/expressometro.mx\/index.php\/2019\/08\/26\/necesaria-participacion-de-sociedad-y-gobierno-en-preservacion-de-agua\/\" \/>\n<meta property=\"og:locale\" content=\"es_MX\" \/>\n<meta property=\"og:type\" content=\"article\" \/>\n<meta property=\"og:title\" content=\"Necesaria participaci\u00f3n de sociedad y gobierno en preservaci\u00f3n de agua - Expresso Metropolitano\" \/>\n<meta property=\"og:description\" content=\"Con el objetivo de consultar, concertar y tomar decisiones para instrumentar acuerdos consensuados entre autoridades y sociedad para la gesti\u00f3n del agua en cuenca y acu\u00edferos, se llev\u00f3 a cabo la novena sesi\u00f3n de la Comisi\u00f3n de Operaci\u00f3n y Vigilancia (COVI), del Concejo de Cuenca del Valle de M\u00e9xico (CCVM), en Cuautitl\u00e1n Izcalli. El presidente municipal de Cuautitl\u00e1n Izcalli, Ricardo N\u00fa\u00f1ez Ayala, en su calidad de vocal titular del uso p\u00fablico urbano, coment\u00f3 que: \u201cEn Cuautitl\u00e1n Izcalli estamos concentrados en hacer un desarrollo sostenible basado en la preservaci\u00f3n del agua,&hellip;\" \/>\n<meta property=\"og:url\" content=\"https:\/\/expressometro.mx\/index.php\/2019\/08\/26\/necesaria-participacion-de-sociedad-y-gobierno-en-preservacion-de-agua\/\" \/>\n<meta property=\"og:site_name\" content=\"Expresso Metropolitano\" \/>\n<meta property=\"article:published_time\" content=\"2019-08-26T14:17:52+00:00\" \/>\n<meta property=\"article:modified_time\" content=\"2019-09-25T15:38:12+00:00\" \/>\n<meta property=\"og:image\" content=\"https:\/\/expressometro.mx\/wp-content\/uploads\/2019\/08\/B272_04-1024x575.jpg\" \/>\n\t<meta property=\"og:image:width\" content=\"1024\" \/>\n\t<meta property=\"og:image:height\" content=\"575\" \/>\n\t<meta property=\"og:image:type\" content=\"image\/jpeg\" \/>\n<meta name=\"author\" content=\"Expresso Metropolitano\" \/>\n<meta name=\"twitter:label1\" content=\"Escrito por\" \/>\n\t<meta name=\"twitter:data1\" content=\"Expresso Metropolitano\" \/>\n\t<meta name=\"twitter:label2\" content=\"Tiempo de lectura\" \/>\n\t<meta name=\"twitter:data2\" content=\"3 minutos\" \/>\n<script type=\"application\/ld+json\" class=\"yoast-schema-graph\">{\"@context\":\"https:\\\/\\\/schema.org\",\"@graph\":[{\"@type\":\"Article\",\"@id\":\"https:\\\/\\\/expressometro.mx\\\/index.php\\\/2019\\\/08\\\/26\\\/necesaria-participacion-de-sociedad-y-gobierno-en-preservacion-de-agua\\\/#article\",\"isPartOf\":{\"@id\":\"https:\\\/\\\/expressometro.mx\\\/index.php\\\/2019\\\/08\\\/26\\\/necesaria-participacion-de-sociedad-y-gobierno-en-preservacion-de-agua\\\/\"},\"author\":{\"name\":\"Expresso Metropolitano\",\"@id\":\"https:\\\/\\\/expressometro.mx\\\/#\\\/schema\\\/person\\\/efa971b4a0664db8ed5c22b1b0dd2f5d\"},\"headline\":\"Necesaria participaci\u00f3n de sociedad y gobierno en preservaci\u00f3n de agua\",\"datePublished\":\"2019-08-26T14:17:52+00:00\",\"dateModified\":\"2019-09-25T15:38:12+00:00\",\"mainEntityOfPage\":{\"@id\":\"https:\\\/\\\/expressometro.mx\\\/index.php\\\/2019\\\/08\\\/26\\\/necesaria-participacion-de-sociedad-y-gobierno-en-preservacion-de-agua\\\/\"},\"wordCount\":606,\"commentCount\":0,\"publisher\":{\"@id\":\"https:\\\/\\\/expressometro.mx\\\/#organization\"},\"articleSection\":[\"Seguridad\"],\"inLanguage\":\"es\",\"potentialAction\":[{\"@type\":\"CommentAction\",\"name\":\"Comment\",\"target\":[\"https:\\\/\\\/expressometro.mx\\\/index.php\\\/2019\\\/08\\\/26\\\/necesaria-participacion-de-sociedad-y-gobierno-en-preservacion-de-agua\\\/#respond\"]}]},{\"@type\":\"WebPage\",\"@id\":\"https:\\\/\\\/expressometro.mx\\\/index.php\\\/2019\\\/08\\\/26\\\/necesaria-participacion-de-sociedad-y-gobierno-en-preservacion-de-agua\\\/\",\"url\":\"https:\\\/\\\/expressometro.mx\\\/index.php\\\/2019\\\/08\\\/26\\\/necesaria-participacion-de-sociedad-y-gobierno-en-preservacion-de-agua\\\/\",\"name\":\"Necesaria participaci\u00f3n de sociedad y gobierno en preservaci\u00f3n de agua - Expresso Metropolitano\",\"isPartOf\":{\"@id\":\"https:\\\/\\\/expressometro.mx\\\/#website\"},\"datePublished\":\"2019-08-26T14:17:52+00:00\",\"dateModified\":\"2019-09-25T15:38:12+00:00\",\"breadcrumb\":{\"@id\":\"https:\\\/\\\/expressometro.mx\\\/index.php\\\/2019\\\/08\\\/26\\\/necesaria-participacion-de-sociedad-y-gobierno-en-preservacion-de-agua\\\/#breadcrumb\"},\"inLanguage\":\"es\",\"potentialAction\":[{\"@type\":\"ReadAction\",\"target\":[\"https:\\\/\\\/expressometro.mx\\\/index.php\\\/2019\\\/08\\\/26\\\/necesaria-participacion-de-sociedad-y-gobierno-en-preservacion-de-agua\\\/\"]}]},{\"@type\":\"BreadcrumbList\",\"@id\":\"https:\\\/\\\/expressometro.mx\\\/index.php\\\/2019\\\/08\\\/26\\\/necesaria-participacion-de-sociedad-y-gobierno-en-preservacion-de-agua\\\/#breadcrumb\",\"itemListElement\":[{\"@type\":\"ListItem\",\"position\":1,\"name\":\"Inicio\",\"item\":\"https:\\\/\\\/expressometro.mx\\\/\"},{\"@type\":\"ListItem\",\"position\":2,\"name\":\"Necesaria participaci\u00f3n de sociedad y gobierno en preservaci\u00f3n de agua\"}]},{\"@type\":\"WebSite\",\"@id\":\"https:\\\/\\\/expressometro.mx\\\/#website\",\"url\":\"https:\\\/\\\/expressometro.mx\\\/\",\"name\":\"Expresso Metropolitano\",\"description\":\"Periodismo comprometido, informaci\u00f3n, investigaci\u00f3n y an\u00e1lisis\",\"publisher\":{\"@id\":\"https:\\\/\\\/expressometro.mx\\\/#organization\"},\"potentialAction\":[{\"@type\":\"SearchAction\",\"target\":{\"@type\":\"EntryPoint\",\"urlTemplate\":\"https:\\\/\\\/expressometro.mx\\\/?s={search_term_string}\"},\"query-input\":{\"@type\":\"PropertyValueSpecification\",\"valueRequired\":true,\"valueName\":\"search_term_string\"}}],\"inLanguage\":\"es\"},{\"@type\":\"Organization\",\"@id\":\"https:\\\/\\\/expressometro.mx\\\/#organization\",\"name\":\"Expresso Metropolitano\",\"url\":\"https:\\\/\\\/expressometro.mx\\\/\",\"logo\":{\"@type\":\"ImageObject\",\"inLanguage\":\"es\",\"@id\":\"https:\\\/\\\/expressometro.mx\\\/#\\\/schema\\\/logo\\\/image\\\/\",\"url\":\"https:\\\/\\\/expressometro.mx\\\/wp-content\\\/uploads\\\/2019\\\/07\\\/cropped-Logo-Expresso-Metropolitano-1-1.jpeg\",\"contentUrl\":\"https:\\\/\\\/expressometro.mx\\\/wp-content\\\/uploads\\\/2019\\\/07\\\/cropped-Logo-Expresso-Metropolitano-1-1.jpeg\",\"width\":290,\"height\":73,\"caption\":\"Expresso Metropolitano\"},\"image\":{\"@id\":\"https:\\\/\\\/expressometro.mx\\\/#\\\/schema\\\/logo\\\/image\\\/\"}},{\"@type\":\"Person\",\"@id\":\"https:\\\/\\\/expressometro.mx\\\/#\\\/schema\\\/person\\\/efa971b4a0664db8ed5c22b1b0dd2f5d\",\"name\":\"Expresso Metropolitano\",\"image\":{\"@type\":\"ImageObject\",\"inLanguage\":\"es\",\"@id\":\"https:\\\/\\\/secure.gravatar.com\\\/avatar\\\/a89f802b8de18c6952f223c88d3d106e9e3679839f4e25a02f4a6cc2ae6ba3b3?s=96&d=mm&r=g\",\"url\":\"https:\\\/\\\/secure.gravatar.com\\\/avatar\\\/a89f802b8de18c6952f223c88d3d106e9e3679839f4e25a02f4a6cc2ae6ba3b3?s=96&d=mm&r=g\",\"contentUrl\":\"https:\\\/\\\/secure.gravatar.com\\\/avatar\\\/a89f802b8de18c6952f223c88d3d106e9e3679839f4e25a02f4a6cc2ae6ba3b3?s=96&d=mm&r=g\",\"caption\":\"Expresso Metropolitano\"},\"url\":\"https:\\\/\\\/expressometro.mx\\\/index.php\\\/author\\\/diego\\\/\"}]}<\/script>\n<!-- \/ Yoast SEO plugin. -->","yoast_head_json":{"title":"Necesaria participaci\u00f3n de sociedad y gobierno en preservaci\u00f3n de agua - Expresso Metropolitano","robots":{"index":"index","follow":"follow","max-snippet":"max-snippet:-1","max-image-preview":"max-image-preview:large","max-video-preview":"max-video-preview:-1"},"canonical":"https:\/\/expressometro.mx\/index.php\/2019\/08\/26\/necesaria-participacion-de-sociedad-y-gobierno-en-preservacion-de-agua\/","og_locale":"es_MX","og_type":"article","og_title":"Necesaria participaci\u00f3n de sociedad y gobierno en preservaci\u00f3n de agua - Expresso Metropolitano","og_description":"Con el objetivo de consultar, concertar y tomar decisiones para instrumentar acuerdos consensuados entre autoridades y sociedad para la gesti\u00f3n del agua en cuenca y acu\u00edferos, se llev\u00f3 a cabo la novena sesi\u00f3n de la Comisi\u00f3n de Operaci\u00f3n y Vigilancia (COVI), del Concejo de Cuenca del Valle de M\u00e9xico (CCVM), en Cuautitl\u00e1n Izcalli. El presidente municipal de Cuautitl\u00e1n Izcalli, Ricardo N\u00fa\u00f1ez Ayala, en su calidad de vocal titular del uso p\u00fablico urbano, coment\u00f3 que: \u201cEn Cuautitl\u00e1n Izcalli estamos concentrados en hacer un desarrollo sostenible basado en la preservaci\u00f3n del agua,&hellip;","og_url":"https:\/\/expressometro.mx\/index.php\/2019\/08\/26\/necesaria-participacion-de-sociedad-y-gobierno-en-preservacion-de-agua\/","og_site_name":"Expresso Metropolitano","article_published_time":"2019-08-26T14:17:52+00:00","article_modified_time":"2019-09-25T15:38:12+00:00","og_image":[{"width":1024,"height":575,"url":"https:\/\/expressometro.mx\/wp-content\/uploads\/2019\/08\/B272_04-1024x575.jpg","type":"image\/jpeg"}],"author":"Expresso Metropolitano","twitter_misc":{"Escrito por":"Expresso Metropolitano","Tiempo de lectura":"3 minutos"},"schema":{"@context":"https:\/\/schema.org","@graph":[{"@type":"Article","@id":"https:\/\/expressometro.mx\/index.php\/2019\/08\/26\/necesaria-participacion-de-sociedad-y-gobierno-en-preservacion-de-agua\/#article","isPartOf":{"@id":"https:\/\/expressometro.mx\/index.php\/2019\/08\/26\/necesaria-participacion-de-sociedad-y-gobierno-en-preservacion-de-agua\/"},"author":{"name":"Expresso Metropolitano","@id":"https:\/\/expressometro.mx\/#\/schema\/person\/efa971b4a0664db8ed5c22b1b0dd2f5d"},"headline":"Necesaria participaci\u00f3n de sociedad y gobierno en preservaci\u00f3n de agua","datePublished":"2019-08-26T14:17:52+00:00","dateModified":"2019-09-25T15:38:12+00:00","mainEntityOfPage":{"@id":"https:\/\/expressometro.mx\/index.php\/2019\/08\/26\/necesaria-participacion-de-sociedad-y-gobierno-en-preservacion-de-agua\/"},"wordCount":606,"commentCount":0,"publisher":{"@id":"https:\/\/expressometro.mx\/#organization"},"articleSection":["Seguridad"],"inLanguage":"es","potentialAction":[{"@type":"CommentAction","name":"Comment","target":["https:\/\/expressometro.mx\/index.php\/2019\/08\/26\/necesaria-participacion-de-sociedad-y-gobierno-en-preservacion-de-agua\/#respond"]}]},{"@type":"WebPage","@id":"https:\/\/expressometro.mx\/index.php\/2019\/08\/26\/necesaria-participacion-de-sociedad-y-gobierno-en-preservacion-de-agua\/","url":"https:\/\/expressometro.mx\/index.php\/2019\/08\/26\/necesaria-participacion-de-sociedad-y-gobierno-en-preservacion-de-agua\/","name":"Necesaria participaci\u00f3n de sociedad y gobierno en preservaci\u00f3n de agua - Expresso Metropolitano","isPartOf":{"@id":"https:\/\/expressometro.mx\/#website"},"datePublished":"2019-08-26T14:17:52+00:00","dateModified":"2019-09-25T15:38:12+00:00","breadcrumb":{"@id":"https:\/\/expressometro.mx\/index.php\/2019\/08\/26\/necesaria-participacion-de-sociedad-y-gobierno-en-preservacion-de-agua\/#breadcrumb"},"inLanguage":"es","potentialAction":[{"@type":"ReadAction","target":["https:\/\/expressometro.mx\/index.php\/2019\/08\/26\/necesaria-participacion-de-sociedad-y-gobierno-en-preservacion-de-agua\/"]}]},{"@type":"BreadcrumbList","@id":"https:\/\/expressometro.mx\/index.php\/2019\/08\/26\/necesaria-participacion-de-sociedad-y-gobierno-en-preservacion-de-agua\/#breadcrumb","itemListElement":[{"@type":"ListItem","position":1,"name":"Inicio","item":"https:\/\/expressometro.mx\/"},{"@type":"ListItem","position":2,"name":"Necesaria participaci\u00f3n de sociedad y gobierno en preservaci\u00f3n de agua"}]},{"@type":"WebSite","@id":"https:\/\/expressometro.mx\/#website","url":"https:\/\/expressometro.mx\/","name":"Expresso Metropolitano","description":"Periodismo comprometido, informaci\u00f3n, investigaci\u00f3n y an\u00e1lisis","publisher":{"@id":"https:\/\/expressometro.mx\/#organization"},"potentialAction":[{"@type":"SearchAction","target":{"@type":"EntryPoint","urlTemplate":"https:\/\/expressometro.mx\/?s={search_term_string}"},"query-input":{"@type":"PropertyValueSpecification","valueRequired":true,"valueName":"search_term_string"}}],"inLanguage":"es"},{"@type":"Organization","@id":"https:\/\/expressometro.mx\/#organization","name":"Expresso Metropolitano","url":"https:\/\/expressometro.mx\/","logo":{"@type":"ImageObject","inLanguage":"es","@id":"https:\/\/expressometro.mx\/#\/schema\/logo\/image\/","url":"https:\/\/expressometro.mx\/wp-content\/uploads\/2019\/07\/cropped-Logo-Expresso-Metropolitano-1-1.jpeg","contentUrl":"https:\/\/expressometro.mx\/wp-content\/uploads\/2019\/07\/cropped-Logo-Expresso-Metropolitano-1-1.jpeg","width":290,"height":73,"caption":"Expresso Metropolitano"},"image":{"@id":"https:\/\/expressometro.mx\/#\/schema\/logo\/image\/"}},{"@type":"Person","@id":"https:\/\/expressometro.mx\/#\/schema\/person\/efa971b4a0664db8ed5c22b1b0dd2f5d","name":"Expresso Metropolitano","image":{"@type":"ImageObject","inLanguage":"es","@id":"https:\/\/secure.gravatar.com\/avatar\/a89f802b8de18c6952f223c88d3d106e9e3679839f4e25a02f4a6cc2ae6ba3b3?s=96&d=mm&r=g","url":"https:\/\/secure.gravatar.com\/avatar\/a89f802b8de18c6952f223c88d3d106e9e3679839f4e25a02f4a6cc2ae6ba3b3?s=96&d=mm&r=g","contentUrl":"https:\/\/secure.gravatar.com\/avatar\/a89f802b8de18c6952f223c88d3d106e9e3679839f4e25a02f4a6cc2ae6ba3b3?s=96&d=mm&r=g","caption":"Expresso Metropolitano"},"url":"https:\/\/expressometro.mx\/index.php\/author\/diego\/"}]}},"amp_enabled":true,"_links":{"self":[{"href":"https:\/\/expressometro.mx\/index.php\/wp-json\/wp\/v2\/posts\/257","targetHints":{"allow":["GET"]}}],"collection":[{"href":"https:\/\/expressometro.mx\/index.php\/wp-json\/wp\/v2\/posts"}],"about":[{"href":"https:\/\/expressometro.mx\/index.php\/wp-json\/wp\/v2\/types\/post"}],"author":[{"embeddable":true,"href":"https:\/\/expressometro.mx\/index.php\/wp-json\/wp\/v2\/users\/1"}],"replies":[{"embeddable":true,"href":"https:\/\/expressometro.mx\/index.php\/wp-json\/wp\/v2\/comments?post=257"}],"version-history":[{"count":1,"href":"https:\/\/expressometro.mx\/index.php\/wp-json\/wp\/v2\/posts\/257\/revisions"}],"predecessor-version":[{"id":259,"href":"https:\/\/expressometro.mx\/index.php\/wp-json\/wp\/v2\/posts\/257\/revisions\/259"}],"wp:attachment":[{"href":"https:\/\/expressometro.mx\/index.php\/wp-json\/wp\/v2\/media?parent=257"}],"wp:term":[{"taxonomy":"category","embeddable":true,"href":"https:\/\/expressometro.mx\/index.php\/wp-json\/wp\/v2\/categories?post=257"},{"taxonomy":"post_tag","embeddable":true,"href":"https:\/\/expressometro.mx\/index.php\/wp-json\/wp\/v2\/tags?post=257"}],"curies":[{"name":"wp","href":"https:\/\/api.w.org\/{rel}","templated":true}]}}