{"id":2567,"date":"2021-05-14T16:34:51","date_gmt":"2021-05-14T21:34:51","guid":{"rendered":"http:\/\/expressometro.mx\/?p=2567"},"modified":"2021-05-14T16:38:20","modified_gmt":"2021-05-14T21:38:20","slug":"el-marques-del-valle-electoral","status":"publish","type":"post","link":"https:\/\/expressometro.mx\/index.php\/2021\/05\/14\/el-marques-del-valle-electoral\/","title":{"rendered":"El Marqu\u00e9s del Valle Electoral"},"content":{"rendered":"\n<p>Escrito por Domingo Giordano V\u00e9lez<\/p>\n\n\n\n<p>Dicen que los sucesos se repiten a lo largo de la historia, y si no se repiten en su totalidad, s\u00ed se pueden encontrar algunas similitudes. Y ese bien pudiera aplicarse en el caso del Instituto Nacional Electoral (INE), debido a que la forma de conducci\u00f3n de ese organismo federal se parece mucho cuando Hern\u00e1n Cort\u00e9s se afanaba en ampliar su poder m\u00e1s all\u00e1 del Marquesado del Valle de Oaxaca.<\/p>\n\n\n\n<p>Bajo esta l\u00f3gica bien pudiera uno referirse al Marquesado del Valle Electoral, y que hoy est\u00e1 en manos del Marqu\u00e9s, Lorenzo C\u00f3rdoba, secundado por su fiel paje Murayama, que justifican actos extralegales con una narrativa \u201cdemocr\u00e1tica\u201d de los nuevos tiempos; su se\u00f1or\u00edo lo extiende mediante 32 Juntas de nobles que, a su vez, tienen a su mando otros 300 distritos, todo ello a nivel federal.<\/p>\n\n\n\n<p>Pero como no le ha bastado, tambi\u00e9n, mediante un recurso legaloide denominado de asunci\u00f3n y atracci\u00f3n, y as\u00ed como el conquistador extreme\u00f1o, C\u00f3rdova ha querido colonizar, casi en su totalidad, otros 32 organismos locales (Oples), con la argucia de \u201cestandarizar\u201d los procedimientos administrativos electorales.<\/p>\n\n\n\n<p>Esto viene a cuento porque ya con los procesos electorales que hoy est\u00e1n en curso, el dichoso Marqu\u00e9s, ha entrado en verdaderas disputas, todo para marcar su territorio, y tratar en los hechos de ampliar su reinado, porque se ha visto que quiere suplir a los poderes, ya que, al legislar con sus acuerdos aprobados, busca suplir las funciones del Poder Legislativo federal.<\/p>\n\n\n\n<p>Incluso, aun cuando sus funciones se circunscriben a la administraci\u00f3n, desarrollo y vigilancia de los procesos electorales a nivel federal, ha mostrado su \u201cplena autonom\u00eda\u201d al no hacer caso de las determinaciones que han emanado desde el Poder Judicial, mediante el Tribunal Electoral; y en un verdadero desaf\u00edo, tambi\u00e9n ha entrado en disputa por el espacio con el Poder Ejecutivo.<\/p>\n\n\n\n<p>Si bien es un organismo de Estado, mediante sus resoluciones parece uno de gobierno, y si no fuera as\u00ed, entonces sus determinaciones estar\u00edan fincadas en actos de congruencia legal, lo que no est\u00e1 ocurriendo.<\/p>\n\n\n\n<p>Si bien, baj\u00f3 de sus candidaturas a dos morenos, uno de Guerrero y otro de Michoac\u00e1n, por incurrir en faltas \u201cgrav\u00edsimas\u201d al no reportar gastos de precampa\u00f1a, en otro caso no lo hizo as\u00ed, aun cuando era la misma falta.<\/p>\n\n\n\n<p>En ese aspecto, se sobre limit\u00f3 y a dos les quit\u00f3 la candidatura; esto es un acto de incongruencia, porque el candidato est\u00e1 imposibilitado de realizar ese acto administrativo, ya que es al partido al que le corresponde efectuarlo, por lo que, hasta como dec\u00eda la recomendaci\u00f3n del TEPJF, habr\u00eda que valorar la falta, lo que al final no se realiz\u00f3, sancionando tanto al partido como al candidato.<\/p>\n\n\n\n<p>Y esa incongruencia la vemos en otra candidatura, porque c\u00f3mo est\u00e1 eso de que la morena de San Luis Potos\u00ed incurri\u00f3 en la misma falta y se le permiti\u00f3 que quedara registrada y realizara campa\u00f1a en las tierras tuneras buscando la gubernatura.<\/p>\n\n\n\n<p>Y para qu\u00e9 quiere tanto presupuesto, pues nada menos que para realizar gastos desmedidos, que son hist\u00f3ricos, ya que al contar con un amplio presupuesto se pueden dar el lujo de echar a perder, pues en esa l\u00f3gica es como se aprende, ya que no importa lo que se gaste, porque money, billullo, hay hasta para aventar para arriba, pero no para realizar una consulta.<br>Errores (el m\u00e1s reciente el de la selecci\u00f3n para determinar la Presidencia del IEEM), gasto de tiempo, recursos, y argumentos falaces para, primero aprobar la convocatoria, y despu\u00e9s el desarrollo del procedimiento, para concluir, entre l\u00edneas, que todas las prospectas eran medio malitas para el cargo.<\/p>\n\n\n\n<p>Pues desde el principio la convocatoria se emiti\u00f3 s\u00f3lo para mujeres, excluyendo a los hombres bajo el argumento falaz de mantener, se dijo, la equidad de g\u00e9nero, sin embargo, si las cuentas no fallan, en el \u00f3rgano electoral en este momento hay 5 mujeres y un var\u00f3n. O sea \u00bfqu\u00e9 se entiende, o c\u00f3mo entienden la equidad de g\u00e9nero? Porque cinco son mucho m\u00e1s que uno.<\/p>\n\n\n\n<p>Ah, pero con gran imaginaci\u00f3n, despu\u00e9s explicaron que era para mantener un principio que era el de la alternancia de g\u00e9nero, aunque ese mismo argumento no fue utilizado en otros organismos donde tambi\u00e9n modificaron la integraci\u00f3n y la renovaci\u00f3n fue hombre-hombre, mujer-mujer.<\/p>\n\n\n\n<p>En concreto, si se va por una nueva reforma electoral, se deber\u00e1 de contemplar hasta la parte psicol\u00f3gica de quien, en su momento, se integre para conducir este tipo de organismos, porque el poder transforma a la persona, y m\u00e1xime cuando se tienen ambiciones que rebasan aquellos actos que deben realizarse en el plano de la esfera p\u00fablica.<\/p>\n","protected":false},"excerpt":{"rendered":"<p>Si bien, baj\u00f3 de sus candidaturas a dos morenos, uno de Guerrero y otro de Michoac\u00e1n, por incurrir en faltas \u201cgrav\u00edsimas\u201d al no reportar gastos de precampa\u00f1a, en otro caso no lo hizo as\u00ed, aun cuando era la misma falta.<\/p>\n","protected":false},"author":1,"featured_media":2568,"comment_status":"open","ping_status":"open","sticky":false,"template":"","format":"standard","meta":{"footnotes":""},"categories":[212],"tags":[],"class_list":["post-2567","post","type-post","status-publish","format-standard","has-post-thumbnail","hentry","category-columna-opinion"],"yoast_head":"<!-- This site is optimized with the Yoast SEO plugin v27.5 - https:\/\/yoast.com\/product\/yoast-seo-wordpress\/ -->\n<title>El Marqu\u00e9s del Valle Electoral - Expresso Metropolitano<\/title>\n<meta name=\"robots\" content=\"index, follow, max-snippet:-1, max-image-preview:large, max-video-preview:-1\" \/>\n<link rel=\"canonical\" href=\"https:\/\/expressometro.mx\/index.php\/2021\/05\/14\/el-marques-del-valle-electoral\/\" \/>\n<meta property=\"og:locale\" content=\"es_MX\" \/>\n<meta property=\"og:type\" content=\"article\" \/>\n<meta property=\"og:title\" content=\"El Marqu\u00e9s del Valle Electoral - Expresso Metropolitano\" \/>\n<meta property=\"og:description\" content=\"Si bien, baj\u00f3 de sus candidaturas a dos morenos, uno de Guerrero y otro de Michoac\u00e1n, por incurrir en faltas \u201cgrav\u00edsimas\u201d al no reportar gastos de precampa\u00f1a, en otro caso no lo hizo as\u00ed, aun cuando era la misma falta.\" \/>\n<meta property=\"og:url\" content=\"https:\/\/expressometro.mx\/index.php\/2021\/05\/14\/el-marques-del-valle-electoral\/\" \/>\n<meta property=\"og:site_name\" content=\"Expresso Metropolitano\" \/>\n<meta property=\"article:published_time\" content=\"2021-05-14T21:34:51+00:00\" \/>\n<meta property=\"article:modified_time\" content=\"2021-05-14T21:38:20+00:00\" \/>\n<meta property=\"og:image\" content=\"https:\/\/expressometro.mx\/wp-content\/uploads\/2021\/05\/edificio_ine__el_7.jpg_759710130.jpg\" \/>\n\t<meta property=\"og:image:width\" content=\"1200\" \/>\n\t<meta property=\"og:image:height\" content=\"600\" \/>\n\t<meta property=\"og:image:type\" content=\"image\/jpeg\" \/>\n<meta name=\"author\" content=\"Expresso Metropolitano\" \/>\n<meta name=\"twitter:label1\" content=\"Escrito por\" \/>\n\t<meta name=\"twitter:data1\" content=\"Expresso Metropolitano\" \/>\n\t<meta name=\"twitter:label2\" content=\"Tiempo de lectura\" \/>\n\t<meta name=\"twitter:data2\" content=\"4 minutos\" \/>\n<script type=\"application\/ld+json\" class=\"yoast-schema-graph\">{\"@context\":\"https:\\\/\\\/schema.org\",\"@graph\":[{\"@type\":\"Article\",\"@id\":\"https:\\\/\\\/expressometro.mx\\\/index.php\\\/2021\\\/05\\\/14\\\/el-marques-del-valle-electoral\\\/#article\",\"isPartOf\":{\"@id\":\"https:\\\/\\\/expressometro.mx\\\/index.php\\\/2021\\\/05\\\/14\\\/el-marques-del-valle-electoral\\\/\"},\"author\":{\"name\":\"Expresso Metropolitano\",\"@id\":\"https:\\\/\\\/expressometro.mx\\\/#\\\/schema\\\/person\\\/efa971b4a0664db8ed5c22b1b0dd2f5d\"},\"headline\":\"El Marqu\u00e9s del Valle Electoral\",\"datePublished\":\"2021-05-14T21:34:51+00:00\",\"dateModified\":\"2021-05-14T21:38:20+00:00\",\"mainEntityOfPage\":{\"@id\":\"https:\\\/\\\/expressometro.mx\\\/index.php\\\/2021\\\/05\\\/14\\\/el-marques-del-valle-electoral\\\/\"},\"wordCount\":822,\"commentCount\":0,\"publisher\":{\"@id\":\"https:\\\/\\\/expressometro.mx\\\/#organization\"},\"image\":{\"@id\":\"https:\\\/\\\/expressometro.mx\\\/index.php\\\/2021\\\/05\\\/14\\\/el-marques-del-valle-electoral\\\/#primaryimage\"},\"thumbnailUrl\":\"https:\\\/\\\/expressometro.mx\\\/wp-content\\\/uploads\\\/2021\\\/05\\\/edificio_ine__el_7.jpg_759710130.jpg\",\"articleSection\":[\"Columna - Opini\u00f3n\"],\"inLanguage\":\"es\",\"potentialAction\":[{\"@type\":\"CommentAction\",\"name\":\"Comment\",\"target\":[\"https:\\\/\\\/expressometro.mx\\\/index.php\\\/2021\\\/05\\\/14\\\/el-marques-del-valle-electoral\\\/#respond\"]}]},{\"@type\":\"WebPage\",\"@id\":\"https:\\\/\\\/expressometro.mx\\\/index.php\\\/2021\\\/05\\\/14\\\/el-marques-del-valle-electoral\\\/\",\"url\":\"https:\\\/\\\/expressometro.mx\\\/index.php\\\/2021\\\/05\\\/14\\\/el-marques-del-valle-electoral\\\/\",\"name\":\"El Marqu\u00e9s del Valle Electoral - Expresso Metropolitano\",\"isPartOf\":{\"@id\":\"https:\\\/\\\/expressometro.mx\\\/#website\"},\"primaryImageOfPage\":{\"@id\":\"https:\\\/\\\/expressometro.mx\\\/index.php\\\/2021\\\/05\\\/14\\\/el-marques-del-valle-electoral\\\/#primaryimage\"},\"image\":{\"@id\":\"https:\\\/\\\/expressometro.mx\\\/index.php\\\/2021\\\/05\\\/14\\\/el-marques-del-valle-electoral\\\/#primaryimage\"},\"thumbnailUrl\":\"https:\\\/\\\/expressometro.mx\\\/wp-content\\\/uploads\\\/2021\\\/05\\\/edificio_ine__el_7.jpg_759710130.jpg\",\"datePublished\":\"2021-05-14T21:34:51+00:00\",\"dateModified\":\"2021-05-14T21:38:20+00:00\",\"breadcrumb\":{\"@id\":\"https:\\\/\\\/expressometro.mx\\\/index.php\\\/2021\\\/05\\\/14\\\/el-marques-del-valle-electoral\\\/#breadcrumb\"},\"inLanguage\":\"es\",\"potentialAction\":[{\"@type\":\"ReadAction\",\"target\":[\"https:\\\/\\\/expressometro.mx\\\/index.php\\\/2021\\\/05\\\/14\\\/el-marques-del-valle-electoral\\\/\"]}]},{\"@type\":\"ImageObject\",\"inLanguage\":\"es\",\"@id\":\"https:\\\/\\\/expressometro.mx\\\/index.php\\\/2021\\\/05\\\/14\\\/el-marques-del-valle-electoral\\\/#primaryimage\",\"url\":\"https:\\\/\\\/expressometro.mx\\\/wp-content\\\/uploads\\\/2021\\\/05\\\/edificio_ine__el_7.jpg_759710130.jpg\",\"contentUrl\":\"https:\\\/\\\/expressometro.mx\\\/wp-content\\\/uploads\\\/2021\\\/05\\\/edificio_ine__el_7.jpg_759710130.jpg\",\"width\":1200,\"height\":600},{\"@type\":\"BreadcrumbList\",\"@id\":\"https:\\\/\\\/expressometro.mx\\\/index.php\\\/2021\\\/05\\\/14\\\/el-marques-del-valle-electoral\\\/#breadcrumb\",\"itemListElement\":[{\"@type\":\"ListItem\",\"position\":1,\"name\":\"Inicio\",\"item\":\"https:\\\/\\\/expressometro.mx\\\/\"},{\"@type\":\"ListItem\",\"position\":2,\"name\":\"El Marqu\u00e9s del Valle Electoral\"}]},{\"@type\":\"WebSite\",\"@id\":\"https:\\\/\\\/expressometro.mx\\\/#website\",\"url\":\"https:\\\/\\\/expressometro.mx\\\/\",\"name\":\"Expresso Metropolitano\",\"description\":\"Periodismo comprometido, informaci\u00f3n, investigaci\u00f3n y an\u00e1lisis\",\"publisher\":{\"@id\":\"https:\\\/\\\/expressometro.mx\\\/#organization\"},\"potentialAction\":[{\"@type\":\"SearchAction\",\"target\":{\"@type\":\"EntryPoint\",\"urlTemplate\":\"https:\\\/\\\/expressometro.mx\\\/?s={search_term_string}\"},\"query-input\":{\"@type\":\"PropertyValueSpecification\",\"valueRequired\":true,\"valueName\":\"search_term_string\"}}],\"inLanguage\":\"es\"},{\"@type\":\"Organization\",\"@id\":\"https:\\\/\\\/expressometro.mx\\\/#organization\",\"name\":\"Expresso Metropolitano\",\"url\":\"https:\\\/\\\/expressometro.mx\\\/\",\"logo\":{\"@type\":\"ImageObject\",\"inLanguage\":\"es\",\"@id\":\"https:\\\/\\\/expressometro.mx\\\/#\\\/schema\\\/logo\\\/image\\\/\",\"url\":\"https:\\\/\\\/expressometro.mx\\\/wp-content\\\/uploads\\\/2019\\\/07\\\/cropped-Logo-Expresso-Metropolitano-1-1.jpeg\",\"contentUrl\":\"https:\\\/\\\/expressometro.mx\\\/wp-content\\\/uploads\\\/2019\\\/07\\\/cropped-Logo-Expresso-Metropolitano-1-1.jpeg\",\"width\":290,\"height\":73,\"caption\":\"Expresso Metropolitano\"},\"image\":{\"@id\":\"https:\\\/\\\/expressometro.mx\\\/#\\\/schema\\\/logo\\\/image\\\/\"}},{\"@type\":\"Person\",\"@id\":\"https:\\\/\\\/expressometro.mx\\\/#\\\/schema\\\/person\\\/efa971b4a0664db8ed5c22b1b0dd2f5d\",\"name\":\"Expresso Metropolitano\",\"image\":{\"@type\":\"ImageObject\",\"inLanguage\":\"es\",\"@id\":\"https:\\\/\\\/secure.gravatar.com\\\/avatar\\\/a89f802b8de18c6952f223c88d3d106e9e3679839f4e25a02f4a6cc2ae6ba3b3?s=96&d=mm&r=g\",\"url\":\"https:\\\/\\\/secure.gravatar.com\\\/avatar\\\/a89f802b8de18c6952f223c88d3d106e9e3679839f4e25a02f4a6cc2ae6ba3b3?s=96&d=mm&r=g\",\"contentUrl\":\"https:\\\/\\\/secure.gravatar.com\\\/avatar\\\/a89f802b8de18c6952f223c88d3d106e9e3679839f4e25a02f4a6cc2ae6ba3b3?s=96&d=mm&r=g\",\"caption\":\"Expresso Metropolitano\"},\"url\":\"https:\\\/\\\/expressometro.mx\\\/index.php\\\/author\\\/diego\\\/\"}]}<\/script>\n<!-- \/ Yoast SEO plugin. -->","yoast_head_json":{"title":"El Marqu\u00e9s del Valle Electoral - Expresso Metropolitano","robots":{"index":"index","follow":"follow","max-snippet":"max-snippet:-1","max-image-preview":"max-image-preview:large","max-video-preview":"max-video-preview:-1"},"canonical":"https:\/\/expressometro.mx\/index.php\/2021\/05\/14\/el-marques-del-valle-electoral\/","og_locale":"es_MX","og_type":"article","og_title":"El Marqu\u00e9s del Valle Electoral - Expresso Metropolitano","og_description":"Si bien, baj\u00f3 de sus candidaturas a dos morenos, uno de Guerrero y otro de Michoac\u00e1n, por incurrir en faltas \u201cgrav\u00edsimas\u201d al no reportar gastos de precampa\u00f1a, en otro caso no lo hizo as\u00ed, aun cuando era la misma falta.","og_url":"https:\/\/expressometro.mx\/index.php\/2021\/05\/14\/el-marques-del-valle-electoral\/","og_site_name":"Expresso Metropolitano","article_published_time":"2021-05-14T21:34:51+00:00","article_modified_time":"2021-05-14T21:38:20+00:00","og_image":[{"width":1200,"height":600,"url":"https:\/\/expressometro.mx\/wp-content\/uploads\/2021\/05\/edificio_ine__el_7.jpg_759710130.jpg","type":"image\/jpeg"}],"author":"Expresso Metropolitano","twitter_misc":{"Escrito por":"Expresso Metropolitano","Tiempo de lectura":"4 minutos"},"schema":{"@context":"https:\/\/schema.org","@graph":[{"@type":"Article","@id":"https:\/\/expressometro.mx\/index.php\/2021\/05\/14\/el-marques-del-valle-electoral\/#article","isPartOf":{"@id":"https:\/\/expressometro.mx\/index.php\/2021\/05\/14\/el-marques-del-valle-electoral\/"},"author":{"name":"Expresso Metropolitano","@id":"https:\/\/expressometro.mx\/#\/schema\/person\/efa971b4a0664db8ed5c22b1b0dd2f5d"},"headline":"El Marqu\u00e9s del Valle Electoral","datePublished":"2021-05-14T21:34:51+00:00","dateModified":"2021-05-14T21:38:20+00:00","mainEntityOfPage":{"@id":"https:\/\/expressometro.mx\/index.php\/2021\/05\/14\/el-marques-del-valle-electoral\/"},"wordCount":822,"commentCount":0,"publisher":{"@id":"https:\/\/expressometro.mx\/#organization"},"image":{"@id":"https:\/\/expressometro.mx\/index.php\/2021\/05\/14\/el-marques-del-valle-electoral\/#primaryimage"},"thumbnailUrl":"https:\/\/expressometro.mx\/wp-content\/uploads\/2021\/05\/edificio_ine__el_7.jpg_759710130.jpg","articleSection":["Columna - Opini\u00f3n"],"inLanguage":"es","potentialAction":[{"@type":"CommentAction","name":"Comment","target":["https:\/\/expressometro.mx\/index.php\/2021\/05\/14\/el-marques-del-valle-electoral\/#respond"]}]},{"@type":"WebPage","@id":"https:\/\/expressometro.mx\/index.php\/2021\/05\/14\/el-marques-del-valle-electoral\/","url":"https:\/\/expressometro.mx\/index.php\/2021\/05\/14\/el-marques-del-valle-electoral\/","name":"El Marqu\u00e9s del Valle Electoral - Expresso Metropolitano","isPartOf":{"@id":"https:\/\/expressometro.mx\/#website"},"primaryImageOfPage":{"@id":"https:\/\/expressometro.mx\/index.php\/2021\/05\/14\/el-marques-del-valle-electoral\/#primaryimage"},"image":{"@id":"https:\/\/expressometro.mx\/index.php\/2021\/05\/14\/el-marques-del-valle-electoral\/#primaryimage"},"thumbnailUrl":"https:\/\/expressometro.mx\/wp-content\/uploads\/2021\/05\/edificio_ine__el_7.jpg_759710130.jpg","datePublished":"2021-05-14T21:34:51+00:00","dateModified":"2021-05-14T21:38:20+00:00","breadcrumb":{"@id":"https:\/\/expressometro.mx\/index.php\/2021\/05\/14\/el-marques-del-valle-electoral\/#breadcrumb"},"inLanguage":"es","potentialAction":[{"@type":"ReadAction","target":["https:\/\/expressometro.mx\/index.php\/2021\/05\/14\/el-marques-del-valle-electoral\/"]}]},{"@type":"ImageObject","inLanguage":"es","@id":"https:\/\/expressometro.mx\/index.php\/2021\/05\/14\/el-marques-del-valle-electoral\/#primaryimage","url":"https:\/\/expressometro.mx\/wp-content\/uploads\/2021\/05\/edificio_ine__el_7.jpg_759710130.jpg","contentUrl":"https:\/\/expressometro.mx\/wp-content\/uploads\/2021\/05\/edificio_ine__el_7.jpg_759710130.jpg","width":1200,"height":600},{"@type":"BreadcrumbList","@id":"https:\/\/expressometro.mx\/index.php\/2021\/05\/14\/el-marques-del-valle-electoral\/#breadcrumb","itemListElement":[{"@type":"ListItem","position":1,"name":"Inicio","item":"https:\/\/expressometro.mx\/"},{"@type":"ListItem","position":2,"name":"El Marqu\u00e9s del Valle Electoral"}]},{"@type":"WebSite","@id":"https:\/\/expressometro.mx\/#website","url":"https:\/\/expressometro.mx\/","name":"Expresso Metropolitano","description":"Periodismo comprometido, informaci\u00f3n, investigaci\u00f3n y an\u00e1lisis","publisher":{"@id":"https:\/\/expressometro.mx\/#organization"},"potentialAction":[{"@type":"SearchAction","target":{"@type":"EntryPoint","urlTemplate":"https:\/\/expressometro.mx\/?s={search_term_string}"},"query-input":{"@type":"PropertyValueSpecification","valueRequired":true,"valueName":"search_term_string"}}],"inLanguage":"es"},{"@type":"Organization","@id":"https:\/\/expressometro.mx\/#organization","name":"Expresso Metropolitano","url":"https:\/\/expressometro.mx\/","logo":{"@type":"ImageObject","inLanguage":"es","@id":"https:\/\/expressometro.mx\/#\/schema\/logo\/image\/","url":"https:\/\/expressometro.mx\/wp-content\/uploads\/2019\/07\/cropped-Logo-Expresso-Metropolitano-1-1.jpeg","contentUrl":"https:\/\/expressometro.mx\/wp-content\/uploads\/2019\/07\/cropped-Logo-Expresso-Metropolitano-1-1.jpeg","width":290,"height":73,"caption":"Expresso Metropolitano"},"image":{"@id":"https:\/\/expressometro.mx\/#\/schema\/logo\/image\/"}},{"@type":"Person","@id":"https:\/\/expressometro.mx\/#\/schema\/person\/efa971b4a0664db8ed5c22b1b0dd2f5d","name":"Expresso Metropolitano","image":{"@type":"ImageObject","inLanguage":"es","@id":"https:\/\/secure.gravatar.com\/avatar\/a89f802b8de18c6952f223c88d3d106e9e3679839f4e25a02f4a6cc2ae6ba3b3?s=96&d=mm&r=g","url":"https:\/\/secure.gravatar.com\/avatar\/a89f802b8de18c6952f223c88d3d106e9e3679839f4e25a02f4a6cc2ae6ba3b3?s=96&d=mm&r=g","contentUrl":"https:\/\/secure.gravatar.com\/avatar\/a89f802b8de18c6952f223c88d3d106e9e3679839f4e25a02f4a6cc2ae6ba3b3?s=96&d=mm&r=g","caption":"Expresso Metropolitano"},"url":"https:\/\/expressometro.mx\/index.php\/author\/diego\/"}]}},"amp_enabled":true,"_links":{"self":[{"href":"https:\/\/expressometro.mx\/index.php\/wp-json\/wp\/v2\/posts\/2567","targetHints":{"allow":["GET"]}}],"collection":[{"href":"https:\/\/expressometro.mx\/index.php\/wp-json\/wp\/v2\/posts"}],"about":[{"href":"https:\/\/expressometro.mx\/index.php\/wp-json\/wp\/v2\/types\/post"}],"author":[{"embeddable":true,"href":"https:\/\/expressometro.mx\/index.php\/wp-json\/wp\/v2\/users\/1"}],"replies":[{"embeddable":true,"href":"https:\/\/expressometro.mx\/index.php\/wp-json\/wp\/v2\/comments?post=2567"}],"version-history":[{"count":1,"href":"https:\/\/expressometro.mx\/index.php\/wp-json\/wp\/v2\/posts\/2567\/revisions"}],"predecessor-version":[{"id":2569,"href":"https:\/\/expressometro.mx\/index.php\/wp-json\/wp\/v2\/posts\/2567\/revisions\/2569"}],"wp:featuredmedia":[{"embeddable":true,"href":"https:\/\/expressometro.mx\/index.php\/wp-json\/wp\/v2\/media\/2568"}],"wp:attachment":[{"href":"https:\/\/expressometro.mx\/index.php\/wp-json\/wp\/v2\/media?parent=2567"}],"wp:term":[{"taxonomy":"category","embeddable":true,"href":"https:\/\/expressometro.mx\/index.php\/wp-json\/wp\/v2\/categories?post=2567"},{"taxonomy":"post_tag","embeddable":true,"href":"https:\/\/expressometro.mx\/index.php\/wp-json\/wp\/v2\/tags?post=2567"}],"curies":[{"name":"wp","href":"https:\/\/api.w.org\/{rel}","templated":true}]}}