{"id":2555,"date":"2021-05-13T15:51:00","date_gmt":"2021-05-13T20:51:00","guid":{"rendered":"http:\/\/expressometro.mx\/?p=2555"},"modified":"2021-05-14T15:57:46","modified_gmt":"2021-05-14T20:57:46","slug":"propone-marisol-arias-atencion-permanente-de-programas-sociales","status":"publish","type":"post","link":"https:\/\/expressometro.mx\/index.php\/2021\/05\/13\/propone-marisol-arias-atencion-permanente-de-programas-sociales\/","title":{"rendered":"PROPONE MARISOL ARIAS ATENCI\u00d3N PERMANENTE DE PROGRAMAS SOCIALES"},"content":{"rendered":"\n<p>Creemos en el di\u00e1logo y el consenso como la \u00fanica forma de que todos avancemos, dijo Marisol Arias Flores al<br>continuar con su campa\u00f1a a la presidencia municipal de Atlacomulco<\/p>\n\n\n\n<p>Hoy estamos con el mejor proyecto y vamos con todo este 6 de Junio, dijo la candidata de la coalici\u00f3n Va por el Estado de M\u00e9xico (PAN PRI PRD).<\/p>\n\n\n\n<p>tuvo un encuentro con mujeres en la localidad de San Juan de los Jarros y dijo que no escatimar\u00e1 en sus esfuerzos por alcanzar mejores condiciones de vida para las mujeres que son el sustento de la familia.<\/p>\n\n\n\n<p>En el evento se dieron cita cerca de 100 mujeres con las que la candidata pudo platicar sobre sus propuestas, una de ellas la gesti\u00f3n permanente para impulsar programas sociales dirigidos a las jefas de familia.<\/p>\n\n\n\n<p>Asimismo, coment\u00f3 que de ser favorecida en las pr\u00f3ximas elecciones, su gobierno ser\u00e1 de puertas abiertas para tender a las necesidades de g\u00e9nero.<\/p>\n\n\n\n<p>Arias Flores quien es la \u00fanica mujer en la contienda, exhort\u00f3 a las asistentes a brindar su apoyo a los candidatos a diputados local y federal respectivamente.<\/p>\n\n\n\n<p>Por otra parte, en su oportunidad, las mujeres presentes reconocieron en la figura de Marisol Arias la manera de verse representadas en el actual proceso y manifestaron su intenci\u00f3n de apoyarla en un acto de convicci\u00f3n y solidaridad.<\/p>\n\n\n\n<figure class=\"wp-block-image size-large\"><img decoding=\"async\" width=\"641\" height=\"480\" src=\"http:\/\/expressometro.mx\/wp-content\/uploads\/2021\/05\/WhatsApp-Image-2021-05-13-at-14.52.21-1-641x480.jpeg\" alt=\"\" class=\"wp-image-2556\" srcset=\"https:\/\/expressometro.mx\/wp-content\/uploads\/2021\/05\/WhatsApp-Image-2021-05-13-at-14.52.21-1-641x480.jpeg 641w, https:\/\/expressometro.mx\/wp-content\/uploads\/2021\/05\/WhatsApp-Image-2021-05-13-at-14.52.21-1-488x365.jpeg 488w, https:\/\/expressometro.mx\/wp-content\/uploads\/2021\/05\/WhatsApp-Image-2021-05-13-at-14.52.21-1-768x575.jpeg 768w, https:\/\/expressometro.mx\/wp-content\/uploads\/2021\/05\/WhatsApp-Image-2021-05-13-at-14.52.21-1.jpeg 1280w\" sizes=\"(max-width: 641px) 100vw, 641px\" \/><\/figure>\n","protected":false},"excerpt":{"rendered":"<p>Hoy estamos con el mejor proyecto y vamos con todo este 6 de Junio, dijo la<br \/>\ncandidata de la coalici\u00f3n Va por el Estado de M\u00e9xico (PAN PRI PRD).<\/p>\n","protected":false},"author":2,"featured_media":2557,"comment_status":"open","ping_status":"open","sticky":false,"template":"","format":"standard","meta":{"footnotes":""},"categories":[231],"tags":[388,393],"class_list":["post-2555","post","type-post","status-publish","format-standard","has-post-thumbnail","hentry","category-politica","tag-marisol-arias","tag-va-por-el-estado-de-mexico"],"yoast_head":"<!-- This site is optimized with the Yoast SEO plugin v27.5 - https:\/\/yoast.com\/product\/yoast-seo-wordpress\/ -->\n<title>PROPONE MARISOL ARIAS ATENCI\u00d3N PERMANENTE DE PROGRAMAS SOCIALES - Expresso Metropolitano<\/title>\n<meta name=\"robots\" content=\"index, follow, max-snippet:-1, max-image-preview:large, max-video-preview:-1\" \/>\n<link rel=\"canonical\" href=\"https:\/\/expressometro.mx\/index.php\/2021\/05\/13\/propone-marisol-arias-atencion-permanente-de-programas-sociales\/\" \/>\n<meta property=\"og:locale\" content=\"es_MX\" \/>\n<meta property=\"og:type\" content=\"article\" \/>\n<meta property=\"og:title\" content=\"PROPONE MARISOL ARIAS ATENCI\u00d3N PERMANENTE DE PROGRAMAS SOCIALES - Expresso Metropolitano\" \/>\n<meta property=\"og:description\" content=\"Hoy estamos con el mejor proyecto y vamos con todo este 6 de Junio, dijo la candidata de la coalici\u00f3n Va por el Estado de M\u00e9xico (PAN PRI PRD).\" \/>\n<meta property=\"og:url\" content=\"https:\/\/expressometro.mx\/index.php\/2021\/05\/13\/propone-marisol-arias-atencion-permanente-de-programas-sociales\/\" \/>\n<meta property=\"og:site_name\" content=\"Expresso Metropolitano\" \/>\n<meta property=\"article:published_time\" content=\"2021-05-13T20:51:00+00:00\" \/>\n<meta property=\"article:modified_time\" content=\"2021-05-14T20:57:46+00:00\" \/>\n<meta property=\"og:image\" content=\"https:\/\/expressometro.mx\/wp-content\/uploads\/2021\/05\/WhatsApp-Image-2021-05-13-at-14.52.21.jpeg\" \/>\n\t<meta property=\"og:image:width\" content=\"1280\" \/>\n\t<meta property=\"og:image:height\" content=\"848\" \/>\n\t<meta property=\"og:image:type\" content=\"image\/jpeg\" \/>\n<meta name=\"author\" content=\"Cecilia Vega\" \/>\n<meta name=\"twitter:label1\" content=\"Escrito por\" \/>\n\t<meta name=\"twitter:data1\" content=\"Cecilia Vega\" \/>\n\t<meta name=\"twitter:label2\" content=\"Tiempo de lectura\" \/>\n\t<meta name=\"twitter:data2\" content=\"2 minutos\" \/>\n<script type=\"application\/ld+json\" class=\"yoast-schema-graph\">{\"@context\":\"https:\\\/\\\/schema.org\",\"@graph\":[{\"@type\":\"Article\",\"@id\":\"https:\\\/\\\/expressometro.mx\\\/index.php\\\/2021\\\/05\\\/13\\\/propone-marisol-arias-atencion-permanente-de-programas-sociales\\\/#article\",\"isPartOf\":{\"@id\":\"https:\\\/\\\/expressometro.mx\\\/index.php\\\/2021\\\/05\\\/13\\\/propone-marisol-arias-atencion-permanente-de-programas-sociales\\\/\"},\"author\":{\"name\":\"Cecilia Vega\",\"@id\":\"https:\\\/\\\/expressometro.mx\\\/#\\\/schema\\\/person\\\/67a95b8e3862085c7598f66237488f1f\"},\"headline\":\"PROPONE MARISOL ARIAS ATENCI\u00d3N PERMANENTE DE PROGRAMAS SOCIALES\",\"datePublished\":\"2021-05-13T20:51:00+00:00\",\"dateModified\":\"2021-05-14T20:57:46+00:00\",\"mainEntityOfPage\":{\"@id\":\"https:\\\/\\\/expressometro.mx\\\/index.php\\\/2021\\\/05\\\/13\\\/propone-marisol-arias-atencion-permanente-de-programas-sociales\\\/\"},\"wordCount\":236,\"commentCount\":0,\"publisher\":{\"@id\":\"https:\\\/\\\/expressometro.mx\\\/#organization\"},\"image\":{\"@id\":\"https:\\\/\\\/expressometro.mx\\\/index.php\\\/2021\\\/05\\\/13\\\/propone-marisol-arias-atencion-permanente-de-programas-sociales\\\/#primaryimage\"},\"thumbnailUrl\":\"https:\\\/\\\/expressometro.mx\\\/wp-content\\\/uploads\\\/2021\\\/05\\\/WhatsApp-Image-2021-05-13-at-14.52.21.jpeg\",\"keywords\":[\"Marisol Arias\",\"Va por el Estado de M\u00e9xico\"],\"articleSection\":[\"Pol\u00edtica\"],\"inLanguage\":\"es\",\"potentialAction\":[{\"@type\":\"CommentAction\",\"name\":\"Comment\",\"target\":[\"https:\\\/\\\/expressometro.mx\\\/index.php\\\/2021\\\/05\\\/13\\\/propone-marisol-arias-atencion-permanente-de-programas-sociales\\\/#respond\"]}]},{\"@type\":\"WebPage\",\"@id\":\"https:\\\/\\\/expressometro.mx\\\/index.php\\\/2021\\\/05\\\/13\\\/propone-marisol-arias-atencion-permanente-de-programas-sociales\\\/\",\"url\":\"https:\\\/\\\/expressometro.mx\\\/index.php\\\/2021\\\/05\\\/13\\\/propone-marisol-arias-atencion-permanente-de-programas-sociales\\\/\",\"name\":\"PROPONE MARISOL ARIAS ATENCI\u00d3N PERMANENTE DE PROGRAMAS SOCIALES - Expresso Metropolitano\",\"isPartOf\":{\"@id\":\"https:\\\/\\\/expressometro.mx\\\/#website\"},\"primaryImageOfPage\":{\"@id\":\"https:\\\/\\\/expressometro.mx\\\/index.php\\\/2021\\\/05\\\/13\\\/propone-marisol-arias-atencion-permanente-de-programas-sociales\\\/#primaryimage\"},\"image\":{\"@id\":\"https:\\\/\\\/expressometro.mx\\\/index.php\\\/2021\\\/05\\\/13\\\/propone-marisol-arias-atencion-permanente-de-programas-sociales\\\/#primaryimage\"},\"thumbnailUrl\":\"https:\\\/\\\/expressometro.mx\\\/wp-content\\\/uploads\\\/2021\\\/05\\\/WhatsApp-Image-2021-05-13-at-14.52.21.jpeg\",\"datePublished\":\"2021-05-13T20:51:00+00:00\",\"dateModified\":\"2021-05-14T20:57:46+00:00\",\"breadcrumb\":{\"@id\":\"https:\\\/\\\/expressometro.mx\\\/index.php\\\/2021\\\/05\\\/13\\\/propone-marisol-arias-atencion-permanente-de-programas-sociales\\\/#breadcrumb\"},\"inLanguage\":\"es\",\"potentialAction\":[{\"@type\":\"ReadAction\",\"target\":[\"https:\\\/\\\/expressometro.mx\\\/index.php\\\/2021\\\/05\\\/13\\\/propone-marisol-arias-atencion-permanente-de-programas-sociales\\\/\"]}]},{\"@type\":\"ImageObject\",\"inLanguage\":\"es\",\"@id\":\"https:\\\/\\\/expressometro.mx\\\/index.php\\\/2021\\\/05\\\/13\\\/propone-marisol-arias-atencion-permanente-de-programas-sociales\\\/#primaryimage\",\"url\":\"https:\\\/\\\/expressometro.mx\\\/wp-content\\\/uploads\\\/2021\\\/05\\\/WhatsApp-Image-2021-05-13-at-14.52.21.jpeg\",\"contentUrl\":\"https:\\\/\\\/expressometro.mx\\\/wp-content\\\/uploads\\\/2021\\\/05\\\/WhatsApp-Image-2021-05-13-at-14.52.21.jpeg\",\"width\":1280,\"height\":848},{\"@type\":\"BreadcrumbList\",\"@id\":\"https:\\\/\\\/expressometro.mx\\\/index.php\\\/2021\\\/05\\\/13\\\/propone-marisol-arias-atencion-permanente-de-programas-sociales\\\/#breadcrumb\",\"itemListElement\":[{\"@type\":\"ListItem\",\"position\":1,\"name\":\"Inicio\",\"item\":\"https:\\\/\\\/expressometro.mx\\\/\"},{\"@type\":\"ListItem\",\"position\":2,\"name\":\"PROPONE MARISOL ARIAS ATENCI\u00d3N PERMANENTE DE PROGRAMAS SOCIALES\"}]},{\"@type\":\"WebSite\",\"@id\":\"https:\\\/\\\/expressometro.mx\\\/#website\",\"url\":\"https:\\\/\\\/expressometro.mx\\\/\",\"name\":\"Expresso Metropolitano\",\"description\":\"Periodismo comprometido, informaci\u00f3n, investigaci\u00f3n y an\u00e1lisis\",\"publisher\":{\"@id\":\"https:\\\/\\\/expressometro.mx\\\/#organization\"},\"potentialAction\":[{\"@type\":\"SearchAction\",\"target\":{\"@type\":\"EntryPoint\",\"urlTemplate\":\"https:\\\/\\\/expressometro.mx\\\/?s={search_term_string}\"},\"query-input\":{\"@type\":\"PropertyValueSpecification\",\"valueRequired\":true,\"valueName\":\"search_term_string\"}}],\"inLanguage\":\"es\"},{\"@type\":\"Organization\",\"@id\":\"https:\\\/\\\/expressometro.mx\\\/#organization\",\"name\":\"Expresso Metropolitano\",\"url\":\"https:\\\/\\\/expressometro.mx\\\/\",\"logo\":{\"@type\":\"ImageObject\",\"inLanguage\":\"es\",\"@id\":\"https:\\\/\\\/expressometro.mx\\\/#\\\/schema\\\/logo\\\/image\\\/\",\"url\":\"https:\\\/\\\/expressometro.mx\\\/wp-content\\\/uploads\\\/2019\\\/07\\\/cropped-Logo-Expresso-Metropolitano-1-1.jpeg\",\"contentUrl\":\"https:\\\/\\\/expressometro.mx\\\/wp-content\\\/uploads\\\/2019\\\/07\\\/cropped-Logo-Expresso-Metropolitano-1-1.jpeg\",\"width\":290,\"height\":73,\"caption\":\"Expresso Metropolitano\"},\"image\":{\"@id\":\"https:\\\/\\\/expressometro.mx\\\/#\\\/schema\\\/logo\\\/image\\\/\"}},{\"@type\":\"Person\",\"@id\":\"https:\\\/\\\/expressometro.mx\\\/#\\\/schema\\\/person\\\/67a95b8e3862085c7598f66237488f1f\",\"name\":\"Cecilia Vega\",\"image\":{\"@type\":\"ImageObject\",\"inLanguage\":\"es\",\"@id\":\"https:\\\/\\\/secure.gravatar.com\\\/avatar\\\/13aae9944ab2ee472a9e407c9487fdbd03b049abaa559af32fe5dbcf615c981b?s=96&d=mm&r=g\",\"url\":\"https:\\\/\\\/secure.gravatar.com\\\/avatar\\\/13aae9944ab2ee472a9e407c9487fdbd03b049abaa559af32fe5dbcf615c981b?s=96&d=mm&r=g\",\"contentUrl\":\"https:\\\/\\\/secure.gravatar.com\\\/avatar\\\/13aae9944ab2ee472a9e407c9487fdbd03b049abaa559af32fe5dbcf615c981b?s=96&d=mm&r=g\",\"caption\":\"Cecilia Vega\"},\"url\":\"https:\\\/\\\/expressometro.mx\\\/index.php\\\/author\\\/cecilia-vega\\\/\"}]}<\/script>\n<!-- \/ Yoast SEO plugin. -->","yoast_head_json":{"title":"PROPONE MARISOL ARIAS ATENCI\u00d3N PERMANENTE DE PROGRAMAS SOCIALES - Expresso Metropolitano","robots":{"index":"index","follow":"follow","max-snippet":"max-snippet:-1","max-image-preview":"max-image-preview:large","max-video-preview":"max-video-preview:-1"},"canonical":"https:\/\/expressometro.mx\/index.php\/2021\/05\/13\/propone-marisol-arias-atencion-permanente-de-programas-sociales\/","og_locale":"es_MX","og_type":"article","og_title":"PROPONE MARISOL ARIAS ATENCI\u00d3N PERMANENTE DE PROGRAMAS SOCIALES - Expresso Metropolitano","og_description":"Hoy estamos con el mejor proyecto y vamos con todo este 6 de Junio, dijo la candidata de la coalici\u00f3n Va por el Estado de M\u00e9xico (PAN PRI PRD).","og_url":"https:\/\/expressometro.mx\/index.php\/2021\/05\/13\/propone-marisol-arias-atencion-permanente-de-programas-sociales\/","og_site_name":"Expresso Metropolitano","article_published_time":"2021-05-13T20:51:00+00:00","article_modified_time":"2021-05-14T20:57:46+00:00","og_image":[{"width":1280,"height":848,"url":"https:\/\/expressometro.mx\/wp-content\/uploads\/2021\/05\/WhatsApp-Image-2021-05-13-at-14.52.21.jpeg","type":"image\/jpeg"}],"author":"Cecilia Vega","twitter_misc":{"Escrito por":"Cecilia Vega","Tiempo de lectura":"2 minutos"},"schema":{"@context":"https:\/\/schema.org","@graph":[{"@type":"Article","@id":"https:\/\/expressometro.mx\/index.php\/2021\/05\/13\/propone-marisol-arias-atencion-permanente-de-programas-sociales\/#article","isPartOf":{"@id":"https:\/\/expressometro.mx\/index.php\/2021\/05\/13\/propone-marisol-arias-atencion-permanente-de-programas-sociales\/"},"author":{"name":"Cecilia Vega","@id":"https:\/\/expressometro.mx\/#\/schema\/person\/67a95b8e3862085c7598f66237488f1f"},"headline":"PROPONE MARISOL ARIAS ATENCI\u00d3N PERMANENTE DE PROGRAMAS SOCIALES","datePublished":"2021-05-13T20:51:00+00:00","dateModified":"2021-05-14T20:57:46+00:00","mainEntityOfPage":{"@id":"https:\/\/expressometro.mx\/index.php\/2021\/05\/13\/propone-marisol-arias-atencion-permanente-de-programas-sociales\/"},"wordCount":236,"commentCount":0,"publisher":{"@id":"https:\/\/expressometro.mx\/#organization"},"image":{"@id":"https:\/\/expressometro.mx\/index.php\/2021\/05\/13\/propone-marisol-arias-atencion-permanente-de-programas-sociales\/#primaryimage"},"thumbnailUrl":"https:\/\/expressometro.mx\/wp-content\/uploads\/2021\/05\/WhatsApp-Image-2021-05-13-at-14.52.21.jpeg","keywords":["Marisol Arias","Va por el Estado de M\u00e9xico"],"articleSection":["Pol\u00edtica"],"inLanguage":"es","potentialAction":[{"@type":"CommentAction","name":"Comment","target":["https:\/\/expressometro.mx\/index.php\/2021\/05\/13\/propone-marisol-arias-atencion-permanente-de-programas-sociales\/#respond"]}]},{"@type":"WebPage","@id":"https:\/\/expressometro.mx\/index.php\/2021\/05\/13\/propone-marisol-arias-atencion-permanente-de-programas-sociales\/","url":"https:\/\/expressometro.mx\/index.php\/2021\/05\/13\/propone-marisol-arias-atencion-permanente-de-programas-sociales\/","name":"PROPONE MARISOL ARIAS ATENCI\u00d3N PERMANENTE DE PROGRAMAS SOCIALES - Expresso Metropolitano","isPartOf":{"@id":"https:\/\/expressometro.mx\/#website"},"primaryImageOfPage":{"@id":"https:\/\/expressometro.mx\/index.php\/2021\/05\/13\/propone-marisol-arias-atencion-permanente-de-programas-sociales\/#primaryimage"},"image":{"@id":"https:\/\/expressometro.mx\/index.php\/2021\/05\/13\/propone-marisol-arias-atencion-permanente-de-programas-sociales\/#primaryimage"},"thumbnailUrl":"https:\/\/expressometro.mx\/wp-content\/uploads\/2021\/05\/WhatsApp-Image-2021-05-13-at-14.52.21.jpeg","datePublished":"2021-05-13T20:51:00+00:00","dateModified":"2021-05-14T20:57:46+00:00","breadcrumb":{"@id":"https:\/\/expressometro.mx\/index.php\/2021\/05\/13\/propone-marisol-arias-atencion-permanente-de-programas-sociales\/#breadcrumb"},"inLanguage":"es","potentialAction":[{"@type":"ReadAction","target":["https:\/\/expressometro.mx\/index.php\/2021\/05\/13\/propone-marisol-arias-atencion-permanente-de-programas-sociales\/"]}]},{"@type":"ImageObject","inLanguage":"es","@id":"https:\/\/expressometro.mx\/index.php\/2021\/05\/13\/propone-marisol-arias-atencion-permanente-de-programas-sociales\/#primaryimage","url":"https:\/\/expressometro.mx\/wp-content\/uploads\/2021\/05\/WhatsApp-Image-2021-05-13-at-14.52.21.jpeg","contentUrl":"https:\/\/expressometro.mx\/wp-content\/uploads\/2021\/05\/WhatsApp-Image-2021-05-13-at-14.52.21.jpeg","width":1280,"height":848},{"@type":"BreadcrumbList","@id":"https:\/\/expressometro.mx\/index.php\/2021\/05\/13\/propone-marisol-arias-atencion-permanente-de-programas-sociales\/#breadcrumb","itemListElement":[{"@type":"ListItem","position":1,"name":"Inicio","item":"https:\/\/expressometro.mx\/"},{"@type":"ListItem","position":2,"name":"PROPONE MARISOL ARIAS ATENCI\u00d3N PERMANENTE DE PROGRAMAS SOCIALES"}]},{"@type":"WebSite","@id":"https:\/\/expressometro.mx\/#website","url":"https:\/\/expressometro.mx\/","name":"Expresso Metropolitano","description":"Periodismo comprometido, informaci\u00f3n, investigaci\u00f3n y an\u00e1lisis","publisher":{"@id":"https:\/\/expressometro.mx\/#organization"},"potentialAction":[{"@type":"SearchAction","target":{"@type":"EntryPoint","urlTemplate":"https:\/\/expressometro.mx\/?s={search_term_string}"},"query-input":{"@type":"PropertyValueSpecification","valueRequired":true,"valueName":"search_term_string"}}],"inLanguage":"es"},{"@type":"Organization","@id":"https:\/\/expressometro.mx\/#organization","name":"Expresso Metropolitano","url":"https:\/\/expressometro.mx\/","logo":{"@type":"ImageObject","inLanguage":"es","@id":"https:\/\/expressometro.mx\/#\/schema\/logo\/image\/","url":"https:\/\/expressometro.mx\/wp-content\/uploads\/2019\/07\/cropped-Logo-Expresso-Metropolitano-1-1.jpeg","contentUrl":"https:\/\/expressometro.mx\/wp-content\/uploads\/2019\/07\/cropped-Logo-Expresso-Metropolitano-1-1.jpeg","width":290,"height":73,"caption":"Expresso Metropolitano"},"image":{"@id":"https:\/\/expressometro.mx\/#\/schema\/logo\/image\/"}},{"@type":"Person","@id":"https:\/\/expressometro.mx\/#\/schema\/person\/67a95b8e3862085c7598f66237488f1f","name":"Cecilia Vega","image":{"@type":"ImageObject","inLanguage":"es","@id":"https:\/\/secure.gravatar.com\/avatar\/13aae9944ab2ee472a9e407c9487fdbd03b049abaa559af32fe5dbcf615c981b?s=96&d=mm&r=g","url":"https:\/\/secure.gravatar.com\/avatar\/13aae9944ab2ee472a9e407c9487fdbd03b049abaa559af32fe5dbcf615c981b?s=96&d=mm&r=g","contentUrl":"https:\/\/secure.gravatar.com\/avatar\/13aae9944ab2ee472a9e407c9487fdbd03b049abaa559af32fe5dbcf615c981b?s=96&d=mm&r=g","caption":"Cecilia Vega"},"url":"https:\/\/expressometro.mx\/index.php\/author\/cecilia-vega\/"}]}},"amp_enabled":true,"_links":{"self":[{"href":"https:\/\/expressometro.mx\/index.php\/wp-json\/wp\/v2\/posts\/2555","targetHints":{"allow":["GET"]}}],"collection":[{"href":"https:\/\/expressometro.mx\/index.php\/wp-json\/wp\/v2\/posts"}],"about":[{"href":"https:\/\/expressometro.mx\/index.php\/wp-json\/wp\/v2\/types\/post"}],"author":[{"embeddable":true,"href":"https:\/\/expressometro.mx\/index.php\/wp-json\/wp\/v2\/users\/2"}],"replies":[{"embeddable":true,"href":"https:\/\/expressometro.mx\/index.php\/wp-json\/wp\/v2\/comments?post=2555"}],"version-history":[{"count":1,"href":"https:\/\/expressometro.mx\/index.php\/wp-json\/wp\/v2\/posts\/2555\/revisions"}],"predecessor-version":[{"id":2558,"href":"https:\/\/expressometro.mx\/index.php\/wp-json\/wp\/v2\/posts\/2555\/revisions\/2558"}],"wp:featuredmedia":[{"embeddable":true,"href":"https:\/\/expressometro.mx\/index.php\/wp-json\/wp\/v2\/media\/2557"}],"wp:attachment":[{"href":"https:\/\/expressometro.mx\/index.php\/wp-json\/wp\/v2\/media?parent=2555"}],"wp:term":[{"taxonomy":"category","embeddable":true,"href":"https:\/\/expressometro.mx\/index.php\/wp-json\/wp\/v2\/categories?post=2555"},{"taxonomy":"post_tag","embeddable":true,"href":"https:\/\/expressometro.mx\/index.php\/wp-json\/wp\/v2\/tags?post=2555"}],"curies":[{"name":"wp","href":"https:\/\/api.w.org\/{rel}","templated":true}]}}