{"id":2541,"date":"2021-05-10T20:48:44","date_gmt":"2021-05-11T01:48:44","guid":{"rendered":"http:\/\/expressometro.mx\/?p=2541"},"modified":"2021-05-10T20:48:45","modified_gmt":"2021-05-11T01:48:45","slug":"se-crearan-politicas-publicas-de-atencion-a-mujeres-en-texcoco","status":"publish","type":"post","link":"https:\/\/expressometro.mx\/index.php\/2021\/05\/10\/se-crearan-politicas-publicas-de-atencion-a-mujeres-en-texcoco\/","title":{"rendered":"SE CREAR\u00c1N POL\u00cdTICAS P\u00daBLICAS DE ATENCI\u00d3N A MUJERES EN TEXCOCO"},"content":{"rendered":"\n<p>Protecci\u00f3n y apoyo contra la violencia de g\u00e9nero, ofreci\u00f3 la candidata del Movimiento de regeneraci\u00f3n Nacional (MORENA) a la presidencia municipal de Texcoco, Sandra Luz Falc\u00f3n Venegas.<\/p>\n\n\n\n<p>En su evento, envi\u00f3 una felicitaci\u00f3n a las madres en su d\u00eda, e hizo el anuncio del compromiso de trabajar por crear pol\u00edticas p\u00fablicas que nos brinden seguridad a todas las mujeres texcocanas, con la creaci\u00f3n de una unidad de atenci\u00f3n contra la violencia de las mujeres.<\/p>\n\n\n\n<p>La candidata morenista afirm\u00f3 que las mujeres debemos sentirnos seguras cuando caminamos y sentirnos protegidas, por ello contar\u00e1n con la protecci\u00f3n y vigilancia de los cuerpos de seguridad municipales, quienes se capacitar\u00e1n para brindarles atenci\u00f3n de calidad y calidez que les permita sentirse seguras y salvo al estar con nuestros elementos policiacos y de Protecci\u00f3n Civil.<\/p>\n\n\n\n<p>\u201cHay que trabajar en el tema de g\u00e9nero, muy importante, y vamos a crear una unidad especializada desde Seguridad P\u00fablica Municipal, para mujeres sobrevivientes de la violencia\u201d, se\u00f1al\u00f3 Sandra Luz Falc\u00f3n.<\/p>\n\n\n\n<p>Agreg\u00f3 que, en una segunda etapa, se crear\u00e1 una unidad para el acompa\u00f1amiento jur\u00eddico y psicol\u00f3gico para aquellas mujeres que han sufrido la violencia de g\u00e9nero.<\/p>\n\n\n\n<p>\u201cAunque no tenemos un \u00edndice alto en violencia de g\u00e9nero, si la hay casos, y hay que atenderlos, porque hay mujeres que necesitan de nuestra ayuda y nuestro apoyo\u201d, afirm\u00f3 la candidata de MORENA.<\/p>\n\n\n\n<p>Esta ma\u00f1ana Sandra Luz Falc\u00f3n, inici\u00f3 sus recorridos casa por casa por la cabecera municipal, para felicitar e invitar a las madres, a las mujeres y a toda su familia a votar este 6 de junio por MORENA y sus candidatos.<\/p>\n\n\n\n<p>Record\u00f3 que el apoyo a las mujeres se debe trabajar en el \u00e1mbito municipal, pero tambi\u00e9n desde el congreso federal y estatal, por ellos nuestros candidatos deben de trabajar en este tipo de iniciativas.<\/p>\n\n\n\n<p>Sandra Luz Falc\u00f3n Venegas, se\u00f1al\u00f3 que con la candidata de MORENA a la Diputaci\u00f3n Federal por el Distrito 38, Karla Almaz\u00e1n Burgos, se trabajar\u00e1 para que lleve esta iniciativa al congreso, a favor de la seguridad de las mujeres Texcocanas de Texcoco y toda la regi\u00f3n.<\/p>\n\n\n\n<p>A su vez con el candidato de MORENA a Diputado Local por el Distrito 23, Nazario Guti\u00e9rrez Mart\u00ednez, se solicitar\u00e1 que esta iniciativa se seguridad para las mujeres se haga extensiva en todo el Estado de M\u00e9xico, \u201cporque las mujeres debemos caminar con confianza y seguridad donde quiera que andemos, con al frente el alto y la confianza de que no vamos a ser v\u00edctimas de la violencia porque hay cuerpos de seguridad que nos cuida, porque hay leyes que nos protegen y castigan a los agresores, porque nadie debe violentar nuestros derechos\u201d, enfatiz\u00f3.<\/p>\n\n\n\n<p>Ante estas propuestas a favor de las mujeres, Sandra Luz Falc\u00f3n Venegas, reiter\u00f3 el llamado a los habitantes de Texcoco para que en las pr\u00f3ximas elecciones votemos a favor de los candidatos de MORENA.<\/p>\n\n\n\n<figure class=\"wp-block-image size-large\"><img decoding=\"async\" width=\"720\" height=\"480\" src=\"http:\/\/expressometro.mx\/wp-content\/uploads\/2021\/05\/WhatsApp-Image-2021-05-10-at-18.19.28-1-720x480.jpeg\" alt=\"\" class=\"wp-image-2543\" srcset=\"https:\/\/expressometro.mx\/wp-content\/uploads\/2021\/05\/WhatsApp-Image-2021-05-10-at-18.19.28-1-720x480.jpeg 720w, https:\/\/expressometro.mx\/wp-content\/uploads\/2021\/05\/WhatsApp-Image-2021-05-10-at-18.19.28-1-548x365.jpeg 548w, https:\/\/expressometro.mx\/wp-content\/uploads\/2021\/05\/WhatsApp-Image-2021-05-10-at-18.19.28-1-768x512.jpeg 768w, https:\/\/expressometro.mx\/wp-content\/uploads\/2021\/05\/WhatsApp-Image-2021-05-10-at-18.19.28-1.jpeg 1280w\" sizes=\"(max-width: 720px) 100vw, 720px\" \/><\/figure>\n","protected":false},"excerpt":{"rendered":"<p>Record\u00f3 que el apoyo a las mujeres se debe trabajar en el \u00e1mbito municipal, pero tambi\u00e9n desde el congreso federal y estatal, por ellos nuestros candidatos deben de trabajar en este tipo de iniciativas.<\/p>\n","protected":false},"author":2,"featured_media":2542,"comment_status":"open","ping_status":"open","sticky":false,"template":"","format":"standard","meta":{"footnotes":""},"categories":[3,231],"tags":[84,392,391],"class_list":["post-2541","post","type-post","status-publish","format-standard","has-post-thumbnail","hentry","category-gobierno","category-politica","tag-morena","tag-sandra-luz-falcon","tag-texcoco"],"yoast_head":"<!-- This site is optimized with the Yoast SEO plugin v27.5 - https:\/\/yoast.com\/product\/yoast-seo-wordpress\/ -->\n<title>SE CREAR\u00c1N POL\u00cdTICAS P\u00daBLICAS DE ATENCI\u00d3N A MUJERES EN TEXCOCO - Expresso Metropolitano<\/title>\n<meta name=\"robots\" content=\"index, follow, max-snippet:-1, max-image-preview:large, max-video-preview:-1\" \/>\n<link rel=\"canonical\" href=\"https:\/\/expressometro.mx\/index.php\/2021\/05\/10\/se-crearan-politicas-publicas-de-atencion-a-mujeres-en-texcoco\/\" \/>\n<meta property=\"og:locale\" content=\"es_MX\" \/>\n<meta property=\"og:type\" content=\"article\" \/>\n<meta property=\"og:title\" content=\"SE CREAR\u00c1N POL\u00cdTICAS P\u00daBLICAS DE ATENCI\u00d3N A MUJERES EN TEXCOCO - Expresso Metropolitano\" \/>\n<meta property=\"og:description\" content=\"Record\u00f3 que el apoyo a las mujeres se debe trabajar en el \u00e1mbito municipal, pero tambi\u00e9n desde el congreso federal y estatal, por ellos nuestros candidatos deben de trabajar en este tipo de iniciativas.\" \/>\n<meta property=\"og:url\" content=\"https:\/\/expressometro.mx\/index.php\/2021\/05\/10\/se-crearan-politicas-publicas-de-atencion-a-mujeres-en-texcoco\/\" \/>\n<meta property=\"og:site_name\" content=\"Expresso Metropolitano\" \/>\n<meta property=\"article:published_time\" content=\"2021-05-11T01:48:44+00:00\" \/>\n<meta property=\"article:modified_time\" content=\"2021-05-11T01:48:45+00:00\" \/>\n<meta property=\"og:image\" content=\"https:\/\/expressometro.mx\/wp-content\/uploads\/2021\/05\/WhatsApp-Image-2021-05-10-at-18.19.28.jpeg\" \/>\n\t<meta property=\"og:image:width\" content=\"1280\" \/>\n\t<meta property=\"og:image:height\" content=\"853\" \/>\n\t<meta property=\"og:image:type\" content=\"image\/jpeg\" \/>\n<meta name=\"author\" content=\"Cecilia Vega\" \/>\n<meta name=\"twitter:label1\" content=\"Escrito por\" \/>\n\t<meta name=\"twitter:data1\" content=\"Cecilia Vega\" \/>\n\t<meta name=\"twitter:label2\" content=\"Tiempo de lectura\" \/>\n\t<meta name=\"twitter:data2\" content=\"3 minutos\" \/>\n<script type=\"application\/ld+json\" class=\"yoast-schema-graph\">{\"@context\":\"https:\\\/\\\/schema.org\",\"@graph\":[{\"@type\":\"Article\",\"@id\":\"https:\\\/\\\/expressometro.mx\\\/index.php\\\/2021\\\/05\\\/10\\\/se-crearan-politicas-publicas-de-atencion-a-mujeres-en-texcoco\\\/#article\",\"isPartOf\":{\"@id\":\"https:\\\/\\\/expressometro.mx\\\/index.php\\\/2021\\\/05\\\/10\\\/se-crearan-politicas-publicas-de-atencion-a-mujeres-en-texcoco\\\/\"},\"author\":{\"name\":\"Cecilia Vega\",\"@id\":\"https:\\\/\\\/expressometro.mx\\\/#\\\/schema\\\/person\\\/67a95b8e3862085c7598f66237488f1f\"},\"headline\":\"SE CREAR\u00c1N POL\u00cdTICAS P\u00daBLICAS DE ATENCI\u00d3N A MUJERES EN TEXCOCO\",\"datePublished\":\"2021-05-11T01:48:44+00:00\",\"dateModified\":\"2021-05-11T01:48:45+00:00\",\"mainEntityOfPage\":{\"@id\":\"https:\\\/\\\/expressometro.mx\\\/index.php\\\/2021\\\/05\\\/10\\\/se-crearan-politicas-publicas-de-atencion-a-mujeres-en-texcoco\\\/\"},\"wordCount\":519,\"commentCount\":0,\"publisher\":{\"@id\":\"https:\\\/\\\/expressometro.mx\\\/#organization\"},\"image\":{\"@id\":\"https:\\\/\\\/expressometro.mx\\\/index.php\\\/2021\\\/05\\\/10\\\/se-crearan-politicas-publicas-de-atencion-a-mujeres-en-texcoco\\\/#primaryimage\"},\"thumbnailUrl\":\"https:\\\/\\\/expressometro.mx\\\/wp-content\\\/uploads\\\/2021\\\/05\\\/WhatsApp-Image-2021-05-10-at-18.19.28.jpeg\",\"keywords\":[\"Morena\",\"Sandra Luz Falc\u00f3n\",\"Texcoco\"],\"articleSection\":[\"Gobierno\",\"Pol\u00edtica\"],\"inLanguage\":\"es\",\"potentialAction\":[{\"@type\":\"CommentAction\",\"name\":\"Comment\",\"target\":[\"https:\\\/\\\/expressometro.mx\\\/index.php\\\/2021\\\/05\\\/10\\\/se-crearan-politicas-publicas-de-atencion-a-mujeres-en-texcoco\\\/#respond\"]}]},{\"@type\":\"WebPage\",\"@id\":\"https:\\\/\\\/expressometro.mx\\\/index.php\\\/2021\\\/05\\\/10\\\/se-crearan-politicas-publicas-de-atencion-a-mujeres-en-texcoco\\\/\",\"url\":\"https:\\\/\\\/expressometro.mx\\\/index.php\\\/2021\\\/05\\\/10\\\/se-crearan-politicas-publicas-de-atencion-a-mujeres-en-texcoco\\\/\",\"name\":\"SE CREAR\u00c1N POL\u00cdTICAS P\u00daBLICAS DE ATENCI\u00d3N A MUJERES EN TEXCOCO - Expresso Metropolitano\",\"isPartOf\":{\"@id\":\"https:\\\/\\\/expressometro.mx\\\/#website\"},\"primaryImageOfPage\":{\"@id\":\"https:\\\/\\\/expressometro.mx\\\/index.php\\\/2021\\\/05\\\/10\\\/se-crearan-politicas-publicas-de-atencion-a-mujeres-en-texcoco\\\/#primaryimage\"},\"image\":{\"@id\":\"https:\\\/\\\/expressometro.mx\\\/index.php\\\/2021\\\/05\\\/10\\\/se-crearan-politicas-publicas-de-atencion-a-mujeres-en-texcoco\\\/#primaryimage\"},\"thumbnailUrl\":\"https:\\\/\\\/expressometro.mx\\\/wp-content\\\/uploads\\\/2021\\\/05\\\/WhatsApp-Image-2021-05-10-at-18.19.28.jpeg\",\"datePublished\":\"2021-05-11T01:48:44+00:00\",\"dateModified\":\"2021-05-11T01:48:45+00:00\",\"breadcrumb\":{\"@id\":\"https:\\\/\\\/expressometro.mx\\\/index.php\\\/2021\\\/05\\\/10\\\/se-crearan-politicas-publicas-de-atencion-a-mujeres-en-texcoco\\\/#breadcrumb\"},\"inLanguage\":\"es\",\"potentialAction\":[{\"@type\":\"ReadAction\",\"target\":[\"https:\\\/\\\/expressometro.mx\\\/index.php\\\/2021\\\/05\\\/10\\\/se-crearan-politicas-publicas-de-atencion-a-mujeres-en-texcoco\\\/\"]}]},{\"@type\":\"ImageObject\",\"inLanguage\":\"es\",\"@id\":\"https:\\\/\\\/expressometro.mx\\\/index.php\\\/2021\\\/05\\\/10\\\/se-crearan-politicas-publicas-de-atencion-a-mujeres-en-texcoco\\\/#primaryimage\",\"url\":\"https:\\\/\\\/expressometro.mx\\\/wp-content\\\/uploads\\\/2021\\\/05\\\/WhatsApp-Image-2021-05-10-at-18.19.28.jpeg\",\"contentUrl\":\"https:\\\/\\\/expressometro.mx\\\/wp-content\\\/uploads\\\/2021\\\/05\\\/WhatsApp-Image-2021-05-10-at-18.19.28.jpeg\",\"width\":1280,\"height\":853},{\"@type\":\"BreadcrumbList\",\"@id\":\"https:\\\/\\\/expressometro.mx\\\/index.php\\\/2021\\\/05\\\/10\\\/se-crearan-politicas-publicas-de-atencion-a-mujeres-en-texcoco\\\/#breadcrumb\",\"itemListElement\":[{\"@type\":\"ListItem\",\"position\":1,\"name\":\"Inicio\",\"item\":\"https:\\\/\\\/expressometro.mx\\\/\"},{\"@type\":\"ListItem\",\"position\":2,\"name\":\"SE CREAR\u00c1N POL\u00cdTICAS P\u00daBLICAS DE ATENCI\u00d3N A MUJERES EN TEXCOCO\"}]},{\"@type\":\"WebSite\",\"@id\":\"https:\\\/\\\/expressometro.mx\\\/#website\",\"url\":\"https:\\\/\\\/expressometro.mx\\\/\",\"name\":\"Expresso Metropolitano\",\"description\":\"Periodismo comprometido, informaci\u00f3n, investigaci\u00f3n y an\u00e1lisis\",\"publisher\":{\"@id\":\"https:\\\/\\\/expressometro.mx\\\/#organization\"},\"potentialAction\":[{\"@type\":\"SearchAction\",\"target\":{\"@type\":\"EntryPoint\",\"urlTemplate\":\"https:\\\/\\\/expressometro.mx\\\/?s={search_term_string}\"},\"query-input\":{\"@type\":\"PropertyValueSpecification\",\"valueRequired\":true,\"valueName\":\"search_term_string\"}}],\"inLanguage\":\"es\"},{\"@type\":\"Organization\",\"@id\":\"https:\\\/\\\/expressometro.mx\\\/#organization\",\"name\":\"Expresso Metropolitano\",\"url\":\"https:\\\/\\\/expressometro.mx\\\/\",\"logo\":{\"@type\":\"ImageObject\",\"inLanguage\":\"es\",\"@id\":\"https:\\\/\\\/expressometro.mx\\\/#\\\/schema\\\/logo\\\/image\\\/\",\"url\":\"https:\\\/\\\/expressometro.mx\\\/wp-content\\\/uploads\\\/2019\\\/07\\\/cropped-Logo-Expresso-Metropolitano-1-1.jpeg\",\"contentUrl\":\"https:\\\/\\\/expressometro.mx\\\/wp-content\\\/uploads\\\/2019\\\/07\\\/cropped-Logo-Expresso-Metropolitano-1-1.jpeg\",\"width\":290,\"height\":73,\"caption\":\"Expresso Metropolitano\"},\"image\":{\"@id\":\"https:\\\/\\\/expressometro.mx\\\/#\\\/schema\\\/logo\\\/image\\\/\"}},{\"@type\":\"Person\",\"@id\":\"https:\\\/\\\/expressometro.mx\\\/#\\\/schema\\\/person\\\/67a95b8e3862085c7598f66237488f1f\",\"name\":\"Cecilia Vega\",\"image\":{\"@type\":\"ImageObject\",\"inLanguage\":\"es\",\"@id\":\"https:\\\/\\\/secure.gravatar.com\\\/avatar\\\/13aae9944ab2ee472a9e407c9487fdbd03b049abaa559af32fe5dbcf615c981b?s=96&d=mm&r=g\",\"url\":\"https:\\\/\\\/secure.gravatar.com\\\/avatar\\\/13aae9944ab2ee472a9e407c9487fdbd03b049abaa559af32fe5dbcf615c981b?s=96&d=mm&r=g\",\"contentUrl\":\"https:\\\/\\\/secure.gravatar.com\\\/avatar\\\/13aae9944ab2ee472a9e407c9487fdbd03b049abaa559af32fe5dbcf615c981b?s=96&d=mm&r=g\",\"caption\":\"Cecilia Vega\"},\"url\":\"https:\\\/\\\/expressometro.mx\\\/index.php\\\/author\\\/cecilia-vega\\\/\"}]}<\/script>\n<!-- \/ Yoast SEO plugin. -->","yoast_head_json":{"title":"SE CREAR\u00c1N POL\u00cdTICAS P\u00daBLICAS DE ATENCI\u00d3N A MUJERES EN TEXCOCO - Expresso Metropolitano","robots":{"index":"index","follow":"follow","max-snippet":"max-snippet:-1","max-image-preview":"max-image-preview:large","max-video-preview":"max-video-preview:-1"},"canonical":"https:\/\/expressometro.mx\/index.php\/2021\/05\/10\/se-crearan-politicas-publicas-de-atencion-a-mujeres-en-texcoco\/","og_locale":"es_MX","og_type":"article","og_title":"SE CREAR\u00c1N POL\u00cdTICAS P\u00daBLICAS DE ATENCI\u00d3N A MUJERES EN TEXCOCO - Expresso Metropolitano","og_description":"Record\u00f3 que el apoyo a las mujeres se debe trabajar en el \u00e1mbito municipal, pero tambi\u00e9n desde el congreso federal y estatal, por ellos nuestros candidatos deben de trabajar en este tipo de iniciativas.","og_url":"https:\/\/expressometro.mx\/index.php\/2021\/05\/10\/se-crearan-politicas-publicas-de-atencion-a-mujeres-en-texcoco\/","og_site_name":"Expresso Metropolitano","article_published_time":"2021-05-11T01:48:44+00:00","article_modified_time":"2021-05-11T01:48:45+00:00","og_image":[{"width":1280,"height":853,"url":"https:\/\/expressometro.mx\/wp-content\/uploads\/2021\/05\/WhatsApp-Image-2021-05-10-at-18.19.28.jpeg","type":"image\/jpeg"}],"author":"Cecilia Vega","twitter_misc":{"Escrito por":"Cecilia Vega","Tiempo de lectura":"3 minutos"},"schema":{"@context":"https:\/\/schema.org","@graph":[{"@type":"Article","@id":"https:\/\/expressometro.mx\/index.php\/2021\/05\/10\/se-crearan-politicas-publicas-de-atencion-a-mujeres-en-texcoco\/#article","isPartOf":{"@id":"https:\/\/expressometro.mx\/index.php\/2021\/05\/10\/se-crearan-politicas-publicas-de-atencion-a-mujeres-en-texcoco\/"},"author":{"name":"Cecilia Vega","@id":"https:\/\/expressometro.mx\/#\/schema\/person\/67a95b8e3862085c7598f66237488f1f"},"headline":"SE CREAR\u00c1N POL\u00cdTICAS P\u00daBLICAS DE ATENCI\u00d3N A MUJERES EN TEXCOCO","datePublished":"2021-05-11T01:48:44+00:00","dateModified":"2021-05-11T01:48:45+00:00","mainEntityOfPage":{"@id":"https:\/\/expressometro.mx\/index.php\/2021\/05\/10\/se-crearan-politicas-publicas-de-atencion-a-mujeres-en-texcoco\/"},"wordCount":519,"commentCount":0,"publisher":{"@id":"https:\/\/expressometro.mx\/#organization"},"image":{"@id":"https:\/\/expressometro.mx\/index.php\/2021\/05\/10\/se-crearan-politicas-publicas-de-atencion-a-mujeres-en-texcoco\/#primaryimage"},"thumbnailUrl":"https:\/\/expressometro.mx\/wp-content\/uploads\/2021\/05\/WhatsApp-Image-2021-05-10-at-18.19.28.jpeg","keywords":["Morena","Sandra Luz Falc\u00f3n","Texcoco"],"articleSection":["Gobierno","Pol\u00edtica"],"inLanguage":"es","potentialAction":[{"@type":"CommentAction","name":"Comment","target":["https:\/\/expressometro.mx\/index.php\/2021\/05\/10\/se-crearan-politicas-publicas-de-atencion-a-mujeres-en-texcoco\/#respond"]}]},{"@type":"WebPage","@id":"https:\/\/expressometro.mx\/index.php\/2021\/05\/10\/se-crearan-politicas-publicas-de-atencion-a-mujeres-en-texcoco\/","url":"https:\/\/expressometro.mx\/index.php\/2021\/05\/10\/se-crearan-politicas-publicas-de-atencion-a-mujeres-en-texcoco\/","name":"SE CREAR\u00c1N POL\u00cdTICAS P\u00daBLICAS DE ATENCI\u00d3N A MUJERES EN TEXCOCO - Expresso Metropolitano","isPartOf":{"@id":"https:\/\/expressometro.mx\/#website"},"primaryImageOfPage":{"@id":"https:\/\/expressometro.mx\/index.php\/2021\/05\/10\/se-crearan-politicas-publicas-de-atencion-a-mujeres-en-texcoco\/#primaryimage"},"image":{"@id":"https:\/\/expressometro.mx\/index.php\/2021\/05\/10\/se-crearan-politicas-publicas-de-atencion-a-mujeres-en-texcoco\/#primaryimage"},"thumbnailUrl":"https:\/\/expressometro.mx\/wp-content\/uploads\/2021\/05\/WhatsApp-Image-2021-05-10-at-18.19.28.jpeg","datePublished":"2021-05-11T01:48:44+00:00","dateModified":"2021-05-11T01:48:45+00:00","breadcrumb":{"@id":"https:\/\/expressometro.mx\/index.php\/2021\/05\/10\/se-crearan-politicas-publicas-de-atencion-a-mujeres-en-texcoco\/#breadcrumb"},"inLanguage":"es","potentialAction":[{"@type":"ReadAction","target":["https:\/\/expressometro.mx\/index.php\/2021\/05\/10\/se-crearan-politicas-publicas-de-atencion-a-mujeres-en-texcoco\/"]}]},{"@type":"ImageObject","inLanguage":"es","@id":"https:\/\/expressometro.mx\/index.php\/2021\/05\/10\/se-crearan-politicas-publicas-de-atencion-a-mujeres-en-texcoco\/#primaryimage","url":"https:\/\/expressometro.mx\/wp-content\/uploads\/2021\/05\/WhatsApp-Image-2021-05-10-at-18.19.28.jpeg","contentUrl":"https:\/\/expressometro.mx\/wp-content\/uploads\/2021\/05\/WhatsApp-Image-2021-05-10-at-18.19.28.jpeg","width":1280,"height":853},{"@type":"BreadcrumbList","@id":"https:\/\/expressometro.mx\/index.php\/2021\/05\/10\/se-crearan-politicas-publicas-de-atencion-a-mujeres-en-texcoco\/#breadcrumb","itemListElement":[{"@type":"ListItem","position":1,"name":"Inicio","item":"https:\/\/expressometro.mx\/"},{"@type":"ListItem","position":2,"name":"SE CREAR\u00c1N POL\u00cdTICAS P\u00daBLICAS DE ATENCI\u00d3N A MUJERES EN TEXCOCO"}]},{"@type":"WebSite","@id":"https:\/\/expressometro.mx\/#website","url":"https:\/\/expressometro.mx\/","name":"Expresso Metropolitano","description":"Periodismo comprometido, informaci\u00f3n, investigaci\u00f3n y an\u00e1lisis","publisher":{"@id":"https:\/\/expressometro.mx\/#organization"},"potentialAction":[{"@type":"SearchAction","target":{"@type":"EntryPoint","urlTemplate":"https:\/\/expressometro.mx\/?s={search_term_string}"},"query-input":{"@type":"PropertyValueSpecification","valueRequired":true,"valueName":"search_term_string"}}],"inLanguage":"es"},{"@type":"Organization","@id":"https:\/\/expressometro.mx\/#organization","name":"Expresso Metropolitano","url":"https:\/\/expressometro.mx\/","logo":{"@type":"ImageObject","inLanguage":"es","@id":"https:\/\/expressometro.mx\/#\/schema\/logo\/image\/","url":"https:\/\/expressometro.mx\/wp-content\/uploads\/2019\/07\/cropped-Logo-Expresso-Metropolitano-1-1.jpeg","contentUrl":"https:\/\/expressometro.mx\/wp-content\/uploads\/2019\/07\/cropped-Logo-Expresso-Metropolitano-1-1.jpeg","width":290,"height":73,"caption":"Expresso Metropolitano"},"image":{"@id":"https:\/\/expressometro.mx\/#\/schema\/logo\/image\/"}},{"@type":"Person","@id":"https:\/\/expressometro.mx\/#\/schema\/person\/67a95b8e3862085c7598f66237488f1f","name":"Cecilia Vega","image":{"@type":"ImageObject","inLanguage":"es","@id":"https:\/\/secure.gravatar.com\/avatar\/13aae9944ab2ee472a9e407c9487fdbd03b049abaa559af32fe5dbcf615c981b?s=96&d=mm&r=g","url":"https:\/\/secure.gravatar.com\/avatar\/13aae9944ab2ee472a9e407c9487fdbd03b049abaa559af32fe5dbcf615c981b?s=96&d=mm&r=g","contentUrl":"https:\/\/secure.gravatar.com\/avatar\/13aae9944ab2ee472a9e407c9487fdbd03b049abaa559af32fe5dbcf615c981b?s=96&d=mm&r=g","caption":"Cecilia Vega"},"url":"https:\/\/expressometro.mx\/index.php\/author\/cecilia-vega\/"}]}},"amp_enabled":true,"_links":{"self":[{"href":"https:\/\/expressometro.mx\/index.php\/wp-json\/wp\/v2\/posts\/2541","targetHints":{"allow":["GET"]}}],"collection":[{"href":"https:\/\/expressometro.mx\/index.php\/wp-json\/wp\/v2\/posts"}],"about":[{"href":"https:\/\/expressometro.mx\/index.php\/wp-json\/wp\/v2\/types\/post"}],"author":[{"embeddable":true,"href":"https:\/\/expressometro.mx\/index.php\/wp-json\/wp\/v2\/users\/2"}],"replies":[{"embeddable":true,"href":"https:\/\/expressometro.mx\/index.php\/wp-json\/wp\/v2\/comments?post=2541"}],"version-history":[{"count":1,"href":"https:\/\/expressometro.mx\/index.php\/wp-json\/wp\/v2\/posts\/2541\/revisions"}],"predecessor-version":[{"id":2544,"href":"https:\/\/expressometro.mx\/index.php\/wp-json\/wp\/v2\/posts\/2541\/revisions\/2544"}],"wp:featuredmedia":[{"embeddable":true,"href":"https:\/\/expressometro.mx\/index.php\/wp-json\/wp\/v2\/media\/2542"}],"wp:attachment":[{"href":"https:\/\/expressometro.mx\/index.php\/wp-json\/wp\/v2\/media?parent=2541"}],"wp:term":[{"taxonomy":"category","embeddable":true,"href":"https:\/\/expressometro.mx\/index.php\/wp-json\/wp\/v2\/categories?post=2541"},{"taxonomy":"post_tag","embeddable":true,"href":"https:\/\/expressometro.mx\/index.php\/wp-json\/wp\/v2\/tags?post=2541"}],"curies":[{"name":"wp","href":"https:\/\/api.w.org\/{rel}","templated":true}]}}