{"id":254,"date":"2019-08-26T09:15:29","date_gmt":"2019-08-26T14:15:29","guid":{"rendered":"http:\/\/expressometro.mx\/?p=254"},"modified":"2019-09-25T10:38:17","modified_gmt":"2019-09-25T15:38:17","slug":"sigue-abierta-la-convocatoria-para-formar-parte-de-la-filem-2019","status":"publish","type":"post","link":"https:\/\/expressometro.mx\/index.php\/2019\/08\/26\/sigue-abierta-la-convocatoria-para-formar-parte-de-la-filem-2019\/","title":{"rendered":"SIGUE ABIERTA LA CONVOCATORIA PARA FORMAR PARTE DE LA FILEM 2019"},"content":{"rendered":"\n<p>El Gobierno del Estado de M\u00e9xico, la Universidad Aut\u00f3noma del Estado de M\u00e9xico (UAEM) y el Ayuntamiento de Toluca, invitan a casas editoriales locales, nacionales e internacionales, a instituciones educativas p\u00fablicas y privadas, as\u00ed como distribuidoras que se dediquen a la industria editorial, a ser parte de la quinta edici\u00f3n de la Feria internacional del Libro del Estado de M\u00e9xico, FILEM 2019.<\/p>\n\n\n\n<p>La fiesta literaria m\u00e1s importante de la entidad se realizar\u00e1 del 27 de septiembre al 6 de octubre en el Centro Cultural Toluca, motivo por el cual se anuncia la convocatoria en la que se ofrecen espacios para la exhibici\u00f3n, promoci\u00f3n y comercializaci\u00f3n de material editorial, a fin de impulsar el desarrollo del sector, as\u00ed como la producci\u00f3n intelectual y cultural, fomento de la lectura y promoci\u00f3n del libro en el Estado de M\u00e9xico.<\/p>\n\n\n\n<p>Los estands disponibles comprenden una superficie m\u00ednima de seis metros cuadrados (3 metros de largo x 2 de fondo), son de estructura de aluminio, cubierto con mamparas de melanina blanca de 2.40 metros de altura, con antepecho tipo panel art y aluminio.<\/p>\n\n\n\n<p>Incluyen iluminaci\u00f3n con l\u00e1mparas tipo Slim-line de 2&#215;38 watts, r\u00f3tulos tipo vinil auto adherible, dos exhibidores para libros con cinco charolas cada uno, una mesa, dos sillas y toma de corriente el\u00e9ctrica.<\/p>\n\n\n\n<p>El espacio de \u201cIsla\u201d, comprende una superficie de 25 metros cuadrados (cinco metros de largo por cinco de fondo).<\/p>\n\n\n\n<p>Los expositores deber\u00e1n montar y acondicionar con dise\u00f1o y mobiliario propio, respetando la altura de 4.50 metros, debiendo proporcionar al Comit\u00e9 Organizador de la FILEM el croquis respectivo, as\u00ed como p\u00f3liza de seguro vigente de la empresa asignada para su montaje.<\/p>\n\n\n\n<p>Se tiene como fecha l\u00edmite de registro el 20 de septiembre o hasta agotar los espacios; el formato de registro se solicita a los correos electr\u00f3nicos publicaciones@uaemex.mx&nbsp; y contacto.filem@gmail.com.<\/p>\n\n\n\n<p>Una vez que se confirme la disponibilidad del espacio solicitado, se debe cubrir el costo del mismo y proporcionar base de datos en Excel del material editorial que se pondr\u00e1 a la venta.<\/p>\n\n\n\n<p>FILEM 2019 contar\u00e1 con la participaci\u00f3n de firmas editoriales de renombre como Sexto Piso y Porr\u00faa, as\u00ed como de instituciones y dependencias del Estado de M\u00e9xico, la UAEM, el Fondo Editorial del Edom\u00e9x, el Instituto Nacional de Antropolog\u00eda e Historia, el Instituto de Transparencia, Acceso a la Informaci\u00f3n P\u00fablica y Protecci\u00f3n de Datos Personales del Estado de M\u00e9xico y Municipios, entre otras.<\/p>\n\n\n\n<p>Para mayores detalles, se puede descargar la convocatoria en la liga http:\/\/cultura.edomex.gob.mx\/sites\/cultura.edomex.gob.mx\/files\/files\/filemv2.pdf<\/p>\n","protected":false},"excerpt":{"rendered":"<p>El Gobierno del Estado de M\u00e9xico, la Universidad Aut\u00f3noma del Estado de M\u00e9xico (UAEM) y el Ayuntamiento de Toluca, invitan a casas editoriales locales, nacionales e internacionales, a instituciones educativas p\u00fablicas y privadas, as\u00ed como distribuidoras que se dediquen a la industria editorial, a ser parte de la quinta edici\u00f3n de la Feria internacional del Libro del Estado de M\u00e9xico, FILEM 2019. La fiesta literaria m\u00e1s importante de la entidad se realizar\u00e1 del 27 de septiembre al 6 de octubre en el Centro Cultural Toluca, motivo por el cual se&hellip;<\/p>\n","protected":false},"author":1,"featured_media":0,"comment_status":"open","ping_status":"open","sticky":false,"template":"","format":"standard","meta":{"footnotes":""},"categories":[11],"tags":[],"class_list":["post-254","post","type-post","status-publish","format-standard","hentry","category-cultura"],"yoast_head":"<!-- This site is optimized with the Yoast SEO plugin v27.5 - https:\/\/yoast.com\/product\/yoast-seo-wordpress\/ -->\n<title>SIGUE ABIERTA LA CONVOCATORIA PARA FORMAR PARTE DE LA FILEM 2019 - Expresso Metropolitano<\/title>\n<meta name=\"robots\" content=\"index, follow, max-snippet:-1, max-image-preview:large, max-video-preview:-1\" \/>\n<link rel=\"canonical\" href=\"https:\/\/expressometro.mx\/index.php\/2019\/08\/26\/sigue-abierta-la-convocatoria-para-formar-parte-de-la-filem-2019\/\" \/>\n<meta property=\"og:locale\" content=\"es_MX\" \/>\n<meta property=\"og:type\" content=\"article\" \/>\n<meta property=\"og:title\" content=\"SIGUE ABIERTA LA CONVOCATORIA PARA FORMAR PARTE DE LA FILEM 2019 - Expresso Metropolitano\" \/>\n<meta property=\"og:description\" content=\"El Gobierno del Estado de M\u00e9xico, la Universidad Aut\u00f3noma del Estado de M\u00e9xico (UAEM) y el Ayuntamiento de Toluca, invitan a casas editoriales locales, nacionales e internacionales, a instituciones educativas p\u00fablicas y privadas, as\u00ed como distribuidoras que se dediquen a la industria editorial, a ser parte de la quinta edici\u00f3n de la Feria internacional del Libro del Estado de M\u00e9xico, FILEM 2019. La fiesta literaria m\u00e1s importante de la entidad se realizar\u00e1 del 27 de septiembre al 6 de octubre en el Centro Cultural Toluca, motivo por el cual se&hellip;\" \/>\n<meta property=\"og:url\" content=\"https:\/\/expressometro.mx\/index.php\/2019\/08\/26\/sigue-abierta-la-convocatoria-para-formar-parte-de-la-filem-2019\/\" \/>\n<meta property=\"og:site_name\" content=\"Expresso Metropolitano\" \/>\n<meta property=\"article:published_time\" content=\"2019-08-26T14:15:29+00:00\" \/>\n<meta property=\"article:modified_time\" content=\"2019-09-25T15:38:17+00:00\" \/>\n<meta property=\"og:image\" content=\"https:\/\/expressometro.mx\/wp-content\/uploads\/2019\/08\/w2_8749_1.jpg\" \/>\n\t<meta property=\"og:image:width\" content=\"1500\" \/>\n\t<meta property=\"og:image:height\" content=\"1250\" \/>\n\t<meta property=\"og:image:type\" content=\"image\/jpeg\" \/>\n<meta name=\"author\" content=\"Expresso Metropolitano\" \/>\n<meta name=\"twitter:label1\" content=\"Escrito por\" \/>\n\t<meta name=\"twitter:data1\" content=\"Expresso Metropolitano\" \/>\n\t<meta name=\"twitter:label2\" content=\"Tiempo de lectura\" \/>\n\t<meta name=\"twitter:data2\" content=\"2 minutos\" \/>\n<script type=\"application\/ld+json\" class=\"yoast-schema-graph\">{\"@context\":\"https:\\\/\\\/schema.org\",\"@graph\":[{\"@type\":\"Article\",\"@id\":\"https:\\\/\\\/expressometro.mx\\\/index.php\\\/2019\\\/08\\\/26\\\/sigue-abierta-la-convocatoria-para-formar-parte-de-la-filem-2019\\\/#article\",\"isPartOf\":{\"@id\":\"https:\\\/\\\/expressometro.mx\\\/index.php\\\/2019\\\/08\\\/26\\\/sigue-abierta-la-convocatoria-para-formar-parte-de-la-filem-2019\\\/\"},\"author\":{\"name\":\"Expresso Metropolitano\",\"@id\":\"https:\\\/\\\/expressometro.mx\\\/#\\\/schema\\\/person\\\/efa971b4a0664db8ed5c22b1b0dd2f5d\"},\"headline\":\"SIGUE ABIERTA LA CONVOCATORIA PARA FORMAR PARTE DE LA FILEM 2019\",\"datePublished\":\"2019-08-26T14:15:29+00:00\",\"dateModified\":\"2019-09-25T15:38:17+00:00\",\"mainEntityOfPage\":{\"@id\":\"https:\\\/\\\/expressometro.mx\\\/index.php\\\/2019\\\/08\\\/26\\\/sigue-abierta-la-convocatoria-para-formar-parte-de-la-filem-2019\\\/\"},\"wordCount\":457,\"commentCount\":0,\"publisher\":{\"@id\":\"https:\\\/\\\/expressometro.mx\\\/#organization\"},\"articleSection\":[\"Cultura\"],\"inLanguage\":\"es\",\"potentialAction\":[{\"@type\":\"CommentAction\",\"name\":\"Comment\",\"target\":[\"https:\\\/\\\/expressometro.mx\\\/index.php\\\/2019\\\/08\\\/26\\\/sigue-abierta-la-convocatoria-para-formar-parte-de-la-filem-2019\\\/#respond\"]}]},{\"@type\":\"WebPage\",\"@id\":\"https:\\\/\\\/expressometro.mx\\\/index.php\\\/2019\\\/08\\\/26\\\/sigue-abierta-la-convocatoria-para-formar-parte-de-la-filem-2019\\\/\",\"url\":\"https:\\\/\\\/expressometro.mx\\\/index.php\\\/2019\\\/08\\\/26\\\/sigue-abierta-la-convocatoria-para-formar-parte-de-la-filem-2019\\\/\",\"name\":\"SIGUE ABIERTA LA CONVOCATORIA PARA FORMAR PARTE DE LA FILEM 2019 - Expresso Metropolitano\",\"isPartOf\":{\"@id\":\"https:\\\/\\\/expressometro.mx\\\/#website\"},\"datePublished\":\"2019-08-26T14:15:29+00:00\",\"dateModified\":\"2019-09-25T15:38:17+00:00\",\"breadcrumb\":{\"@id\":\"https:\\\/\\\/expressometro.mx\\\/index.php\\\/2019\\\/08\\\/26\\\/sigue-abierta-la-convocatoria-para-formar-parte-de-la-filem-2019\\\/#breadcrumb\"},\"inLanguage\":\"es\",\"potentialAction\":[{\"@type\":\"ReadAction\",\"target\":[\"https:\\\/\\\/expressometro.mx\\\/index.php\\\/2019\\\/08\\\/26\\\/sigue-abierta-la-convocatoria-para-formar-parte-de-la-filem-2019\\\/\"]}]},{\"@type\":\"BreadcrumbList\",\"@id\":\"https:\\\/\\\/expressometro.mx\\\/index.php\\\/2019\\\/08\\\/26\\\/sigue-abierta-la-convocatoria-para-formar-parte-de-la-filem-2019\\\/#breadcrumb\",\"itemListElement\":[{\"@type\":\"ListItem\",\"position\":1,\"name\":\"Inicio\",\"item\":\"https:\\\/\\\/expressometro.mx\\\/\"},{\"@type\":\"ListItem\",\"position\":2,\"name\":\"SIGUE ABIERTA LA CONVOCATORIA PARA FORMAR PARTE DE LA FILEM 2019\"}]},{\"@type\":\"WebSite\",\"@id\":\"https:\\\/\\\/expressometro.mx\\\/#website\",\"url\":\"https:\\\/\\\/expressometro.mx\\\/\",\"name\":\"Expresso Metropolitano\",\"description\":\"Periodismo comprometido, informaci\u00f3n, investigaci\u00f3n y an\u00e1lisis\",\"publisher\":{\"@id\":\"https:\\\/\\\/expressometro.mx\\\/#organization\"},\"potentialAction\":[{\"@type\":\"SearchAction\",\"target\":{\"@type\":\"EntryPoint\",\"urlTemplate\":\"https:\\\/\\\/expressometro.mx\\\/?s={search_term_string}\"},\"query-input\":{\"@type\":\"PropertyValueSpecification\",\"valueRequired\":true,\"valueName\":\"search_term_string\"}}],\"inLanguage\":\"es\"},{\"@type\":\"Organization\",\"@id\":\"https:\\\/\\\/expressometro.mx\\\/#organization\",\"name\":\"Expresso Metropolitano\",\"url\":\"https:\\\/\\\/expressometro.mx\\\/\",\"logo\":{\"@type\":\"ImageObject\",\"inLanguage\":\"es\",\"@id\":\"https:\\\/\\\/expressometro.mx\\\/#\\\/schema\\\/logo\\\/image\\\/\",\"url\":\"https:\\\/\\\/expressometro.mx\\\/wp-content\\\/uploads\\\/2019\\\/07\\\/cropped-Logo-Expresso-Metropolitano-1-1.jpeg\",\"contentUrl\":\"https:\\\/\\\/expressometro.mx\\\/wp-content\\\/uploads\\\/2019\\\/07\\\/cropped-Logo-Expresso-Metropolitano-1-1.jpeg\",\"width\":290,\"height\":73,\"caption\":\"Expresso Metropolitano\"},\"image\":{\"@id\":\"https:\\\/\\\/expressometro.mx\\\/#\\\/schema\\\/logo\\\/image\\\/\"}},{\"@type\":\"Person\",\"@id\":\"https:\\\/\\\/expressometro.mx\\\/#\\\/schema\\\/person\\\/efa971b4a0664db8ed5c22b1b0dd2f5d\",\"name\":\"Expresso Metropolitano\",\"image\":{\"@type\":\"ImageObject\",\"inLanguage\":\"es\",\"@id\":\"https:\\\/\\\/secure.gravatar.com\\\/avatar\\\/a89f802b8de18c6952f223c88d3d106e9e3679839f4e25a02f4a6cc2ae6ba3b3?s=96&d=mm&r=g\",\"url\":\"https:\\\/\\\/secure.gravatar.com\\\/avatar\\\/a89f802b8de18c6952f223c88d3d106e9e3679839f4e25a02f4a6cc2ae6ba3b3?s=96&d=mm&r=g\",\"contentUrl\":\"https:\\\/\\\/secure.gravatar.com\\\/avatar\\\/a89f802b8de18c6952f223c88d3d106e9e3679839f4e25a02f4a6cc2ae6ba3b3?s=96&d=mm&r=g\",\"caption\":\"Expresso Metropolitano\"},\"url\":\"https:\\\/\\\/expressometro.mx\\\/index.php\\\/author\\\/diego\\\/\"}]}<\/script>\n<!-- \/ Yoast SEO plugin. -->","yoast_head_json":{"title":"SIGUE ABIERTA LA CONVOCATORIA PARA FORMAR PARTE DE LA FILEM 2019 - Expresso Metropolitano","robots":{"index":"index","follow":"follow","max-snippet":"max-snippet:-1","max-image-preview":"max-image-preview:large","max-video-preview":"max-video-preview:-1"},"canonical":"https:\/\/expressometro.mx\/index.php\/2019\/08\/26\/sigue-abierta-la-convocatoria-para-formar-parte-de-la-filem-2019\/","og_locale":"es_MX","og_type":"article","og_title":"SIGUE ABIERTA LA CONVOCATORIA PARA FORMAR PARTE DE LA FILEM 2019 - Expresso Metropolitano","og_description":"El Gobierno del Estado de M\u00e9xico, la Universidad Aut\u00f3noma del Estado de M\u00e9xico (UAEM) y el Ayuntamiento de Toluca, invitan a casas editoriales locales, nacionales e internacionales, a instituciones educativas p\u00fablicas y privadas, as\u00ed como distribuidoras que se dediquen a la industria editorial, a ser parte de la quinta edici\u00f3n de la Feria internacional del Libro del Estado de M\u00e9xico, FILEM 2019. La fiesta literaria m\u00e1s importante de la entidad se realizar\u00e1 del 27 de septiembre al 6 de octubre en el Centro Cultural Toluca, motivo por el cual se&hellip;","og_url":"https:\/\/expressometro.mx\/index.php\/2019\/08\/26\/sigue-abierta-la-convocatoria-para-formar-parte-de-la-filem-2019\/","og_site_name":"Expresso Metropolitano","article_published_time":"2019-08-26T14:15:29+00:00","article_modified_time":"2019-09-25T15:38:17+00:00","og_image":[{"width":1500,"height":1250,"url":"https:\/\/expressometro.mx\/wp-content\/uploads\/2019\/08\/w2_8749_1.jpg","type":"image\/jpeg"}],"author":"Expresso Metropolitano","twitter_misc":{"Escrito por":"Expresso Metropolitano","Tiempo de lectura":"2 minutos"},"schema":{"@context":"https:\/\/schema.org","@graph":[{"@type":"Article","@id":"https:\/\/expressometro.mx\/index.php\/2019\/08\/26\/sigue-abierta-la-convocatoria-para-formar-parte-de-la-filem-2019\/#article","isPartOf":{"@id":"https:\/\/expressometro.mx\/index.php\/2019\/08\/26\/sigue-abierta-la-convocatoria-para-formar-parte-de-la-filem-2019\/"},"author":{"name":"Expresso Metropolitano","@id":"https:\/\/expressometro.mx\/#\/schema\/person\/efa971b4a0664db8ed5c22b1b0dd2f5d"},"headline":"SIGUE ABIERTA LA CONVOCATORIA PARA FORMAR PARTE DE LA FILEM 2019","datePublished":"2019-08-26T14:15:29+00:00","dateModified":"2019-09-25T15:38:17+00:00","mainEntityOfPage":{"@id":"https:\/\/expressometro.mx\/index.php\/2019\/08\/26\/sigue-abierta-la-convocatoria-para-formar-parte-de-la-filem-2019\/"},"wordCount":457,"commentCount":0,"publisher":{"@id":"https:\/\/expressometro.mx\/#organization"},"articleSection":["Cultura"],"inLanguage":"es","potentialAction":[{"@type":"CommentAction","name":"Comment","target":["https:\/\/expressometro.mx\/index.php\/2019\/08\/26\/sigue-abierta-la-convocatoria-para-formar-parte-de-la-filem-2019\/#respond"]}]},{"@type":"WebPage","@id":"https:\/\/expressometro.mx\/index.php\/2019\/08\/26\/sigue-abierta-la-convocatoria-para-formar-parte-de-la-filem-2019\/","url":"https:\/\/expressometro.mx\/index.php\/2019\/08\/26\/sigue-abierta-la-convocatoria-para-formar-parte-de-la-filem-2019\/","name":"SIGUE ABIERTA LA CONVOCATORIA PARA FORMAR PARTE DE LA FILEM 2019 - Expresso Metropolitano","isPartOf":{"@id":"https:\/\/expressometro.mx\/#website"},"datePublished":"2019-08-26T14:15:29+00:00","dateModified":"2019-09-25T15:38:17+00:00","breadcrumb":{"@id":"https:\/\/expressometro.mx\/index.php\/2019\/08\/26\/sigue-abierta-la-convocatoria-para-formar-parte-de-la-filem-2019\/#breadcrumb"},"inLanguage":"es","potentialAction":[{"@type":"ReadAction","target":["https:\/\/expressometro.mx\/index.php\/2019\/08\/26\/sigue-abierta-la-convocatoria-para-formar-parte-de-la-filem-2019\/"]}]},{"@type":"BreadcrumbList","@id":"https:\/\/expressometro.mx\/index.php\/2019\/08\/26\/sigue-abierta-la-convocatoria-para-formar-parte-de-la-filem-2019\/#breadcrumb","itemListElement":[{"@type":"ListItem","position":1,"name":"Inicio","item":"https:\/\/expressometro.mx\/"},{"@type":"ListItem","position":2,"name":"SIGUE ABIERTA LA CONVOCATORIA PARA FORMAR PARTE DE LA FILEM 2019"}]},{"@type":"WebSite","@id":"https:\/\/expressometro.mx\/#website","url":"https:\/\/expressometro.mx\/","name":"Expresso Metropolitano","description":"Periodismo comprometido, informaci\u00f3n, investigaci\u00f3n y an\u00e1lisis","publisher":{"@id":"https:\/\/expressometro.mx\/#organization"},"potentialAction":[{"@type":"SearchAction","target":{"@type":"EntryPoint","urlTemplate":"https:\/\/expressometro.mx\/?s={search_term_string}"},"query-input":{"@type":"PropertyValueSpecification","valueRequired":true,"valueName":"search_term_string"}}],"inLanguage":"es"},{"@type":"Organization","@id":"https:\/\/expressometro.mx\/#organization","name":"Expresso Metropolitano","url":"https:\/\/expressometro.mx\/","logo":{"@type":"ImageObject","inLanguage":"es","@id":"https:\/\/expressometro.mx\/#\/schema\/logo\/image\/","url":"https:\/\/expressometro.mx\/wp-content\/uploads\/2019\/07\/cropped-Logo-Expresso-Metropolitano-1-1.jpeg","contentUrl":"https:\/\/expressometro.mx\/wp-content\/uploads\/2019\/07\/cropped-Logo-Expresso-Metropolitano-1-1.jpeg","width":290,"height":73,"caption":"Expresso Metropolitano"},"image":{"@id":"https:\/\/expressometro.mx\/#\/schema\/logo\/image\/"}},{"@type":"Person","@id":"https:\/\/expressometro.mx\/#\/schema\/person\/efa971b4a0664db8ed5c22b1b0dd2f5d","name":"Expresso Metropolitano","image":{"@type":"ImageObject","inLanguage":"es","@id":"https:\/\/secure.gravatar.com\/avatar\/a89f802b8de18c6952f223c88d3d106e9e3679839f4e25a02f4a6cc2ae6ba3b3?s=96&d=mm&r=g","url":"https:\/\/secure.gravatar.com\/avatar\/a89f802b8de18c6952f223c88d3d106e9e3679839f4e25a02f4a6cc2ae6ba3b3?s=96&d=mm&r=g","contentUrl":"https:\/\/secure.gravatar.com\/avatar\/a89f802b8de18c6952f223c88d3d106e9e3679839f4e25a02f4a6cc2ae6ba3b3?s=96&d=mm&r=g","caption":"Expresso Metropolitano"},"url":"https:\/\/expressometro.mx\/index.php\/author\/diego\/"}]}},"amp_enabled":true,"_links":{"self":[{"href":"https:\/\/expressometro.mx\/index.php\/wp-json\/wp\/v2\/posts\/254","targetHints":{"allow":["GET"]}}],"collection":[{"href":"https:\/\/expressometro.mx\/index.php\/wp-json\/wp\/v2\/posts"}],"about":[{"href":"https:\/\/expressometro.mx\/index.php\/wp-json\/wp\/v2\/types\/post"}],"author":[{"embeddable":true,"href":"https:\/\/expressometro.mx\/index.php\/wp-json\/wp\/v2\/users\/1"}],"replies":[{"embeddable":true,"href":"https:\/\/expressometro.mx\/index.php\/wp-json\/wp\/v2\/comments?post=254"}],"version-history":[{"count":1,"href":"https:\/\/expressometro.mx\/index.php\/wp-json\/wp\/v2\/posts\/254\/revisions"}],"predecessor-version":[{"id":256,"href":"https:\/\/expressometro.mx\/index.php\/wp-json\/wp\/v2\/posts\/254\/revisions\/256"}],"wp:attachment":[{"href":"https:\/\/expressometro.mx\/index.php\/wp-json\/wp\/v2\/media?parent=254"}],"wp:term":[{"taxonomy":"category","embeddable":true,"href":"https:\/\/expressometro.mx\/index.php\/wp-json\/wp\/v2\/categories?post=254"},{"taxonomy":"post_tag","embeddable":true,"href":"https:\/\/expressometro.mx\/index.php\/wp-json\/wp\/v2\/tags?post=254"}],"curies":[{"name":"wp","href":"https:\/\/api.w.org\/{rel}","templated":true}]}}