{"id":2528,"date":"2021-05-09T21:26:14","date_gmt":"2021-05-10T02:26:14","guid":{"rendered":"http:\/\/expressometro.mx\/?p=2528"},"modified":"2021-05-09T21:26:16","modified_gmt":"2021-05-10T02:26:16","slug":"concentra-marisol-arias-sus-recorridos-en-comunidades","status":"publish","type":"post","link":"https:\/\/expressometro.mx\/index.php\/2021\/05\/09\/concentra-marisol-arias-sus-recorridos-en-comunidades\/","title":{"rendered":"CONCENTRA MARISOL ARIAS SUS RECORRIDOS EN COMUNIDADES"},"content":{"rendered":"\n<p>San Lorenzo Tlacotepec, Atlacomulco.<br>La candidata a la presidencia municipal de Atlacomulco, Marisol Arias Flores, destac\u00f3 que las comunidades son fundamentales en el desarrollo del municipio porque en las localidades se encuentran los artesanos, productores y la fuerza del campo.<\/p>\n\n\n\n<p>As\u00ed mismo la candidata de la alianza \u201cVa por el Estado de M\u00e9xico \u201c se\u00f1al\u00f3 que como parte de las acciones, una vez en la presidencia municipal, la gesti\u00f3n de apoyos para el campo ser\u00e1 una constante en su gobierno.<\/p>\n\n\n\n<p>Arias Flores, recorri\u00f3 la localidad de San Lorenzo Tlacotepec como parte de su campa\u00f1a para la presidencia municipal de Atlacomulco. Inici\u00f3 con una caminata por uno de los principales barrios de la comunidad realizando el toque de puertas, posteriormente se dirigi\u00f3 hacia el parque \u201cLos Ocotes\u201d donde se reuni\u00f3 con la poblaci\u00f3n.<\/p>\n\n\n\n<p>\u201cVengo a saludarlos, platicar con ustedes y hacer compromisos, vamos a hacer pol\u00edtica con prop\u00f3sito, con conocimiento de lo que s\u00ed se puede hacer, para regresar en su momento a cumplir\u201d, sentenci\u00f3.<\/p>\n\n\n\n<p>Por su parte, los asistentes reconocieron que, durante su periodo como presidenta municipal, hoy en d\u00eda siguen gozando de los beneficios de su gesti\u00f3n. As\u00ed mismo reconocieron su gran vocaci\u00f3n de servicio y capacidad para escuchar y atender a los ciudadanos, aprovechando la oportunidad para solicitar la rehabilitaci\u00f3n del parque.<\/p>\n\n\n\n<figure class=\"wp-block-image size-large\"><img decoding=\"async\" width=\"725\" height=\"480\" src=\"http:\/\/expressometro.mx\/wp-content\/uploads\/2021\/05\/WhatsApp-Image-2021-05-09-at-19.34.48-725x480.jpeg\" alt=\"\" class=\"wp-image-2530\" srcset=\"https:\/\/expressometro.mx\/wp-content\/uploads\/2021\/05\/WhatsApp-Image-2021-05-09-at-19.34.48-725x480.jpeg 725w, https:\/\/expressometro.mx\/wp-content\/uploads\/2021\/05\/WhatsApp-Image-2021-05-09-at-19.34.48-551x365.jpeg 551w, https:\/\/expressometro.mx\/wp-content\/uploads\/2021\/05\/WhatsApp-Image-2021-05-09-at-19.34.48-768x509.jpeg 768w, https:\/\/expressometro.mx\/wp-content\/uploads\/2021\/05\/WhatsApp-Image-2021-05-09-at-19.34.48-1536x1018.jpeg 1536w, https:\/\/expressometro.mx\/wp-content\/uploads\/2021\/05\/WhatsApp-Image-2021-05-09-at-19.34.48.jpeg 1600w\" sizes=\"(max-width: 725px) 100vw, 725px\" \/><\/figure>\n","protected":false},"excerpt":{"rendered":"<p>As\u00ed mismo la candidata de la alianza \u201cVa por el Estado de M\u00e9xico \u201c se\u00f1al\u00f3 que como parte de las acciones, una vez en la presidencia municipal, la gesti\u00f3n de apoyos para el campo ser\u00e1 una constante en su gobierno.<\/p>\n","protected":false},"author":2,"featured_media":2529,"comment_status":"open","ping_status":"open","sticky":false,"template":"","format":"standard","meta":{"footnotes":""},"categories":[3,231],"tags":[389,388],"class_list":["post-2528","post","type-post","status-publish","format-standard","has-post-thumbnail","hentry","category-gobierno","category-politica","tag-atlacomulco","tag-marisol-arias"],"yoast_head":"<!-- This site is optimized with the Yoast SEO plugin v27.5 - https:\/\/yoast.com\/product\/yoast-seo-wordpress\/ -->\n<title>CONCENTRA MARISOL ARIAS SUS RECORRIDOS EN COMUNIDADES - Expresso Metropolitano<\/title>\n<meta name=\"robots\" content=\"index, follow, max-snippet:-1, max-image-preview:large, max-video-preview:-1\" \/>\n<link rel=\"canonical\" href=\"https:\/\/expressometro.mx\/index.php\/2021\/05\/09\/concentra-marisol-arias-sus-recorridos-en-comunidades\/\" \/>\n<meta property=\"og:locale\" content=\"es_MX\" \/>\n<meta property=\"og:type\" content=\"article\" \/>\n<meta property=\"og:title\" content=\"CONCENTRA MARISOL ARIAS SUS RECORRIDOS EN COMUNIDADES - Expresso Metropolitano\" \/>\n<meta property=\"og:description\" content=\"As\u00ed mismo la candidata de la alianza \u201cVa por el Estado de M\u00e9xico \u201c se\u00f1al\u00f3 que como parte de las acciones, una vez en la presidencia municipal, la gesti\u00f3n de apoyos para el campo ser\u00e1 una constante en su gobierno.\" \/>\n<meta property=\"og:url\" content=\"https:\/\/expressometro.mx\/index.php\/2021\/05\/09\/concentra-marisol-arias-sus-recorridos-en-comunidades\/\" \/>\n<meta property=\"og:site_name\" content=\"Expresso Metropolitano\" \/>\n<meta property=\"article:published_time\" content=\"2021-05-10T02:26:14+00:00\" \/>\n<meta property=\"article:modified_time\" content=\"2021-05-10T02:26:16+00:00\" \/>\n<meta property=\"og:image\" content=\"https:\/\/expressometro.mx\/wp-content\/uploads\/2021\/05\/WhatsApp-Image-2021-05-09-at-19.34.49.jpeg\" \/>\n\t<meta property=\"og:image:width\" content=\"1600\" \/>\n\t<meta property=\"og:image:height\" content=\"1060\" \/>\n\t<meta property=\"og:image:type\" content=\"image\/jpeg\" \/>\n<meta name=\"author\" content=\"Cecilia Vega\" \/>\n<meta name=\"twitter:label1\" content=\"Escrito por\" \/>\n\t<meta name=\"twitter:data1\" content=\"Cecilia Vega\" \/>\n\t<meta name=\"twitter:label2\" content=\"Tiempo de lectura\" \/>\n\t<meta name=\"twitter:data2\" content=\"2 minutos\" \/>\n<script type=\"application\/ld+json\" class=\"yoast-schema-graph\">{\"@context\":\"https:\\\/\\\/schema.org\",\"@graph\":[{\"@type\":\"Article\",\"@id\":\"https:\\\/\\\/expressometro.mx\\\/index.php\\\/2021\\\/05\\\/09\\\/concentra-marisol-arias-sus-recorridos-en-comunidades\\\/#article\",\"isPartOf\":{\"@id\":\"https:\\\/\\\/expressometro.mx\\\/index.php\\\/2021\\\/05\\\/09\\\/concentra-marisol-arias-sus-recorridos-en-comunidades\\\/\"},\"author\":{\"name\":\"Cecilia Vega\",\"@id\":\"https:\\\/\\\/expressometro.mx\\\/#\\\/schema\\\/person\\\/67a95b8e3862085c7598f66237488f1f\"},\"headline\":\"CONCENTRA MARISOL ARIAS SUS RECORRIDOS EN COMUNIDADES\",\"datePublished\":\"2021-05-10T02:26:14+00:00\",\"dateModified\":\"2021-05-10T02:26:16+00:00\",\"mainEntityOfPage\":{\"@id\":\"https:\\\/\\\/expressometro.mx\\\/index.php\\\/2021\\\/05\\\/09\\\/concentra-marisol-arias-sus-recorridos-en-comunidades\\\/\"},\"wordCount\":231,\"commentCount\":0,\"publisher\":{\"@id\":\"https:\\\/\\\/expressometro.mx\\\/#organization\"},\"image\":{\"@id\":\"https:\\\/\\\/expressometro.mx\\\/index.php\\\/2021\\\/05\\\/09\\\/concentra-marisol-arias-sus-recorridos-en-comunidades\\\/#primaryimage\"},\"thumbnailUrl\":\"https:\\\/\\\/expressometro.mx\\\/wp-content\\\/uploads\\\/2021\\\/05\\\/WhatsApp-Image-2021-05-09-at-19.34.49.jpeg\",\"keywords\":[\"Atlacomulco\",\"Marisol Arias\"],\"articleSection\":[\"Gobierno\",\"Pol\u00edtica\"],\"inLanguage\":\"es\",\"potentialAction\":[{\"@type\":\"CommentAction\",\"name\":\"Comment\",\"target\":[\"https:\\\/\\\/expressometro.mx\\\/index.php\\\/2021\\\/05\\\/09\\\/concentra-marisol-arias-sus-recorridos-en-comunidades\\\/#respond\"]}]},{\"@type\":\"WebPage\",\"@id\":\"https:\\\/\\\/expressometro.mx\\\/index.php\\\/2021\\\/05\\\/09\\\/concentra-marisol-arias-sus-recorridos-en-comunidades\\\/\",\"url\":\"https:\\\/\\\/expressometro.mx\\\/index.php\\\/2021\\\/05\\\/09\\\/concentra-marisol-arias-sus-recorridos-en-comunidades\\\/\",\"name\":\"CONCENTRA MARISOL ARIAS SUS RECORRIDOS EN COMUNIDADES - Expresso Metropolitano\",\"isPartOf\":{\"@id\":\"https:\\\/\\\/expressometro.mx\\\/#website\"},\"primaryImageOfPage\":{\"@id\":\"https:\\\/\\\/expressometro.mx\\\/index.php\\\/2021\\\/05\\\/09\\\/concentra-marisol-arias-sus-recorridos-en-comunidades\\\/#primaryimage\"},\"image\":{\"@id\":\"https:\\\/\\\/expressometro.mx\\\/index.php\\\/2021\\\/05\\\/09\\\/concentra-marisol-arias-sus-recorridos-en-comunidades\\\/#primaryimage\"},\"thumbnailUrl\":\"https:\\\/\\\/expressometro.mx\\\/wp-content\\\/uploads\\\/2021\\\/05\\\/WhatsApp-Image-2021-05-09-at-19.34.49.jpeg\",\"datePublished\":\"2021-05-10T02:26:14+00:00\",\"dateModified\":\"2021-05-10T02:26:16+00:00\",\"breadcrumb\":{\"@id\":\"https:\\\/\\\/expressometro.mx\\\/index.php\\\/2021\\\/05\\\/09\\\/concentra-marisol-arias-sus-recorridos-en-comunidades\\\/#breadcrumb\"},\"inLanguage\":\"es\",\"potentialAction\":[{\"@type\":\"ReadAction\",\"target\":[\"https:\\\/\\\/expressometro.mx\\\/index.php\\\/2021\\\/05\\\/09\\\/concentra-marisol-arias-sus-recorridos-en-comunidades\\\/\"]}]},{\"@type\":\"ImageObject\",\"inLanguage\":\"es\",\"@id\":\"https:\\\/\\\/expressometro.mx\\\/index.php\\\/2021\\\/05\\\/09\\\/concentra-marisol-arias-sus-recorridos-en-comunidades\\\/#primaryimage\",\"url\":\"https:\\\/\\\/expressometro.mx\\\/wp-content\\\/uploads\\\/2021\\\/05\\\/WhatsApp-Image-2021-05-09-at-19.34.49.jpeg\",\"contentUrl\":\"https:\\\/\\\/expressometro.mx\\\/wp-content\\\/uploads\\\/2021\\\/05\\\/WhatsApp-Image-2021-05-09-at-19.34.49.jpeg\",\"width\":1600,\"height\":1060},{\"@type\":\"BreadcrumbList\",\"@id\":\"https:\\\/\\\/expressometro.mx\\\/index.php\\\/2021\\\/05\\\/09\\\/concentra-marisol-arias-sus-recorridos-en-comunidades\\\/#breadcrumb\",\"itemListElement\":[{\"@type\":\"ListItem\",\"position\":1,\"name\":\"Inicio\",\"item\":\"https:\\\/\\\/expressometro.mx\\\/\"},{\"@type\":\"ListItem\",\"position\":2,\"name\":\"CONCENTRA MARISOL ARIAS SUS RECORRIDOS EN COMUNIDADES\"}]},{\"@type\":\"WebSite\",\"@id\":\"https:\\\/\\\/expressometro.mx\\\/#website\",\"url\":\"https:\\\/\\\/expressometro.mx\\\/\",\"name\":\"Expresso Metropolitano\",\"description\":\"Periodismo comprometido, informaci\u00f3n, investigaci\u00f3n y an\u00e1lisis\",\"publisher\":{\"@id\":\"https:\\\/\\\/expressometro.mx\\\/#organization\"},\"potentialAction\":[{\"@type\":\"SearchAction\",\"target\":{\"@type\":\"EntryPoint\",\"urlTemplate\":\"https:\\\/\\\/expressometro.mx\\\/?s={search_term_string}\"},\"query-input\":{\"@type\":\"PropertyValueSpecification\",\"valueRequired\":true,\"valueName\":\"search_term_string\"}}],\"inLanguage\":\"es\"},{\"@type\":\"Organization\",\"@id\":\"https:\\\/\\\/expressometro.mx\\\/#organization\",\"name\":\"Expresso Metropolitano\",\"url\":\"https:\\\/\\\/expressometro.mx\\\/\",\"logo\":{\"@type\":\"ImageObject\",\"inLanguage\":\"es\",\"@id\":\"https:\\\/\\\/expressometro.mx\\\/#\\\/schema\\\/logo\\\/image\\\/\",\"url\":\"https:\\\/\\\/expressometro.mx\\\/wp-content\\\/uploads\\\/2019\\\/07\\\/cropped-Logo-Expresso-Metropolitano-1-1.jpeg\",\"contentUrl\":\"https:\\\/\\\/expressometro.mx\\\/wp-content\\\/uploads\\\/2019\\\/07\\\/cropped-Logo-Expresso-Metropolitano-1-1.jpeg\",\"width\":290,\"height\":73,\"caption\":\"Expresso Metropolitano\"},\"image\":{\"@id\":\"https:\\\/\\\/expressometro.mx\\\/#\\\/schema\\\/logo\\\/image\\\/\"}},{\"@type\":\"Person\",\"@id\":\"https:\\\/\\\/expressometro.mx\\\/#\\\/schema\\\/person\\\/67a95b8e3862085c7598f66237488f1f\",\"name\":\"Cecilia Vega\",\"image\":{\"@type\":\"ImageObject\",\"inLanguage\":\"es\",\"@id\":\"https:\\\/\\\/secure.gravatar.com\\\/avatar\\\/13aae9944ab2ee472a9e407c9487fdbd03b049abaa559af32fe5dbcf615c981b?s=96&d=mm&r=g\",\"url\":\"https:\\\/\\\/secure.gravatar.com\\\/avatar\\\/13aae9944ab2ee472a9e407c9487fdbd03b049abaa559af32fe5dbcf615c981b?s=96&d=mm&r=g\",\"contentUrl\":\"https:\\\/\\\/secure.gravatar.com\\\/avatar\\\/13aae9944ab2ee472a9e407c9487fdbd03b049abaa559af32fe5dbcf615c981b?s=96&d=mm&r=g\",\"caption\":\"Cecilia Vega\"},\"url\":\"https:\\\/\\\/expressometro.mx\\\/index.php\\\/author\\\/cecilia-vega\\\/\"}]}<\/script>\n<!-- \/ Yoast SEO plugin. -->","yoast_head_json":{"title":"CONCENTRA MARISOL ARIAS SUS RECORRIDOS EN COMUNIDADES - Expresso Metropolitano","robots":{"index":"index","follow":"follow","max-snippet":"max-snippet:-1","max-image-preview":"max-image-preview:large","max-video-preview":"max-video-preview:-1"},"canonical":"https:\/\/expressometro.mx\/index.php\/2021\/05\/09\/concentra-marisol-arias-sus-recorridos-en-comunidades\/","og_locale":"es_MX","og_type":"article","og_title":"CONCENTRA MARISOL ARIAS SUS RECORRIDOS EN COMUNIDADES - Expresso Metropolitano","og_description":"As\u00ed mismo la candidata de la alianza \u201cVa por el Estado de M\u00e9xico \u201c se\u00f1al\u00f3 que como parte de las acciones, una vez en la presidencia municipal, la gesti\u00f3n de apoyos para el campo ser\u00e1 una constante en su gobierno.","og_url":"https:\/\/expressometro.mx\/index.php\/2021\/05\/09\/concentra-marisol-arias-sus-recorridos-en-comunidades\/","og_site_name":"Expresso Metropolitano","article_published_time":"2021-05-10T02:26:14+00:00","article_modified_time":"2021-05-10T02:26:16+00:00","og_image":[{"width":1600,"height":1060,"url":"https:\/\/expressometro.mx\/wp-content\/uploads\/2021\/05\/WhatsApp-Image-2021-05-09-at-19.34.49.jpeg","type":"image\/jpeg"}],"author":"Cecilia Vega","twitter_misc":{"Escrito por":"Cecilia Vega","Tiempo de lectura":"2 minutos"},"schema":{"@context":"https:\/\/schema.org","@graph":[{"@type":"Article","@id":"https:\/\/expressometro.mx\/index.php\/2021\/05\/09\/concentra-marisol-arias-sus-recorridos-en-comunidades\/#article","isPartOf":{"@id":"https:\/\/expressometro.mx\/index.php\/2021\/05\/09\/concentra-marisol-arias-sus-recorridos-en-comunidades\/"},"author":{"name":"Cecilia Vega","@id":"https:\/\/expressometro.mx\/#\/schema\/person\/67a95b8e3862085c7598f66237488f1f"},"headline":"CONCENTRA MARISOL ARIAS SUS RECORRIDOS EN COMUNIDADES","datePublished":"2021-05-10T02:26:14+00:00","dateModified":"2021-05-10T02:26:16+00:00","mainEntityOfPage":{"@id":"https:\/\/expressometro.mx\/index.php\/2021\/05\/09\/concentra-marisol-arias-sus-recorridos-en-comunidades\/"},"wordCount":231,"commentCount":0,"publisher":{"@id":"https:\/\/expressometro.mx\/#organization"},"image":{"@id":"https:\/\/expressometro.mx\/index.php\/2021\/05\/09\/concentra-marisol-arias-sus-recorridos-en-comunidades\/#primaryimage"},"thumbnailUrl":"https:\/\/expressometro.mx\/wp-content\/uploads\/2021\/05\/WhatsApp-Image-2021-05-09-at-19.34.49.jpeg","keywords":["Atlacomulco","Marisol Arias"],"articleSection":["Gobierno","Pol\u00edtica"],"inLanguage":"es","potentialAction":[{"@type":"CommentAction","name":"Comment","target":["https:\/\/expressometro.mx\/index.php\/2021\/05\/09\/concentra-marisol-arias-sus-recorridos-en-comunidades\/#respond"]}]},{"@type":"WebPage","@id":"https:\/\/expressometro.mx\/index.php\/2021\/05\/09\/concentra-marisol-arias-sus-recorridos-en-comunidades\/","url":"https:\/\/expressometro.mx\/index.php\/2021\/05\/09\/concentra-marisol-arias-sus-recorridos-en-comunidades\/","name":"CONCENTRA MARISOL ARIAS SUS RECORRIDOS EN COMUNIDADES - Expresso Metropolitano","isPartOf":{"@id":"https:\/\/expressometro.mx\/#website"},"primaryImageOfPage":{"@id":"https:\/\/expressometro.mx\/index.php\/2021\/05\/09\/concentra-marisol-arias-sus-recorridos-en-comunidades\/#primaryimage"},"image":{"@id":"https:\/\/expressometro.mx\/index.php\/2021\/05\/09\/concentra-marisol-arias-sus-recorridos-en-comunidades\/#primaryimage"},"thumbnailUrl":"https:\/\/expressometro.mx\/wp-content\/uploads\/2021\/05\/WhatsApp-Image-2021-05-09-at-19.34.49.jpeg","datePublished":"2021-05-10T02:26:14+00:00","dateModified":"2021-05-10T02:26:16+00:00","breadcrumb":{"@id":"https:\/\/expressometro.mx\/index.php\/2021\/05\/09\/concentra-marisol-arias-sus-recorridos-en-comunidades\/#breadcrumb"},"inLanguage":"es","potentialAction":[{"@type":"ReadAction","target":["https:\/\/expressometro.mx\/index.php\/2021\/05\/09\/concentra-marisol-arias-sus-recorridos-en-comunidades\/"]}]},{"@type":"ImageObject","inLanguage":"es","@id":"https:\/\/expressometro.mx\/index.php\/2021\/05\/09\/concentra-marisol-arias-sus-recorridos-en-comunidades\/#primaryimage","url":"https:\/\/expressometro.mx\/wp-content\/uploads\/2021\/05\/WhatsApp-Image-2021-05-09-at-19.34.49.jpeg","contentUrl":"https:\/\/expressometro.mx\/wp-content\/uploads\/2021\/05\/WhatsApp-Image-2021-05-09-at-19.34.49.jpeg","width":1600,"height":1060},{"@type":"BreadcrumbList","@id":"https:\/\/expressometro.mx\/index.php\/2021\/05\/09\/concentra-marisol-arias-sus-recorridos-en-comunidades\/#breadcrumb","itemListElement":[{"@type":"ListItem","position":1,"name":"Inicio","item":"https:\/\/expressometro.mx\/"},{"@type":"ListItem","position":2,"name":"CONCENTRA MARISOL ARIAS SUS RECORRIDOS EN COMUNIDADES"}]},{"@type":"WebSite","@id":"https:\/\/expressometro.mx\/#website","url":"https:\/\/expressometro.mx\/","name":"Expresso Metropolitano","description":"Periodismo comprometido, informaci\u00f3n, investigaci\u00f3n y an\u00e1lisis","publisher":{"@id":"https:\/\/expressometro.mx\/#organization"},"potentialAction":[{"@type":"SearchAction","target":{"@type":"EntryPoint","urlTemplate":"https:\/\/expressometro.mx\/?s={search_term_string}"},"query-input":{"@type":"PropertyValueSpecification","valueRequired":true,"valueName":"search_term_string"}}],"inLanguage":"es"},{"@type":"Organization","@id":"https:\/\/expressometro.mx\/#organization","name":"Expresso Metropolitano","url":"https:\/\/expressometro.mx\/","logo":{"@type":"ImageObject","inLanguage":"es","@id":"https:\/\/expressometro.mx\/#\/schema\/logo\/image\/","url":"https:\/\/expressometro.mx\/wp-content\/uploads\/2019\/07\/cropped-Logo-Expresso-Metropolitano-1-1.jpeg","contentUrl":"https:\/\/expressometro.mx\/wp-content\/uploads\/2019\/07\/cropped-Logo-Expresso-Metropolitano-1-1.jpeg","width":290,"height":73,"caption":"Expresso Metropolitano"},"image":{"@id":"https:\/\/expressometro.mx\/#\/schema\/logo\/image\/"}},{"@type":"Person","@id":"https:\/\/expressometro.mx\/#\/schema\/person\/67a95b8e3862085c7598f66237488f1f","name":"Cecilia Vega","image":{"@type":"ImageObject","inLanguage":"es","@id":"https:\/\/secure.gravatar.com\/avatar\/13aae9944ab2ee472a9e407c9487fdbd03b049abaa559af32fe5dbcf615c981b?s=96&d=mm&r=g","url":"https:\/\/secure.gravatar.com\/avatar\/13aae9944ab2ee472a9e407c9487fdbd03b049abaa559af32fe5dbcf615c981b?s=96&d=mm&r=g","contentUrl":"https:\/\/secure.gravatar.com\/avatar\/13aae9944ab2ee472a9e407c9487fdbd03b049abaa559af32fe5dbcf615c981b?s=96&d=mm&r=g","caption":"Cecilia Vega"},"url":"https:\/\/expressometro.mx\/index.php\/author\/cecilia-vega\/"}]}},"amp_enabled":true,"_links":{"self":[{"href":"https:\/\/expressometro.mx\/index.php\/wp-json\/wp\/v2\/posts\/2528","targetHints":{"allow":["GET"]}}],"collection":[{"href":"https:\/\/expressometro.mx\/index.php\/wp-json\/wp\/v2\/posts"}],"about":[{"href":"https:\/\/expressometro.mx\/index.php\/wp-json\/wp\/v2\/types\/post"}],"author":[{"embeddable":true,"href":"https:\/\/expressometro.mx\/index.php\/wp-json\/wp\/v2\/users\/2"}],"replies":[{"embeddable":true,"href":"https:\/\/expressometro.mx\/index.php\/wp-json\/wp\/v2\/comments?post=2528"}],"version-history":[{"count":1,"href":"https:\/\/expressometro.mx\/index.php\/wp-json\/wp\/v2\/posts\/2528\/revisions"}],"predecessor-version":[{"id":2531,"href":"https:\/\/expressometro.mx\/index.php\/wp-json\/wp\/v2\/posts\/2528\/revisions\/2531"}],"wp:featuredmedia":[{"embeddable":true,"href":"https:\/\/expressometro.mx\/index.php\/wp-json\/wp\/v2\/media\/2529"}],"wp:attachment":[{"href":"https:\/\/expressometro.mx\/index.php\/wp-json\/wp\/v2\/media?parent=2528"}],"wp:term":[{"taxonomy":"category","embeddable":true,"href":"https:\/\/expressometro.mx\/index.php\/wp-json\/wp\/v2\/categories?post=2528"},{"taxonomy":"post_tag","embeddable":true,"href":"https:\/\/expressometro.mx\/index.php\/wp-json\/wp\/v2\/tags?post=2528"}],"curies":[{"name":"wp","href":"https:\/\/api.w.org\/{rel}","templated":true}]}}