{"id":251,"date":"2019-08-26T09:13:12","date_gmt":"2019-08-26T14:13:12","guid":{"rendered":"http:\/\/expressometro.mx\/?p=251"},"modified":"2019-09-25T10:38:22","modified_gmt":"2019-09-25T15:38:22","slug":"anuncia-alfredo-del-mazo-entrega-de-apoyos-para-rehabilitar-mas-de-9-mil-200-escuelas-de-educacion-basica","status":"publish","type":"post","link":"https:\/\/expressometro.mx\/index.php\/2019\/08\/26\/anuncia-alfredo-del-mazo-entrega-de-apoyos-para-rehabilitar-mas-de-9-mil-200-escuelas-de-educacion-basica\/","title":{"rendered":"ANUNCIA ALFREDO DEL MAZO ENTREGA DE APOYOS PARA REHABILITAR M\u00c1S DE 9 MIL 200 ESCUELAS DE EDUCACI\u00d3N B\u00c1SICA"},"content":{"rendered":"\n<p>Al poner en marcha el Ciclo Escolar 2019-2020 en el Estado de M\u00e9xico, el Gobernador Alfredo Del Mazo Maza anunci\u00f3 que la administraci\u00f3n estatal entregar\u00e1 m\u00e1s de 13 mil paquetes con materiales como pintura, impermeabilizante o equipo de c\u00f3mputo, para mejorar 9 mil 231 planteles educativos, e impulsar la educaci\u00f3n de los estudiantes en todos los municipios mexiquenses.<\/p>\n\n\n\n<p>\u201cDentro de un gran esfuerzo que estamos haciendo, todos los municipios del Estado de M\u00e9xico estar\u00e1n recibiendo tambi\u00e9n un paquete de mobiliario escolar; estaremos entregando m\u00e1s de 13 mil paquetes escolares en las distintas escuelas, que van desde mejoramiento de aulas, con pintura, impermeabilizante para mejorar las instalaciones. Van desde laboratorios de c\u00f3mputo, kits de ciencias, kits deportivos que se estar\u00e1n recibiendo en m\u00e1s de 9 mil 231 escuelas de todo el Estado de M\u00e9xico\u201d, dio a conocer.<\/p>\n\n\n\n<p>Tras dar la bienvenida a los cerca de 3 millones 300 mil estudiantes de educaci\u00f3n b\u00e1sica que este d\u00eda iniciaron clases, el mandatario mexiquense destac\u00f3 que el sector educativo comenzar\u00e1 el reparto de libros de texto gratuito y de paquetes de \u00fatiles escolares, en los 125 municipios de la entidad, ya que as\u00ed se apoya la econom\u00eda familiar y se otorgan m\u00e1s herramientas para que los estudiantes no dejen sus estudios por falta de recursos.<\/p>\n\n\n\n<p>\u201cLa otra parte importante es la entrega de los \u00fatiles escolares que ayudan a la econom\u00eda familiar, que las mam\u00e1s, los pap\u00e1s el d\u00eda de hoy que est\u00e1n aqu\u00ed con ustedes, o que los vinieron a dejar hace un ratito a la hora de la entrada, sepan que van a contar con este apoyo, y que estaremos repartiendo a lo largo de los pr\u00f3ximos d\u00edas a m\u00e1s de 3 millones de alumnos; todos los alumnos de preescolar, de primaria y de secundaria tendr\u00e1n sus libros de texto gratuitos y que estaremos repartiendo en los pr\u00f3ximos d\u00edas\u201d, inform\u00f3.<\/p>\n\n\n\n<p>Asimismo, explic\u00f3 que el Gobierno de M\u00e9xico distribuir\u00e1 libros de texto gratuitos a m\u00e1s de 24 millones de alumnos en el pa\u00eds, entre ellos, los Libros del Rinc\u00f3n, que est\u00e1n escritos en lenguas ind\u00edgenas, adem\u00e1s de otros textos en Braille o en formato macro-tipo, para apoyar a los escolares con debilidad visual o con ceguera.<\/p>\n\n\n\n<p>En la Primaria \u201cGral. L\u00e1zaro C\u00e1rdenas del R\u00edo\u201d, en la capital mexiquense, donde se reunieron alumnos, docentes, directivos, padres de familia y autoridades del Gobierno estatal, Del Mazo Maza tambi\u00e9n dio la bienvenida al ciclo escolar a los m\u00e1s de 141 mil profesores de educaci\u00f3n b\u00e1sica, a quienes inst\u00f3 a esforzarse y estar al pendiente de la formaci\u00f3n de las actuales y las futuras generaciones.<\/p>\n\n\n\n<p>\u201cEl d\u00eda de hoy me da much\u00edsimo gusto darles la bienvenida a todas las ni\u00f1as y ni\u00f1os de esta escuela primaria y de todas las escuelas primarias de nuestro estado porque son m\u00e1s de 3 millones 300 mil alumnos que hoy en d\u00eda est\u00e1n regresando a clases.<\/p>\n\n\n\n<p>\u201cVan a tener a su lado a las maestras y maestros que siempre est\u00e1n pendientes de ustedes y que hoy, en este inicio a clases, tambi\u00e9n les agradecemos y reconocemos por ese sacrificio y ese esfuerzo que hacen para apoyar a la formaci\u00f3n de nuestras presentes y futuras generaciones, les damos la m\u00e1s cordial bienvenida a los m\u00e1s de 141 mil maestros que hoy regresan a dar clases a este sistema educativo\u201d, expres\u00f3.<\/p>\n\n\n\n<p>Alfredo Del Mazo consider\u00f3 que hoy en d\u00eda el sector educativo, en el estado y en el pa\u00eds, enfrenta un gran reto para evitar la deserci\u00f3n escolar, ya que de cada 100 alumnos que inician su educaci\u00f3n primaria, solamente 13 terminan su educaci\u00f3n superior, por lo que invit\u00f3 a estudiantes, padres de familia y maestros a comprometerse para no abandonar la escuela, ya que as\u00ed se lograr\u00e1 potenciar el desarrollo de la sociedad mexiquense.<\/p>\n\n\n\n<p>Durante el evento, el mandatario estatal realiz\u00f3 la entrega simb\u00f3lica de paquetes de \u00fatiles escolares y libros de texto gratuitos a los alumnos de este plantel, acci\u00f3n que se replic\u00f3 de manera simult\u00e1nea en ceremonias similares encabezadas por autoridades del Gobierno estatal en los 125 municipios del Estado de M\u00e9xico.<\/p>\n\n\n\n<p>El Secretario de Educaci\u00f3n, Alejandro Fern\u00e1ndez Campillo, expres\u00f3 que el Gobierno del estado apoya a todas las ni\u00f1as, ni\u00f1os y j\u00f3venes para que tengan la oportunidad de estudiar, recibiendo una educaci\u00f3n incluyente, equitativa y de calidad.<\/p>\n\n\n\n<p>Agreg\u00f3 que el esfuerzo educativo que se realiza en el Estado de M\u00e9xico, \u201crequiere de la participaci\u00f3n y el trabajo de alumnos, maestras, maestros, padres de familia y autoridades educativas, quienes al realizar lo que les corresponde fortalecen m\u00e1s a la escuela, para que sean motor de progreso y prosperidad para todos los mexiquenses\u201d.<\/p>\n","protected":false},"excerpt":{"rendered":"<p>Al poner en marcha el Ciclo Escolar 2019-2020 en el Estado de M\u00e9xico, el Gobernador Alfredo Del Mazo Maza anunci\u00f3 que la administraci\u00f3n estatal entregar\u00e1 m\u00e1s de 13 mil paquetes con materiales como pintura, impermeabilizante o equipo de c\u00f3mputo, para mejorar 9 mil 231 planteles educativos, e impulsar la educaci\u00f3n de los estudiantes en todos los municipios mexiquenses. \u201cDentro de un gran esfuerzo que estamos haciendo, todos los municipios del Estado de M\u00e9xico estar\u00e1n recibiendo tambi\u00e9n un paquete de mobiliario escolar; estaremos entregando m\u00e1s de 13 mil paquetes escolares en&hellip;<\/p>\n","protected":false},"author":1,"featured_media":0,"comment_status":"open","ping_status":"open","sticky":false,"template":"","format":"standard","meta":{"footnotes":""},"categories":[11],"tags":[],"class_list":["post-251","post","type-post","status-publish","format-standard","hentry","category-cultura"],"yoast_head":"<!-- This site is optimized with the Yoast SEO plugin v27.5 - https:\/\/yoast.com\/product\/yoast-seo-wordpress\/ -->\n<title>ANUNCIA ALFREDO DEL MAZO ENTREGA DE APOYOS PARA REHABILITAR M\u00c1S DE 9 MIL 200 ESCUELAS DE EDUCACI\u00d3N B\u00c1SICA - Expresso Metropolitano<\/title>\n<meta name=\"robots\" content=\"index, follow, max-snippet:-1, max-image-preview:large, max-video-preview:-1\" \/>\n<link rel=\"canonical\" href=\"https:\/\/expressometro.mx\/index.php\/2019\/08\/26\/anuncia-alfredo-del-mazo-entrega-de-apoyos-para-rehabilitar-mas-de-9-mil-200-escuelas-de-educacion-basica\/\" \/>\n<meta property=\"og:locale\" content=\"es_MX\" \/>\n<meta property=\"og:type\" content=\"article\" \/>\n<meta property=\"og:title\" content=\"ANUNCIA ALFREDO DEL MAZO ENTREGA DE APOYOS PARA REHABILITAR M\u00c1S DE 9 MIL 200 ESCUELAS DE EDUCACI\u00d3N B\u00c1SICA - Expresso Metropolitano\" \/>\n<meta property=\"og:description\" content=\"Al poner en marcha el Ciclo Escolar 2019-2020 en el Estado de M\u00e9xico, el Gobernador Alfredo Del Mazo Maza anunci\u00f3 que la administraci\u00f3n estatal entregar\u00e1 m\u00e1s de 13 mil paquetes con materiales como pintura, impermeabilizante o equipo de c\u00f3mputo, para mejorar 9 mil 231 planteles educativos, e impulsar la educaci\u00f3n de los estudiantes en todos los municipios mexiquenses. \u201cDentro de un gran esfuerzo que estamos haciendo, todos los municipios del Estado de M\u00e9xico estar\u00e1n recibiendo tambi\u00e9n un paquete de mobiliario escolar; estaremos entregando m\u00e1s de 13 mil paquetes escolares en&hellip;\" \/>\n<meta property=\"og:url\" content=\"https:\/\/expressometro.mx\/index.php\/2019\/08\/26\/anuncia-alfredo-del-mazo-entrega-de-apoyos-para-rehabilitar-mas-de-9-mil-200-escuelas-de-educacion-basica\/\" \/>\n<meta property=\"og:site_name\" content=\"Expresso Metropolitano\" \/>\n<meta property=\"article:published_time\" content=\"2019-08-26T14:13:12+00:00\" \/>\n<meta property=\"article:modified_time\" content=\"2019-09-25T15:38:22+00:00\" \/>\n<meta property=\"og:image\" content=\"https:\/\/expressometro.mx\/wp-content\/uploads\/2019\/08\/w2_8758_5.jpg\" \/>\n\t<meta property=\"og:image:width\" content=\"1745\" \/>\n\t<meta property=\"og:image:height\" content=\"2000\" \/>\n\t<meta property=\"og:image:type\" content=\"image\/jpeg\" \/>\n<meta name=\"author\" content=\"Expresso Metropolitano\" \/>\n<meta name=\"twitter:label1\" content=\"Escrito por\" \/>\n\t<meta name=\"twitter:data1\" content=\"Expresso Metropolitano\" \/>\n\t<meta name=\"twitter:label2\" content=\"Tiempo de lectura\" \/>\n\t<meta name=\"twitter:data2\" content=\"4 minutos\" \/>\n<script type=\"application\/ld+json\" class=\"yoast-schema-graph\">{\"@context\":\"https:\\\/\\\/schema.org\",\"@graph\":[{\"@type\":\"Article\",\"@id\":\"https:\\\/\\\/expressometro.mx\\\/index.php\\\/2019\\\/08\\\/26\\\/anuncia-alfredo-del-mazo-entrega-de-apoyos-para-rehabilitar-mas-de-9-mil-200-escuelas-de-educacion-basica\\\/#article\",\"isPartOf\":{\"@id\":\"https:\\\/\\\/expressometro.mx\\\/index.php\\\/2019\\\/08\\\/26\\\/anuncia-alfredo-del-mazo-entrega-de-apoyos-para-rehabilitar-mas-de-9-mil-200-escuelas-de-educacion-basica\\\/\"},\"author\":{\"name\":\"Expresso Metropolitano\",\"@id\":\"https:\\\/\\\/expressometro.mx\\\/#\\\/schema\\\/person\\\/efa971b4a0664db8ed5c22b1b0dd2f5d\"},\"headline\":\"ANUNCIA ALFREDO DEL MAZO ENTREGA DE APOYOS PARA REHABILITAR M\u00c1S DE 9 MIL 200 ESCUELAS DE EDUCACI\u00d3N B\u00c1SICA\",\"datePublished\":\"2019-08-26T14:13:12+00:00\",\"dateModified\":\"2019-09-25T15:38:22+00:00\",\"mainEntityOfPage\":{\"@id\":\"https:\\\/\\\/expressometro.mx\\\/index.php\\\/2019\\\/08\\\/26\\\/anuncia-alfredo-del-mazo-entrega-de-apoyos-para-rehabilitar-mas-de-9-mil-200-escuelas-de-educacion-basica\\\/\"},\"wordCount\":837,\"commentCount\":0,\"publisher\":{\"@id\":\"https:\\\/\\\/expressometro.mx\\\/#organization\"},\"articleSection\":[\"Cultura\"],\"inLanguage\":\"es\",\"potentialAction\":[{\"@type\":\"CommentAction\",\"name\":\"Comment\",\"target\":[\"https:\\\/\\\/expressometro.mx\\\/index.php\\\/2019\\\/08\\\/26\\\/anuncia-alfredo-del-mazo-entrega-de-apoyos-para-rehabilitar-mas-de-9-mil-200-escuelas-de-educacion-basica\\\/#respond\"]}]},{\"@type\":\"WebPage\",\"@id\":\"https:\\\/\\\/expressometro.mx\\\/index.php\\\/2019\\\/08\\\/26\\\/anuncia-alfredo-del-mazo-entrega-de-apoyos-para-rehabilitar-mas-de-9-mil-200-escuelas-de-educacion-basica\\\/\",\"url\":\"https:\\\/\\\/expressometro.mx\\\/index.php\\\/2019\\\/08\\\/26\\\/anuncia-alfredo-del-mazo-entrega-de-apoyos-para-rehabilitar-mas-de-9-mil-200-escuelas-de-educacion-basica\\\/\",\"name\":\"ANUNCIA ALFREDO DEL MAZO ENTREGA DE APOYOS PARA REHABILITAR M\u00c1S DE 9 MIL 200 ESCUELAS DE EDUCACI\u00d3N B\u00c1SICA - Expresso Metropolitano\",\"isPartOf\":{\"@id\":\"https:\\\/\\\/expressometro.mx\\\/#website\"},\"datePublished\":\"2019-08-26T14:13:12+00:00\",\"dateModified\":\"2019-09-25T15:38:22+00:00\",\"breadcrumb\":{\"@id\":\"https:\\\/\\\/expressometro.mx\\\/index.php\\\/2019\\\/08\\\/26\\\/anuncia-alfredo-del-mazo-entrega-de-apoyos-para-rehabilitar-mas-de-9-mil-200-escuelas-de-educacion-basica\\\/#breadcrumb\"},\"inLanguage\":\"es\",\"potentialAction\":[{\"@type\":\"ReadAction\",\"target\":[\"https:\\\/\\\/expressometro.mx\\\/index.php\\\/2019\\\/08\\\/26\\\/anuncia-alfredo-del-mazo-entrega-de-apoyos-para-rehabilitar-mas-de-9-mil-200-escuelas-de-educacion-basica\\\/\"]}]},{\"@type\":\"BreadcrumbList\",\"@id\":\"https:\\\/\\\/expressometro.mx\\\/index.php\\\/2019\\\/08\\\/26\\\/anuncia-alfredo-del-mazo-entrega-de-apoyos-para-rehabilitar-mas-de-9-mil-200-escuelas-de-educacion-basica\\\/#breadcrumb\",\"itemListElement\":[{\"@type\":\"ListItem\",\"position\":1,\"name\":\"Inicio\",\"item\":\"https:\\\/\\\/expressometro.mx\\\/\"},{\"@type\":\"ListItem\",\"position\":2,\"name\":\"ANUNCIA ALFREDO DEL MAZO ENTREGA DE APOYOS PARA REHABILITAR M\u00c1S DE 9 MIL 200 ESCUELAS DE EDUCACI\u00d3N B\u00c1SICA\"}]},{\"@type\":\"WebSite\",\"@id\":\"https:\\\/\\\/expressometro.mx\\\/#website\",\"url\":\"https:\\\/\\\/expressometro.mx\\\/\",\"name\":\"Expresso Metropolitano\",\"description\":\"Periodismo comprometido, informaci\u00f3n, investigaci\u00f3n y an\u00e1lisis\",\"publisher\":{\"@id\":\"https:\\\/\\\/expressometro.mx\\\/#organization\"},\"potentialAction\":[{\"@type\":\"SearchAction\",\"target\":{\"@type\":\"EntryPoint\",\"urlTemplate\":\"https:\\\/\\\/expressometro.mx\\\/?s={search_term_string}\"},\"query-input\":{\"@type\":\"PropertyValueSpecification\",\"valueRequired\":true,\"valueName\":\"search_term_string\"}}],\"inLanguage\":\"es\"},{\"@type\":\"Organization\",\"@id\":\"https:\\\/\\\/expressometro.mx\\\/#organization\",\"name\":\"Expresso Metropolitano\",\"url\":\"https:\\\/\\\/expressometro.mx\\\/\",\"logo\":{\"@type\":\"ImageObject\",\"inLanguage\":\"es\",\"@id\":\"https:\\\/\\\/expressometro.mx\\\/#\\\/schema\\\/logo\\\/image\\\/\",\"url\":\"https:\\\/\\\/expressometro.mx\\\/wp-content\\\/uploads\\\/2019\\\/07\\\/cropped-Logo-Expresso-Metropolitano-1-1.jpeg\",\"contentUrl\":\"https:\\\/\\\/expressometro.mx\\\/wp-content\\\/uploads\\\/2019\\\/07\\\/cropped-Logo-Expresso-Metropolitano-1-1.jpeg\",\"width\":290,\"height\":73,\"caption\":\"Expresso Metropolitano\"},\"image\":{\"@id\":\"https:\\\/\\\/expressometro.mx\\\/#\\\/schema\\\/logo\\\/image\\\/\"}},{\"@type\":\"Person\",\"@id\":\"https:\\\/\\\/expressometro.mx\\\/#\\\/schema\\\/person\\\/efa971b4a0664db8ed5c22b1b0dd2f5d\",\"name\":\"Expresso Metropolitano\",\"image\":{\"@type\":\"ImageObject\",\"inLanguage\":\"es\",\"@id\":\"https:\\\/\\\/secure.gravatar.com\\\/avatar\\\/a89f802b8de18c6952f223c88d3d106e9e3679839f4e25a02f4a6cc2ae6ba3b3?s=96&d=mm&r=g\",\"url\":\"https:\\\/\\\/secure.gravatar.com\\\/avatar\\\/a89f802b8de18c6952f223c88d3d106e9e3679839f4e25a02f4a6cc2ae6ba3b3?s=96&d=mm&r=g\",\"contentUrl\":\"https:\\\/\\\/secure.gravatar.com\\\/avatar\\\/a89f802b8de18c6952f223c88d3d106e9e3679839f4e25a02f4a6cc2ae6ba3b3?s=96&d=mm&r=g\",\"caption\":\"Expresso Metropolitano\"},\"url\":\"https:\\\/\\\/expressometro.mx\\\/index.php\\\/author\\\/diego\\\/\"}]}<\/script>\n<!-- \/ Yoast SEO plugin. -->","yoast_head_json":{"title":"ANUNCIA ALFREDO DEL MAZO ENTREGA DE APOYOS PARA REHABILITAR M\u00c1S DE 9 MIL 200 ESCUELAS DE EDUCACI\u00d3N B\u00c1SICA - Expresso Metropolitano","robots":{"index":"index","follow":"follow","max-snippet":"max-snippet:-1","max-image-preview":"max-image-preview:large","max-video-preview":"max-video-preview:-1"},"canonical":"https:\/\/expressometro.mx\/index.php\/2019\/08\/26\/anuncia-alfredo-del-mazo-entrega-de-apoyos-para-rehabilitar-mas-de-9-mil-200-escuelas-de-educacion-basica\/","og_locale":"es_MX","og_type":"article","og_title":"ANUNCIA ALFREDO DEL MAZO ENTREGA DE APOYOS PARA REHABILITAR M\u00c1S DE 9 MIL 200 ESCUELAS DE EDUCACI\u00d3N B\u00c1SICA - Expresso Metropolitano","og_description":"Al poner en marcha el Ciclo Escolar 2019-2020 en el Estado de M\u00e9xico, el Gobernador Alfredo Del Mazo Maza anunci\u00f3 que la administraci\u00f3n estatal entregar\u00e1 m\u00e1s de 13 mil paquetes con materiales como pintura, impermeabilizante o equipo de c\u00f3mputo, para mejorar 9 mil 231 planteles educativos, e impulsar la educaci\u00f3n de los estudiantes en todos los municipios mexiquenses. \u201cDentro de un gran esfuerzo que estamos haciendo, todos los municipios del Estado de M\u00e9xico estar\u00e1n recibiendo tambi\u00e9n un paquete de mobiliario escolar; estaremos entregando m\u00e1s de 13 mil paquetes escolares en&hellip;","og_url":"https:\/\/expressometro.mx\/index.php\/2019\/08\/26\/anuncia-alfredo-del-mazo-entrega-de-apoyos-para-rehabilitar-mas-de-9-mil-200-escuelas-de-educacion-basica\/","og_site_name":"Expresso Metropolitano","article_published_time":"2019-08-26T14:13:12+00:00","article_modified_time":"2019-09-25T15:38:22+00:00","og_image":[{"width":1745,"height":2000,"url":"https:\/\/expressometro.mx\/wp-content\/uploads\/2019\/08\/w2_8758_5.jpg","type":"image\/jpeg"}],"author":"Expresso Metropolitano","twitter_misc":{"Escrito por":"Expresso Metropolitano","Tiempo de lectura":"4 minutos"},"schema":{"@context":"https:\/\/schema.org","@graph":[{"@type":"Article","@id":"https:\/\/expressometro.mx\/index.php\/2019\/08\/26\/anuncia-alfredo-del-mazo-entrega-de-apoyos-para-rehabilitar-mas-de-9-mil-200-escuelas-de-educacion-basica\/#article","isPartOf":{"@id":"https:\/\/expressometro.mx\/index.php\/2019\/08\/26\/anuncia-alfredo-del-mazo-entrega-de-apoyos-para-rehabilitar-mas-de-9-mil-200-escuelas-de-educacion-basica\/"},"author":{"name":"Expresso Metropolitano","@id":"https:\/\/expressometro.mx\/#\/schema\/person\/efa971b4a0664db8ed5c22b1b0dd2f5d"},"headline":"ANUNCIA ALFREDO DEL MAZO ENTREGA DE APOYOS PARA REHABILITAR M\u00c1S DE 9 MIL 200 ESCUELAS DE EDUCACI\u00d3N B\u00c1SICA","datePublished":"2019-08-26T14:13:12+00:00","dateModified":"2019-09-25T15:38:22+00:00","mainEntityOfPage":{"@id":"https:\/\/expressometro.mx\/index.php\/2019\/08\/26\/anuncia-alfredo-del-mazo-entrega-de-apoyos-para-rehabilitar-mas-de-9-mil-200-escuelas-de-educacion-basica\/"},"wordCount":837,"commentCount":0,"publisher":{"@id":"https:\/\/expressometro.mx\/#organization"},"articleSection":["Cultura"],"inLanguage":"es","potentialAction":[{"@type":"CommentAction","name":"Comment","target":["https:\/\/expressometro.mx\/index.php\/2019\/08\/26\/anuncia-alfredo-del-mazo-entrega-de-apoyos-para-rehabilitar-mas-de-9-mil-200-escuelas-de-educacion-basica\/#respond"]}]},{"@type":"WebPage","@id":"https:\/\/expressometro.mx\/index.php\/2019\/08\/26\/anuncia-alfredo-del-mazo-entrega-de-apoyos-para-rehabilitar-mas-de-9-mil-200-escuelas-de-educacion-basica\/","url":"https:\/\/expressometro.mx\/index.php\/2019\/08\/26\/anuncia-alfredo-del-mazo-entrega-de-apoyos-para-rehabilitar-mas-de-9-mil-200-escuelas-de-educacion-basica\/","name":"ANUNCIA ALFREDO DEL MAZO ENTREGA DE APOYOS PARA REHABILITAR M\u00c1S DE 9 MIL 200 ESCUELAS DE EDUCACI\u00d3N B\u00c1SICA - Expresso Metropolitano","isPartOf":{"@id":"https:\/\/expressometro.mx\/#website"},"datePublished":"2019-08-26T14:13:12+00:00","dateModified":"2019-09-25T15:38:22+00:00","breadcrumb":{"@id":"https:\/\/expressometro.mx\/index.php\/2019\/08\/26\/anuncia-alfredo-del-mazo-entrega-de-apoyos-para-rehabilitar-mas-de-9-mil-200-escuelas-de-educacion-basica\/#breadcrumb"},"inLanguage":"es","potentialAction":[{"@type":"ReadAction","target":["https:\/\/expressometro.mx\/index.php\/2019\/08\/26\/anuncia-alfredo-del-mazo-entrega-de-apoyos-para-rehabilitar-mas-de-9-mil-200-escuelas-de-educacion-basica\/"]}]},{"@type":"BreadcrumbList","@id":"https:\/\/expressometro.mx\/index.php\/2019\/08\/26\/anuncia-alfredo-del-mazo-entrega-de-apoyos-para-rehabilitar-mas-de-9-mil-200-escuelas-de-educacion-basica\/#breadcrumb","itemListElement":[{"@type":"ListItem","position":1,"name":"Inicio","item":"https:\/\/expressometro.mx\/"},{"@type":"ListItem","position":2,"name":"ANUNCIA ALFREDO DEL MAZO ENTREGA DE APOYOS PARA REHABILITAR M\u00c1S DE 9 MIL 200 ESCUELAS DE EDUCACI\u00d3N B\u00c1SICA"}]},{"@type":"WebSite","@id":"https:\/\/expressometro.mx\/#website","url":"https:\/\/expressometro.mx\/","name":"Expresso Metropolitano","description":"Periodismo comprometido, informaci\u00f3n, investigaci\u00f3n y an\u00e1lisis","publisher":{"@id":"https:\/\/expressometro.mx\/#organization"},"potentialAction":[{"@type":"SearchAction","target":{"@type":"EntryPoint","urlTemplate":"https:\/\/expressometro.mx\/?s={search_term_string}"},"query-input":{"@type":"PropertyValueSpecification","valueRequired":true,"valueName":"search_term_string"}}],"inLanguage":"es"},{"@type":"Organization","@id":"https:\/\/expressometro.mx\/#organization","name":"Expresso Metropolitano","url":"https:\/\/expressometro.mx\/","logo":{"@type":"ImageObject","inLanguage":"es","@id":"https:\/\/expressometro.mx\/#\/schema\/logo\/image\/","url":"https:\/\/expressometro.mx\/wp-content\/uploads\/2019\/07\/cropped-Logo-Expresso-Metropolitano-1-1.jpeg","contentUrl":"https:\/\/expressometro.mx\/wp-content\/uploads\/2019\/07\/cropped-Logo-Expresso-Metropolitano-1-1.jpeg","width":290,"height":73,"caption":"Expresso Metropolitano"},"image":{"@id":"https:\/\/expressometro.mx\/#\/schema\/logo\/image\/"}},{"@type":"Person","@id":"https:\/\/expressometro.mx\/#\/schema\/person\/efa971b4a0664db8ed5c22b1b0dd2f5d","name":"Expresso Metropolitano","image":{"@type":"ImageObject","inLanguage":"es","@id":"https:\/\/secure.gravatar.com\/avatar\/a89f802b8de18c6952f223c88d3d106e9e3679839f4e25a02f4a6cc2ae6ba3b3?s=96&d=mm&r=g","url":"https:\/\/secure.gravatar.com\/avatar\/a89f802b8de18c6952f223c88d3d106e9e3679839f4e25a02f4a6cc2ae6ba3b3?s=96&d=mm&r=g","contentUrl":"https:\/\/secure.gravatar.com\/avatar\/a89f802b8de18c6952f223c88d3d106e9e3679839f4e25a02f4a6cc2ae6ba3b3?s=96&d=mm&r=g","caption":"Expresso Metropolitano"},"url":"https:\/\/expressometro.mx\/index.php\/author\/diego\/"}]}},"amp_enabled":true,"_links":{"self":[{"href":"https:\/\/expressometro.mx\/index.php\/wp-json\/wp\/v2\/posts\/251","targetHints":{"allow":["GET"]}}],"collection":[{"href":"https:\/\/expressometro.mx\/index.php\/wp-json\/wp\/v2\/posts"}],"about":[{"href":"https:\/\/expressometro.mx\/index.php\/wp-json\/wp\/v2\/types\/post"}],"author":[{"embeddable":true,"href":"https:\/\/expressometro.mx\/index.php\/wp-json\/wp\/v2\/users\/1"}],"replies":[{"embeddable":true,"href":"https:\/\/expressometro.mx\/index.php\/wp-json\/wp\/v2\/comments?post=251"}],"version-history":[{"count":1,"href":"https:\/\/expressometro.mx\/index.php\/wp-json\/wp\/v2\/posts\/251\/revisions"}],"predecessor-version":[{"id":253,"href":"https:\/\/expressometro.mx\/index.php\/wp-json\/wp\/v2\/posts\/251\/revisions\/253"}],"wp:attachment":[{"href":"https:\/\/expressometro.mx\/index.php\/wp-json\/wp\/v2\/media?parent=251"}],"wp:term":[{"taxonomy":"category","embeddable":true,"href":"https:\/\/expressometro.mx\/index.php\/wp-json\/wp\/v2\/categories?post=251"},{"taxonomy":"post_tag","embeddable":true,"href":"https:\/\/expressometro.mx\/index.php\/wp-json\/wp\/v2\/tags?post=251"}],"curies":[{"name":"wp","href":"https:\/\/api.w.org\/{rel}","templated":true}]}}