{"id":2449,"date":"2021-04-23T14:38:29","date_gmt":"2021-04-23T19:38:29","guid":{"rendered":"http:\/\/expressometro.mx\/?p=2449"},"modified":"2021-04-23T14:38:34","modified_gmt":"2021-04-23T19:38:34","slug":"rechazo-total-a-la-violencia-en-contra-las-mujeres-couttolenc","status":"publish","type":"post","link":"https:\/\/expressometro.mx\/index.php\/2021\/04\/23\/rechazo-total-a-la-violencia-en-contra-las-mujeres-couttolenc\/","title":{"rendered":"RECHAZO TOTAL A LA VIOLENCIA EN CONTRA LAS MUJERES: COUTTOLENC"},"content":{"rendered":"\n<p>En el Partido Verde no vamos a permitir ning\u00fan tipo de manifestaci\u00f3n de violencia pol\u00edtica contra las mujeres sea o no candidata, dej\u00f3 en claro su dirigente estatal Jos\u00e9 Couttolenc Buentello.<\/p>\n\n\n\n<p>Esto a raz\u00f3n de que durante un evento organizado por Jaime Torres Mar\u00edn en San Felipe del Progreso se derivaron actos de rechazo a la delegada distrital Dora Elena Real Salinas.<\/p>\n\n\n\n<p>En ese sentido, la pol\u00edtica mexiquense asevero que antes de cualquier cargo pol\u00edtico est\u00e1 dispuesta a defender los derechos y la integridad de la mujer por eso \u201cno voy a permitir ning\u00fan tipo de violencia\u201d.<\/p>\n\n\n\n<p>En su momento, Pepe Couttolenc destac\u00f3 que los integrantes del Partido Verde siempre velar\u00e1n por mis derechos de las mujeres y solo con el di\u00e1logo democr\u00e1tico se podr\u00e1 dirimir las diferencias.<\/p>\n\n\n\n<p>Adelant\u00f3 que emprender\u00e1n acciones legales contra todos los que orquestaron los lamentables actos que vulneraron los derechos y libertades de la Mujer.<\/p>\n\n\n\n<p>\u201cJam\u00e1s vamos a permitir actos de violencia adentro ni fuera del partido\u201d dijo Pepe Couttolenc al precisar que el acto de demostraciones se registr\u00f3 en un evento de la militancia del Verde donde accedieron agitadores.<\/p>\n\n\n\n<p>No podemos normalizar la violencia con actos como este donde esta muy marcado el objetivo de aquellos agitadores y que pudo haber acabado en algo muy lamentable, agreg\u00f3.<\/p>\n\n\n\n<figure class=\"wp-block-image size-large\"><img decoding=\"async\" width=\"613\" height=\"480\" src=\"http:\/\/expressometro.mx\/wp-content\/uploads\/2021\/04\/WhatsApp-Image-2021-04-23-at-13.16.00-2-613x480.jpeg\" alt=\"\" class=\"wp-image-2451\" srcset=\"https:\/\/expressometro.mx\/wp-content\/uploads\/2021\/04\/WhatsApp-Image-2021-04-23-at-13.16.00-2-613x480.jpeg 613w, https:\/\/expressometro.mx\/wp-content\/uploads\/2021\/04\/WhatsApp-Image-2021-04-23-at-13.16.00-2-466x365.jpeg 466w, https:\/\/expressometro.mx\/wp-content\/uploads\/2021\/04\/WhatsApp-Image-2021-04-23-at-13.16.00-2-768x601.jpeg 768w, https:\/\/expressometro.mx\/wp-content\/uploads\/2021\/04\/WhatsApp-Image-2021-04-23-at-13.16.00-2.jpeg 975w\" sizes=\"(max-width: 613px) 100vw, 613px\" \/><\/figure>\n","protected":false},"excerpt":{"rendered":"<p>La delegada distrital Dora Elena Real Salinas manifest\u00f3 su rechazo a la violencia que ejercen algunos hombres. <\/p>\n","protected":false},"author":1,"featured_media":2450,"comment_status":"open","ping_status":"open","sticky":false,"template":"","format":"standard","meta":{"footnotes":""},"categories":[1],"tags":[359,263,358],"class_list":["post-2449","post","type-post","status-publish","format-standard","has-post-thumbnail","hentry","category-otros","tag-couttolenc","tag-partido-verde","tag-violencia-de-genero"],"yoast_head":"<!-- This site is optimized with the Yoast SEO plugin v27.5 - https:\/\/yoast.com\/product\/yoast-seo-wordpress\/ -->\n<title>RECHAZO TOTAL A LA VIOLENCIA EN CONTRA LAS MUJERES: COUTTOLENC - Expresso Metropolitano<\/title>\n<meta name=\"robots\" content=\"index, follow, max-snippet:-1, max-image-preview:large, max-video-preview:-1\" \/>\n<link rel=\"canonical\" href=\"https:\/\/expressometro.mx\/index.php\/2021\/04\/23\/rechazo-total-a-la-violencia-en-contra-las-mujeres-couttolenc\/\" \/>\n<meta property=\"og:locale\" content=\"es_MX\" \/>\n<meta property=\"og:type\" content=\"article\" \/>\n<meta property=\"og:title\" content=\"RECHAZO TOTAL A LA VIOLENCIA EN CONTRA LAS MUJERES: COUTTOLENC - Expresso Metropolitano\" \/>\n<meta property=\"og:description\" content=\"La delegada distrital Dora Elena Real Salinas manifest\u00f3 su rechazo a la violencia que ejercen algunos hombres.\" \/>\n<meta property=\"og:url\" content=\"https:\/\/expressometro.mx\/index.php\/2021\/04\/23\/rechazo-total-a-la-violencia-en-contra-las-mujeres-couttolenc\/\" \/>\n<meta property=\"og:site_name\" content=\"Expresso Metropolitano\" \/>\n<meta property=\"article:published_time\" content=\"2021-04-23T19:38:29+00:00\" \/>\n<meta property=\"article:modified_time\" content=\"2021-04-23T19:38:34+00:00\" \/>\n<meta property=\"og:image\" content=\"https:\/\/expressometro.mx\/wp-content\/uploads\/2021\/04\/WhatsApp-Image-2021-04-23-at-13.16.00.jpeg\" \/>\n\t<meta property=\"og:image:width\" content=\"1018\" \/>\n\t<meta property=\"og:image:height\" content=\"804\" \/>\n\t<meta property=\"og:image:type\" content=\"image\/jpeg\" \/>\n<meta name=\"author\" content=\"Expresso Metropolitano\" \/>\n<meta name=\"twitter:label1\" content=\"Escrito por\" \/>\n\t<meta name=\"twitter:data1\" content=\"Expresso Metropolitano\" \/>\n\t<meta name=\"twitter:label2\" content=\"Tiempo de lectura\" \/>\n\t<meta name=\"twitter:data2\" content=\"2 minutos\" \/>\n<script type=\"application\/ld+json\" class=\"yoast-schema-graph\">{\"@context\":\"https:\\\/\\\/schema.org\",\"@graph\":[{\"@type\":\"Article\",\"@id\":\"https:\\\/\\\/expressometro.mx\\\/index.php\\\/2021\\\/04\\\/23\\\/rechazo-total-a-la-violencia-en-contra-las-mujeres-couttolenc\\\/#article\",\"isPartOf\":{\"@id\":\"https:\\\/\\\/expressometro.mx\\\/index.php\\\/2021\\\/04\\\/23\\\/rechazo-total-a-la-violencia-en-contra-las-mujeres-couttolenc\\\/\"},\"author\":{\"name\":\"Expresso Metropolitano\",\"@id\":\"https:\\\/\\\/expressometro.mx\\\/#\\\/schema\\\/person\\\/efa971b4a0664db8ed5c22b1b0dd2f5d\"},\"headline\":\"RECHAZO TOTAL A LA VIOLENCIA EN CONTRA LAS MUJERES: COUTTOLENC\",\"datePublished\":\"2021-04-23T19:38:29+00:00\",\"dateModified\":\"2021-04-23T19:38:34+00:00\",\"mainEntityOfPage\":{\"@id\":\"https:\\\/\\\/expressometro.mx\\\/index.php\\\/2021\\\/04\\\/23\\\/rechazo-total-a-la-violencia-en-contra-las-mujeres-couttolenc\\\/\"},\"wordCount\":236,\"commentCount\":0,\"publisher\":{\"@id\":\"https:\\\/\\\/expressometro.mx\\\/#organization\"},\"image\":{\"@id\":\"https:\\\/\\\/expressometro.mx\\\/index.php\\\/2021\\\/04\\\/23\\\/rechazo-total-a-la-violencia-en-contra-las-mujeres-couttolenc\\\/#primaryimage\"},\"thumbnailUrl\":\"https:\\\/\\\/expressometro.mx\\\/wp-content\\\/uploads\\\/2021\\\/04\\\/WhatsApp-Image-2021-04-23-at-13.16.00.jpeg\",\"keywords\":[\"Couttolenc\",\"Partido Verde\",\"Violencia de g\u00e9nero\"],\"articleSection\":[\"Otros\"],\"inLanguage\":\"es\",\"potentialAction\":[{\"@type\":\"CommentAction\",\"name\":\"Comment\",\"target\":[\"https:\\\/\\\/expressometro.mx\\\/index.php\\\/2021\\\/04\\\/23\\\/rechazo-total-a-la-violencia-en-contra-las-mujeres-couttolenc\\\/#respond\"]}]},{\"@type\":\"WebPage\",\"@id\":\"https:\\\/\\\/expressometro.mx\\\/index.php\\\/2021\\\/04\\\/23\\\/rechazo-total-a-la-violencia-en-contra-las-mujeres-couttolenc\\\/\",\"url\":\"https:\\\/\\\/expressometro.mx\\\/index.php\\\/2021\\\/04\\\/23\\\/rechazo-total-a-la-violencia-en-contra-las-mujeres-couttolenc\\\/\",\"name\":\"RECHAZO TOTAL A LA VIOLENCIA EN CONTRA LAS MUJERES: COUTTOLENC - Expresso Metropolitano\",\"isPartOf\":{\"@id\":\"https:\\\/\\\/expressometro.mx\\\/#website\"},\"primaryImageOfPage\":{\"@id\":\"https:\\\/\\\/expressometro.mx\\\/index.php\\\/2021\\\/04\\\/23\\\/rechazo-total-a-la-violencia-en-contra-las-mujeres-couttolenc\\\/#primaryimage\"},\"image\":{\"@id\":\"https:\\\/\\\/expressometro.mx\\\/index.php\\\/2021\\\/04\\\/23\\\/rechazo-total-a-la-violencia-en-contra-las-mujeres-couttolenc\\\/#primaryimage\"},\"thumbnailUrl\":\"https:\\\/\\\/expressometro.mx\\\/wp-content\\\/uploads\\\/2021\\\/04\\\/WhatsApp-Image-2021-04-23-at-13.16.00.jpeg\",\"datePublished\":\"2021-04-23T19:38:29+00:00\",\"dateModified\":\"2021-04-23T19:38:34+00:00\",\"breadcrumb\":{\"@id\":\"https:\\\/\\\/expressometro.mx\\\/index.php\\\/2021\\\/04\\\/23\\\/rechazo-total-a-la-violencia-en-contra-las-mujeres-couttolenc\\\/#breadcrumb\"},\"inLanguage\":\"es\",\"potentialAction\":[{\"@type\":\"ReadAction\",\"target\":[\"https:\\\/\\\/expressometro.mx\\\/index.php\\\/2021\\\/04\\\/23\\\/rechazo-total-a-la-violencia-en-contra-las-mujeres-couttolenc\\\/\"]}]},{\"@type\":\"ImageObject\",\"inLanguage\":\"es\",\"@id\":\"https:\\\/\\\/expressometro.mx\\\/index.php\\\/2021\\\/04\\\/23\\\/rechazo-total-a-la-violencia-en-contra-las-mujeres-couttolenc\\\/#primaryimage\",\"url\":\"https:\\\/\\\/expressometro.mx\\\/wp-content\\\/uploads\\\/2021\\\/04\\\/WhatsApp-Image-2021-04-23-at-13.16.00.jpeg\",\"contentUrl\":\"https:\\\/\\\/expressometro.mx\\\/wp-content\\\/uploads\\\/2021\\\/04\\\/WhatsApp-Image-2021-04-23-at-13.16.00.jpeg\",\"width\":1018,\"height\":804},{\"@type\":\"BreadcrumbList\",\"@id\":\"https:\\\/\\\/expressometro.mx\\\/index.php\\\/2021\\\/04\\\/23\\\/rechazo-total-a-la-violencia-en-contra-las-mujeres-couttolenc\\\/#breadcrumb\",\"itemListElement\":[{\"@type\":\"ListItem\",\"position\":1,\"name\":\"Inicio\",\"item\":\"https:\\\/\\\/expressometro.mx\\\/\"},{\"@type\":\"ListItem\",\"position\":2,\"name\":\"RECHAZO TOTAL A LA VIOLENCIA EN CONTRA LAS MUJERES: COUTTOLENC\"}]},{\"@type\":\"WebSite\",\"@id\":\"https:\\\/\\\/expressometro.mx\\\/#website\",\"url\":\"https:\\\/\\\/expressometro.mx\\\/\",\"name\":\"Expresso Metropolitano\",\"description\":\"Periodismo comprometido, informaci\u00f3n, investigaci\u00f3n y an\u00e1lisis\",\"publisher\":{\"@id\":\"https:\\\/\\\/expressometro.mx\\\/#organization\"},\"potentialAction\":[{\"@type\":\"SearchAction\",\"target\":{\"@type\":\"EntryPoint\",\"urlTemplate\":\"https:\\\/\\\/expressometro.mx\\\/?s={search_term_string}\"},\"query-input\":{\"@type\":\"PropertyValueSpecification\",\"valueRequired\":true,\"valueName\":\"search_term_string\"}}],\"inLanguage\":\"es\"},{\"@type\":\"Organization\",\"@id\":\"https:\\\/\\\/expressometro.mx\\\/#organization\",\"name\":\"Expresso Metropolitano\",\"url\":\"https:\\\/\\\/expressometro.mx\\\/\",\"logo\":{\"@type\":\"ImageObject\",\"inLanguage\":\"es\",\"@id\":\"https:\\\/\\\/expressometro.mx\\\/#\\\/schema\\\/logo\\\/image\\\/\",\"url\":\"https:\\\/\\\/expressometro.mx\\\/wp-content\\\/uploads\\\/2019\\\/07\\\/cropped-Logo-Expresso-Metropolitano-1-1.jpeg\",\"contentUrl\":\"https:\\\/\\\/expressometro.mx\\\/wp-content\\\/uploads\\\/2019\\\/07\\\/cropped-Logo-Expresso-Metropolitano-1-1.jpeg\",\"width\":290,\"height\":73,\"caption\":\"Expresso Metropolitano\"},\"image\":{\"@id\":\"https:\\\/\\\/expressometro.mx\\\/#\\\/schema\\\/logo\\\/image\\\/\"}},{\"@type\":\"Person\",\"@id\":\"https:\\\/\\\/expressometro.mx\\\/#\\\/schema\\\/person\\\/efa971b4a0664db8ed5c22b1b0dd2f5d\",\"name\":\"Expresso Metropolitano\",\"image\":{\"@type\":\"ImageObject\",\"inLanguage\":\"es\",\"@id\":\"https:\\\/\\\/secure.gravatar.com\\\/avatar\\\/a89f802b8de18c6952f223c88d3d106e9e3679839f4e25a02f4a6cc2ae6ba3b3?s=96&d=mm&r=g\",\"url\":\"https:\\\/\\\/secure.gravatar.com\\\/avatar\\\/a89f802b8de18c6952f223c88d3d106e9e3679839f4e25a02f4a6cc2ae6ba3b3?s=96&d=mm&r=g\",\"contentUrl\":\"https:\\\/\\\/secure.gravatar.com\\\/avatar\\\/a89f802b8de18c6952f223c88d3d106e9e3679839f4e25a02f4a6cc2ae6ba3b3?s=96&d=mm&r=g\",\"caption\":\"Expresso Metropolitano\"},\"url\":\"https:\\\/\\\/expressometro.mx\\\/index.php\\\/author\\\/diego\\\/\"}]}<\/script>\n<!-- \/ Yoast SEO plugin. -->","yoast_head_json":{"title":"RECHAZO TOTAL A LA VIOLENCIA EN CONTRA LAS MUJERES: COUTTOLENC - Expresso Metropolitano","robots":{"index":"index","follow":"follow","max-snippet":"max-snippet:-1","max-image-preview":"max-image-preview:large","max-video-preview":"max-video-preview:-1"},"canonical":"https:\/\/expressometro.mx\/index.php\/2021\/04\/23\/rechazo-total-a-la-violencia-en-contra-las-mujeres-couttolenc\/","og_locale":"es_MX","og_type":"article","og_title":"RECHAZO TOTAL A LA VIOLENCIA EN CONTRA LAS MUJERES: COUTTOLENC - Expresso Metropolitano","og_description":"La delegada distrital Dora Elena Real Salinas manifest\u00f3 su rechazo a la violencia que ejercen algunos hombres.","og_url":"https:\/\/expressometro.mx\/index.php\/2021\/04\/23\/rechazo-total-a-la-violencia-en-contra-las-mujeres-couttolenc\/","og_site_name":"Expresso Metropolitano","article_published_time":"2021-04-23T19:38:29+00:00","article_modified_time":"2021-04-23T19:38:34+00:00","og_image":[{"width":1018,"height":804,"url":"https:\/\/expressometro.mx\/wp-content\/uploads\/2021\/04\/WhatsApp-Image-2021-04-23-at-13.16.00.jpeg","type":"image\/jpeg"}],"author":"Expresso Metropolitano","twitter_misc":{"Escrito por":"Expresso Metropolitano","Tiempo de lectura":"2 minutos"},"schema":{"@context":"https:\/\/schema.org","@graph":[{"@type":"Article","@id":"https:\/\/expressometro.mx\/index.php\/2021\/04\/23\/rechazo-total-a-la-violencia-en-contra-las-mujeres-couttolenc\/#article","isPartOf":{"@id":"https:\/\/expressometro.mx\/index.php\/2021\/04\/23\/rechazo-total-a-la-violencia-en-contra-las-mujeres-couttolenc\/"},"author":{"name":"Expresso Metropolitano","@id":"https:\/\/expressometro.mx\/#\/schema\/person\/efa971b4a0664db8ed5c22b1b0dd2f5d"},"headline":"RECHAZO TOTAL A LA VIOLENCIA EN CONTRA LAS MUJERES: COUTTOLENC","datePublished":"2021-04-23T19:38:29+00:00","dateModified":"2021-04-23T19:38:34+00:00","mainEntityOfPage":{"@id":"https:\/\/expressometro.mx\/index.php\/2021\/04\/23\/rechazo-total-a-la-violencia-en-contra-las-mujeres-couttolenc\/"},"wordCount":236,"commentCount":0,"publisher":{"@id":"https:\/\/expressometro.mx\/#organization"},"image":{"@id":"https:\/\/expressometro.mx\/index.php\/2021\/04\/23\/rechazo-total-a-la-violencia-en-contra-las-mujeres-couttolenc\/#primaryimage"},"thumbnailUrl":"https:\/\/expressometro.mx\/wp-content\/uploads\/2021\/04\/WhatsApp-Image-2021-04-23-at-13.16.00.jpeg","keywords":["Couttolenc","Partido Verde","Violencia de g\u00e9nero"],"articleSection":["Otros"],"inLanguage":"es","potentialAction":[{"@type":"CommentAction","name":"Comment","target":["https:\/\/expressometro.mx\/index.php\/2021\/04\/23\/rechazo-total-a-la-violencia-en-contra-las-mujeres-couttolenc\/#respond"]}]},{"@type":"WebPage","@id":"https:\/\/expressometro.mx\/index.php\/2021\/04\/23\/rechazo-total-a-la-violencia-en-contra-las-mujeres-couttolenc\/","url":"https:\/\/expressometro.mx\/index.php\/2021\/04\/23\/rechazo-total-a-la-violencia-en-contra-las-mujeres-couttolenc\/","name":"RECHAZO TOTAL A LA VIOLENCIA EN CONTRA LAS MUJERES: COUTTOLENC - Expresso Metropolitano","isPartOf":{"@id":"https:\/\/expressometro.mx\/#website"},"primaryImageOfPage":{"@id":"https:\/\/expressometro.mx\/index.php\/2021\/04\/23\/rechazo-total-a-la-violencia-en-contra-las-mujeres-couttolenc\/#primaryimage"},"image":{"@id":"https:\/\/expressometro.mx\/index.php\/2021\/04\/23\/rechazo-total-a-la-violencia-en-contra-las-mujeres-couttolenc\/#primaryimage"},"thumbnailUrl":"https:\/\/expressometro.mx\/wp-content\/uploads\/2021\/04\/WhatsApp-Image-2021-04-23-at-13.16.00.jpeg","datePublished":"2021-04-23T19:38:29+00:00","dateModified":"2021-04-23T19:38:34+00:00","breadcrumb":{"@id":"https:\/\/expressometro.mx\/index.php\/2021\/04\/23\/rechazo-total-a-la-violencia-en-contra-las-mujeres-couttolenc\/#breadcrumb"},"inLanguage":"es","potentialAction":[{"@type":"ReadAction","target":["https:\/\/expressometro.mx\/index.php\/2021\/04\/23\/rechazo-total-a-la-violencia-en-contra-las-mujeres-couttolenc\/"]}]},{"@type":"ImageObject","inLanguage":"es","@id":"https:\/\/expressometro.mx\/index.php\/2021\/04\/23\/rechazo-total-a-la-violencia-en-contra-las-mujeres-couttolenc\/#primaryimage","url":"https:\/\/expressometro.mx\/wp-content\/uploads\/2021\/04\/WhatsApp-Image-2021-04-23-at-13.16.00.jpeg","contentUrl":"https:\/\/expressometro.mx\/wp-content\/uploads\/2021\/04\/WhatsApp-Image-2021-04-23-at-13.16.00.jpeg","width":1018,"height":804},{"@type":"BreadcrumbList","@id":"https:\/\/expressometro.mx\/index.php\/2021\/04\/23\/rechazo-total-a-la-violencia-en-contra-las-mujeres-couttolenc\/#breadcrumb","itemListElement":[{"@type":"ListItem","position":1,"name":"Inicio","item":"https:\/\/expressometro.mx\/"},{"@type":"ListItem","position":2,"name":"RECHAZO TOTAL A LA VIOLENCIA EN CONTRA LAS MUJERES: COUTTOLENC"}]},{"@type":"WebSite","@id":"https:\/\/expressometro.mx\/#website","url":"https:\/\/expressometro.mx\/","name":"Expresso Metropolitano","description":"Periodismo comprometido, informaci\u00f3n, investigaci\u00f3n y an\u00e1lisis","publisher":{"@id":"https:\/\/expressometro.mx\/#organization"},"potentialAction":[{"@type":"SearchAction","target":{"@type":"EntryPoint","urlTemplate":"https:\/\/expressometro.mx\/?s={search_term_string}"},"query-input":{"@type":"PropertyValueSpecification","valueRequired":true,"valueName":"search_term_string"}}],"inLanguage":"es"},{"@type":"Organization","@id":"https:\/\/expressometro.mx\/#organization","name":"Expresso Metropolitano","url":"https:\/\/expressometro.mx\/","logo":{"@type":"ImageObject","inLanguage":"es","@id":"https:\/\/expressometro.mx\/#\/schema\/logo\/image\/","url":"https:\/\/expressometro.mx\/wp-content\/uploads\/2019\/07\/cropped-Logo-Expresso-Metropolitano-1-1.jpeg","contentUrl":"https:\/\/expressometro.mx\/wp-content\/uploads\/2019\/07\/cropped-Logo-Expresso-Metropolitano-1-1.jpeg","width":290,"height":73,"caption":"Expresso Metropolitano"},"image":{"@id":"https:\/\/expressometro.mx\/#\/schema\/logo\/image\/"}},{"@type":"Person","@id":"https:\/\/expressometro.mx\/#\/schema\/person\/efa971b4a0664db8ed5c22b1b0dd2f5d","name":"Expresso Metropolitano","image":{"@type":"ImageObject","inLanguage":"es","@id":"https:\/\/secure.gravatar.com\/avatar\/a89f802b8de18c6952f223c88d3d106e9e3679839f4e25a02f4a6cc2ae6ba3b3?s=96&d=mm&r=g","url":"https:\/\/secure.gravatar.com\/avatar\/a89f802b8de18c6952f223c88d3d106e9e3679839f4e25a02f4a6cc2ae6ba3b3?s=96&d=mm&r=g","contentUrl":"https:\/\/secure.gravatar.com\/avatar\/a89f802b8de18c6952f223c88d3d106e9e3679839f4e25a02f4a6cc2ae6ba3b3?s=96&d=mm&r=g","caption":"Expresso Metropolitano"},"url":"https:\/\/expressometro.mx\/index.php\/author\/diego\/"}]}},"amp_enabled":true,"_links":{"self":[{"href":"https:\/\/expressometro.mx\/index.php\/wp-json\/wp\/v2\/posts\/2449","targetHints":{"allow":["GET"]}}],"collection":[{"href":"https:\/\/expressometro.mx\/index.php\/wp-json\/wp\/v2\/posts"}],"about":[{"href":"https:\/\/expressometro.mx\/index.php\/wp-json\/wp\/v2\/types\/post"}],"author":[{"embeddable":true,"href":"https:\/\/expressometro.mx\/index.php\/wp-json\/wp\/v2\/users\/1"}],"replies":[{"embeddable":true,"href":"https:\/\/expressometro.mx\/index.php\/wp-json\/wp\/v2\/comments?post=2449"}],"version-history":[{"count":1,"href":"https:\/\/expressometro.mx\/index.php\/wp-json\/wp\/v2\/posts\/2449\/revisions"}],"predecessor-version":[{"id":2452,"href":"https:\/\/expressometro.mx\/index.php\/wp-json\/wp\/v2\/posts\/2449\/revisions\/2452"}],"wp:featuredmedia":[{"embeddable":true,"href":"https:\/\/expressometro.mx\/index.php\/wp-json\/wp\/v2\/media\/2450"}],"wp:attachment":[{"href":"https:\/\/expressometro.mx\/index.php\/wp-json\/wp\/v2\/media?parent=2449"}],"wp:term":[{"taxonomy":"category","embeddable":true,"href":"https:\/\/expressometro.mx\/index.php\/wp-json\/wp\/v2\/categories?post=2449"},{"taxonomy":"post_tag","embeddable":true,"href":"https:\/\/expressometro.mx\/index.php\/wp-json\/wp\/v2\/tags?post=2449"}],"curies":[{"name":"wp","href":"https:\/\/api.w.org\/{rel}","templated":true}]}}