{"id":2406,"date":"2021-03-27T17:42:30","date_gmt":"2021-03-27T23:42:30","guid":{"rendered":"http:\/\/expressometro.mx\/?p=2406"},"modified":"2021-03-27T17:42:33","modified_gmt":"2021-03-27T23:42:33","slug":"ratifica-asamblea-a-mario-vallejo-como-presidente-del-colegio-de-ingenieros-civiles","status":"publish","type":"post","link":"https:\/\/expressometro.mx\/index.php\/2021\/03\/27\/ratifica-asamblea-a-mario-vallejo-como-presidente-del-colegio-de-ingenieros-civiles\/","title":{"rendered":"RATIFICA ASAMBLEA A MARIO VALLEJO COMO PRESIDENTE DEL COLEGIO DE INGENIEROS CIVILES"},"content":{"rendered":"\n<p>Se desarrollar\u00e1n ideas innovadoras que refresquen las actividades para posicionar al Colegio de Ingenieros Civiles del Estado de M\u00e9xico como una instituci\u00f3n de gran nivel y prestigio, plante\u00f3 su Presidente, Mario Vallejo Madrazo.<\/p>\n\n\n\n<p>En Asamblea General Ordinaria el representante del gobernador, Carlos Aguilar Ar\u00e9valo, quien se desempe\u00f1a como director general de Construcci\u00f3n de Obra P\u00fablica, tom\u00f3 protesta al vig\u00e9simo sexto consejo directivo 2021-2023.<\/p>\n\n\n\n<p>\u201cNo tengan la menor duda que levantar\u00e9 la voz haciendo eco defendiendo la profesi\u00f3n para que nos desarrollemos en las \u00e1reas de competencia para la cual estudiamos\u201d, enfatiz\u00f3 Vallejo Madrazo en su mensaje.<\/p>\n\n\n\n<p>As\u00ed como estar al frente de la planeaci\u00f3n, ejecuci\u00f3n y control de las obras, agreg\u00f3.<\/p>\n\n\n\n<p>En su emotivo mensaje, agradeci\u00f3 a su padre Mario Vallejo Vald\u00e9s, ex presidente de la C\u00e1mara Mexicana de la Industria de la Construcci\u00f3n delegaci\u00f3n Edomex, por siempre estar a su lado y consolidar su formaci\u00f3n como ingeniero civil.<\/p>\n\n\n\n<p>Al hacer uso de la palabra desglos\u00f3 su programa de acci\u00f3n con ejes de trabajo en la diversificaci\u00f3n del ingreso, fortalecimiento del patrimonio, capacitaci\u00f3n profesional, desarrollo gremial y actividades recreativas con dos carreras atl\u00e9ticas.<\/p>\n\n\n\n<p>Por su parte, el representante del gobernador Alfredo del Mazo Maza, dijo que en todos los sectores hubo necesidad de adecuarse ante la nueva realidad de la pandemia y estamos m\u00e1s cerca del escenario post covid anhelado por todos.<\/p>\n\n\n\n<p>Dijo que el gobernador reconoce la labor de los ingenieros civiles que buscan con el gobierno un solo inter\u00e9s com\u00fan que es el crecimiento del Estado de M\u00e9xico.<\/p>\n\n\n\n<p>El CICEM coadyuvar\u00e1 con el gobierno del Estado de M\u00e9xico y sus municipios en torno a los proyectos de ingenier\u00eda, destac\u00f3 Mario Vallejo.<\/p>\n","protected":false},"excerpt":{"rendered":"<p>\u201cNo tengan la menor duda que levantar\u00e9 la voz haciendo eco defendiendo la profesi\u00f3n para que nos desarrollemos en las \u00e1reas de competencia para la cual estudiamos\u201d, enfatiz\u00f3 Vallejo Madrazo en su mensaje.<\/p>\n","protected":false},"author":1,"featured_media":2407,"comment_status":"open","ping_status":"open","sticky":false,"template":"","format":"standard","meta":{"footnotes":""},"categories":[108],"tags":[182,181],"class_list":["post-2406","post","type-post","status-publish","format-standard","has-post-thumbnail","hentry","category-educacion","tag-colegio-de-ingenieros","tag-mario-vallejo-madrazo"],"yoast_head":"<!-- This site is optimized with the Yoast SEO plugin v27.5 - https:\/\/yoast.com\/product\/yoast-seo-wordpress\/ -->\n<title>RATIFICA ASAMBLEA A MARIO VALLEJO COMO PRESIDENTE DEL COLEGIO DE INGENIEROS CIVILES - Expresso Metropolitano<\/title>\n<meta name=\"robots\" content=\"index, follow, max-snippet:-1, max-image-preview:large, max-video-preview:-1\" \/>\n<link rel=\"canonical\" href=\"https:\/\/expressometro.mx\/index.php\/2021\/03\/27\/ratifica-asamblea-a-mario-vallejo-como-presidente-del-colegio-de-ingenieros-civiles\/\" \/>\n<meta property=\"og:locale\" content=\"es_MX\" \/>\n<meta property=\"og:type\" content=\"article\" \/>\n<meta property=\"og:title\" content=\"RATIFICA ASAMBLEA A MARIO VALLEJO COMO PRESIDENTE DEL COLEGIO DE INGENIEROS CIVILES - Expresso Metropolitano\" \/>\n<meta property=\"og:description\" content=\"\u201cNo tengan la menor duda que levantar\u00e9 la voz haciendo eco defendiendo la profesi\u00f3n para que nos desarrollemos en las \u00e1reas de competencia para la cual estudiamos\u201d, enfatiz\u00f3 Vallejo Madrazo en su mensaje.\" \/>\n<meta property=\"og:url\" content=\"https:\/\/expressometro.mx\/index.php\/2021\/03\/27\/ratifica-asamblea-a-mario-vallejo-como-presidente-del-colegio-de-ingenieros-civiles\/\" \/>\n<meta property=\"og:site_name\" content=\"Expresso Metropolitano\" \/>\n<meta property=\"article:published_time\" content=\"2021-03-27T23:42:30+00:00\" \/>\n<meta property=\"article:modified_time\" content=\"2021-03-27T23:42:33+00:00\" \/>\n<meta property=\"og:image\" content=\"https:\/\/expressometro.mx\/wp-content\/uploads\/2021\/03\/WhatsApp-Image-2021-03-27-at-11.36.30.jpeg\" \/>\n\t<meta property=\"og:image:width\" content=\"960\" \/>\n\t<meta property=\"og:image:height\" content=\"1280\" \/>\n\t<meta property=\"og:image:type\" content=\"image\/jpeg\" \/>\n<meta name=\"author\" content=\"Expresso Metropolitano\" \/>\n<meta name=\"twitter:label1\" content=\"Escrito por\" \/>\n\t<meta name=\"twitter:data1\" content=\"Expresso Metropolitano\" \/>\n\t<meta name=\"twitter:label2\" content=\"Tiempo de lectura\" \/>\n\t<meta name=\"twitter:data2\" content=\"2 minutos\" \/>\n<script type=\"application\/ld+json\" class=\"yoast-schema-graph\">{\"@context\":\"https:\\\/\\\/schema.org\",\"@graph\":[{\"@type\":\"Article\",\"@id\":\"https:\\\/\\\/expressometro.mx\\\/index.php\\\/2021\\\/03\\\/27\\\/ratifica-asamblea-a-mario-vallejo-como-presidente-del-colegio-de-ingenieros-civiles\\\/#article\",\"isPartOf\":{\"@id\":\"https:\\\/\\\/expressometro.mx\\\/index.php\\\/2021\\\/03\\\/27\\\/ratifica-asamblea-a-mario-vallejo-como-presidente-del-colegio-de-ingenieros-civiles\\\/\"},\"author\":{\"name\":\"Expresso Metropolitano\",\"@id\":\"https:\\\/\\\/expressometro.mx\\\/#\\\/schema\\\/person\\\/efa971b4a0664db8ed5c22b1b0dd2f5d\"},\"headline\":\"RATIFICA ASAMBLEA A MARIO VALLEJO COMO PRESIDENTE DEL COLEGIO DE INGENIEROS CIVILES\",\"datePublished\":\"2021-03-27T23:42:30+00:00\",\"dateModified\":\"2021-03-27T23:42:33+00:00\",\"mainEntityOfPage\":{\"@id\":\"https:\\\/\\\/expressometro.mx\\\/index.php\\\/2021\\\/03\\\/27\\\/ratifica-asamblea-a-mario-vallejo-como-presidente-del-colegio-de-ingenieros-civiles\\\/\"},\"wordCount\":311,\"commentCount\":0,\"publisher\":{\"@id\":\"https:\\\/\\\/expressometro.mx\\\/#organization\"},\"image\":{\"@id\":\"https:\\\/\\\/expressometro.mx\\\/index.php\\\/2021\\\/03\\\/27\\\/ratifica-asamblea-a-mario-vallejo-como-presidente-del-colegio-de-ingenieros-civiles\\\/#primaryimage\"},\"thumbnailUrl\":\"https:\\\/\\\/expressometro.mx\\\/wp-content\\\/uploads\\\/2021\\\/03\\\/WhatsApp-Image-2021-03-27-at-11.36.30.jpeg\",\"keywords\":[\"Colegio de ingenieros\",\"Mario Vallejo Madrazo\"],\"articleSection\":[\"Educaci\u00f3n\"],\"inLanguage\":\"es\",\"potentialAction\":[{\"@type\":\"CommentAction\",\"name\":\"Comment\",\"target\":[\"https:\\\/\\\/expressometro.mx\\\/index.php\\\/2021\\\/03\\\/27\\\/ratifica-asamblea-a-mario-vallejo-como-presidente-del-colegio-de-ingenieros-civiles\\\/#respond\"]}]},{\"@type\":\"WebPage\",\"@id\":\"https:\\\/\\\/expressometro.mx\\\/index.php\\\/2021\\\/03\\\/27\\\/ratifica-asamblea-a-mario-vallejo-como-presidente-del-colegio-de-ingenieros-civiles\\\/\",\"url\":\"https:\\\/\\\/expressometro.mx\\\/index.php\\\/2021\\\/03\\\/27\\\/ratifica-asamblea-a-mario-vallejo-como-presidente-del-colegio-de-ingenieros-civiles\\\/\",\"name\":\"RATIFICA ASAMBLEA A MARIO VALLEJO COMO PRESIDENTE DEL COLEGIO DE INGENIEROS CIVILES - Expresso Metropolitano\",\"isPartOf\":{\"@id\":\"https:\\\/\\\/expressometro.mx\\\/#website\"},\"primaryImageOfPage\":{\"@id\":\"https:\\\/\\\/expressometro.mx\\\/index.php\\\/2021\\\/03\\\/27\\\/ratifica-asamblea-a-mario-vallejo-como-presidente-del-colegio-de-ingenieros-civiles\\\/#primaryimage\"},\"image\":{\"@id\":\"https:\\\/\\\/expressometro.mx\\\/index.php\\\/2021\\\/03\\\/27\\\/ratifica-asamblea-a-mario-vallejo-como-presidente-del-colegio-de-ingenieros-civiles\\\/#primaryimage\"},\"thumbnailUrl\":\"https:\\\/\\\/expressometro.mx\\\/wp-content\\\/uploads\\\/2021\\\/03\\\/WhatsApp-Image-2021-03-27-at-11.36.30.jpeg\",\"datePublished\":\"2021-03-27T23:42:30+00:00\",\"dateModified\":\"2021-03-27T23:42:33+00:00\",\"breadcrumb\":{\"@id\":\"https:\\\/\\\/expressometro.mx\\\/index.php\\\/2021\\\/03\\\/27\\\/ratifica-asamblea-a-mario-vallejo-como-presidente-del-colegio-de-ingenieros-civiles\\\/#breadcrumb\"},\"inLanguage\":\"es\",\"potentialAction\":[{\"@type\":\"ReadAction\",\"target\":[\"https:\\\/\\\/expressometro.mx\\\/index.php\\\/2021\\\/03\\\/27\\\/ratifica-asamblea-a-mario-vallejo-como-presidente-del-colegio-de-ingenieros-civiles\\\/\"]}]},{\"@type\":\"ImageObject\",\"inLanguage\":\"es\",\"@id\":\"https:\\\/\\\/expressometro.mx\\\/index.php\\\/2021\\\/03\\\/27\\\/ratifica-asamblea-a-mario-vallejo-como-presidente-del-colegio-de-ingenieros-civiles\\\/#primaryimage\",\"url\":\"https:\\\/\\\/expressometro.mx\\\/wp-content\\\/uploads\\\/2021\\\/03\\\/WhatsApp-Image-2021-03-27-at-11.36.30.jpeg\",\"contentUrl\":\"https:\\\/\\\/expressometro.mx\\\/wp-content\\\/uploads\\\/2021\\\/03\\\/WhatsApp-Image-2021-03-27-at-11.36.30.jpeg\",\"width\":960,\"height\":1280},{\"@type\":\"BreadcrumbList\",\"@id\":\"https:\\\/\\\/expressometro.mx\\\/index.php\\\/2021\\\/03\\\/27\\\/ratifica-asamblea-a-mario-vallejo-como-presidente-del-colegio-de-ingenieros-civiles\\\/#breadcrumb\",\"itemListElement\":[{\"@type\":\"ListItem\",\"position\":1,\"name\":\"Inicio\",\"item\":\"https:\\\/\\\/expressometro.mx\\\/\"},{\"@type\":\"ListItem\",\"position\":2,\"name\":\"RATIFICA ASAMBLEA A MARIO VALLEJO COMO PRESIDENTE DEL COLEGIO DE INGENIEROS CIVILES\"}]},{\"@type\":\"WebSite\",\"@id\":\"https:\\\/\\\/expressometro.mx\\\/#website\",\"url\":\"https:\\\/\\\/expressometro.mx\\\/\",\"name\":\"Expresso Metropolitano\",\"description\":\"Periodismo comprometido, informaci\u00f3n, investigaci\u00f3n y an\u00e1lisis\",\"publisher\":{\"@id\":\"https:\\\/\\\/expressometro.mx\\\/#organization\"},\"potentialAction\":[{\"@type\":\"SearchAction\",\"target\":{\"@type\":\"EntryPoint\",\"urlTemplate\":\"https:\\\/\\\/expressometro.mx\\\/?s={search_term_string}\"},\"query-input\":{\"@type\":\"PropertyValueSpecification\",\"valueRequired\":true,\"valueName\":\"search_term_string\"}}],\"inLanguage\":\"es\"},{\"@type\":\"Organization\",\"@id\":\"https:\\\/\\\/expressometro.mx\\\/#organization\",\"name\":\"Expresso Metropolitano\",\"url\":\"https:\\\/\\\/expressometro.mx\\\/\",\"logo\":{\"@type\":\"ImageObject\",\"inLanguage\":\"es\",\"@id\":\"https:\\\/\\\/expressometro.mx\\\/#\\\/schema\\\/logo\\\/image\\\/\",\"url\":\"https:\\\/\\\/expressometro.mx\\\/wp-content\\\/uploads\\\/2019\\\/07\\\/cropped-Logo-Expresso-Metropolitano-1-1.jpeg\",\"contentUrl\":\"https:\\\/\\\/expressometro.mx\\\/wp-content\\\/uploads\\\/2019\\\/07\\\/cropped-Logo-Expresso-Metropolitano-1-1.jpeg\",\"width\":290,\"height\":73,\"caption\":\"Expresso Metropolitano\"},\"image\":{\"@id\":\"https:\\\/\\\/expressometro.mx\\\/#\\\/schema\\\/logo\\\/image\\\/\"}},{\"@type\":\"Person\",\"@id\":\"https:\\\/\\\/expressometro.mx\\\/#\\\/schema\\\/person\\\/efa971b4a0664db8ed5c22b1b0dd2f5d\",\"name\":\"Expresso Metropolitano\",\"image\":{\"@type\":\"ImageObject\",\"inLanguage\":\"es\",\"@id\":\"https:\\\/\\\/secure.gravatar.com\\\/avatar\\\/a89f802b8de18c6952f223c88d3d106e9e3679839f4e25a02f4a6cc2ae6ba3b3?s=96&d=mm&r=g\",\"url\":\"https:\\\/\\\/secure.gravatar.com\\\/avatar\\\/a89f802b8de18c6952f223c88d3d106e9e3679839f4e25a02f4a6cc2ae6ba3b3?s=96&d=mm&r=g\",\"contentUrl\":\"https:\\\/\\\/secure.gravatar.com\\\/avatar\\\/a89f802b8de18c6952f223c88d3d106e9e3679839f4e25a02f4a6cc2ae6ba3b3?s=96&d=mm&r=g\",\"caption\":\"Expresso Metropolitano\"},\"url\":\"https:\\\/\\\/expressometro.mx\\\/index.php\\\/author\\\/diego\\\/\"}]}<\/script>\n<!-- \/ Yoast SEO plugin. -->","yoast_head_json":{"title":"RATIFICA ASAMBLEA A MARIO VALLEJO COMO PRESIDENTE DEL COLEGIO DE INGENIEROS CIVILES - Expresso Metropolitano","robots":{"index":"index","follow":"follow","max-snippet":"max-snippet:-1","max-image-preview":"max-image-preview:large","max-video-preview":"max-video-preview:-1"},"canonical":"https:\/\/expressometro.mx\/index.php\/2021\/03\/27\/ratifica-asamblea-a-mario-vallejo-como-presidente-del-colegio-de-ingenieros-civiles\/","og_locale":"es_MX","og_type":"article","og_title":"RATIFICA ASAMBLEA A MARIO VALLEJO COMO PRESIDENTE DEL COLEGIO DE INGENIEROS CIVILES - Expresso Metropolitano","og_description":"\u201cNo tengan la menor duda que levantar\u00e9 la voz haciendo eco defendiendo la profesi\u00f3n para que nos desarrollemos en las \u00e1reas de competencia para la cual estudiamos\u201d, enfatiz\u00f3 Vallejo Madrazo en su mensaje.","og_url":"https:\/\/expressometro.mx\/index.php\/2021\/03\/27\/ratifica-asamblea-a-mario-vallejo-como-presidente-del-colegio-de-ingenieros-civiles\/","og_site_name":"Expresso Metropolitano","article_published_time":"2021-03-27T23:42:30+00:00","article_modified_time":"2021-03-27T23:42:33+00:00","og_image":[{"width":960,"height":1280,"url":"https:\/\/expressometro.mx\/wp-content\/uploads\/2021\/03\/WhatsApp-Image-2021-03-27-at-11.36.30.jpeg","type":"image\/jpeg"}],"author":"Expresso Metropolitano","twitter_misc":{"Escrito por":"Expresso Metropolitano","Tiempo de lectura":"2 minutos"},"schema":{"@context":"https:\/\/schema.org","@graph":[{"@type":"Article","@id":"https:\/\/expressometro.mx\/index.php\/2021\/03\/27\/ratifica-asamblea-a-mario-vallejo-como-presidente-del-colegio-de-ingenieros-civiles\/#article","isPartOf":{"@id":"https:\/\/expressometro.mx\/index.php\/2021\/03\/27\/ratifica-asamblea-a-mario-vallejo-como-presidente-del-colegio-de-ingenieros-civiles\/"},"author":{"name":"Expresso Metropolitano","@id":"https:\/\/expressometro.mx\/#\/schema\/person\/efa971b4a0664db8ed5c22b1b0dd2f5d"},"headline":"RATIFICA ASAMBLEA A MARIO VALLEJO COMO PRESIDENTE DEL COLEGIO DE INGENIEROS CIVILES","datePublished":"2021-03-27T23:42:30+00:00","dateModified":"2021-03-27T23:42:33+00:00","mainEntityOfPage":{"@id":"https:\/\/expressometro.mx\/index.php\/2021\/03\/27\/ratifica-asamblea-a-mario-vallejo-como-presidente-del-colegio-de-ingenieros-civiles\/"},"wordCount":311,"commentCount":0,"publisher":{"@id":"https:\/\/expressometro.mx\/#organization"},"image":{"@id":"https:\/\/expressometro.mx\/index.php\/2021\/03\/27\/ratifica-asamblea-a-mario-vallejo-como-presidente-del-colegio-de-ingenieros-civiles\/#primaryimage"},"thumbnailUrl":"https:\/\/expressometro.mx\/wp-content\/uploads\/2021\/03\/WhatsApp-Image-2021-03-27-at-11.36.30.jpeg","keywords":["Colegio de ingenieros","Mario Vallejo Madrazo"],"articleSection":["Educaci\u00f3n"],"inLanguage":"es","potentialAction":[{"@type":"CommentAction","name":"Comment","target":["https:\/\/expressometro.mx\/index.php\/2021\/03\/27\/ratifica-asamblea-a-mario-vallejo-como-presidente-del-colegio-de-ingenieros-civiles\/#respond"]}]},{"@type":"WebPage","@id":"https:\/\/expressometro.mx\/index.php\/2021\/03\/27\/ratifica-asamblea-a-mario-vallejo-como-presidente-del-colegio-de-ingenieros-civiles\/","url":"https:\/\/expressometro.mx\/index.php\/2021\/03\/27\/ratifica-asamblea-a-mario-vallejo-como-presidente-del-colegio-de-ingenieros-civiles\/","name":"RATIFICA ASAMBLEA A MARIO VALLEJO COMO PRESIDENTE DEL COLEGIO DE INGENIEROS CIVILES - Expresso Metropolitano","isPartOf":{"@id":"https:\/\/expressometro.mx\/#website"},"primaryImageOfPage":{"@id":"https:\/\/expressometro.mx\/index.php\/2021\/03\/27\/ratifica-asamblea-a-mario-vallejo-como-presidente-del-colegio-de-ingenieros-civiles\/#primaryimage"},"image":{"@id":"https:\/\/expressometro.mx\/index.php\/2021\/03\/27\/ratifica-asamblea-a-mario-vallejo-como-presidente-del-colegio-de-ingenieros-civiles\/#primaryimage"},"thumbnailUrl":"https:\/\/expressometro.mx\/wp-content\/uploads\/2021\/03\/WhatsApp-Image-2021-03-27-at-11.36.30.jpeg","datePublished":"2021-03-27T23:42:30+00:00","dateModified":"2021-03-27T23:42:33+00:00","breadcrumb":{"@id":"https:\/\/expressometro.mx\/index.php\/2021\/03\/27\/ratifica-asamblea-a-mario-vallejo-como-presidente-del-colegio-de-ingenieros-civiles\/#breadcrumb"},"inLanguage":"es","potentialAction":[{"@type":"ReadAction","target":["https:\/\/expressometro.mx\/index.php\/2021\/03\/27\/ratifica-asamblea-a-mario-vallejo-como-presidente-del-colegio-de-ingenieros-civiles\/"]}]},{"@type":"ImageObject","inLanguage":"es","@id":"https:\/\/expressometro.mx\/index.php\/2021\/03\/27\/ratifica-asamblea-a-mario-vallejo-como-presidente-del-colegio-de-ingenieros-civiles\/#primaryimage","url":"https:\/\/expressometro.mx\/wp-content\/uploads\/2021\/03\/WhatsApp-Image-2021-03-27-at-11.36.30.jpeg","contentUrl":"https:\/\/expressometro.mx\/wp-content\/uploads\/2021\/03\/WhatsApp-Image-2021-03-27-at-11.36.30.jpeg","width":960,"height":1280},{"@type":"BreadcrumbList","@id":"https:\/\/expressometro.mx\/index.php\/2021\/03\/27\/ratifica-asamblea-a-mario-vallejo-como-presidente-del-colegio-de-ingenieros-civiles\/#breadcrumb","itemListElement":[{"@type":"ListItem","position":1,"name":"Inicio","item":"https:\/\/expressometro.mx\/"},{"@type":"ListItem","position":2,"name":"RATIFICA ASAMBLEA A MARIO VALLEJO COMO PRESIDENTE DEL COLEGIO DE INGENIEROS CIVILES"}]},{"@type":"WebSite","@id":"https:\/\/expressometro.mx\/#website","url":"https:\/\/expressometro.mx\/","name":"Expresso Metropolitano","description":"Periodismo comprometido, informaci\u00f3n, investigaci\u00f3n y an\u00e1lisis","publisher":{"@id":"https:\/\/expressometro.mx\/#organization"},"potentialAction":[{"@type":"SearchAction","target":{"@type":"EntryPoint","urlTemplate":"https:\/\/expressometro.mx\/?s={search_term_string}"},"query-input":{"@type":"PropertyValueSpecification","valueRequired":true,"valueName":"search_term_string"}}],"inLanguage":"es"},{"@type":"Organization","@id":"https:\/\/expressometro.mx\/#organization","name":"Expresso Metropolitano","url":"https:\/\/expressometro.mx\/","logo":{"@type":"ImageObject","inLanguage":"es","@id":"https:\/\/expressometro.mx\/#\/schema\/logo\/image\/","url":"https:\/\/expressometro.mx\/wp-content\/uploads\/2019\/07\/cropped-Logo-Expresso-Metropolitano-1-1.jpeg","contentUrl":"https:\/\/expressometro.mx\/wp-content\/uploads\/2019\/07\/cropped-Logo-Expresso-Metropolitano-1-1.jpeg","width":290,"height":73,"caption":"Expresso Metropolitano"},"image":{"@id":"https:\/\/expressometro.mx\/#\/schema\/logo\/image\/"}},{"@type":"Person","@id":"https:\/\/expressometro.mx\/#\/schema\/person\/efa971b4a0664db8ed5c22b1b0dd2f5d","name":"Expresso Metropolitano","image":{"@type":"ImageObject","inLanguage":"es","@id":"https:\/\/secure.gravatar.com\/avatar\/a89f802b8de18c6952f223c88d3d106e9e3679839f4e25a02f4a6cc2ae6ba3b3?s=96&d=mm&r=g","url":"https:\/\/secure.gravatar.com\/avatar\/a89f802b8de18c6952f223c88d3d106e9e3679839f4e25a02f4a6cc2ae6ba3b3?s=96&d=mm&r=g","contentUrl":"https:\/\/secure.gravatar.com\/avatar\/a89f802b8de18c6952f223c88d3d106e9e3679839f4e25a02f4a6cc2ae6ba3b3?s=96&d=mm&r=g","caption":"Expresso Metropolitano"},"url":"https:\/\/expressometro.mx\/index.php\/author\/diego\/"}]}},"amp_enabled":true,"_links":{"self":[{"href":"https:\/\/expressometro.mx\/index.php\/wp-json\/wp\/v2\/posts\/2406","targetHints":{"allow":["GET"]}}],"collection":[{"href":"https:\/\/expressometro.mx\/index.php\/wp-json\/wp\/v2\/posts"}],"about":[{"href":"https:\/\/expressometro.mx\/index.php\/wp-json\/wp\/v2\/types\/post"}],"author":[{"embeddable":true,"href":"https:\/\/expressometro.mx\/index.php\/wp-json\/wp\/v2\/users\/1"}],"replies":[{"embeddable":true,"href":"https:\/\/expressometro.mx\/index.php\/wp-json\/wp\/v2\/comments?post=2406"}],"version-history":[{"count":1,"href":"https:\/\/expressometro.mx\/index.php\/wp-json\/wp\/v2\/posts\/2406\/revisions"}],"predecessor-version":[{"id":2408,"href":"https:\/\/expressometro.mx\/index.php\/wp-json\/wp\/v2\/posts\/2406\/revisions\/2408"}],"wp:featuredmedia":[{"embeddable":true,"href":"https:\/\/expressometro.mx\/index.php\/wp-json\/wp\/v2\/media\/2407"}],"wp:attachment":[{"href":"https:\/\/expressometro.mx\/index.php\/wp-json\/wp\/v2\/media?parent=2406"}],"wp:term":[{"taxonomy":"category","embeddable":true,"href":"https:\/\/expressometro.mx\/index.php\/wp-json\/wp\/v2\/categories?post=2406"},{"taxonomy":"post_tag","embeddable":true,"href":"https:\/\/expressometro.mx\/index.php\/wp-json\/wp\/v2\/tags?post=2406"}],"curies":[{"name":"wp","href":"https:\/\/api.w.org\/{rel}","templated":true}]}}