{"id":2393,"date":"2021-03-24T07:45:00","date_gmt":"2021-03-24T13:45:00","guid":{"rendered":"http:\/\/expressometro.mx\/?p=2393"},"modified":"2021-03-26T07:49:05","modified_gmt":"2021-03-26T13:49:05","slug":"renovacion-de-curriculo-del-bachillerato-universitario-en-concordancia-con-el-contexto-actual","status":"publish","type":"post","link":"https:\/\/expressometro.mx\/index.php\/2021\/03\/24\/renovacion-de-curriculo-del-bachillerato-universitario-en-concordancia-con-el-contexto-actual\/","title":{"rendered":"Renovaci\u00f3n de Curr\u00edculo del Bachillerato Universitario en Concordancia con el Contexto Actual"},"content":{"rendered":"\n<p>Implementar acciones para la renovaci\u00f3n del Curr\u00edculo del Bachillerato Universitario 2015 (CBU 2015) ha sido una de las peticiones m\u00e1s frecuentes que ha recibido Carlos Eduardo Barrera D\u00edaz, aspirante a la Rector\u00eda de la Universidad Aut\u00f3noma del Estado de M\u00e9xico (UAEM\u00e9x) durante sus visitas a planteles de la Escuela Preparatoria como parte de las Jornadas de Promoci\u00f3n y Comparecencias Institucionales.<\/p>\n\n\n\n<p>En respuesta, el aspirante indic\u00f3 que la actualizaci\u00f3n de la curr\u00edcula debe garantizar el desarrollo integral del estudiantado y con visi\u00f3n de futuro, en el que se retomen los cambios en el proceso de ense\u00f1anza-aprendizaje que dej\u00f3 la contingencia sanitaria por la COVID-19.<\/p>\n\n\n\n<p>Durante su quinta visita a un plantel de la Escuela Preparatoria de la UAEM\u00e9x -en esta ocasi\u00f3n en Texcoco- Barrera D\u00edaz indic\u00f3 que se debe escuchar las diferentes propuestas de la comunidad estudiantil y el personal docente para consolidar la actualizaci\u00f3n de los programas que respondan a los desaf\u00edos que demanda la nueva realidad.<\/p>\n\n\n\n<p>Agreg\u00f3 que se debe reforzar la calidad educativa del nivel medio superior para que el estudiantado desarrolle competencias de aprendizaje en los \u00e1mbitos cient\u00edfico, cultural, art\u00edstico e incluso socioemocional. \u201cDebemos mejorar los procesos de ense\u00f1anza-aprendizaje en el que la o el estudiante no memorice, sino que comprenda los procesos, adquiera el conocimiento y tenga la capacidad de solucionar los problemas a los que se enfrenta\u201d, coment\u00f3.<\/p>\n\n\n\n<p>Ante integrantes del Plantel Texcoco de la Escuela Preparatoria, el aspirante asegur\u00f3 que su plan de trabajo \u201cIntegridad e Inclusi\u00f3n Universitarias 2021-2025\u201d propone fortalecer la orientaci\u00f3n vocacional en el nivel medio superior, para que el alumnado tome decisiones acertadas para su futuro profesional, adem\u00e1s se realizar\u00e1n encuentros con especialistas de diferentes \u00e1reas de conocimiento para que compartan sus experiencias.<\/p>\n\n\n\n<p>En tanto, durante su encuentro en el Centro Universitario de Texcoco, Barrera D\u00edaz reiter\u00f3 que su propuesta es garantizar el desarrollo integral de la comunidad universitaria, por lo que la actividad f\u00edsica y el cuidado de la salud f\u00edsica y mental ser\u00e1n prioridades de ser favorecido por la elecci\u00f3n del H. Consejo Universitario de la UAEM\u00e9x.<\/p>\n\n\n\n<figure class=\"wp-block-image size-large\"><img decoding=\"async\" width=\"720\" height=\"480\" src=\"http:\/\/expressometro.mx\/wp-content\/uploads\/2021\/03\/WhatsApp-Image-2021-03-24-at-22.13.30-720x480.jpeg\" alt=\"\" class=\"wp-image-2396\" srcset=\"https:\/\/expressometro.mx\/wp-content\/uploads\/2021\/03\/WhatsApp-Image-2021-03-24-at-22.13.30-720x480.jpeg 720w, https:\/\/expressometro.mx\/wp-content\/uploads\/2021\/03\/WhatsApp-Image-2021-03-24-at-22.13.30-548x365.jpeg 548w, https:\/\/expressometro.mx\/wp-content\/uploads\/2021\/03\/WhatsApp-Image-2021-03-24-at-22.13.30-768x512.jpeg 768w, https:\/\/expressometro.mx\/wp-content\/uploads\/2021\/03\/WhatsApp-Image-2021-03-24-at-22.13.30.jpeg 960w\" sizes=\"(max-width: 720px) 100vw, 720px\" \/><\/figure>\n","protected":false},"excerpt":{"rendered":"<p>En tanto, durante su encuentro en el Centro Universitario de Texcoco, Barrera D\u00edaz reiter\u00f3 que su propuesta es garantizar el desarrollo integral de la comunidad universitaria.<\/p>\n","protected":false},"author":1,"featured_media":2394,"comment_status":"open","ping_status":"open","sticky":false,"template":"","format":"standard","meta":{"footnotes":""},"categories":[108],"tags":[313,101,82],"class_list":["post-2393","post","type-post","status-publish","format-standard","has-post-thumbnail","hentry","category-educacion","tag-carlos-eduardo-barrera-diaz","tag-covid19","tag-uaemex"],"yoast_head":"<!-- This site is optimized with the Yoast SEO plugin v27.4 - https:\/\/yoast.com\/product\/yoast-seo-wordpress\/ -->\n<title>Renovaci\u00f3n de Curr\u00edculo del Bachillerato Universitario en Concordancia con el Contexto Actual - Expresso Metropolitano<\/title>\n<meta name=\"robots\" content=\"index, follow, max-snippet:-1, max-image-preview:large, max-video-preview:-1\" \/>\n<link rel=\"canonical\" href=\"https:\/\/expressometro.mx\/index.php\/2021\/03\/24\/renovacion-de-curriculo-del-bachillerato-universitario-en-concordancia-con-el-contexto-actual\/\" \/>\n<meta property=\"og:locale\" content=\"es_MX\" \/>\n<meta property=\"og:type\" content=\"article\" \/>\n<meta property=\"og:title\" content=\"Renovaci\u00f3n de Curr\u00edculo del Bachillerato Universitario en Concordancia con el Contexto Actual - Expresso Metropolitano\" \/>\n<meta property=\"og:description\" content=\"En tanto, durante su encuentro en el Centro Universitario de Texcoco, Barrera D\u00edaz reiter\u00f3 que su propuesta es garantizar el desarrollo integral de la comunidad universitaria.\" \/>\n<meta property=\"og:url\" content=\"https:\/\/expressometro.mx\/index.php\/2021\/03\/24\/renovacion-de-curriculo-del-bachillerato-universitario-en-concordancia-con-el-contexto-actual\/\" \/>\n<meta property=\"og:site_name\" content=\"Expresso Metropolitano\" \/>\n<meta property=\"article:published_time\" content=\"2021-03-24T13:45:00+00:00\" \/>\n<meta property=\"article:modified_time\" content=\"2021-03-26T13:49:05+00:00\" \/>\n<meta property=\"og:image\" content=\"https:\/\/expressometro.mx\/wp-content\/uploads\/2021\/03\/WhatsApp-Image-2021-03-24-at-22.13.28.jpeg\" \/>\n\t<meta property=\"og:image:width\" content=\"960\" \/>\n\t<meta property=\"og:image:height\" content=\"640\" \/>\n\t<meta property=\"og:image:type\" content=\"image\/jpeg\" \/>\n<meta name=\"author\" content=\"Expresso Metropolitano\" \/>\n<meta name=\"twitter:label1\" content=\"Escrito por\" \/>\n\t<meta name=\"twitter:data1\" content=\"Expresso Metropolitano\" \/>\n\t<meta name=\"twitter:label2\" content=\"Tiempo de lectura\" \/>\n\t<meta name=\"twitter:data2\" content=\"2 minutos\" \/>\n<script type=\"application\/ld+json\" class=\"yoast-schema-graph\">{\"@context\":\"https:\\\/\\\/schema.org\",\"@graph\":[{\"@type\":\"Article\",\"@id\":\"https:\\\/\\\/expressometro.mx\\\/index.php\\\/2021\\\/03\\\/24\\\/renovacion-de-curriculo-del-bachillerato-universitario-en-concordancia-con-el-contexto-actual\\\/#article\",\"isPartOf\":{\"@id\":\"https:\\\/\\\/expressometro.mx\\\/index.php\\\/2021\\\/03\\\/24\\\/renovacion-de-curriculo-del-bachillerato-universitario-en-concordancia-con-el-contexto-actual\\\/\"},\"author\":{\"name\":\"Expresso Metropolitano\",\"@id\":\"https:\\\/\\\/expressometro.mx\\\/#\\\/schema\\\/person\\\/efa971b4a0664db8ed5c22b1b0dd2f5d\"},\"headline\":\"Renovaci\u00f3n de Curr\u00edculo del Bachillerato Universitario en Concordancia con el Contexto Actual\",\"datePublished\":\"2021-03-24T13:45:00+00:00\",\"dateModified\":\"2021-03-26T13:49:05+00:00\",\"mainEntityOfPage\":{\"@id\":\"https:\\\/\\\/expressometro.mx\\\/index.php\\\/2021\\\/03\\\/24\\\/renovacion-de-curriculo-del-bachillerato-universitario-en-concordancia-con-el-contexto-actual\\\/\"},\"wordCount\":381,\"commentCount\":0,\"publisher\":{\"@id\":\"https:\\\/\\\/expressometro.mx\\\/#organization\"},\"image\":{\"@id\":\"https:\\\/\\\/expressometro.mx\\\/index.php\\\/2021\\\/03\\\/24\\\/renovacion-de-curriculo-del-bachillerato-universitario-en-concordancia-con-el-contexto-actual\\\/#primaryimage\"},\"thumbnailUrl\":\"https:\\\/\\\/expressometro.mx\\\/wp-content\\\/uploads\\\/2021\\\/03\\\/WhatsApp-Image-2021-03-24-at-22.13.28.jpeg\",\"keywords\":[\"Carlos Eduardo Barrera D\u00edaz\",\"COVID19\",\"UAEMex\"],\"articleSection\":[\"Educaci\u00f3n\"],\"inLanguage\":\"es\",\"potentialAction\":[{\"@type\":\"CommentAction\",\"name\":\"Comment\",\"target\":[\"https:\\\/\\\/expressometro.mx\\\/index.php\\\/2021\\\/03\\\/24\\\/renovacion-de-curriculo-del-bachillerato-universitario-en-concordancia-con-el-contexto-actual\\\/#respond\"]}]},{\"@type\":\"WebPage\",\"@id\":\"https:\\\/\\\/expressometro.mx\\\/index.php\\\/2021\\\/03\\\/24\\\/renovacion-de-curriculo-del-bachillerato-universitario-en-concordancia-con-el-contexto-actual\\\/\",\"url\":\"https:\\\/\\\/expressometro.mx\\\/index.php\\\/2021\\\/03\\\/24\\\/renovacion-de-curriculo-del-bachillerato-universitario-en-concordancia-con-el-contexto-actual\\\/\",\"name\":\"Renovaci\u00f3n de Curr\u00edculo del Bachillerato Universitario en Concordancia con el Contexto Actual - Expresso Metropolitano\",\"isPartOf\":{\"@id\":\"https:\\\/\\\/expressometro.mx\\\/#website\"},\"primaryImageOfPage\":{\"@id\":\"https:\\\/\\\/expressometro.mx\\\/index.php\\\/2021\\\/03\\\/24\\\/renovacion-de-curriculo-del-bachillerato-universitario-en-concordancia-con-el-contexto-actual\\\/#primaryimage\"},\"image\":{\"@id\":\"https:\\\/\\\/expressometro.mx\\\/index.php\\\/2021\\\/03\\\/24\\\/renovacion-de-curriculo-del-bachillerato-universitario-en-concordancia-con-el-contexto-actual\\\/#primaryimage\"},\"thumbnailUrl\":\"https:\\\/\\\/expressometro.mx\\\/wp-content\\\/uploads\\\/2021\\\/03\\\/WhatsApp-Image-2021-03-24-at-22.13.28.jpeg\",\"datePublished\":\"2021-03-24T13:45:00+00:00\",\"dateModified\":\"2021-03-26T13:49:05+00:00\",\"breadcrumb\":{\"@id\":\"https:\\\/\\\/expressometro.mx\\\/index.php\\\/2021\\\/03\\\/24\\\/renovacion-de-curriculo-del-bachillerato-universitario-en-concordancia-con-el-contexto-actual\\\/#breadcrumb\"},\"inLanguage\":\"es\",\"potentialAction\":[{\"@type\":\"ReadAction\",\"target\":[\"https:\\\/\\\/expressometro.mx\\\/index.php\\\/2021\\\/03\\\/24\\\/renovacion-de-curriculo-del-bachillerato-universitario-en-concordancia-con-el-contexto-actual\\\/\"]}]},{\"@type\":\"ImageObject\",\"inLanguage\":\"es\",\"@id\":\"https:\\\/\\\/expressometro.mx\\\/index.php\\\/2021\\\/03\\\/24\\\/renovacion-de-curriculo-del-bachillerato-universitario-en-concordancia-con-el-contexto-actual\\\/#primaryimage\",\"url\":\"https:\\\/\\\/expressometro.mx\\\/wp-content\\\/uploads\\\/2021\\\/03\\\/WhatsApp-Image-2021-03-24-at-22.13.28.jpeg\",\"contentUrl\":\"https:\\\/\\\/expressometro.mx\\\/wp-content\\\/uploads\\\/2021\\\/03\\\/WhatsApp-Image-2021-03-24-at-22.13.28.jpeg\",\"width\":960,\"height\":640},{\"@type\":\"BreadcrumbList\",\"@id\":\"https:\\\/\\\/expressometro.mx\\\/index.php\\\/2021\\\/03\\\/24\\\/renovacion-de-curriculo-del-bachillerato-universitario-en-concordancia-con-el-contexto-actual\\\/#breadcrumb\",\"itemListElement\":[{\"@type\":\"ListItem\",\"position\":1,\"name\":\"Inicio\",\"item\":\"https:\\\/\\\/expressometro.mx\\\/\"},{\"@type\":\"ListItem\",\"position\":2,\"name\":\"Renovaci\u00f3n de Curr\u00edculo del Bachillerato Universitario en Concordancia con el Contexto Actual\"}]},{\"@type\":\"WebSite\",\"@id\":\"https:\\\/\\\/expressometro.mx\\\/#website\",\"url\":\"https:\\\/\\\/expressometro.mx\\\/\",\"name\":\"Expresso Metropolitano\",\"description\":\"Periodismo comprometido, informaci\u00f3n, investigaci\u00f3n y an\u00e1lisis\",\"publisher\":{\"@id\":\"https:\\\/\\\/expressometro.mx\\\/#organization\"},\"potentialAction\":[{\"@type\":\"SearchAction\",\"target\":{\"@type\":\"EntryPoint\",\"urlTemplate\":\"https:\\\/\\\/expressometro.mx\\\/?s={search_term_string}\"},\"query-input\":{\"@type\":\"PropertyValueSpecification\",\"valueRequired\":true,\"valueName\":\"search_term_string\"}}],\"inLanguage\":\"es\"},{\"@type\":\"Organization\",\"@id\":\"https:\\\/\\\/expressometro.mx\\\/#organization\",\"name\":\"Expresso Metropolitano\",\"url\":\"https:\\\/\\\/expressometro.mx\\\/\",\"logo\":{\"@type\":\"ImageObject\",\"inLanguage\":\"es\",\"@id\":\"https:\\\/\\\/expressometro.mx\\\/#\\\/schema\\\/logo\\\/image\\\/\",\"url\":\"https:\\\/\\\/expressometro.mx\\\/wp-content\\\/uploads\\\/2019\\\/07\\\/cropped-Logo-Expresso-Metropolitano-1-1.jpeg\",\"contentUrl\":\"https:\\\/\\\/expressometro.mx\\\/wp-content\\\/uploads\\\/2019\\\/07\\\/cropped-Logo-Expresso-Metropolitano-1-1.jpeg\",\"width\":290,\"height\":73,\"caption\":\"Expresso Metropolitano\"},\"image\":{\"@id\":\"https:\\\/\\\/expressometro.mx\\\/#\\\/schema\\\/logo\\\/image\\\/\"}},{\"@type\":\"Person\",\"@id\":\"https:\\\/\\\/expressometro.mx\\\/#\\\/schema\\\/person\\\/efa971b4a0664db8ed5c22b1b0dd2f5d\",\"name\":\"Expresso Metropolitano\",\"image\":{\"@type\":\"ImageObject\",\"inLanguage\":\"es\",\"@id\":\"https:\\\/\\\/secure.gravatar.com\\\/avatar\\\/a89f802b8de18c6952f223c88d3d106e9e3679839f4e25a02f4a6cc2ae6ba3b3?s=96&d=mm&r=g\",\"url\":\"https:\\\/\\\/secure.gravatar.com\\\/avatar\\\/a89f802b8de18c6952f223c88d3d106e9e3679839f4e25a02f4a6cc2ae6ba3b3?s=96&d=mm&r=g\",\"contentUrl\":\"https:\\\/\\\/secure.gravatar.com\\\/avatar\\\/a89f802b8de18c6952f223c88d3d106e9e3679839f4e25a02f4a6cc2ae6ba3b3?s=96&d=mm&r=g\",\"caption\":\"Expresso Metropolitano\"},\"url\":\"https:\\\/\\\/expressometro.mx\\\/index.php\\\/author\\\/diego\\\/\"}]}<\/script>\n<!-- \/ Yoast SEO plugin. -->","yoast_head_json":{"title":"Renovaci\u00f3n de Curr\u00edculo del Bachillerato Universitario en Concordancia con el Contexto Actual - Expresso Metropolitano","robots":{"index":"index","follow":"follow","max-snippet":"max-snippet:-1","max-image-preview":"max-image-preview:large","max-video-preview":"max-video-preview:-1"},"canonical":"https:\/\/expressometro.mx\/index.php\/2021\/03\/24\/renovacion-de-curriculo-del-bachillerato-universitario-en-concordancia-con-el-contexto-actual\/","og_locale":"es_MX","og_type":"article","og_title":"Renovaci\u00f3n de Curr\u00edculo del Bachillerato Universitario en Concordancia con el Contexto Actual - Expresso Metropolitano","og_description":"En tanto, durante su encuentro en el Centro Universitario de Texcoco, Barrera D\u00edaz reiter\u00f3 que su propuesta es garantizar el desarrollo integral de la comunidad universitaria.","og_url":"https:\/\/expressometro.mx\/index.php\/2021\/03\/24\/renovacion-de-curriculo-del-bachillerato-universitario-en-concordancia-con-el-contexto-actual\/","og_site_name":"Expresso Metropolitano","article_published_time":"2021-03-24T13:45:00+00:00","article_modified_time":"2021-03-26T13:49:05+00:00","og_image":[{"width":960,"height":640,"url":"https:\/\/expressometro.mx\/wp-content\/uploads\/2021\/03\/WhatsApp-Image-2021-03-24-at-22.13.28.jpeg","type":"image\/jpeg"}],"author":"Expresso Metropolitano","twitter_misc":{"Escrito por":"Expresso Metropolitano","Tiempo de lectura":"2 minutos"},"schema":{"@context":"https:\/\/schema.org","@graph":[{"@type":"Article","@id":"https:\/\/expressometro.mx\/index.php\/2021\/03\/24\/renovacion-de-curriculo-del-bachillerato-universitario-en-concordancia-con-el-contexto-actual\/#article","isPartOf":{"@id":"https:\/\/expressometro.mx\/index.php\/2021\/03\/24\/renovacion-de-curriculo-del-bachillerato-universitario-en-concordancia-con-el-contexto-actual\/"},"author":{"name":"Expresso Metropolitano","@id":"https:\/\/expressometro.mx\/#\/schema\/person\/efa971b4a0664db8ed5c22b1b0dd2f5d"},"headline":"Renovaci\u00f3n de Curr\u00edculo del Bachillerato Universitario en Concordancia con el Contexto Actual","datePublished":"2021-03-24T13:45:00+00:00","dateModified":"2021-03-26T13:49:05+00:00","mainEntityOfPage":{"@id":"https:\/\/expressometro.mx\/index.php\/2021\/03\/24\/renovacion-de-curriculo-del-bachillerato-universitario-en-concordancia-con-el-contexto-actual\/"},"wordCount":381,"commentCount":0,"publisher":{"@id":"https:\/\/expressometro.mx\/#organization"},"image":{"@id":"https:\/\/expressometro.mx\/index.php\/2021\/03\/24\/renovacion-de-curriculo-del-bachillerato-universitario-en-concordancia-con-el-contexto-actual\/#primaryimage"},"thumbnailUrl":"https:\/\/expressometro.mx\/wp-content\/uploads\/2021\/03\/WhatsApp-Image-2021-03-24-at-22.13.28.jpeg","keywords":["Carlos Eduardo Barrera D\u00edaz","COVID19","UAEMex"],"articleSection":["Educaci\u00f3n"],"inLanguage":"es","potentialAction":[{"@type":"CommentAction","name":"Comment","target":["https:\/\/expressometro.mx\/index.php\/2021\/03\/24\/renovacion-de-curriculo-del-bachillerato-universitario-en-concordancia-con-el-contexto-actual\/#respond"]}]},{"@type":"WebPage","@id":"https:\/\/expressometro.mx\/index.php\/2021\/03\/24\/renovacion-de-curriculo-del-bachillerato-universitario-en-concordancia-con-el-contexto-actual\/","url":"https:\/\/expressometro.mx\/index.php\/2021\/03\/24\/renovacion-de-curriculo-del-bachillerato-universitario-en-concordancia-con-el-contexto-actual\/","name":"Renovaci\u00f3n de Curr\u00edculo del Bachillerato Universitario en Concordancia con el Contexto Actual - Expresso Metropolitano","isPartOf":{"@id":"https:\/\/expressometro.mx\/#website"},"primaryImageOfPage":{"@id":"https:\/\/expressometro.mx\/index.php\/2021\/03\/24\/renovacion-de-curriculo-del-bachillerato-universitario-en-concordancia-con-el-contexto-actual\/#primaryimage"},"image":{"@id":"https:\/\/expressometro.mx\/index.php\/2021\/03\/24\/renovacion-de-curriculo-del-bachillerato-universitario-en-concordancia-con-el-contexto-actual\/#primaryimage"},"thumbnailUrl":"https:\/\/expressometro.mx\/wp-content\/uploads\/2021\/03\/WhatsApp-Image-2021-03-24-at-22.13.28.jpeg","datePublished":"2021-03-24T13:45:00+00:00","dateModified":"2021-03-26T13:49:05+00:00","breadcrumb":{"@id":"https:\/\/expressometro.mx\/index.php\/2021\/03\/24\/renovacion-de-curriculo-del-bachillerato-universitario-en-concordancia-con-el-contexto-actual\/#breadcrumb"},"inLanguage":"es","potentialAction":[{"@type":"ReadAction","target":["https:\/\/expressometro.mx\/index.php\/2021\/03\/24\/renovacion-de-curriculo-del-bachillerato-universitario-en-concordancia-con-el-contexto-actual\/"]}]},{"@type":"ImageObject","inLanguage":"es","@id":"https:\/\/expressometro.mx\/index.php\/2021\/03\/24\/renovacion-de-curriculo-del-bachillerato-universitario-en-concordancia-con-el-contexto-actual\/#primaryimage","url":"https:\/\/expressometro.mx\/wp-content\/uploads\/2021\/03\/WhatsApp-Image-2021-03-24-at-22.13.28.jpeg","contentUrl":"https:\/\/expressometro.mx\/wp-content\/uploads\/2021\/03\/WhatsApp-Image-2021-03-24-at-22.13.28.jpeg","width":960,"height":640},{"@type":"BreadcrumbList","@id":"https:\/\/expressometro.mx\/index.php\/2021\/03\/24\/renovacion-de-curriculo-del-bachillerato-universitario-en-concordancia-con-el-contexto-actual\/#breadcrumb","itemListElement":[{"@type":"ListItem","position":1,"name":"Inicio","item":"https:\/\/expressometro.mx\/"},{"@type":"ListItem","position":2,"name":"Renovaci\u00f3n de Curr\u00edculo del Bachillerato Universitario en Concordancia con el Contexto Actual"}]},{"@type":"WebSite","@id":"https:\/\/expressometro.mx\/#website","url":"https:\/\/expressometro.mx\/","name":"Expresso Metropolitano","description":"Periodismo comprometido, informaci\u00f3n, investigaci\u00f3n y an\u00e1lisis","publisher":{"@id":"https:\/\/expressometro.mx\/#organization"},"potentialAction":[{"@type":"SearchAction","target":{"@type":"EntryPoint","urlTemplate":"https:\/\/expressometro.mx\/?s={search_term_string}"},"query-input":{"@type":"PropertyValueSpecification","valueRequired":true,"valueName":"search_term_string"}}],"inLanguage":"es"},{"@type":"Organization","@id":"https:\/\/expressometro.mx\/#organization","name":"Expresso Metropolitano","url":"https:\/\/expressometro.mx\/","logo":{"@type":"ImageObject","inLanguage":"es","@id":"https:\/\/expressometro.mx\/#\/schema\/logo\/image\/","url":"https:\/\/expressometro.mx\/wp-content\/uploads\/2019\/07\/cropped-Logo-Expresso-Metropolitano-1-1.jpeg","contentUrl":"https:\/\/expressometro.mx\/wp-content\/uploads\/2019\/07\/cropped-Logo-Expresso-Metropolitano-1-1.jpeg","width":290,"height":73,"caption":"Expresso Metropolitano"},"image":{"@id":"https:\/\/expressometro.mx\/#\/schema\/logo\/image\/"}},{"@type":"Person","@id":"https:\/\/expressometro.mx\/#\/schema\/person\/efa971b4a0664db8ed5c22b1b0dd2f5d","name":"Expresso Metropolitano","image":{"@type":"ImageObject","inLanguage":"es","@id":"https:\/\/secure.gravatar.com\/avatar\/a89f802b8de18c6952f223c88d3d106e9e3679839f4e25a02f4a6cc2ae6ba3b3?s=96&d=mm&r=g","url":"https:\/\/secure.gravatar.com\/avatar\/a89f802b8de18c6952f223c88d3d106e9e3679839f4e25a02f4a6cc2ae6ba3b3?s=96&d=mm&r=g","contentUrl":"https:\/\/secure.gravatar.com\/avatar\/a89f802b8de18c6952f223c88d3d106e9e3679839f4e25a02f4a6cc2ae6ba3b3?s=96&d=mm&r=g","caption":"Expresso Metropolitano"},"url":"https:\/\/expressometro.mx\/index.php\/author\/diego\/"}]}},"amp_enabled":true,"_links":{"self":[{"href":"https:\/\/expressometro.mx\/index.php\/wp-json\/wp\/v2\/posts\/2393","targetHints":{"allow":["GET"]}}],"collection":[{"href":"https:\/\/expressometro.mx\/index.php\/wp-json\/wp\/v2\/posts"}],"about":[{"href":"https:\/\/expressometro.mx\/index.php\/wp-json\/wp\/v2\/types\/post"}],"author":[{"embeddable":true,"href":"https:\/\/expressometro.mx\/index.php\/wp-json\/wp\/v2\/users\/1"}],"replies":[{"embeddable":true,"href":"https:\/\/expressometro.mx\/index.php\/wp-json\/wp\/v2\/comments?post=2393"}],"version-history":[{"count":1,"href":"https:\/\/expressometro.mx\/index.php\/wp-json\/wp\/v2\/posts\/2393\/revisions"}],"predecessor-version":[{"id":2398,"href":"https:\/\/expressometro.mx\/index.php\/wp-json\/wp\/v2\/posts\/2393\/revisions\/2398"}],"wp:featuredmedia":[{"embeddable":true,"href":"https:\/\/expressometro.mx\/index.php\/wp-json\/wp\/v2\/media\/2394"}],"wp:attachment":[{"href":"https:\/\/expressometro.mx\/index.php\/wp-json\/wp\/v2\/media?parent=2393"}],"wp:term":[{"taxonomy":"category","embeddable":true,"href":"https:\/\/expressometro.mx\/index.php\/wp-json\/wp\/v2\/categories?post=2393"},{"taxonomy":"post_tag","embeddable":true,"href":"https:\/\/expressometro.mx\/index.php\/wp-json\/wp\/v2\/tags?post=2393"}],"curies":[{"name":"wp","href":"https:\/\/api.w.org\/{rel}","templated":true}]}}