{"id":2372,"date":"2021-03-23T11:08:31","date_gmt":"2021-03-23T17:08:31","guid":{"rendered":"http:\/\/expressometro.mx\/?p=2372"},"modified":"2021-03-23T11:08:35","modified_gmt":"2021-03-23T17:08:35","slug":"orden-de-aprehension-contra-los-autores-de-la-masacre-de-policias","status":"publish","type":"post","link":"https:\/\/expressometro.mx\/index.php\/2021\/03\/23\/orden-de-aprehension-contra-los-autores-de-la-masacre-de-policias\/","title":{"rendered":"Orden de aprehensi\u00f3n contra los autores de la masacre de polic\u00edas"},"content":{"rendered":"\n<p>Toluca, Estado de M\u00e9xico, 23 de marzo de 2021.- Derivado de los lamentables hechos ocurridos la tarde del jueves 18 de marzo en el municipio de Coatepec Harinas, en los que cinco elementos de la Fiscal\u00eda Estatal (FGJEM) y ocho de la Secretar\u00eda de Seguridad mexiquense (SSEM) perdieron la vida en una cobarde emboscada, la Fiscal\u00eda General de Justicia informa lo siguiente:<\/p>\n\n\n\n<p>En coordinaci\u00f3n con la propia SSEM, la Guardia Nacional (GN), la Secretar\u00eda de la Defensa Nacional (SEDENA), la Secretar\u00eda de Marina (SEMAR), la Coordinaci\u00f3n Nacional Antisecuestro (CONASE), y el Centro Nacional de Inteligencia (CNI), se han llevado a cabo diversas diligencias tanto en campo como de gabinete, para identificar a los probables part\u00edcipes de estos hechos, as\u00ed como los lugares donde pudieran mantenerse ocultos.<\/p>\n\n\n\n<p>Estas labores han permitido identificar a tres individuos como quienes habr\u00edan ordenado y organizado esta cobarde emboscada. Por estos tres sujetos fue otorgada ya una orden de aprehensi\u00f3n por el homicidio de los 13 servidores p\u00fablicos y se ha emitido un ofrecimiento de recompensa de 500 mil pesos, por cada uno de ellos, a quien o quienes aporten informaci\u00f3n \u00fatil, veraz y oportuna que permita su localizaci\u00f3n y aprehensi\u00f3n.<\/p>\n\n\n\n<p>Desde el momento en que se registraron los hechos se\u00f1alados se implementaron operativos en diversas regiones de la zona sur de la entidad con un estado de fuerza cercano a los 500 elementos tanto de la FGJEM, SSEM, GN, SEDENA, SEMAR y CONASE.<\/p>\n\n\n\n<p>Cabe se\u00f1alar que el 19 de marzo se implement\u00f3 adem\u00e1s un Operativo Rastrillo en los municipios de Coatepec Harinas, Almoloya de Alquisiras, Zacualpan, Ixtapan de la Sal y Tonatico, en el que participaron 190 elementos de fuerzas federales, as\u00ed como de la SSEM y FGJEM.<\/p>\n\n\n\n<p>Estas movilizaciones coordinadas entre dependencias e instituciones estatales y federales han dado como resultado la detenci\u00f3n de 25 personas que son investigadas por tener alg\u00fan tipo de relaci\u00f3n con los tres sujetos identificados como los probables part\u00edcipes de estos hechos, adem\u00e1s de ser indagados por realizar actividades il\u00edcitas para el grupo delictivo identificado como la Familia Michoacana en esa regi\u00f3n de la entidad, entre \u00e9stas, la venta y distribuci\u00f3n de droga, la conocida como \u201chalconeo\u201d y robos en diversas modalidades.<\/p>\n\n\n\n<p>Adem\u00e1s, fueron presentadas ante esta Fiscal\u00eda General ocho personas en calidad de testigos, a quienes se les recab\u00f3 la entrevista correspondiente en relaci\u00f3n a los hechos se\u00f1alados.<\/p>\n\n\n\n<p>Entre las diligencias ministeriales llevadas a cabo en la zona donde se registr\u00f3 la emboscada es preciso informar que fueron recuperadas cuatro armas oficiales y un arma larga sin identificaci\u00f3n, perteneciente a los agresores.<\/p>\n\n\n\n<p>Luego de realizar las pruebas periciales a dicha arma se pudo establecer que previamente fue utilizada en dos homicidios, el primero de ellos registrado el 16 de julio de 2020 en la comunidad El Color\u00edn, en Ixtapan de la Sal; en este caso la v\u00edctima era un sujeto originario de Pilcaya, Guerrero.<\/p>\n\n\n\n<p>El segundo homicidio tuvo lugar en la localidad de Agua Amarga, en Coatepec Harinas, el 1 de octubre de 2020; la v\u00edctima fue identificada como Daniel N, quien era investigado por ser el encargado de la venta de droga en este mismo municipio.<\/p>\n\n\n\n<p>En el lugar de los hechos fueron recabados 672 casquillos de los calibres 2.23, 7.62, .38 s\u00faper y .9mm. El an\u00e1lisis bal\u00edstico arroj\u00f3 que varios de los casquillos 2.23 fueron disparados por un arma que esta relacionado con otros homicidios en la zona de Villa Victoria.<\/p>\n\n\n\n<p>La Coordinaci\u00f3n Genera de Servicios Periciales de esta Instituci\u00f3n llev\u00f3 a cabo pruebas periciales en las que intervinieron expertos en medicina legal, criminal\u00edstica, dactiloscop\u00eda, toxicolog\u00eda, bal\u00edstica, qu\u00edmica y fotograf\u00eda.<\/p>\n\n\n\n<p>Finalmente, esta Instituci\u00f3n informa que el convoy conformado por elementos de SSEM y FGJEM que cobardemente fue atacado el jueves 18 de marzo, se dirig\u00eda hacia la zona de Puente de los Sabinos, en Coatepec Harinas, donde se instalar\u00eda un punto de revisi\u00f3n. Al momento del ataque transitaban por la carretera Ixtapan de la Sal \u2013 Llano Grande, a la altura de Puerta del Carmen.<\/p>\n\n\n\n<p>La Fiscal\u00eda General de Justicia del Estado de M\u00e9xico reitera que estos hechos no quedar\u00e1n impunes, y se realizar\u00e1n todas las acciones operativas y diligencias ministeriales necesarias para localizar y detener a los responsables de esta cobarde agresi\u00f3n y presentarlos ante la Autoridad Judicial.<\/p>\n","protected":false},"excerpt":{"rendered":"<p>Hay detenci\u00f3n de 25 personas que est\u00e1n bajo sospecha de pertenecer al c\u00e1rtel de la familia michoacana.<\/p>\n","protected":false},"author":1,"featured_media":2373,"comment_status":"open","ping_status":"open","sticky":false,"template":"","format":"standard","meta":{"footnotes":""},"categories":[3,6],"tags":[303],"class_list":["post-2372","post","type-post","status-publish","format-standard","has-post-thumbnail","hentry","category-gobierno","category-seguridad","tag-ssem"],"yoast_head":"<!-- This site is optimized with the Yoast SEO plugin v27.4 - https:\/\/yoast.com\/product\/yoast-seo-wordpress\/ -->\n<title>Orden de aprehensi\u00f3n contra los autores de la masacre de polic\u00edas - Expresso Metropolitano<\/title>\n<meta name=\"robots\" content=\"index, follow, max-snippet:-1, max-image-preview:large, max-video-preview:-1\" \/>\n<link rel=\"canonical\" href=\"https:\/\/expressometro.mx\/index.php\/2021\/03\/23\/orden-de-aprehension-contra-los-autores-de-la-masacre-de-policias\/\" \/>\n<meta property=\"og:locale\" content=\"es_MX\" \/>\n<meta property=\"og:type\" content=\"article\" \/>\n<meta property=\"og:title\" content=\"Orden de aprehensi\u00f3n contra los autores de la masacre de polic\u00edas - Expresso Metropolitano\" \/>\n<meta property=\"og:description\" content=\"Hay detenci\u00f3n de 25 personas que est\u00e1n bajo sospecha de pertenecer al c\u00e1rtel de la familia michoacana.\" \/>\n<meta property=\"og:url\" content=\"https:\/\/expressometro.mx\/index.php\/2021\/03\/23\/orden-de-aprehension-contra-los-autores-de-la-masacre-de-policias\/\" \/>\n<meta property=\"og:site_name\" content=\"Expresso Metropolitano\" \/>\n<meta property=\"article:published_time\" content=\"2021-03-23T17:08:31+00:00\" \/>\n<meta property=\"article:modified_time\" content=\"2021-03-23T17:08:35+00:00\" \/>\n<meta property=\"og:image\" content=\"https:\/\/expressometro.mx\/wp-content\/uploads\/2021\/03\/WhatsApp-Image-2021-03-23-at-10.52.45.jpeg\" \/>\n\t<meta property=\"og:image:width\" content=\"622\" \/>\n\t<meta property=\"og:image:height\" content=\"960\" \/>\n\t<meta property=\"og:image:type\" content=\"image\/jpeg\" \/>\n<meta name=\"author\" content=\"Expresso Metropolitano\" \/>\n<meta name=\"twitter:label1\" content=\"Escrito por\" \/>\n\t<meta name=\"twitter:data1\" content=\"Expresso Metropolitano\" \/>\n\t<meta name=\"twitter:label2\" content=\"Tiempo de lectura\" \/>\n\t<meta name=\"twitter:data2\" content=\"4 minutos\" \/>\n<script type=\"application\/ld+json\" class=\"yoast-schema-graph\">{\"@context\":\"https:\\\/\\\/schema.org\",\"@graph\":[{\"@type\":\"Article\",\"@id\":\"https:\\\/\\\/expressometro.mx\\\/index.php\\\/2021\\\/03\\\/23\\\/orden-de-aprehension-contra-los-autores-de-la-masacre-de-policias\\\/#article\",\"isPartOf\":{\"@id\":\"https:\\\/\\\/expressometro.mx\\\/index.php\\\/2021\\\/03\\\/23\\\/orden-de-aprehension-contra-los-autores-de-la-masacre-de-policias\\\/\"},\"author\":{\"name\":\"Expresso Metropolitano\",\"@id\":\"https:\\\/\\\/expressometro.mx\\\/#\\\/schema\\\/person\\\/efa971b4a0664db8ed5c22b1b0dd2f5d\"},\"headline\":\"Orden de aprehensi\u00f3n contra los autores de la masacre de polic\u00edas\",\"datePublished\":\"2021-03-23T17:08:31+00:00\",\"dateModified\":\"2021-03-23T17:08:35+00:00\",\"mainEntityOfPage\":{\"@id\":\"https:\\\/\\\/expressometro.mx\\\/index.php\\\/2021\\\/03\\\/23\\\/orden-de-aprehension-contra-los-autores-de-la-masacre-de-policias\\\/\"},\"wordCount\":751,\"commentCount\":0,\"publisher\":{\"@id\":\"https:\\\/\\\/expressometro.mx\\\/#organization\"},\"image\":{\"@id\":\"https:\\\/\\\/expressometro.mx\\\/index.php\\\/2021\\\/03\\\/23\\\/orden-de-aprehension-contra-los-autores-de-la-masacre-de-policias\\\/#primaryimage\"},\"thumbnailUrl\":\"https:\\\/\\\/expressometro.mx\\\/wp-content\\\/uploads\\\/2021\\\/03\\\/WhatsApp-Image-2021-03-23-at-10.52.45.jpeg\",\"keywords\":[\"SSEM\"],\"articleSection\":[\"Gobierno\",\"Seguridad\"],\"inLanguage\":\"es\",\"potentialAction\":[{\"@type\":\"CommentAction\",\"name\":\"Comment\",\"target\":[\"https:\\\/\\\/expressometro.mx\\\/index.php\\\/2021\\\/03\\\/23\\\/orden-de-aprehension-contra-los-autores-de-la-masacre-de-policias\\\/#respond\"]}]},{\"@type\":\"WebPage\",\"@id\":\"https:\\\/\\\/expressometro.mx\\\/index.php\\\/2021\\\/03\\\/23\\\/orden-de-aprehension-contra-los-autores-de-la-masacre-de-policias\\\/\",\"url\":\"https:\\\/\\\/expressometro.mx\\\/index.php\\\/2021\\\/03\\\/23\\\/orden-de-aprehension-contra-los-autores-de-la-masacre-de-policias\\\/\",\"name\":\"Orden de aprehensi\u00f3n contra los autores de la masacre de polic\u00edas - Expresso Metropolitano\",\"isPartOf\":{\"@id\":\"https:\\\/\\\/expressometro.mx\\\/#website\"},\"primaryImageOfPage\":{\"@id\":\"https:\\\/\\\/expressometro.mx\\\/index.php\\\/2021\\\/03\\\/23\\\/orden-de-aprehension-contra-los-autores-de-la-masacre-de-policias\\\/#primaryimage\"},\"image\":{\"@id\":\"https:\\\/\\\/expressometro.mx\\\/index.php\\\/2021\\\/03\\\/23\\\/orden-de-aprehension-contra-los-autores-de-la-masacre-de-policias\\\/#primaryimage\"},\"thumbnailUrl\":\"https:\\\/\\\/expressometro.mx\\\/wp-content\\\/uploads\\\/2021\\\/03\\\/WhatsApp-Image-2021-03-23-at-10.52.45.jpeg\",\"datePublished\":\"2021-03-23T17:08:31+00:00\",\"dateModified\":\"2021-03-23T17:08:35+00:00\",\"breadcrumb\":{\"@id\":\"https:\\\/\\\/expressometro.mx\\\/index.php\\\/2021\\\/03\\\/23\\\/orden-de-aprehension-contra-los-autores-de-la-masacre-de-policias\\\/#breadcrumb\"},\"inLanguage\":\"es\",\"potentialAction\":[{\"@type\":\"ReadAction\",\"target\":[\"https:\\\/\\\/expressometro.mx\\\/index.php\\\/2021\\\/03\\\/23\\\/orden-de-aprehension-contra-los-autores-de-la-masacre-de-policias\\\/\"]}]},{\"@type\":\"ImageObject\",\"inLanguage\":\"es\",\"@id\":\"https:\\\/\\\/expressometro.mx\\\/index.php\\\/2021\\\/03\\\/23\\\/orden-de-aprehension-contra-los-autores-de-la-masacre-de-policias\\\/#primaryimage\",\"url\":\"https:\\\/\\\/expressometro.mx\\\/wp-content\\\/uploads\\\/2021\\\/03\\\/WhatsApp-Image-2021-03-23-at-10.52.45.jpeg\",\"contentUrl\":\"https:\\\/\\\/expressometro.mx\\\/wp-content\\\/uploads\\\/2021\\\/03\\\/WhatsApp-Image-2021-03-23-at-10.52.45.jpeg\",\"width\":622,\"height\":960},{\"@type\":\"BreadcrumbList\",\"@id\":\"https:\\\/\\\/expressometro.mx\\\/index.php\\\/2021\\\/03\\\/23\\\/orden-de-aprehension-contra-los-autores-de-la-masacre-de-policias\\\/#breadcrumb\",\"itemListElement\":[{\"@type\":\"ListItem\",\"position\":1,\"name\":\"Inicio\",\"item\":\"https:\\\/\\\/expressometro.mx\\\/\"},{\"@type\":\"ListItem\",\"position\":2,\"name\":\"Orden de aprehensi\u00f3n contra los autores de la masacre de polic\u00edas\"}]},{\"@type\":\"WebSite\",\"@id\":\"https:\\\/\\\/expressometro.mx\\\/#website\",\"url\":\"https:\\\/\\\/expressometro.mx\\\/\",\"name\":\"Expresso Metropolitano\",\"description\":\"Periodismo comprometido, informaci\u00f3n, investigaci\u00f3n y an\u00e1lisis\",\"publisher\":{\"@id\":\"https:\\\/\\\/expressometro.mx\\\/#organization\"},\"potentialAction\":[{\"@type\":\"SearchAction\",\"target\":{\"@type\":\"EntryPoint\",\"urlTemplate\":\"https:\\\/\\\/expressometro.mx\\\/?s={search_term_string}\"},\"query-input\":{\"@type\":\"PropertyValueSpecification\",\"valueRequired\":true,\"valueName\":\"search_term_string\"}}],\"inLanguage\":\"es\"},{\"@type\":\"Organization\",\"@id\":\"https:\\\/\\\/expressometro.mx\\\/#organization\",\"name\":\"Expresso Metropolitano\",\"url\":\"https:\\\/\\\/expressometro.mx\\\/\",\"logo\":{\"@type\":\"ImageObject\",\"inLanguage\":\"es\",\"@id\":\"https:\\\/\\\/expressometro.mx\\\/#\\\/schema\\\/logo\\\/image\\\/\",\"url\":\"https:\\\/\\\/expressometro.mx\\\/wp-content\\\/uploads\\\/2019\\\/07\\\/cropped-Logo-Expresso-Metropolitano-1-1.jpeg\",\"contentUrl\":\"https:\\\/\\\/expressometro.mx\\\/wp-content\\\/uploads\\\/2019\\\/07\\\/cropped-Logo-Expresso-Metropolitano-1-1.jpeg\",\"width\":290,\"height\":73,\"caption\":\"Expresso Metropolitano\"},\"image\":{\"@id\":\"https:\\\/\\\/expressometro.mx\\\/#\\\/schema\\\/logo\\\/image\\\/\"}},{\"@type\":\"Person\",\"@id\":\"https:\\\/\\\/expressometro.mx\\\/#\\\/schema\\\/person\\\/efa971b4a0664db8ed5c22b1b0dd2f5d\",\"name\":\"Expresso Metropolitano\",\"image\":{\"@type\":\"ImageObject\",\"inLanguage\":\"es\",\"@id\":\"https:\\\/\\\/secure.gravatar.com\\\/avatar\\\/a89f802b8de18c6952f223c88d3d106e9e3679839f4e25a02f4a6cc2ae6ba3b3?s=96&d=mm&r=g\",\"url\":\"https:\\\/\\\/secure.gravatar.com\\\/avatar\\\/a89f802b8de18c6952f223c88d3d106e9e3679839f4e25a02f4a6cc2ae6ba3b3?s=96&d=mm&r=g\",\"contentUrl\":\"https:\\\/\\\/secure.gravatar.com\\\/avatar\\\/a89f802b8de18c6952f223c88d3d106e9e3679839f4e25a02f4a6cc2ae6ba3b3?s=96&d=mm&r=g\",\"caption\":\"Expresso Metropolitano\"},\"url\":\"https:\\\/\\\/expressometro.mx\\\/index.php\\\/author\\\/diego\\\/\"}]}<\/script>\n<!-- \/ Yoast SEO plugin. -->","yoast_head_json":{"title":"Orden de aprehensi\u00f3n contra los autores de la masacre de polic\u00edas - Expresso Metropolitano","robots":{"index":"index","follow":"follow","max-snippet":"max-snippet:-1","max-image-preview":"max-image-preview:large","max-video-preview":"max-video-preview:-1"},"canonical":"https:\/\/expressometro.mx\/index.php\/2021\/03\/23\/orden-de-aprehension-contra-los-autores-de-la-masacre-de-policias\/","og_locale":"es_MX","og_type":"article","og_title":"Orden de aprehensi\u00f3n contra los autores de la masacre de polic\u00edas - Expresso Metropolitano","og_description":"Hay detenci\u00f3n de 25 personas que est\u00e1n bajo sospecha de pertenecer al c\u00e1rtel de la familia michoacana.","og_url":"https:\/\/expressometro.mx\/index.php\/2021\/03\/23\/orden-de-aprehension-contra-los-autores-de-la-masacre-de-policias\/","og_site_name":"Expresso Metropolitano","article_published_time":"2021-03-23T17:08:31+00:00","article_modified_time":"2021-03-23T17:08:35+00:00","og_image":[{"width":622,"height":960,"url":"https:\/\/expressometro.mx\/wp-content\/uploads\/2021\/03\/WhatsApp-Image-2021-03-23-at-10.52.45.jpeg","type":"image\/jpeg"}],"author":"Expresso Metropolitano","twitter_misc":{"Escrito por":"Expresso Metropolitano","Tiempo de lectura":"4 minutos"},"schema":{"@context":"https:\/\/schema.org","@graph":[{"@type":"Article","@id":"https:\/\/expressometro.mx\/index.php\/2021\/03\/23\/orden-de-aprehension-contra-los-autores-de-la-masacre-de-policias\/#article","isPartOf":{"@id":"https:\/\/expressometro.mx\/index.php\/2021\/03\/23\/orden-de-aprehension-contra-los-autores-de-la-masacre-de-policias\/"},"author":{"name":"Expresso Metropolitano","@id":"https:\/\/expressometro.mx\/#\/schema\/person\/efa971b4a0664db8ed5c22b1b0dd2f5d"},"headline":"Orden de aprehensi\u00f3n contra los autores de la masacre de polic\u00edas","datePublished":"2021-03-23T17:08:31+00:00","dateModified":"2021-03-23T17:08:35+00:00","mainEntityOfPage":{"@id":"https:\/\/expressometro.mx\/index.php\/2021\/03\/23\/orden-de-aprehension-contra-los-autores-de-la-masacre-de-policias\/"},"wordCount":751,"commentCount":0,"publisher":{"@id":"https:\/\/expressometro.mx\/#organization"},"image":{"@id":"https:\/\/expressometro.mx\/index.php\/2021\/03\/23\/orden-de-aprehension-contra-los-autores-de-la-masacre-de-policias\/#primaryimage"},"thumbnailUrl":"https:\/\/expressometro.mx\/wp-content\/uploads\/2021\/03\/WhatsApp-Image-2021-03-23-at-10.52.45.jpeg","keywords":["SSEM"],"articleSection":["Gobierno","Seguridad"],"inLanguage":"es","potentialAction":[{"@type":"CommentAction","name":"Comment","target":["https:\/\/expressometro.mx\/index.php\/2021\/03\/23\/orden-de-aprehension-contra-los-autores-de-la-masacre-de-policias\/#respond"]}]},{"@type":"WebPage","@id":"https:\/\/expressometro.mx\/index.php\/2021\/03\/23\/orden-de-aprehension-contra-los-autores-de-la-masacre-de-policias\/","url":"https:\/\/expressometro.mx\/index.php\/2021\/03\/23\/orden-de-aprehension-contra-los-autores-de-la-masacre-de-policias\/","name":"Orden de aprehensi\u00f3n contra los autores de la masacre de polic\u00edas - Expresso Metropolitano","isPartOf":{"@id":"https:\/\/expressometro.mx\/#website"},"primaryImageOfPage":{"@id":"https:\/\/expressometro.mx\/index.php\/2021\/03\/23\/orden-de-aprehension-contra-los-autores-de-la-masacre-de-policias\/#primaryimage"},"image":{"@id":"https:\/\/expressometro.mx\/index.php\/2021\/03\/23\/orden-de-aprehension-contra-los-autores-de-la-masacre-de-policias\/#primaryimage"},"thumbnailUrl":"https:\/\/expressometro.mx\/wp-content\/uploads\/2021\/03\/WhatsApp-Image-2021-03-23-at-10.52.45.jpeg","datePublished":"2021-03-23T17:08:31+00:00","dateModified":"2021-03-23T17:08:35+00:00","breadcrumb":{"@id":"https:\/\/expressometro.mx\/index.php\/2021\/03\/23\/orden-de-aprehension-contra-los-autores-de-la-masacre-de-policias\/#breadcrumb"},"inLanguage":"es","potentialAction":[{"@type":"ReadAction","target":["https:\/\/expressometro.mx\/index.php\/2021\/03\/23\/orden-de-aprehension-contra-los-autores-de-la-masacre-de-policias\/"]}]},{"@type":"ImageObject","inLanguage":"es","@id":"https:\/\/expressometro.mx\/index.php\/2021\/03\/23\/orden-de-aprehension-contra-los-autores-de-la-masacre-de-policias\/#primaryimage","url":"https:\/\/expressometro.mx\/wp-content\/uploads\/2021\/03\/WhatsApp-Image-2021-03-23-at-10.52.45.jpeg","contentUrl":"https:\/\/expressometro.mx\/wp-content\/uploads\/2021\/03\/WhatsApp-Image-2021-03-23-at-10.52.45.jpeg","width":622,"height":960},{"@type":"BreadcrumbList","@id":"https:\/\/expressometro.mx\/index.php\/2021\/03\/23\/orden-de-aprehension-contra-los-autores-de-la-masacre-de-policias\/#breadcrumb","itemListElement":[{"@type":"ListItem","position":1,"name":"Inicio","item":"https:\/\/expressometro.mx\/"},{"@type":"ListItem","position":2,"name":"Orden de aprehensi\u00f3n contra los autores de la masacre de polic\u00edas"}]},{"@type":"WebSite","@id":"https:\/\/expressometro.mx\/#website","url":"https:\/\/expressometro.mx\/","name":"Expresso Metropolitano","description":"Periodismo comprometido, informaci\u00f3n, investigaci\u00f3n y an\u00e1lisis","publisher":{"@id":"https:\/\/expressometro.mx\/#organization"},"potentialAction":[{"@type":"SearchAction","target":{"@type":"EntryPoint","urlTemplate":"https:\/\/expressometro.mx\/?s={search_term_string}"},"query-input":{"@type":"PropertyValueSpecification","valueRequired":true,"valueName":"search_term_string"}}],"inLanguage":"es"},{"@type":"Organization","@id":"https:\/\/expressometro.mx\/#organization","name":"Expresso Metropolitano","url":"https:\/\/expressometro.mx\/","logo":{"@type":"ImageObject","inLanguage":"es","@id":"https:\/\/expressometro.mx\/#\/schema\/logo\/image\/","url":"https:\/\/expressometro.mx\/wp-content\/uploads\/2019\/07\/cropped-Logo-Expresso-Metropolitano-1-1.jpeg","contentUrl":"https:\/\/expressometro.mx\/wp-content\/uploads\/2019\/07\/cropped-Logo-Expresso-Metropolitano-1-1.jpeg","width":290,"height":73,"caption":"Expresso Metropolitano"},"image":{"@id":"https:\/\/expressometro.mx\/#\/schema\/logo\/image\/"}},{"@type":"Person","@id":"https:\/\/expressometro.mx\/#\/schema\/person\/efa971b4a0664db8ed5c22b1b0dd2f5d","name":"Expresso Metropolitano","image":{"@type":"ImageObject","inLanguage":"es","@id":"https:\/\/secure.gravatar.com\/avatar\/a89f802b8de18c6952f223c88d3d106e9e3679839f4e25a02f4a6cc2ae6ba3b3?s=96&d=mm&r=g","url":"https:\/\/secure.gravatar.com\/avatar\/a89f802b8de18c6952f223c88d3d106e9e3679839f4e25a02f4a6cc2ae6ba3b3?s=96&d=mm&r=g","contentUrl":"https:\/\/secure.gravatar.com\/avatar\/a89f802b8de18c6952f223c88d3d106e9e3679839f4e25a02f4a6cc2ae6ba3b3?s=96&d=mm&r=g","caption":"Expresso Metropolitano"},"url":"https:\/\/expressometro.mx\/index.php\/author\/diego\/"}]}},"amp_enabled":true,"_links":{"self":[{"href":"https:\/\/expressometro.mx\/index.php\/wp-json\/wp\/v2\/posts\/2372","targetHints":{"allow":["GET"]}}],"collection":[{"href":"https:\/\/expressometro.mx\/index.php\/wp-json\/wp\/v2\/posts"}],"about":[{"href":"https:\/\/expressometro.mx\/index.php\/wp-json\/wp\/v2\/types\/post"}],"author":[{"embeddable":true,"href":"https:\/\/expressometro.mx\/index.php\/wp-json\/wp\/v2\/users\/1"}],"replies":[{"embeddable":true,"href":"https:\/\/expressometro.mx\/index.php\/wp-json\/wp\/v2\/comments?post=2372"}],"version-history":[{"count":1,"href":"https:\/\/expressometro.mx\/index.php\/wp-json\/wp\/v2\/posts\/2372\/revisions"}],"predecessor-version":[{"id":2375,"href":"https:\/\/expressometro.mx\/index.php\/wp-json\/wp\/v2\/posts\/2372\/revisions\/2375"}],"wp:featuredmedia":[{"embeddable":true,"href":"https:\/\/expressometro.mx\/index.php\/wp-json\/wp\/v2\/media\/2373"}],"wp:attachment":[{"href":"https:\/\/expressometro.mx\/index.php\/wp-json\/wp\/v2\/media?parent=2372"}],"wp:term":[{"taxonomy":"category","embeddable":true,"href":"https:\/\/expressometro.mx\/index.php\/wp-json\/wp\/v2\/categories?post=2372"},{"taxonomy":"post_tag","embeddable":true,"href":"https:\/\/expressometro.mx\/index.php\/wp-json\/wp\/v2\/tags?post=2372"}],"curies":[{"name":"wp","href":"https:\/\/api.w.org\/{rel}","templated":true}]}}