{"id":2349,"date":"2021-03-16T18:29:33","date_gmt":"2021-03-17T00:29:33","guid":{"rendered":"http:\/\/expressometro.mx\/?p=2349"},"modified":"2021-03-16T18:29:36","modified_gmt":"2021-03-17T00:29:36","slug":"abren-frente-a-favor-de-juan-rodolfo-sanchez","status":"publish","type":"post","link":"https:\/\/expressometro.mx\/index.php\/2021\/03\/16\/abren-frente-a-favor-de-juan-rodolfo-sanchez\/","title":{"rendered":"ABREN FRENTE A FAVOR DE JUAN RODOLFO S\u00c1NCHEZ"},"content":{"rendered":"\n<p>El Movimiento Nacional por la Esperanza apoyar\u00e1 al alcalde de Toluca para que contin\u00fae con los trabajos de la cuarta transformaci\u00f3n, dej\u00f3 en claro su dirigente en el Valle de Toluca, Esmeralda de Luna.<\/p>\n\n\n\n<p>Durante una reuni\u00f3n con liderazgos sociales de la zona norte de la capital mexiquense, sostuvo que es el momento de cerrar filas en torno a las demandas sociales de los m\u00e1s afectados por la pandemia.<\/p>\n\n\n\n<p>La clase trabajadora que se dedica al comercio fue la m\u00e1s afectada en su econom\u00eda familiar y debemos seguir en la lucha con las autoridades que en este momento ostentan los cargos.<\/p>\n\n\n\n<p>Dijo que no est\u00e1 casada con alg\u00fan partido pol\u00edtico, por lo que representamos para la comunidad y \u201cno podemos asumirnos de un color o de otro, pero nos sumamos a los perfiles de los que ocupan los cargos y hoy estamos en esta lucha porque vemos la gran necesidad de las familias\u201d.<\/p>\n\n\n\n<p>Esmeralda de Luna manifest\u00f3 que el alcalde de Toluca tiene como prioridad el ordenamiento del comercio y su proyecto debe sumarse a la necesidad de la gente y as\u00ed darle continuidad a los trabajos de la actual administraci\u00f3n.<\/p>\n\n\n\n<p>\u201cVamos a apoyar la reelecci\u00f3n del Presidente Municipal, para que se puedan concluir muchos de los trabajos y temas que nosotros hemos impulsado, como lo es el reordenamiento y seguir exigiendo el derecho al trabajo, y que Juan Rodolfo se sume al proyecto de cada uno de nosotros para que hagamos esa unidad y veamos un Toluca transformado\u201d.<\/p>\n\n\n\n<p>El Movimiento Nacional por la Esperanza es la formaci\u00f3n de una generaci\u00f3n de la transformaci\u00f3n en Toluca y la misi\u00f3n es unir a las organizaciones sociales y a toda la sociedad para proveer programas para el bien com\u00fan de los ni\u00f1os, j\u00f3venes y adultos.<\/p>\n\n\n\n<p>Es el momento de luchar por la nueva esperanza de Toluca y que esta esperanza sea a trav\u00e9s de la voz de los ciudadanos, enfatiz\u00f3.<\/p>\n","protected":false},"excerpt":{"rendered":"<p>Es el momento de luchar por la nueva esperanza de Toluca y que esta esperanza sea a trav\u00e9s de la voz de los ciudadanos, enfatiz\u00f3.<\/p>\n","protected":false},"author":1,"featured_media":2350,"comment_status":"open","ping_status":"open","sticky":false,"template":"","format":"standard","meta":{"footnotes":""},"categories":[231],"tags":[298,78],"class_list":["post-2349","post","type-post","status-publish","format-standard","has-post-thumbnail","hentry","category-politica","tag-juan-rodolfo","tag-toluca"],"yoast_head":"<!-- This site is optimized with the Yoast SEO plugin v27.5 - https:\/\/yoast.com\/product\/yoast-seo-wordpress\/ -->\n<title>ABREN FRENTE A FAVOR DE JUAN RODOLFO S\u00c1NCHEZ - Expresso Metropolitano<\/title>\n<meta name=\"robots\" content=\"index, follow, max-snippet:-1, max-image-preview:large, max-video-preview:-1\" \/>\n<link rel=\"canonical\" href=\"https:\/\/expressometro.mx\/index.php\/2021\/03\/16\/abren-frente-a-favor-de-juan-rodolfo-sanchez\/\" \/>\n<meta property=\"og:locale\" content=\"es_MX\" \/>\n<meta property=\"og:type\" content=\"article\" \/>\n<meta property=\"og:title\" content=\"ABREN FRENTE A FAVOR DE JUAN RODOLFO S\u00c1NCHEZ - Expresso Metropolitano\" \/>\n<meta property=\"og:description\" content=\"Es el momento de luchar por la nueva esperanza de Toluca y que esta esperanza sea a trav\u00e9s de la voz de los ciudadanos, enfatiz\u00f3.\" \/>\n<meta property=\"og:url\" content=\"https:\/\/expressometro.mx\/index.php\/2021\/03\/16\/abren-frente-a-favor-de-juan-rodolfo-sanchez\/\" \/>\n<meta property=\"og:site_name\" content=\"Expresso Metropolitano\" \/>\n<meta property=\"article:published_time\" content=\"2021-03-17T00:29:33+00:00\" \/>\n<meta property=\"article:modified_time\" content=\"2021-03-17T00:29:36+00:00\" \/>\n<meta property=\"og:image\" content=\"https:\/\/expressometro.mx\/wp-content\/uploads\/2021\/03\/WhatsApp-Image-2021-03-16-at-15.44.11.jpeg\" \/>\n\t<meta property=\"og:image:width\" content=\"591\" \/>\n\t<meta property=\"og:image:height\" content=\"1280\" \/>\n\t<meta property=\"og:image:type\" content=\"image\/jpeg\" \/>\n<meta name=\"author\" content=\"Expresso Metropolitano\" \/>\n<meta name=\"twitter:label1\" content=\"Escrito por\" \/>\n\t<meta name=\"twitter:data1\" content=\"Expresso Metropolitano\" \/>\n\t<meta name=\"twitter:label2\" content=\"Tiempo de lectura\" \/>\n\t<meta name=\"twitter:data2\" content=\"2 minutos\" \/>\n<script type=\"application\/ld+json\" class=\"yoast-schema-graph\">{\"@context\":\"https:\\\/\\\/schema.org\",\"@graph\":[{\"@type\":\"Article\",\"@id\":\"https:\\\/\\\/expressometro.mx\\\/index.php\\\/2021\\\/03\\\/16\\\/abren-frente-a-favor-de-juan-rodolfo-sanchez\\\/#article\",\"isPartOf\":{\"@id\":\"https:\\\/\\\/expressometro.mx\\\/index.php\\\/2021\\\/03\\\/16\\\/abren-frente-a-favor-de-juan-rodolfo-sanchez\\\/\"},\"author\":{\"name\":\"Expresso Metropolitano\",\"@id\":\"https:\\\/\\\/expressometro.mx\\\/#\\\/schema\\\/person\\\/efa971b4a0664db8ed5c22b1b0dd2f5d\"},\"headline\":\"ABREN FRENTE A FAVOR DE JUAN RODOLFO S\u00c1NCHEZ\",\"datePublished\":\"2021-03-17T00:29:33+00:00\",\"dateModified\":\"2021-03-17T00:29:36+00:00\",\"mainEntityOfPage\":{\"@id\":\"https:\\\/\\\/expressometro.mx\\\/index.php\\\/2021\\\/03\\\/16\\\/abren-frente-a-favor-de-juan-rodolfo-sanchez\\\/\"},\"wordCount\":345,\"commentCount\":0,\"publisher\":{\"@id\":\"https:\\\/\\\/expressometro.mx\\\/#organization\"},\"image\":{\"@id\":\"https:\\\/\\\/expressometro.mx\\\/index.php\\\/2021\\\/03\\\/16\\\/abren-frente-a-favor-de-juan-rodolfo-sanchez\\\/#primaryimage\"},\"thumbnailUrl\":\"https:\\\/\\\/expressometro.mx\\\/wp-content\\\/uploads\\\/2021\\\/03\\\/WhatsApp-Image-2021-03-16-at-15.44.11.jpeg\",\"keywords\":[\"Juan Rodolfo\",\"toluca\"],\"articleSection\":[\"Pol\u00edtica\"],\"inLanguage\":\"es\",\"potentialAction\":[{\"@type\":\"CommentAction\",\"name\":\"Comment\",\"target\":[\"https:\\\/\\\/expressometro.mx\\\/index.php\\\/2021\\\/03\\\/16\\\/abren-frente-a-favor-de-juan-rodolfo-sanchez\\\/#respond\"]}]},{\"@type\":\"WebPage\",\"@id\":\"https:\\\/\\\/expressometro.mx\\\/index.php\\\/2021\\\/03\\\/16\\\/abren-frente-a-favor-de-juan-rodolfo-sanchez\\\/\",\"url\":\"https:\\\/\\\/expressometro.mx\\\/index.php\\\/2021\\\/03\\\/16\\\/abren-frente-a-favor-de-juan-rodolfo-sanchez\\\/\",\"name\":\"ABREN FRENTE A FAVOR DE JUAN RODOLFO S\u00c1NCHEZ - Expresso Metropolitano\",\"isPartOf\":{\"@id\":\"https:\\\/\\\/expressometro.mx\\\/#website\"},\"primaryImageOfPage\":{\"@id\":\"https:\\\/\\\/expressometro.mx\\\/index.php\\\/2021\\\/03\\\/16\\\/abren-frente-a-favor-de-juan-rodolfo-sanchez\\\/#primaryimage\"},\"image\":{\"@id\":\"https:\\\/\\\/expressometro.mx\\\/index.php\\\/2021\\\/03\\\/16\\\/abren-frente-a-favor-de-juan-rodolfo-sanchez\\\/#primaryimage\"},\"thumbnailUrl\":\"https:\\\/\\\/expressometro.mx\\\/wp-content\\\/uploads\\\/2021\\\/03\\\/WhatsApp-Image-2021-03-16-at-15.44.11.jpeg\",\"datePublished\":\"2021-03-17T00:29:33+00:00\",\"dateModified\":\"2021-03-17T00:29:36+00:00\",\"breadcrumb\":{\"@id\":\"https:\\\/\\\/expressometro.mx\\\/index.php\\\/2021\\\/03\\\/16\\\/abren-frente-a-favor-de-juan-rodolfo-sanchez\\\/#breadcrumb\"},\"inLanguage\":\"es\",\"potentialAction\":[{\"@type\":\"ReadAction\",\"target\":[\"https:\\\/\\\/expressometro.mx\\\/index.php\\\/2021\\\/03\\\/16\\\/abren-frente-a-favor-de-juan-rodolfo-sanchez\\\/\"]}]},{\"@type\":\"ImageObject\",\"inLanguage\":\"es\",\"@id\":\"https:\\\/\\\/expressometro.mx\\\/index.php\\\/2021\\\/03\\\/16\\\/abren-frente-a-favor-de-juan-rodolfo-sanchez\\\/#primaryimage\",\"url\":\"https:\\\/\\\/expressometro.mx\\\/wp-content\\\/uploads\\\/2021\\\/03\\\/WhatsApp-Image-2021-03-16-at-15.44.11.jpeg\",\"contentUrl\":\"https:\\\/\\\/expressometro.mx\\\/wp-content\\\/uploads\\\/2021\\\/03\\\/WhatsApp-Image-2021-03-16-at-15.44.11.jpeg\",\"width\":591,\"height\":1280},{\"@type\":\"BreadcrumbList\",\"@id\":\"https:\\\/\\\/expressometro.mx\\\/index.php\\\/2021\\\/03\\\/16\\\/abren-frente-a-favor-de-juan-rodolfo-sanchez\\\/#breadcrumb\",\"itemListElement\":[{\"@type\":\"ListItem\",\"position\":1,\"name\":\"Inicio\",\"item\":\"https:\\\/\\\/expressometro.mx\\\/\"},{\"@type\":\"ListItem\",\"position\":2,\"name\":\"ABREN FRENTE A FAVOR DE JUAN RODOLFO S\u00c1NCHEZ\"}]},{\"@type\":\"WebSite\",\"@id\":\"https:\\\/\\\/expressometro.mx\\\/#website\",\"url\":\"https:\\\/\\\/expressometro.mx\\\/\",\"name\":\"Expresso Metropolitano\",\"description\":\"Periodismo comprometido, informaci\u00f3n, investigaci\u00f3n y an\u00e1lisis\",\"publisher\":{\"@id\":\"https:\\\/\\\/expressometro.mx\\\/#organization\"},\"potentialAction\":[{\"@type\":\"SearchAction\",\"target\":{\"@type\":\"EntryPoint\",\"urlTemplate\":\"https:\\\/\\\/expressometro.mx\\\/?s={search_term_string}\"},\"query-input\":{\"@type\":\"PropertyValueSpecification\",\"valueRequired\":true,\"valueName\":\"search_term_string\"}}],\"inLanguage\":\"es\"},{\"@type\":\"Organization\",\"@id\":\"https:\\\/\\\/expressometro.mx\\\/#organization\",\"name\":\"Expresso Metropolitano\",\"url\":\"https:\\\/\\\/expressometro.mx\\\/\",\"logo\":{\"@type\":\"ImageObject\",\"inLanguage\":\"es\",\"@id\":\"https:\\\/\\\/expressometro.mx\\\/#\\\/schema\\\/logo\\\/image\\\/\",\"url\":\"https:\\\/\\\/expressometro.mx\\\/wp-content\\\/uploads\\\/2019\\\/07\\\/cropped-Logo-Expresso-Metropolitano-1-1.jpeg\",\"contentUrl\":\"https:\\\/\\\/expressometro.mx\\\/wp-content\\\/uploads\\\/2019\\\/07\\\/cropped-Logo-Expresso-Metropolitano-1-1.jpeg\",\"width\":290,\"height\":73,\"caption\":\"Expresso Metropolitano\"},\"image\":{\"@id\":\"https:\\\/\\\/expressometro.mx\\\/#\\\/schema\\\/logo\\\/image\\\/\"}},{\"@type\":\"Person\",\"@id\":\"https:\\\/\\\/expressometro.mx\\\/#\\\/schema\\\/person\\\/efa971b4a0664db8ed5c22b1b0dd2f5d\",\"name\":\"Expresso Metropolitano\",\"image\":{\"@type\":\"ImageObject\",\"inLanguage\":\"es\",\"@id\":\"https:\\\/\\\/secure.gravatar.com\\\/avatar\\\/a89f802b8de18c6952f223c88d3d106e9e3679839f4e25a02f4a6cc2ae6ba3b3?s=96&d=mm&r=g\",\"url\":\"https:\\\/\\\/secure.gravatar.com\\\/avatar\\\/a89f802b8de18c6952f223c88d3d106e9e3679839f4e25a02f4a6cc2ae6ba3b3?s=96&d=mm&r=g\",\"contentUrl\":\"https:\\\/\\\/secure.gravatar.com\\\/avatar\\\/a89f802b8de18c6952f223c88d3d106e9e3679839f4e25a02f4a6cc2ae6ba3b3?s=96&d=mm&r=g\",\"caption\":\"Expresso Metropolitano\"},\"url\":\"https:\\\/\\\/expressometro.mx\\\/index.php\\\/author\\\/diego\\\/\"}]}<\/script>\n<!-- \/ Yoast SEO plugin. -->","yoast_head_json":{"title":"ABREN FRENTE A FAVOR DE JUAN RODOLFO S\u00c1NCHEZ - Expresso Metropolitano","robots":{"index":"index","follow":"follow","max-snippet":"max-snippet:-1","max-image-preview":"max-image-preview:large","max-video-preview":"max-video-preview:-1"},"canonical":"https:\/\/expressometro.mx\/index.php\/2021\/03\/16\/abren-frente-a-favor-de-juan-rodolfo-sanchez\/","og_locale":"es_MX","og_type":"article","og_title":"ABREN FRENTE A FAVOR DE JUAN RODOLFO S\u00c1NCHEZ - Expresso Metropolitano","og_description":"Es el momento de luchar por la nueva esperanza de Toluca y que esta esperanza sea a trav\u00e9s de la voz de los ciudadanos, enfatiz\u00f3.","og_url":"https:\/\/expressometro.mx\/index.php\/2021\/03\/16\/abren-frente-a-favor-de-juan-rodolfo-sanchez\/","og_site_name":"Expresso Metropolitano","article_published_time":"2021-03-17T00:29:33+00:00","article_modified_time":"2021-03-17T00:29:36+00:00","og_image":[{"width":591,"height":1280,"url":"https:\/\/expressometro.mx\/wp-content\/uploads\/2021\/03\/WhatsApp-Image-2021-03-16-at-15.44.11.jpeg","type":"image\/jpeg"}],"author":"Expresso Metropolitano","twitter_misc":{"Escrito por":"Expresso Metropolitano","Tiempo de lectura":"2 minutos"},"schema":{"@context":"https:\/\/schema.org","@graph":[{"@type":"Article","@id":"https:\/\/expressometro.mx\/index.php\/2021\/03\/16\/abren-frente-a-favor-de-juan-rodolfo-sanchez\/#article","isPartOf":{"@id":"https:\/\/expressometro.mx\/index.php\/2021\/03\/16\/abren-frente-a-favor-de-juan-rodolfo-sanchez\/"},"author":{"name":"Expresso Metropolitano","@id":"https:\/\/expressometro.mx\/#\/schema\/person\/efa971b4a0664db8ed5c22b1b0dd2f5d"},"headline":"ABREN FRENTE A FAVOR DE JUAN RODOLFO S\u00c1NCHEZ","datePublished":"2021-03-17T00:29:33+00:00","dateModified":"2021-03-17T00:29:36+00:00","mainEntityOfPage":{"@id":"https:\/\/expressometro.mx\/index.php\/2021\/03\/16\/abren-frente-a-favor-de-juan-rodolfo-sanchez\/"},"wordCount":345,"commentCount":0,"publisher":{"@id":"https:\/\/expressometro.mx\/#organization"},"image":{"@id":"https:\/\/expressometro.mx\/index.php\/2021\/03\/16\/abren-frente-a-favor-de-juan-rodolfo-sanchez\/#primaryimage"},"thumbnailUrl":"https:\/\/expressometro.mx\/wp-content\/uploads\/2021\/03\/WhatsApp-Image-2021-03-16-at-15.44.11.jpeg","keywords":["Juan Rodolfo","toluca"],"articleSection":["Pol\u00edtica"],"inLanguage":"es","potentialAction":[{"@type":"CommentAction","name":"Comment","target":["https:\/\/expressometro.mx\/index.php\/2021\/03\/16\/abren-frente-a-favor-de-juan-rodolfo-sanchez\/#respond"]}]},{"@type":"WebPage","@id":"https:\/\/expressometro.mx\/index.php\/2021\/03\/16\/abren-frente-a-favor-de-juan-rodolfo-sanchez\/","url":"https:\/\/expressometro.mx\/index.php\/2021\/03\/16\/abren-frente-a-favor-de-juan-rodolfo-sanchez\/","name":"ABREN FRENTE A FAVOR DE JUAN RODOLFO S\u00c1NCHEZ - Expresso Metropolitano","isPartOf":{"@id":"https:\/\/expressometro.mx\/#website"},"primaryImageOfPage":{"@id":"https:\/\/expressometro.mx\/index.php\/2021\/03\/16\/abren-frente-a-favor-de-juan-rodolfo-sanchez\/#primaryimage"},"image":{"@id":"https:\/\/expressometro.mx\/index.php\/2021\/03\/16\/abren-frente-a-favor-de-juan-rodolfo-sanchez\/#primaryimage"},"thumbnailUrl":"https:\/\/expressometro.mx\/wp-content\/uploads\/2021\/03\/WhatsApp-Image-2021-03-16-at-15.44.11.jpeg","datePublished":"2021-03-17T00:29:33+00:00","dateModified":"2021-03-17T00:29:36+00:00","breadcrumb":{"@id":"https:\/\/expressometro.mx\/index.php\/2021\/03\/16\/abren-frente-a-favor-de-juan-rodolfo-sanchez\/#breadcrumb"},"inLanguage":"es","potentialAction":[{"@type":"ReadAction","target":["https:\/\/expressometro.mx\/index.php\/2021\/03\/16\/abren-frente-a-favor-de-juan-rodolfo-sanchez\/"]}]},{"@type":"ImageObject","inLanguage":"es","@id":"https:\/\/expressometro.mx\/index.php\/2021\/03\/16\/abren-frente-a-favor-de-juan-rodolfo-sanchez\/#primaryimage","url":"https:\/\/expressometro.mx\/wp-content\/uploads\/2021\/03\/WhatsApp-Image-2021-03-16-at-15.44.11.jpeg","contentUrl":"https:\/\/expressometro.mx\/wp-content\/uploads\/2021\/03\/WhatsApp-Image-2021-03-16-at-15.44.11.jpeg","width":591,"height":1280},{"@type":"BreadcrumbList","@id":"https:\/\/expressometro.mx\/index.php\/2021\/03\/16\/abren-frente-a-favor-de-juan-rodolfo-sanchez\/#breadcrumb","itemListElement":[{"@type":"ListItem","position":1,"name":"Inicio","item":"https:\/\/expressometro.mx\/"},{"@type":"ListItem","position":2,"name":"ABREN FRENTE A FAVOR DE JUAN RODOLFO S\u00c1NCHEZ"}]},{"@type":"WebSite","@id":"https:\/\/expressometro.mx\/#website","url":"https:\/\/expressometro.mx\/","name":"Expresso Metropolitano","description":"Periodismo comprometido, informaci\u00f3n, investigaci\u00f3n y an\u00e1lisis","publisher":{"@id":"https:\/\/expressometro.mx\/#organization"},"potentialAction":[{"@type":"SearchAction","target":{"@type":"EntryPoint","urlTemplate":"https:\/\/expressometro.mx\/?s={search_term_string}"},"query-input":{"@type":"PropertyValueSpecification","valueRequired":true,"valueName":"search_term_string"}}],"inLanguage":"es"},{"@type":"Organization","@id":"https:\/\/expressometro.mx\/#organization","name":"Expresso Metropolitano","url":"https:\/\/expressometro.mx\/","logo":{"@type":"ImageObject","inLanguage":"es","@id":"https:\/\/expressometro.mx\/#\/schema\/logo\/image\/","url":"https:\/\/expressometro.mx\/wp-content\/uploads\/2019\/07\/cropped-Logo-Expresso-Metropolitano-1-1.jpeg","contentUrl":"https:\/\/expressometro.mx\/wp-content\/uploads\/2019\/07\/cropped-Logo-Expresso-Metropolitano-1-1.jpeg","width":290,"height":73,"caption":"Expresso Metropolitano"},"image":{"@id":"https:\/\/expressometro.mx\/#\/schema\/logo\/image\/"}},{"@type":"Person","@id":"https:\/\/expressometro.mx\/#\/schema\/person\/efa971b4a0664db8ed5c22b1b0dd2f5d","name":"Expresso Metropolitano","image":{"@type":"ImageObject","inLanguage":"es","@id":"https:\/\/secure.gravatar.com\/avatar\/a89f802b8de18c6952f223c88d3d106e9e3679839f4e25a02f4a6cc2ae6ba3b3?s=96&d=mm&r=g","url":"https:\/\/secure.gravatar.com\/avatar\/a89f802b8de18c6952f223c88d3d106e9e3679839f4e25a02f4a6cc2ae6ba3b3?s=96&d=mm&r=g","contentUrl":"https:\/\/secure.gravatar.com\/avatar\/a89f802b8de18c6952f223c88d3d106e9e3679839f4e25a02f4a6cc2ae6ba3b3?s=96&d=mm&r=g","caption":"Expresso Metropolitano"},"url":"https:\/\/expressometro.mx\/index.php\/author\/diego\/"}]}},"amp_enabled":true,"_links":{"self":[{"href":"https:\/\/expressometro.mx\/index.php\/wp-json\/wp\/v2\/posts\/2349","targetHints":{"allow":["GET"]}}],"collection":[{"href":"https:\/\/expressometro.mx\/index.php\/wp-json\/wp\/v2\/posts"}],"about":[{"href":"https:\/\/expressometro.mx\/index.php\/wp-json\/wp\/v2\/types\/post"}],"author":[{"embeddable":true,"href":"https:\/\/expressometro.mx\/index.php\/wp-json\/wp\/v2\/users\/1"}],"replies":[{"embeddable":true,"href":"https:\/\/expressometro.mx\/index.php\/wp-json\/wp\/v2\/comments?post=2349"}],"version-history":[{"count":1,"href":"https:\/\/expressometro.mx\/index.php\/wp-json\/wp\/v2\/posts\/2349\/revisions"}],"predecessor-version":[{"id":2352,"href":"https:\/\/expressometro.mx\/index.php\/wp-json\/wp\/v2\/posts\/2349\/revisions\/2352"}],"wp:featuredmedia":[{"embeddable":true,"href":"https:\/\/expressometro.mx\/index.php\/wp-json\/wp\/v2\/media\/2350"}],"wp:attachment":[{"href":"https:\/\/expressometro.mx\/index.php\/wp-json\/wp\/v2\/media?parent=2349"}],"wp:term":[{"taxonomy":"category","embeddable":true,"href":"https:\/\/expressometro.mx\/index.php\/wp-json\/wp\/v2\/categories?post=2349"},{"taxonomy":"post_tag","embeddable":true,"href":"https:\/\/expressometro.mx\/index.php\/wp-json\/wp\/v2\/tags?post=2349"}],"curies":[{"name":"wp","href":"https:\/\/api.w.org\/{rel}","templated":true}]}}