{"id":2343,"date":"2021-03-09T07:43:00","date_gmt":"2021-03-09T13:43:00","guid":{"rendered":"http:\/\/expressometro.mx\/?p=2343"},"modified":"2021-03-12T07:45:31","modified_gmt":"2021-03-12T13:45:31","slug":"avanza-en-edomex-vacunacion-contra-covid-19-en-coordinacion-con-municipios-y-con-el-gobierno-de-mexico-alfredo-del-mazo","status":"publish","type":"post","link":"https:\/\/expressometro.mx\/index.php\/2021\/03\/09\/avanza-en-edomex-vacunacion-contra-covid-19-en-coordinacion-con-municipios-y-con-el-gobierno-de-mexico-alfredo-del-mazo\/","title":{"rendered":"AVANZA EN EDOM\u00c9X VACUNACI\u00d3N CONTRA COVID-19, EN COORDINACI\u00d3N CON MUNICIPIOS Y CON EL GOBIERNO DE M\u00c9XICO: ALFREDO DEL MAZO"},"content":{"rendered":"\n<p>Para verificar la adecuada aplicaci\u00f3n de la primera dosis de la vacuna contra el COVID-19, que este d\u00eda comenz\u00f3 en la capital estatal, el Gobernador Alfredo Del Mazo Maza visit\u00f3 el m\u00f3dulo de vacunaci\u00f3n instalado en el Centro de Convenciones y Exposiciones de Toluca, donde recalc\u00f3 que, en coordinaci\u00f3n con los tres \u00f3rdenes de Gobierno, en el Estado de M\u00e9xico avanza positivamente la aplicaci\u00f3n de la vacuna contra el COVID-19.<\/p>\n\n\n\n<p>Tras concluir la supervisi\u00f3n de este m\u00f3dulo, Del Mazo Maza recalc\u00f3 la importancia de que los adultos mayores que reciben su primera dosis, acudan a aplicarse la segunda vacuna, y con ello estar m\u00e1s protegidos ante esta enfermedad.<\/p>\n\n\n\n<p>&#8220;As\u00ed seguiremos en este programa de vacunaci\u00f3n en todo el Estado de M\u00e9xico. Agradecemos al Gobierno de M\u00e9xico, al Delegado de Vacunaci\u00f3n en el estado, por este apoyo que le dan al Gobierno del Estado de M\u00e9xico y a todos los que participan.<\/p>\n\n\n\n<p>\u201cQuiero destacar adem\u00e1s que es un trabajo coordinado; estamos trabajando los tres \u00f3rdenes de Gobierno, esto se trata de que juntos podamos traer estos beneficios para las familias del Estado de M\u00e9xico&#8221;, enfatiz\u00f3.<\/p>\n\n\n\n<p>En esta supervisi\u00f3n, en la que estuvo acompa\u00f1ado por Mauricio Hern\u00e1ndez, Delegado federal de Vacunaci\u00f3n en el Edom\u00e9x, el Secretario de Salud estatal, Gabriel O&#8217;Shea Cuevas, y funcionarios estatales, municipales y federales, el Gobernador Del Mazo puntualiz\u00f3 que la aplicaci\u00f3n de este biol\u00f3gico se lleva a cabo en 52 municipios mexiquenses, para la poblaci\u00f3n mayor de 60 a\u00f1os, y que la campa\u00f1a llegar\u00e1 a todo el estado, ya que el compromiso es otorgar este beneficio a todas las familias.<\/p>\n\n\n\n<p>Asimismo, detall\u00f3 que hay buenos resultados en esta campa\u00f1a, pues en 25 municipios del Edom\u00e9x se ha vacunado al 100 por ciento de adultos mayores.<\/p>\n\n\n\n<p>&#8220;Llevamos un avance ya en 25 municipios del Estado de M\u00e9xico que se han vacunado 100 por ciento de los adultos mayores; hay siete m\u00e1s que seguimos y que vamos avanzando bien, y hoy inician 20 municipios m\u00e1s, es decir, estamos ya en 52 municipios del Estado de M\u00e9xico aplicando la vacuna contra el COVID-19&#8221;, puntualiz\u00f3.<\/p>\n\n\n\n<p>Alfredo Del Mazo invit\u00f3 a las personas a acudir a los m\u00f3dulos de vacunaci\u00f3n, y explic\u00f3 que en Toluca fueron habilitadas cuatro sedes, en el Estadio Nemesio Diez, la Junta Local de Caminos, el Centro Cultural Mexiquense y el Centro de Convenciones Toluca.<\/p>\n\n\n\n<p>Para el Gobernador mexiquense la vacunaci\u00f3n que reciben los adultos mayores este d\u00eda en la capital del estado, representa un gran paso en el contexto actual, ya que recibir este biol\u00f3gico brinda una gran tranquilidad a las familias, que afrontan momentos dif\u00edciles a causa de la pandemia.<\/p>\n\n\n\n<p>&#8220;Hoy es un d\u00eda muy importante en la capital del estado porque estamos iniciando la vacunaci\u00f3n en el municipio de Toluca, y continuando la vacunaci\u00f3n en distintos puntos del Estado de M\u00e9xico. Es un paso muy importante porque nos da mucha tranquilidad, en especial apoyar a nuestros adultos mayores, que son quienes m\u00e1s riesgos tienen si contraen esta enfermedad&#8221;, explic\u00f3.<\/p>\n\n\n\n<p>Luego de reconocer la tarea de las trabajadoras de la salud, que son quienes aplican esta vacuna, Del Mazo Maza recomend\u00f3 a quienes ya se han vacunado, asistir por su segunda dosis y mantener los cuidados de prevenci\u00f3n.<\/p>\n","protected":false},"excerpt":{"rendered":"<p>Invita a las personas a acudir a los m\u00f3dulos de vacunaci\u00f3n, y explic\u00f3 que en Toluca fueron habilitadas cuatro sedes en el Estadio Nemesio Diez, la Junta Local de Caminos, el Centro Cultural Mexiquense y el Centro de Convenciones de Toluca.<\/p>\n","protected":false},"author":1,"featured_media":2344,"comment_status":"open","ping_status":"open","sticky":false,"template":"","format":"standard","meta":{"footnotes":""},"categories":[3,5],"tags":[87,86,278],"class_list":["post-2343","post","type-post","status-publish","format-standard","has-post-thumbnail","hentry","category-gobierno","category-salud","tag-alfredo-del-mazo","tag-gem","tag-vacunacion-covid19"],"yoast_head":"<!-- This site is optimized with the Yoast SEO plugin v27.4 - https:\/\/yoast.com\/product\/yoast-seo-wordpress\/ -->\n<title>AVANZA EN EDOM\u00c9X VACUNACI\u00d3N CONTRA COVID-19, EN COORDINACI\u00d3N CON MUNICIPIOS Y CON EL GOBIERNO DE M\u00c9XICO: ALFREDO DEL MAZO - Expresso Metropolitano<\/title>\n<meta name=\"robots\" content=\"index, follow, max-snippet:-1, max-image-preview:large, max-video-preview:-1\" \/>\n<link rel=\"canonical\" href=\"https:\/\/expressometro.mx\/index.php\/2021\/03\/09\/avanza-en-edomex-vacunacion-contra-covid-19-en-coordinacion-con-municipios-y-con-el-gobierno-de-mexico-alfredo-del-mazo\/\" \/>\n<meta property=\"og:locale\" content=\"es_MX\" \/>\n<meta property=\"og:type\" content=\"article\" \/>\n<meta property=\"og:title\" content=\"AVANZA EN EDOM\u00c9X VACUNACI\u00d3N CONTRA COVID-19, EN COORDINACI\u00d3N CON MUNICIPIOS Y CON EL GOBIERNO DE M\u00c9XICO: ALFREDO DEL MAZO - Expresso Metropolitano\" \/>\n<meta property=\"og:description\" content=\"Invita a las personas a acudir a los m\u00f3dulos de vacunaci\u00f3n, y explic\u00f3 que en Toluca fueron habilitadas cuatro sedes en el Estadio Nemesio Diez, la Junta Local de Caminos, el Centro Cultural Mexiquense y el Centro de Convenciones de Toluca.\" \/>\n<meta property=\"og:url\" content=\"https:\/\/expressometro.mx\/index.php\/2021\/03\/09\/avanza-en-edomex-vacunacion-contra-covid-19-en-coordinacion-con-municipios-y-con-el-gobierno-de-mexico-alfredo-del-mazo\/\" \/>\n<meta property=\"og:site_name\" content=\"Expresso Metropolitano\" \/>\n<meta property=\"article:published_time\" content=\"2021-03-09T13:43:00+00:00\" \/>\n<meta property=\"article:modified_time\" content=\"2021-03-12T13:45:31+00:00\" \/>\n<meta property=\"og:image\" content=\"https:\/\/expressometro.mx\/wp-content\/uploads\/2021\/03\/WhatsApp-Image-2021-03-09-at-16.05.24.jpeg\" \/>\n\t<meta property=\"og:image:width\" content=\"1071\" \/>\n\t<meta property=\"og:image:height\" content=\"1280\" \/>\n\t<meta property=\"og:image:type\" content=\"image\/jpeg\" \/>\n<meta name=\"author\" content=\"Expresso Metropolitano\" \/>\n<meta name=\"twitter:label1\" content=\"Escrito por\" \/>\n\t<meta name=\"twitter:data1\" content=\"Expresso Metropolitano\" \/>\n\t<meta name=\"twitter:label2\" content=\"Tiempo de lectura\" \/>\n\t<meta name=\"twitter:data2\" content=\"3 minutos\" \/>\n<script type=\"application\/ld+json\" class=\"yoast-schema-graph\">{\"@context\":\"https:\\\/\\\/schema.org\",\"@graph\":[{\"@type\":\"Article\",\"@id\":\"https:\\\/\\\/expressometro.mx\\\/index.php\\\/2021\\\/03\\\/09\\\/avanza-en-edomex-vacunacion-contra-covid-19-en-coordinacion-con-municipios-y-con-el-gobierno-de-mexico-alfredo-del-mazo\\\/#article\",\"isPartOf\":{\"@id\":\"https:\\\/\\\/expressometro.mx\\\/index.php\\\/2021\\\/03\\\/09\\\/avanza-en-edomex-vacunacion-contra-covid-19-en-coordinacion-con-municipios-y-con-el-gobierno-de-mexico-alfredo-del-mazo\\\/\"},\"author\":{\"name\":\"Expresso Metropolitano\",\"@id\":\"https:\\\/\\\/expressometro.mx\\\/#\\\/schema\\\/person\\\/efa971b4a0664db8ed5c22b1b0dd2f5d\"},\"headline\":\"AVANZA EN EDOM\u00c9X VACUNACI\u00d3N CONTRA COVID-19, EN COORDINACI\u00d3N CON MUNICIPIOS Y CON EL GOBIERNO DE M\u00c9XICO: ALFREDO DEL MAZO\",\"datePublished\":\"2021-03-09T13:43:00+00:00\",\"dateModified\":\"2021-03-12T13:45:31+00:00\",\"mainEntityOfPage\":{\"@id\":\"https:\\\/\\\/expressometro.mx\\\/index.php\\\/2021\\\/03\\\/09\\\/avanza-en-edomex-vacunacion-contra-covid-19-en-coordinacion-con-municipios-y-con-el-gobierno-de-mexico-alfredo-del-mazo\\\/\"},\"wordCount\":592,\"commentCount\":0,\"publisher\":{\"@id\":\"https:\\\/\\\/expressometro.mx\\\/#organization\"},\"image\":{\"@id\":\"https:\\\/\\\/expressometro.mx\\\/index.php\\\/2021\\\/03\\\/09\\\/avanza-en-edomex-vacunacion-contra-covid-19-en-coordinacion-con-municipios-y-con-el-gobierno-de-mexico-alfredo-del-mazo\\\/#primaryimage\"},\"thumbnailUrl\":\"https:\\\/\\\/expressometro.mx\\\/wp-content\\\/uploads\\\/2021\\\/03\\\/WhatsApp-Image-2021-03-09-at-16.05.24.jpeg\",\"keywords\":[\"Alfredo del Mazo\",\"GEM\",\"Vacunaci\u00f3n COVID19\"],\"articleSection\":[\"Gobierno\",\"Salud\"],\"inLanguage\":\"es\",\"potentialAction\":[{\"@type\":\"CommentAction\",\"name\":\"Comment\",\"target\":[\"https:\\\/\\\/expressometro.mx\\\/index.php\\\/2021\\\/03\\\/09\\\/avanza-en-edomex-vacunacion-contra-covid-19-en-coordinacion-con-municipios-y-con-el-gobierno-de-mexico-alfredo-del-mazo\\\/#respond\"]}]},{\"@type\":\"WebPage\",\"@id\":\"https:\\\/\\\/expressometro.mx\\\/index.php\\\/2021\\\/03\\\/09\\\/avanza-en-edomex-vacunacion-contra-covid-19-en-coordinacion-con-municipios-y-con-el-gobierno-de-mexico-alfredo-del-mazo\\\/\",\"url\":\"https:\\\/\\\/expressometro.mx\\\/index.php\\\/2021\\\/03\\\/09\\\/avanza-en-edomex-vacunacion-contra-covid-19-en-coordinacion-con-municipios-y-con-el-gobierno-de-mexico-alfredo-del-mazo\\\/\",\"name\":\"AVANZA EN EDOM\u00c9X VACUNACI\u00d3N CONTRA COVID-19, EN COORDINACI\u00d3N CON MUNICIPIOS Y CON EL GOBIERNO DE M\u00c9XICO: ALFREDO DEL MAZO - Expresso Metropolitano\",\"isPartOf\":{\"@id\":\"https:\\\/\\\/expressometro.mx\\\/#website\"},\"primaryImageOfPage\":{\"@id\":\"https:\\\/\\\/expressometro.mx\\\/index.php\\\/2021\\\/03\\\/09\\\/avanza-en-edomex-vacunacion-contra-covid-19-en-coordinacion-con-municipios-y-con-el-gobierno-de-mexico-alfredo-del-mazo\\\/#primaryimage\"},\"image\":{\"@id\":\"https:\\\/\\\/expressometro.mx\\\/index.php\\\/2021\\\/03\\\/09\\\/avanza-en-edomex-vacunacion-contra-covid-19-en-coordinacion-con-municipios-y-con-el-gobierno-de-mexico-alfredo-del-mazo\\\/#primaryimage\"},\"thumbnailUrl\":\"https:\\\/\\\/expressometro.mx\\\/wp-content\\\/uploads\\\/2021\\\/03\\\/WhatsApp-Image-2021-03-09-at-16.05.24.jpeg\",\"datePublished\":\"2021-03-09T13:43:00+00:00\",\"dateModified\":\"2021-03-12T13:45:31+00:00\",\"breadcrumb\":{\"@id\":\"https:\\\/\\\/expressometro.mx\\\/index.php\\\/2021\\\/03\\\/09\\\/avanza-en-edomex-vacunacion-contra-covid-19-en-coordinacion-con-municipios-y-con-el-gobierno-de-mexico-alfredo-del-mazo\\\/#breadcrumb\"},\"inLanguage\":\"es\",\"potentialAction\":[{\"@type\":\"ReadAction\",\"target\":[\"https:\\\/\\\/expressometro.mx\\\/index.php\\\/2021\\\/03\\\/09\\\/avanza-en-edomex-vacunacion-contra-covid-19-en-coordinacion-con-municipios-y-con-el-gobierno-de-mexico-alfredo-del-mazo\\\/\"]}]},{\"@type\":\"ImageObject\",\"inLanguage\":\"es\",\"@id\":\"https:\\\/\\\/expressometro.mx\\\/index.php\\\/2021\\\/03\\\/09\\\/avanza-en-edomex-vacunacion-contra-covid-19-en-coordinacion-con-municipios-y-con-el-gobierno-de-mexico-alfredo-del-mazo\\\/#primaryimage\",\"url\":\"https:\\\/\\\/expressometro.mx\\\/wp-content\\\/uploads\\\/2021\\\/03\\\/WhatsApp-Image-2021-03-09-at-16.05.24.jpeg\",\"contentUrl\":\"https:\\\/\\\/expressometro.mx\\\/wp-content\\\/uploads\\\/2021\\\/03\\\/WhatsApp-Image-2021-03-09-at-16.05.24.jpeg\",\"width\":1071,\"height\":1280},{\"@type\":\"BreadcrumbList\",\"@id\":\"https:\\\/\\\/expressometro.mx\\\/index.php\\\/2021\\\/03\\\/09\\\/avanza-en-edomex-vacunacion-contra-covid-19-en-coordinacion-con-municipios-y-con-el-gobierno-de-mexico-alfredo-del-mazo\\\/#breadcrumb\",\"itemListElement\":[{\"@type\":\"ListItem\",\"position\":1,\"name\":\"Inicio\",\"item\":\"https:\\\/\\\/expressometro.mx\\\/\"},{\"@type\":\"ListItem\",\"position\":2,\"name\":\"AVANZA EN EDOM\u00c9X VACUNACI\u00d3N CONTRA COVID-19, EN COORDINACI\u00d3N CON MUNICIPIOS Y CON EL GOBIERNO DE M\u00c9XICO: ALFREDO DEL MAZO\"}]},{\"@type\":\"WebSite\",\"@id\":\"https:\\\/\\\/expressometro.mx\\\/#website\",\"url\":\"https:\\\/\\\/expressometro.mx\\\/\",\"name\":\"Expresso Metropolitano\",\"description\":\"Periodismo comprometido, informaci\u00f3n, investigaci\u00f3n y an\u00e1lisis\",\"publisher\":{\"@id\":\"https:\\\/\\\/expressometro.mx\\\/#organization\"},\"potentialAction\":[{\"@type\":\"SearchAction\",\"target\":{\"@type\":\"EntryPoint\",\"urlTemplate\":\"https:\\\/\\\/expressometro.mx\\\/?s={search_term_string}\"},\"query-input\":{\"@type\":\"PropertyValueSpecification\",\"valueRequired\":true,\"valueName\":\"search_term_string\"}}],\"inLanguage\":\"es\"},{\"@type\":\"Organization\",\"@id\":\"https:\\\/\\\/expressometro.mx\\\/#organization\",\"name\":\"Expresso Metropolitano\",\"url\":\"https:\\\/\\\/expressometro.mx\\\/\",\"logo\":{\"@type\":\"ImageObject\",\"inLanguage\":\"es\",\"@id\":\"https:\\\/\\\/expressometro.mx\\\/#\\\/schema\\\/logo\\\/image\\\/\",\"url\":\"https:\\\/\\\/expressometro.mx\\\/wp-content\\\/uploads\\\/2019\\\/07\\\/cropped-Logo-Expresso-Metropolitano-1-1.jpeg\",\"contentUrl\":\"https:\\\/\\\/expressometro.mx\\\/wp-content\\\/uploads\\\/2019\\\/07\\\/cropped-Logo-Expresso-Metropolitano-1-1.jpeg\",\"width\":290,\"height\":73,\"caption\":\"Expresso Metropolitano\"},\"image\":{\"@id\":\"https:\\\/\\\/expressometro.mx\\\/#\\\/schema\\\/logo\\\/image\\\/\"}},{\"@type\":\"Person\",\"@id\":\"https:\\\/\\\/expressometro.mx\\\/#\\\/schema\\\/person\\\/efa971b4a0664db8ed5c22b1b0dd2f5d\",\"name\":\"Expresso Metropolitano\",\"image\":{\"@type\":\"ImageObject\",\"inLanguage\":\"es\",\"@id\":\"https:\\\/\\\/secure.gravatar.com\\\/avatar\\\/a89f802b8de18c6952f223c88d3d106e9e3679839f4e25a02f4a6cc2ae6ba3b3?s=96&d=mm&r=g\",\"url\":\"https:\\\/\\\/secure.gravatar.com\\\/avatar\\\/a89f802b8de18c6952f223c88d3d106e9e3679839f4e25a02f4a6cc2ae6ba3b3?s=96&d=mm&r=g\",\"contentUrl\":\"https:\\\/\\\/secure.gravatar.com\\\/avatar\\\/a89f802b8de18c6952f223c88d3d106e9e3679839f4e25a02f4a6cc2ae6ba3b3?s=96&d=mm&r=g\",\"caption\":\"Expresso Metropolitano\"},\"url\":\"https:\\\/\\\/expressometro.mx\\\/index.php\\\/author\\\/diego\\\/\"}]}<\/script>\n<!-- \/ Yoast SEO plugin. -->","yoast_head_json":{"title":"AVANZA EN EDOM\u00c9X VACUNACI\u00d3N CONTRA COVID-19, EN COORDINACI\u00d3N CON MUNICIPIOS Y CON EL GOBIERNO DE M\u00c9XICO: ALFREDO DEL MAZO - Expresso Metropolitano","robots":{"index":"index","follow":"follow","max-snippet":"max-snippet:-1","max-image-preview":"max-image-preview:large","max-video-preview":"max-video-preview:-1"},"canonical":"https:\/\/expressometro.mx\/index.php\/2021\/03\/09\/avanza-en-edomex-vacunacion-contra-covid-19-en-coordinacion-con-municipios-y-con-el-gobierno-de-mexico-alfredo-del-mazo\/","og_locale":"es_MX","og_type":"article","og_title":"AVANZA EN EDOM\u00c9X VACUNACI\u00d3N CONTRA COVID-19, EN COORDINACI\u00d3N CON MUNICIPIOS Y CON EL GOBIERNO DE M\u00c9XICO: ALFREDO DEL MAZO - Expresso Metropolitano","og_description":"Invita a las personas a acudir a los m\u00f3dulos de vacunaci\u00f3n, y explic\u00f3 que en Toluca fueron habilitadas cuatro sedes en el Estadio Nemesio Diez, la Junta Local de Caminos, el Centro Cultural Mexiquense y el Centro de Convenciones de Toluca.","og_url":"https:\/\/expressometro.mx\/index.php\/2021\/03\/09\/avanza-en-edomex-vacunacion-contra-covid-19-en-coordinacion-con-municipios-y-con-el-gobierno-de-mexico-alfredo-del-mazo\/","og_site_name":"Expresso Metropolitano","article_published_time":"2021-03-09T13:43:00+00:00","article_modified_time":"2021-03-12T13:45:31+00:00","og_image":[{"width":1071,"height":1280,"url":"https:\/\/expressometro.mx\/wp-content\/uploads\/2021\/03\/WhatsApp-Image-2021-03-09-at-16.05.24.jpeg","type":"image\/jpeg"}],"author":"Expresso Metropolitano","twitter_misc":{"Escrito por":"Expresso Metropolitano","Tiempo de lectura":"3 minutos"},"schema":{"@context":"https:\/\/schema.org","@graph":[{"@type":"Article","@id":"https:\/\/expressometro.mx\/index.php\/2021\/03\/09\/avanza-en-edomex-vacunacion-contra-covid-19-en-coordinacion-con-municipios-y-con-el-gobierno-de-mexico-alfredo-del-mazo\/#article","isPartOf":{"@id":"https:\/\/expressometro.mx\/index.php\/2021\/03\/09\/avanza-en-edomex-vacunacion-contra-covid-19-en-coordinacion-con-municipios-y-con-el-gobierno-de-mexico-alfredo-del-mazo\/"},"author":{"name":"Expresso Metropolitano","@id":"https:\/\/expressometro.mx\/#\/schema\/person\/efa971b4a0664db8ed5c22b1b0dd2f5d"},"headline":"AVANZA EN EDOM\u00c9X VACUNACI\u00d3N CONTRA COVID-19, EN COORDINACI\u00d3N CON MUNICIPIOS Y CON EL GOBIERNO DE M\u00c9XICO: ALFREDO DEL MAZO","datePublished":"2021-03-09T13:43:00+00:00","dateModified":"2021-03-12T13:45:31+00:00","mainEntityOfPage":{"@id":"https:\/\/expressometro.mx\/index.php\/2021\/03\/09\/avanza-en-edomex-vacunacion-contra-covid-19-en-coordinacion-con-municipios-y-con-el-gobierno-de-mexico-alfredo-del-mazo\/"},"wordCount":592,"commentCount":0,"publisher":{"@id":"https:\/\/expressometro.mx\/#organization"},"image":{"@id":"https:\/\/expressometro.mx\/index.php\/2021\/03\/09\/avanza-en-edomex-vacunacion-contra-covid-19-en-coordinacion-con-municipios-y-con-el-gobierno-de-mexico-alfredo-del-mazo\/#primaryimage"},"thumbnailUrl":"https:\/\/expressometro.mx\/wp-content\/uploads\/2021\/03\/WhatsApp-Image-2021-03-09-at-16.05.24.jpeg","keywords":["Alfredo del Mazo","GEM","Vacunaci\u00f3n COVID19"],"articleSection":["Gobierno","Salud"],"inLanguage":"es","potentialAction":[{"@type":"CommentAction","name":"Comment","target":["https:\/\/expressometro.mx\/index.php\/2021\/03\/09\/avanza-en-edomex-vacunacion-contra-covid-19-en-coordinacion-con-municipios-y-con-el-gobierno-de-mexico-alfredo-del-mazo\/#respond"]}]},{"@type":"WebPage","@id":"https:\/\/expressometro.mx\/index.php\/2021\/03\/09\/avanza-en-edomex-vacunacion-contra-covid-19-en-coordinacion-con-municipios-y-con-el-gobierno-de-mexico-alfredo-del-mazo\/","url":"https:\/\/expressometro.mx\/index.php\/2021\/03\/09\/avanza-en-edomex-vacunacion-contra-covid-19-en-coordinacion-con-municipios-y-con-el-gobierno-de-mexico-alfredo-del-mazo\/","name":"AVANZA EN EDOM\u00c9X VACUNACI\u00d3N CONTRA COVID-19, EN COORDINACI\u00d3N CON MUNICIPIOS Y CON EL GOBIERNO DE M\u00c9XICO: ALFREDO DEL MAZO - Expresso Metropolitano","isPartOf":{"@id":"https:\/\/expressometro.mx\/#website"},"primaryImageOfPage":{"@id":"https:\/\/expressometro.mx\/index.php\/2021\/03\/09\/avanza-en-edomex-vacunacion-contra-covid-19-en-coordinacion-con-municipios-y-con-el-gobierno-de-mexico-alfredo-del-mazo\/#primaryimage"},"image":{"@id":"https:\/\/expressometro.mx\/index.php\/2021\/03\/09\/avanza-en-edomex-vacunacion-contra-covid-19-en-coordinacion-con-municipios-y-con-el-gobierno-de-mexico-alfredo-del-mazo\/#primaryimage"},"thumbnailUrl":"https:\/\/expressometro.mx\/wp-content\/uploads\/2021\/03\/WhatsApp-Image-2021-03-09-at-16.05.24.jpeg","datePublished":"2021-03-09T13:43:00+00:00","dateModified":"2021-03-12T13:45:31+00:00","breadcrumb":{"@id":"https:\/\/expressometro.mx\/index.php\/2021\/03\/09\/avanza-en-edomex-vacunacion-contra-covid-19-en-coordinacion-con-municipios-y-con-el-gobierno-de-mexico-alfredo-del-mazo\/#breadcrumb"},"inLanguage":"es","potentialAction":[{"@type":"ReadAction","target":["https:\/\/expressometro.mx\/index.php\/2021\/03\/09\/avanza-en-edomex-vacunacion-contra-covid-19-en-coordinacion-con-municipios-y-con-el-gobierno-de-mexico-alfredo-del-mazo\/"]}]},{"@type":"ImageObject","inLanguage":"es","@id":"https:\/\/expressometro.mx\/index.php\/2021\/03\/09\/avanza-en-edomex-vacunacion-contra-covid-19-en-coordinacion-con-municipios-y-con-el-gobierno-de-mexico-alfredo-del-mazo\/#primaryimage","url":"https:\/\/expressometro.mx\/wp-content\/uploads\/2021\/03\/WhatsApp-Image-2021-03-09-at-16.05.24.jpeg","contentUrl":"https:\/\/expressometro.mx\/wp-content\/uploads\/2021\/03\/WhatsApp-Image-2021-03-09-at-16.05.24.jpeg","width":1071,"height":1280},{"@type":"BreadcrumbList","@id":"https:\/\/expressometro.mx\/index.php\/2021\/03\/09\/avanza-en-edomex-vacunacion-contra-covid-19-en-coordinacion-con-municipios-y-con-el-gobierno-de-mexico-alfredo-del-mazo\/#breadcrumb","itemListElement":[{"@type":"ListItem","position":1,"name":"Inicio","item":"https:\/\/expressometro.mx\/"},{"@type":"ListItem","position":2,"name":"AVANZA EN EDOM\u00c9X VACUNACI\u00d3N CONTRA COVID-19, EN COORDINACI\u00d3N CON MUNICIPIOS Y CON EL GOBIERNO DE M\u00c9XICO: ALFREDO DEL MAZO"}]},{"@type":"WebSite","@id":"https:\/\/expressometro.mx\/#website","url":"https:\/\/expressometro.mx\/","name":"Expresso Metropolitano","description":"Periodismo comprometido, informaci\u00f3n, investigaci\u00f3n y an\u00e1lisis","publisher":{"@id":"https:\/\/expressometro.mx\/#organization"},"potentialAction":[{"@type":"SearchAction","target":{"@type":"EntryPoint","urlTemplate":"https:\/\/expressometro.mx\/?s={search_term_string}"},"query-input":{"@type":"PropertyValueSpecification","valueRequired":true,"valueName":"search_term_string"}}],"inLanguage":"es"},{"@type":"Organization","@id":"https:\/\/expressometro.mx\/#organization","name":"Expresso Metropolitano","url":"https:\/\/expressometro.mx\/","logo":{"@type":"ImageObject","inLanguage":"es","@id":"https:\/\/expressometro.mx\/#\/schema\/logo\/image\/","url":"https:\/\/expressometro.mx\/wp-content\/uploads\/2019\/07\/cropped-Logo-Expresso-Metropolitano-1-1.jpeg","contentUrl":"https:\/\/expressometro.mx\/wp-content\/uploads\/2019\/07\/cropped-Logo-Expresso-Metropolitano-1-1.jpeg","width":290,"height":73,"caption":"Expresso Metropolitano"},"image":{"@id":"https:\/\/expressometro.mx\/#\/schema\/logo\/image\/"}},{"@type":"Person","@id":"https:\/\/expressometro.mx\/#\/schema\/person\/efa971b4a0664db8ed5c22b1b0dd2f5d","name":"Expresso Metropolitano","image":{"@type":"ImageObject","inLanguage":"es","@id":"https:\/\/secure.gravatar.com\/avatar\/a89f802b8de18c6952f223c88d3d106e9e3679839f4e25a02f4a6cc2ae6ba3b3?s=96&d=mm&r=g","url":"https:\/\/secure.gravatar.com\/avatar\/a89f802b8de18c6952f223c88d3d106e9e3679839f4e25a02f4a6cc2ae6ba3b3?s=96&d=mm&r=g","contentUrl":"https:\/\/secure.gravatar.com\/avatar\/a89f802b8de18c6952f223c88d3d106e9e3679839f4e25a02f4a6cc2ae6ba3b3?s=96&d=mm&r=g","caption":"Expresso Metropolitano"},"url":"https:\/\/expressometro.mx\/index.php\/author\/diego\/"}]}},"amp_enabled":true,"_links":{"self":[{"href":"https:\/\/expressometro.mx\/index.php\/wp-json\/wp\/v2\/posts\/2343","targetHints":{"allow":["GET"]}}],"collection":[{"href":"https:\/\/expressometro.mx\/index.php\/wp-json\/wp\/v2\/posts"}],"about":[{"href":"https:\/\/expressometro.mx\/index.php\/wp-json\/wp\/v2\/types\/post"}],"author":[{"embeddable":true,"href":"https:\/\/expressometro.mx\/index.php\/wp-json\/wp\/v2\/users\/1"}],"replies":[{"embeddable":true,"href":"https:\/\/expressometro.mx\/index.php\/wp-json\/wp\/v2\/comments?post=2343"}],"version-history":[{"count":1,"href":"https:\/\/expressometro.mx\/index.php\/wp-json\/wp\/v2\/posts\/2343\/revisions"}],"predecessor-version":[{"id":2346,"href":"https:\/\/expressometro.mx\/index.php\/wp-json\/wp\/v2\/posts\/2343\/revisions\/2346"}],"wp:featuredmedia":[{"embeddable":true,"href":"https:\/\/expressometro.mx\/index.php\/wp-json\/wp\/v2\/media\/2344"}],"wp:attachment":[{"href":"https:\/\/expressometro.mx\/index.php\/wp-json\/wp\/v2\/media?parent=2343"}],"wp:term":[{"taxonomy":"category","embeddable":true,"href":"https:\/\/expressometro.mx\/index.php\/wp-json\/wp\/v2\/categories?post=2343"},{"taxonomy":"post_tag","embeddable":true,"href":"https:\/\/expressometro.mx\/index.php\/wp-json\/wp\/v2\/tags?post=2343"}],"curies":[{"name":"wp","href":"https:\/\/api.w.org\/{rel}","templated":true}]}}