{"id":2329,"date":"2021-03-01T11:21:39","date_gmt":"2021-03-01T17:21:39","guid":{"rendered":"http:\/\/expressometro.mx\/?p=2329"},"modified":"2021-03-01T11:21:43","modified_gmt":"2021-03-01T17:21:43","slug":"festeja-valle-de-bravo-16-anos-como-pueblo-magico-con-ecoturismo-y-aventura","status":"publish","type":"post","link":"https:\/\/expressometro.mx\/index.php\/2021\/03\/01\/festeja-valle-de-bravo-16-anos-como-pueblo-magico-con-ecoturismo-y-aventura\/","title":{"rendered":"FESTEJA VALLE DE BRAVO 16 A\u00d1OS COMO PUEBLO M\u00c1GICO CON ECOTURISMO Y AVENTURA"},"content":{"rendered":"\n<p>La Secretar\u00eda de Cultura y Turismo, a trav\u00e9s de la Subsecretar\u00eda de Turismo, se une a las celebraciones del municipio de Valle de Bravo, que festeja 16 a\u00f1os bajo el nombramiento de Pueblo M\u00e1gico otorgado el 2 de marzo del 2005.<\/p>\n\n\n\n<p>Este reconocimiento se otorga a los municipios que cuentan con una serie de atributos simb\u00f3licos que resaltan la belleza, cultura e historia de M\u00e9xico; es por ello que Valle de Bravo se hizo acreedor a este nombramiento por ser uno de los principales destinos tur\u00edsticos mexiquenses, que se suma a otros 10 con los que cuenta la entidad.<\/p>\n\n\n\n<p>El Estado de M\u00e9xico invita a conocer el Pueblo M\u00e1gico de Valle de Bravo, que tiene todos los elementos para disfrutar de aventuras, sitios antiguos y espacios para encontrar la paz.<\/p>\n\n\n\n<p>En este municipio hay una variedad tur\u00edstica para los amantes de la aventura, por lo que ofrece un vuelo en parapente y Ala Delta. Tambi\u00e9n hay diversi\u00f3n para los amantes del agua, con atracciones como el esqu\u00ed acu\u00e1tico y velero.<\/p>\n\n\n\n<p>De igual forma, se puede practicar senderismo, escalada, rapel o viajes en motocicleta por los maravillosos senderos, as\u00ed como la cascada &#8220;Velo de Novia&#8221;.<\/p>\n\n\n\n<p>Este paradisiaco lugar se ubica a una hora de la capital mexiquense, y es uno de los destinos favoritos para turistas nacionales y extranjeros, por su clima c\u00e1lido y amigable con el medio ambiente, el calor y amabilidad de su gente.<\/p>\n\n\n\n<p>La amplia gama de servicios tur\u00edsticos como hoteles, restaurantes y turoperadores lo colocan en un lugar excepcional para el disfrute tur\u00edstico.<\/p>\n\n\n\n<p>Tambi\u00e9n se puede meditar en la Gran Stupa B\u00f6n, construida por la paz mundial, y recorrer el centro hist\u00f3rico, o bien, deleitarse con los platillos regionales de sus restaurantes t\u00edpicos y sus helados.<\/p>\n\n\n\n<p>Este Pueblo M\u00e1gico cuenta con una gran tradici\u00f3n artesanal como textiles deshilados, cer\u00e1mica de alta temperatura, barro o hierro forjado elaborados por manos m\u00e1gicas de las y los artesanos vallesanos. Un buen lugar para adquirirlas es el Mercado de Artesan\u00edas, localizado a cuatro cuadras de la Plaza Principal.<\/p>\n\n\n\n<p>De esta forma, Valle de Bravo celebra 16 a\u00f1os como Pueblo M\u00e1gico, la Secretar\u00eda de Cultura y Turismo invita a visitarlo con todas las medidas sanitarias necesarias para proteger la salud de los mexiquenses.<\/p>\n\n\n\n<p>Para mayor informaci\u00f3n pueden consultar el dec\u00e1logo del turista responsable en las redes sociales de la Subsecretar\u00eda de Turismo, Facebook y Twitter, @EdomexTurismo.<\/p>\n","protected":false},"excerpt":{"rendered":"<p>Otorgan nombramiento de Pueblo M\u00e1gico a los municipios que cuentan con una serie de atributos simb\u00f3licos que resaltan la belleza, cultura e historia de M\u00e9xico.<\/p>\n","protected":false},"author":1,"featured_media":2330,"comment_status":"open","ping_status":"open","sticky":false,"template":"","format":"standard","meta":{"footnotes":""},"categories":[3,8],"tags":[291],"class_list":["post-2329","post","type-post","status-publish","format-standard","has-post-thumbnail","hentry","category-gobierno","category-medio-ambiente","tag-valle-de-bravo"],"yoast_head":"<!-- This site is optimized with the Yoast SEO plugin v27.4 - https:\/\/yoast.com\/product\/yoast-seo-wordpress\/ -->\n<title>FESTEJA VALLE DE BRAVO 16 A\u00d1OS COMO PUEBLO M\u00c1GICO CON ECOTURISMO Y AVENTURA - Expresso Metropolitano<\/title>\n<meta name=\"robots\" content=\"index, follow, max-snippet:-1, max-image-preview:large, max-video-preview:-1\" \/>\n<link rel=\"canonical\" href=\"https:\/\/expressometro.mx\/index.php\/2021\/03\/01\/festeja-valle-de-bravo-16-anos-como-pueblo-magico-con-ecoturismo-y-aventura\/\" \/>\n<meta property=\"og:locale\" content=\"es_MX\" \/>\n<meta property=\"og:type\" content=\"article\" \/>\n<meta property=\"og:title\" content=\"FESTEJA VALLE DE BRAVO 16 A\u00d1OS COMO PUEBLO M\u00c1GICO CON ECOTURISMO Y AVENTURA - Expresso Metropolitano\" \/>\n<meta property=\"og:description\" content=\"Otorgan nombramiento de Pueblo M\u00e1gico a los municipios que cuentan con una serie de atributos simb\u00f3licos que resaltan la belleza, cultura e historia de M\u00e9xico.\" \/>\n<meta property=\"og:url\" content=\"https:\/\/expressometro.mx\/index.php\/2021\/03\/01\/festeja-valle-de-bravo-16-anos-como-pueblo-magico-con-ecoturismo-y-aventura\/\" \/>\n<meta property=\"og:site_name\" content=\"Expresso Metropolitano\" \/>\n<meta property=\"article:published_time\" content=\"2021-03-01T17:21:39+00:00\" \/>\n<meta property=\"article:modified_time\" content=\"2021-03-01T17:21:43+00:00\" \/>\n<meta property=\"og:image\" content=\"https:\/\/expressometro.mx\/wp-content\/uploads\/2021\/03\/WhatsApp-Image-2021-03-01-at-11.16.25.jpeg\" \/>\n\t<meta property=\"og:image:width\" content=\"1280\" \/>\n\t<meta property=\"og:image:height\" content=\"853\" \/>\n\t<meta property=\"og:image:type\" content=\"image\/jpeg\" \/>\n<meta name=\"author\" content=\"Expresso Metropolitano\" \/>\n<meta name=\"twitter:label1\" content=\"Escrito por\" \/>\n\t<meta name=\"twitter:data1\" content=\"Expresso Metropolitano\" \/>\n\t<meta name=\"twitter:label2\" content=\"Tiempo de lectura\" \/>\n\t<meta name=\"twitter:data2\" content=\"2 minutos\" \/>\n<script type=\"application\/ld+json\" class=\"yoast-schema-graph\">{\"@context\":\"https:\\\/\\\/schema.org\",\"@graph\":[{\"@type\":\"Article\",\"@id\":\"https:\\\/\\\/expressometro.mx\\\/index.php\\\/2021\\\/03\\\/01\\\/festeja-valle-de-bravo-16-anos-como-pueblo-magico-con-ecoturismo-y-aventura\\\/#article\",\"isPartOf\":{\"@id\":\"https:\\\/\\\/expressometro.mx\\\/index.php\\\/2021\\\/03\\\/01\\\/festeja-valle-de-bravo-16-anos-como-pueblo-magico-con-ecoturismo-y-aventura\\\/\"},\"author\":{\"name\":\"Expresso Metropolitano\",\"@id\":\"https:\\\/\\\/expressometro.mx\\\/#\\\/schema\\\/person\\\/efa971b4a0664db8ed5c22b1b0dd2f5d\"},\"headline\":\"FESTEJA VALLE DE BRAVO 16 A\u00d1OS COMO PUEBLO M\u00c1GICO CON ECOTURISMO Y AVENTURA\",\"datePublished\":\"2021-03-01T17:21:39+00:00\",\"dateModified\":\"2021-03-01T17:21:43+00:00\",\"mainEntityOfPage\":{\"@id\":\"https:\\\/\\\/expressometro.mx\\\/index.php\\\/2021\\\/03\\\/01\\\/festeja-valle-de-bravo-16-anos-como-pueblo-magico-con-ecoturismo-y-aventura\\\/\"},\"wordCount\":435,\"commentCount\":0,\"publisher\":{\"@id\":\"https:\\\/\\\/expressometro.mx\\\/#organization\"},\"image\":{\"@id\":\"https:\\\/\\\/expressometro.mx\\\/index.php\\\/2021\\\/03\\\/01\\\/festeja-valle-de-bravo-16-anos-como-pueblo-magico-con-ecoturismo-y-aventura\\\/#primaryimage\"},\"thumbnailUrl\":\"https:\\\/\\\/expressometro.mx\\\/wp-content\\\/uploads\\\/2021\\\/03\\\/WhatsApp-Image-2021-03-01-at-11.16.25.jpeg\",\"keywords\":[\"Valle de Bravo\"],\"articleSection\":[\"Gobierno\",\"Medio ambiente\"],\"inLanguage\":\"es\",\"potentialAction\":[{\"@type\":\"CommentAction\",\"name\":\"Comment\",\"target\":[\"https:\\\/\\\/expressometro.mx\\\/index.php\\\/2021\\\/03\\\/01\\\/festeja-valle-de-bravo-16-anos-como-pueblo-magico-con-ecoturismo-y-aventura\\\/#respond\"]}]},{\"@type\":\"WebPage\",\"@id\":\"https:\\\/\\\/expressometro.mx\\\/index.php\\\/2021\\\/03\\\/01\\\/festeja-valle-de-bravo-16-anos-como-pueblo-magico-con-ecoturismo-y-aventura\\\/\",\"url\":\"https:\\\/\\\/expressometro.mx\\\/index.php\\\/2021\\\/03\\\/01\\\/festeja-valle-de-bravo-16-anos-como-pueblo-magico-con-ecoturismo-y-aventura\\\/\",\"name\":\"FESTEJA VALLE DE BRAVO 16 A\u00d1OS COMO PUEBLO M\u00c1GICO CON ECOTURISMO Y AVENTURA - Expresso Metropolitano\",\"isPartOf\":{\"@id\":\"https:\\\/\\\/expressometro.mx\\\/#website\"},\"primaryImageOfPage\":{\"@id\":\"https:\\\/\\\/expressometro.mx\\\/index.php\\\/2021\\\/03\\\/01\\\/festeja-valle-de-bravo-16-anos-como-pueblo-magico-con-ecoturismo-y-aventura\\\/#primaryimage\"},\"image\":{\"@id\":\"https:\\\/\\\/expressometro.mx\\\/index.php\\\/2021\\\/03\\\/01\\\/festeja-valle-de-bravo-16-anos-como-pueblo-magico-con-ecoturismo-y-aventura\\\/#primaryimage\"},\"thumbnailUrl\":\"https:\\\/\\\/expressometro.mx\\\/wp-content\\\/uploads\\\/2021\\\/03\\\/WhatsApp-Image-2021-03-01-at-11.16.25.jpeg\",\"datePublished\":\"2021-03-01T17:21:39+00:00\",\"dateModified\":\"2021-03-01T17:21:43+00:00\",\"breadcrumb\":{\"@id\":\"https:\\\/\\\/expressometro.mx\\\/index.php\\\/2021\\\/03\\\/01\\\/festeja-valle-de-bravo-16-anos-como-pueblo-magico-con-ecoturismo-y-aventura\\\/#breadcrumb\"},\"inLanguage\":\"es\",\"potentialAction\":[{\"@type\":\"ReadAction\",\"target\":[\"https:\\\/\\\/expressometro.mx\\\/index.php\\\/2021\\\/03\\\/01\\\/festeja-valle-de-bravo-16-anos-como-pueblo-magico-con-ecoturismo-y-aventura\\\/\"]}]},{\"@type\":\"ImageObject\",\"inLanguage\":\"es\",\"@id\":\"https:\\\/\\\/expressometro.mx\\\/index.php\\\/2021\\\/03\\\/01\\\/festeja-valle-de-bravo-16-anos-como-pueblo-magico-con-ecoturismo-y-aventura\\\/#primaryimage\",\"url\":\"https:\\\/\\\/expressometro.mx\\\/wp-content\\\/uploads\\\/2021\\\/03\\\/WhatsApp-Image-2021-03-01-at-11.16.25.jpeg\",\"contentUrl\":\"https:\\\/\\\/expressometro.mx\\\/wp-content\\\/uploads\\\/2021\\\/03\\\/WhatsApp-Image-2021-03-01-at-11.16.25.jpeg\",\"width\":1280,\"height\":853},{\"@type\":\"BreadcrumbList\",\"@id\":\"https:\\\/\\\/expressometro.mx\\\/index.php\\\/2021\\\/03\\\/01\\\/festeja-valle-de-bravo-16-anos-como-pueblo-magico-con-ecoturismo-y-aventura\\\/#breadcrumb\",\"itemListElement\":[{\"@type\":\"ListItem\",\"position\":1,\"name\":\"Inicio\",\"item\":\"https:\\\/\\\/expressometro.mx\\\/\"},{\"@type\":\"ListItem\",\"position\":2,\"name\":\"FESTEJA VALLE DE BRAVO 16 A\u00d1OS COMO PUEBLO M\u00c1GICO CON ECOTURISMO Y AVENTURA\"}]},{\"@type\":\"WebSite\",\"@id\":\"https:\\\/\\\/expressometro.mx\\\/#website\",\"url\":\"https:\\\/\\\/expressometro.mx\\\/\",\"name\":\"Expresso Metropolitano\",\"description\":\"Periodismo comprometido, informaci\u00f3n, investigaci\u00f3n y an\u00e1lisis\",\"publisher\":{\"@id\":\"https:\\\/\\\/expressometro.mx\\\/#organization\"},\"potentialAction\":[{\"@type\":\"SearchAction\",\"target\":{\"@type\":\"EntryPoint\",\"urlTemplate\":\"https:\\\/\\\/expressometro.mx\\\/?s={search_term_string}\"},\"query-input\":{\"@type\":\"PropertyValueSpecification\",\"valueRequired\":true,\"valueName\":\"search_term_string\"}}],\"inLanguage\":\"es\"},{\"@type\":\"Organization\",\"@id\":\"https:\\\/\\\/expressometro.mx\\\/#organization\",\"name\":\"Expresso Metropolitano\",\"url\":\"https:\\\/\\\/expressometro.mx\\\/\",\"logo\":{\"@type\":\"ImageObject\",\"inLanguage\":\"es\",\"@id\":\"https:\\\/\\\/expressometro.mx\\\/#\\\/schema\\\/logo\\\/image\\\/\",\"url\":\"https:\\\/\\\/expressometro.mx\\\/wp-content\\\/uploads\\\/2019\\\/07\\\/cropped-Logo-Expresso-Metropolitano-1-1.jpeg\",\"contentUrl\":\"https:\\\/\\\/expressometro.mx\\\/wp-content\\\/uploads\\\/2019\\\/07\\\/cropped-Logo-Expresso-Metropolitano-1-1.jpeg\",\"width\":290,\"height\":73,\"caption\":\"Expresso Metropolitano\"},\"image\":{\"@id\":\"https:\\\/\\\/expressometro.mx\\\/#\\\/schema\\\/logo\\\/image\\\/\"}},{\"@type\":\"Person\",\"@id\":\"https:\\\/\\\/expressometro.mx\\\/#\\\/schema\\\/person\\\/efa971b4a0664db8ed5c22b1b0dd2f5d\",\"name\":\"Expresso Metropolitano\",\"image\":{\"@type\":\"ImageObject\",\"inLanguage\":\"es\",\"@id\":\"https:\\\/\\\/secure.gravatar.com\\\/avatar\\\/a89f802b8de18c6952f223c88d3d106e9e3679839f4e25a02f4a6cc2ae6ba3b3?s=96&d=mm&r=g\",\"url\":\"https:\\\/\\\/secure.gravatar.com\\\/avatar\\\/a89f802b8de18c6952f223c88d3d106e9e3679839f4e25a02f4a6cc2ae6ba3b3?s=96&d=mm&r=g\",\"contentUrl\":\"https:\\\/\\\/secure.gravatar.com\\\/avatar\\\/a89f802b8de18c6952f223c88d3d106e9e3679839f4e25a02f4a6cc2ae6ba3b3?s=96&d=mm&r=g\",\"caption\":\"Expresso Metropolitano\"},\"url\":\"https:\\\/\\\/expressometro.mx\\\/index.php\\\/author\\\/diego\\\/\"}]}<\/script>\n<!-- \/ Yoast SEO plugin. -->","yoast_head_json":{"title":"FESTEJA VALLE DE BRAVO 16 A\u00d1OS COMO PUEBLO M\u00c1GICO CON ECOTURISMO Y AVENTURA - Expresso Metropolitano","robots":{"index":"index","follow":"follow","max-snippet":"max-snippet:-1","max-image-preview":"max-image-preview:large","max-video-preview":"max-video-preview:-1"},"canonical":"https:\/\/expressometro.mx\/index.php\/2021\/03\/01\/festeja-valle-de-bravo-16-anos-como-pueblo-magico-con-ecoturismo-y-aventura\/","og_locale":"es_MX","og_type":"article","og_title":"FESTEJA VALLE DE BRAVO 16 A\u00d1OS COMO PUEBLO M\u00c1GICO CON ECOTURISMO Y AVENTURA - Expresso Metropolitano","og_description":"Otorgan nombramiento de Pueblo M\u00e1gico a los municipios que cuentan con una serie de atributos simb\u00f3licos que resaltan la belleza, cultura e historia de M\u00e9xico.","og_url":"https:\/\/expressometro.mx\/index.php\/2021\/03\/01\/festeja-valle-de-bravo-16-anos-como-pueblo-magico-con-ecoturismo-y-aventura\/","og_site_name":"Expresso Metropolitano","article_published_time":"2021-03-01T17:21:39+00:00","article_modified_time":"2021-03-01T17:21:43+00:00","og_image":[{"width":1280,"height":853,"url":"https:\/\/expressometro.mx\/wp-content\/uploads\/2021\/03\/WhatsApp-Image-2021-03-01-at-11.16.25.jpeg","type":"image\/jpeg"}],"author":"Expresso Metropolitano","twitter_misc":{"Escrito por":"Expresso Metropolitano","Tiempo de lectura":"2 minutos"},"schema":{"@context":"https:\/\/schema.org","@graph":[{"@type":"Article","@id":"https:\/\/expressometro.mx\/index.php\/2021\/03\/01\/festeja-valle-de-bravo-16-anos-como-pueblo-magico-con-ecoturismo-y-aventura\/#article","isPartOf":{"@id":"https:\/\/expressometro.mx\/index.php\/2021\/03\/01\/festeja-valle-de-bravo-16-anos-como-pueblo-magico-con-ecoturismo-y-aventura\/"},"author":{"name":"Expresso Metropolitano","@id":"https:\/\/expressometro.mx\/#\/schema\/person\/efa971b4a0664db8ed5c22b1b0dd2f5d"},"headline":"FESTEJA VALLE DE BRAVO 16 A\u00d1OS COMO PUEBLO M\u00c1GICO CON ECOTURISMO Y AVENTURA","datePublished":"2021-03-01T17:21:39+00:00","dateModified":"2021-03-01T17:21:43+00:00","mainEntityOfPage":{"@id":"https:\/\/expressometro.mx\/index.php\/2021\/03\/01\/festeja-valle-de-bravo-16-anos-como-pueblo-magico-con-ecoturismo-y-aventura\/"},"wordCount":435,"commentCount":0,"publisher":{"@id":"https:\/\/expressometro.mx\/#organization"},"image":{"@id":"https:\/\/expressometro.mx\/index.php\/2021\/03\/01\/festeja-valle-de-bravo-16-anos-como-pueblo-magico-con-ecoturismo-y-aventura\/#primaryimage"},"thumbnailUrl":"https:\/\/expressometro.mx\/wp-content\/uploads\/2021\/03\/WhatsApp-Image-2021-03-01-at-11.16.25.jpeg","keywords":["Valle de Bravo"],"articleSection":["Gobierno","Medio ambiente"],"inLanguage":"es","potentialAction":[{"@type":"CommentAction","name":"Comment","target":["https:\/\/expressometro.mx\/index.php\/2021\/03\/01\/festeja-valle-de-bravo-16-anos-como-pueblo-magico-con-ecoturismo-y-aventura\/#respond"]}]},{"@type":"WebPage","@id":"https:\/\/expressometro.mx\/index.php\/2021\/03\/01\/festeja-valle-de-bravo-16-anos-como-pueblo-magico-con-ecoturismo-y-aventura\/","url":"https:\/\/expressometro.mx\/index.php\/2021\/03\/01\/festeja-valle-de-bravo-16-anos-como-pueblo-magico-con-ecoturismo-y-aventura\/","name":"FESTEJA VALLE DE BRAVO 16 A\u00d1OS COMO PUEBLO M\u00c1GICO CON ECOTURISMO Y AVENTURA - Expresso Metropolitano","isPartOf":{"@id":"https:\/\/expressometro.mx\/#website"},"primaryImageOfPage":{"@id":"https:\/\/expressometro.mx\/index.php\/2021\/03\/01\/festeja-valle-de-bravo-16-anos-como-pueblo-magico-con-ecoturismo-y-aventura\/#primaryimage"},"image":{"@id":"https:\/\/expressometro.mx\/index.php\/2021\/03\/01\/festeja-valle-de-bravo-16-anos-como-pueblo-magico-con-ecoturismo-y-aventura\/#primaryimage"},"thumbnailUrl":"https:\/\/expressometro.mx\/wp-content\/uploads\/2021\/03\/WhatsApp-Image-2021-03-01-at-11.16.25.jpeg","datePublished":"2021-03-01T17:21:39+00:00","dateModified":"2021-03-01T17:21:43+00:00","breadcrumb":{"@id":"https:\/\/expressometro.mx\/index.php\/2021\/03\/01\/festeja-valle-de-bravo-16-anos-como-pueblo-magico-con-ecoturismo-y-aventura\/#breadcrumb"},"inLanguage":"es","potentialAction":[{"@type":"ReadAction","target":["https:\/\/expressometro.mx\/index.php\/2021\/03\/01\/festeja-valle-de-bravo-16-anos-como-pueblo-magico-con-ecoturismo-y-aventura\/"]}]},{"@type":"ImageObject","inLanguage":"es","@id":"https:\/\/expressometro.mx\/index.php\/2021\/03\/01\/festeja-valle-de-bravo-16-anos-como-pueblo-magico-con-ecoturismo-y-aventura\/#primaryimage","url":"https:\/\/expressometro.mx\/wp-content\/uploads\/2021\/03\/WhatsApp-Image-2021-03-01-at-11.16.25.jpeg","contentUrl":"https:\/\/expressometro.mx\/wp-content\/uploads\/2021\/03\/WhatsApp-Image-2021-03-01-at-11.16.25.jpeg","width":1280,"height":853},{"@type":"BreadcrumbList","@id":"https:\/\/expressometro.mx\/index.php\/2021\/03\/01\/festeja-valle-de-bravo-16-anos-como-pueblo-magico-con-ecoturismo-y-aventura\/#breadcrumb","itemListElement":[{"@type":"ListItem","position":1,"name":"Inicio","item":"https:\/\/expressometro.mx\/"},{"@type":"ListItem","position":2,"name":"FESTEJA VALLE DE BRAVO 16 A\u00d1OS COMO PUEBLO M\u00c1GICO CON ECOTURISMO Y AVENTURA"}]},{"@type":"WebSite","@id":"https:\/\/expressometro.mx\/#website","url":"https:\/\/expressometro.mx\/","name":"Expresso Metropolitano","description":"Periodismo comprometido, informaci\u00f3n, investigaci\u00f3n y an\u00e1lisis","publisher":{"@id":"https:\/\/expressometro.mx\/#organization"},"potentialAction":[{"@type":"SearchAction","target":{"@type":"EntryPoint","urlTemplate":"https:\/\/expressometro.mx\/?s={search_term_string}"},"query-input":{"@type":"PropertyValueSpecification","valueRequired":true,"valueName":"search_term_string"}}],"inLanguage":"es"},{"@type":"Organization","@id":"https:\/\/expressometro.mx\/#organization","name":"Expresso Metropolitano","url":"https:\/\/expressometro.mx\/","logo":{"@type":"ImageObject","inLanguage":"es","@id":"https:\/\/expressometro.mx\/#\/schema\/logo\/image\/","url":"https:\/\/expressometro.mx\/wp-content\/uploads\/2019\/07\/cropped-Logo-Expresso-Metropolitano-1-1.jpeg","contentUrl":"https:\/\/expressometro.mx\/wp-content\/uploads\/2019\/07\/cropped-Logo-Expresso-Metropolitano-1-1.jpeg","width":290,"height":73,"caption":"Expresso Metropolitano"},"image":{"@id":"https:\/\/expressometro.mx\/#\/schema\/logo\/image\/"}},{"@type":"Person","@id":"https:\/\/expressometro.mx\/#\/schema\/person\/efa971b4a0664db8ed5c22b1b0dd2f5d","name":"Expresso Metropolitano","image":{"@type":"ImageObject","inLanguage":"es","@id":"https:\/\/secure.gravatar.com\/avatar\/a89f802b8de18c6952f223c88d3d106e9e3679839f4e25a02f4a6cc2ae6ba3b3?s=96&d=mm&r=g","url":"https:\/\/secure.gravatar.com\/avatar\/a89f802b8de18c6952f223c88d3d106e9e3679839f4e25a02f4a6cc2ae6ba3b3?s=96&d=mm&r=g","contentUrl":"https:\/\/secure.gravatar.com\/avatar\/a89f802b8de18c6952f223c88d3d106e9e3679839f4e25a02f4a6cc2ae6ba3b3?s=96&d=mm&r=g","caption":"Expresso Metropolitano"},"url":"https:\/\/expressometro.mx\/index.php\/author\/diego\/"}]}},"amp_enabled":true,"_links":{"self":[{"href":"https:\/\/expressometro.mx\/index.php\/wp-json\/wp\/v2\/posts\/2329","targetHints":{"allow":["GET"]}}],"collection":[{"href":"https:\/\/expressometro.mx\/index.php\/wp-json\/wp\/v2\/posts"}],"about":[{"href":"https:\/\/expressometro.mx\/index.php\/wp-json\/wp\/v2\/types\/post"}],"author":[{"embeddable":true,"href":"https:\/\/expressometro.mx\/index.php\/wp-json\/wp\/v2\/users\/1"}],"replies":[{"embeddable":true,"href":"https:\/\/expressometro.mx\/index.php\/wp-json\/wp\/v2\/comments?post=2329"}],"version-history":[{"count":1,"href":"https:\/\/expressometro.mx\/index.php\/wp-json\/wp\/v2\/posts\/2329\/revisions"}],"predecessor-version":[{"id":2332,"href":"https:\/\/expressometro.mx\/index.php\/wp-json\/wp\/v2\/posts\/2329\/revisions\/2332"}],"wp:featuredmedia":[{"embeddable":true,"href":"https:\/\/expressometro.mx\/index.php\/wp-json\/wp\/v2\/media\/2330"}],"wp:attachment":[{"href":"https:\/\/expressometro.mx\/index.php\/wp-json\/wp\/v2\/media?parent=2329"}],"wp:term":[{"taxonomy":"category","embeddable":true,"href":"https:\/\/expressometro.mx\/index.php\/wp-json\/wp\/v2\/categories?post=2329"},{"taxonomy":"post_tag","embeddable":true,"href":"https:\/\/expressometro.mx\/index.php\/wp-json\/wp\/v2\/tags?post=2329"}],"curies":[{"name":"wp","href":"https:\/\/api.w.org\/{rel}","templated":true}]}}