{"id":232,"date":"2019-08-25T12:28:30","date_gmt":"2019-08-25T17:28:30","guid":{"rendered":"http:\/\/expressometro.mx\/?p=232"},"modified":"2019-09-25T10:38:27","modified_gmt":"2019-09-25T15:38:27","slug":"invitan-a-participar-en-el-26o-concurso-nacional-de-dibujo-y-pintura-infantil-y-juvenil-2019","status":"publish","type":"post","link":"https:\/\/expressometro.mx\/index.php\/2019\/08\/25\/invitan-a-participar-en-el-26o-concurso-nacional-de-dibujo-y-pintura-infantil-y-juvenil-2019\/","title":{"rendered":"INVITAN A PARTICIPAR EN EL 26\u00ba CONCURSO NACIONAL DE DIBUJO Y PINTURA INFANTIL Y JUVENIL, 2019"},"content":{"rendered":"\n<p>La diputada Violeta Nova G\u00f3mez (morena), prosecretaria de la Comisi\u00f3n de Apoyo al Migrante de la 60 Legislatura mexiquense, invit\u00f3 a participar en el 26\u00ba Concurso Nacional de Dibujo y Pintura Infantil y Juvenil que este a\u00f1o se realiza con el tema:&nbsp;\u201cEn todos los caminos, tus Derechos van contigo\u201d. Derechos Humanos de las personas migrantes.<\/p>\n\n\n\n<p>De acuerdo con la convocatoria, emitida por la Secretar\u00eda General del Consejo Nacional de Poblaci\u00f3n y el Fondo de Poblaci\u00f3n de las Naciones Unidas, en colaboraci\u00f3n, en el caso del Estado de M\u00e9xico con el Consejo Estatal de Poblaci\u00f3n, al ser el dibujo una herramienta pedag\u00f3gica y una forma pl\u00e1stica de transmitir valores,&nbsp;se invita a la poblaci\u00f3n infantil y juvenil a reflexionar y a expresar su creatividad dibujando la manera en que es posible contribuir a respetar y garantizar los Derechos Humanos de los migrantes.<\/p>\n\n\n\n<p>La convocatoria establece que podr\u00e1n participar todas las ni\u00f1as, ni\u00f1os, adolescentes y j\u00f3venes de 6 a 24 a\u00f1os en cinco diferentes categor\u00edas. El concurso se divide en dos etapas: la primera es a nivel estatal y la segunda a nivel nacional. Los cinco trabajos ganadores a nivel estatal pasar\u00e1n a la etapa nacional en la cual solo habr\u00e1 un ganador o ganadora por cada categor\u00eda.<\/p>\n\n\n\n<p>La&nbsp;fecha l\u00edmite de recepci\u00f3n&nbsp;de trabajos en cada estado ser\u00e1 el&nbsp;4 de noviembre de 2019. No se tomar\u00e1n en cuenta los dibujos que no se sujeten a las bases del concurso.<\/p>\n\n\n\n<p>El dibujo debe ser elaborado en cartulina o papel. La t\u00e9cnica es libre, mientras sea manual es posible utilizar l\u00e1piz, grafito, carb\u00f3n, pasteles, l\u00e1pices de colores, t\u00e9cnicas a blanco y negro, sanguina, crayones, acuarelas, pinturas acr\u00edlicas, tintas, \u00f3leos u otros materiales, pero no se aceptan obras digitales.<\/p>\n\n\n\n<p>El jurado calificador estar\u00e1 integrado por representantes de Instancias Gubernamentales, Organismos Internacionales o de la Sociedad Civil, e instancias vinculadas a las artes gr\u00e1ficas.<\/p>\n\n\n\n<p>Los&nbsp;resultados&nbsp;del concurso nacional&nbsp;se dar\u00e1n a conocer el 22 de noviembre de 2019&nbsp;en los sitios de internet&nbsp;<a href=\"http:\/\/www.gob.mx\/conapo\" target=\"_blank\" rel=\"noreferrer noopener\">http:\/\/www.gob.mx\/conapo<\/a>&nbsp;y&nbsp;<a href=\"https:\/\/mexico.unfpa.org\/\" target=\"_blank\" rel=\"noreferrer noopener\">https:\/\/mexico.unfpa.org\/<\/a>. La&nbsp;ceremonia de premiaci\u00f3n&nbsp;a nivel nacional se realizar\u00e1 en la&nbsp;Ciudad de M\u00e9xico&nbsp;en diciembre&nbsp;de 2019.<\/p>\n\n\n\n<p>Es posible obtener m\u00e1s informaci\u00f3n del certamen en la direcci\u00f3n electr\u00f3nica:&nbsp;<a href=\"https:\/\/www.gob.mx\/conapo\/articulos\/xxvi-concurso-nacional-de-dibujo-y-pintura-infantil-y-juvenil-2019-en-todos-los-caminos-tus-derechos-van-contigo-derechos-humanos-de-las-personas-migrantes\" target=\"_blank\" rel=\"noreferrer noopener\">https:\/\/www.gob.mx\/conapo\/articulos\/xxvi-concurso-nacional-de-dibujo-y-pintura-infantil-y-juvenil-2019-en-todos-los-caminos-tus-derechos-van-contigo-derechos-humanos-de-las-personas-migrantes<\/a><\/p>\n\n\n\n<p>En su edici\u00f3n de este a\u00f1o el Concurso se vincula a las acciones del Gobierno de M\u00e9xico para el Pacto Mundial para la Migraci\u00f3n Segura, Ordenada y Regular; que constituye el primer acuerdo global para ayudar a aprovechar los beneficios de la migraci\u00f3n y proteger a los inmigrantes indocumentados.<\/p>\n","protected":false},"excerpt":{"rendered":"<p>La diputada Violeta Nova G\u00f3mez (morena), prosecretaria de la Comisi\u00f3n de Apoyo al Migrante de la 60 Legislatura mexiquense, invit\u00f3 a participar en el 26\u00ba Concurso Nacional de Dibujo y Pintura Infantil y Juvenil que este a\u00f1o se realiza con el tema:&nbsp;\u201cEn todos los caminos, tus Derechos van contigo\u201d. Derechos Humanos de las personas migrantes. De acuerdo con la convocatoria, emitida por la Secretar\u00eda General del Consejo Nacional de Poblaci\u00f3n y el Fondo de Poblaci\u00f3n de las Naciones Unidas, en colaboraci\u00f3n, en el caso del Estado de M\u00e9xico con el&hellip;<\/p>\n","protected":false},"author":1,"featured_media":0,"comment_status":"open","ping_status":"open","sticky":false,"template":"","format":"standard","meta":{"footnotes":""},"categories":[11,3],"tags":[],"class_list":["post-232","post","type-post","status-publish","format-standard","hentry","category-cultura","category-gobierno"],"yoast_head":"<!-- This site is optimized with the Yoast SEO plugin v27.5 - https:\/\/yoast.com\/product\/yoast-seo-wordpress\/ -->\n<title>INVITAN A PARTICIPAR EN EL 26\u00ba CONCURSO NACIONAL DE DIBUJO Y PINTURA INFANTIL Y JUVENIL, 2019 - Expresso Metropolitano<\/title>\n<meta name=\"robots\" content=\"index, follow, max-snippet:-1, max-image-preview:large, max-video-preview:-1\" \/>\n<link rel=\"canonical\" href=\"https:\/\/expressometro.mx\/index.php\/2019\/08\/25\/invitan-a-participar-en-el-26o-concurso-nacional-de-dibujo-y-pintura-infantil-y-juvenil-2019\/\" \/>\n<meta property=\"og:locale\" content=\"es_MX\" \/>\n<meta property=\"og:type\" content=\"article\" \/>\n<meta property=\"og:title\" content=\"INVITAN A PARTICIPAR EN EL 26\u00ba CONCURSO NACIONAL DE DIBUJO Y PINTURA INFANTIL Y JUVENIL, 2019 - Expresso Metropolitano\" \/>\n<meta property=\"og:description\" content=\"La diputada Violeta Nova G\u00f3mez (morena), prosecretaria de la Comisi\u00f3n de Apoyo al Migrante de la 60 Legislatura mexiquense, invit\u00f3 a participar en el 26\u00ba Concurso Nacional de Dibujo y Pintura Infantil y Juvenil que este a\u00f1o se realiza con el tema:&nbsp;\u201cEn todos los caminos, tus Derechos van contigo\u201d. Derechos Humanos de las personas migrantes. De acuerdo con la convocatoria, emitida por la Secretar\u00eda General del Consejo Nacional de Poblaci\u00f3n y el Fondo de Poblaci\u00f3n de las Naciones Unidas, en colaboraci\u00f3n, en el caso del Estado de M\u00e9xico con el&hellip;\" \/>\n<meta property=\"og:url\" content=\"https:\/\/expressometro.mx\/index.php\/2019\/08\/25\/invitan-a-participar-en-el-26o-concurso-nacional-de-dibujo-y-pintura-infantil-y-juvenil-2019\/\" \/>\n<meta property=\"og:site_name\" content=\"Expresso Metropolitano\" \/>\n<meta property=\"article:published_time\" content=\"2019-08-25T17:28:30+00:00\" \/>\n<meta property=\"article:modified_time\" content=\"2019-09-25T15:38:27+00:00\" \/>\n<meta property=\"og:image\" content=\"https:\/\/expressometro.mx\/wp-content\/uploads\/2019\/08\/1089a.jpg\" \/>\n\t<meta property=\"og:image:width\" content=\"850\" \/>\n\t<meta property=\"og:image:height\" content=\"540\" \/>\n\t<meta property=\"og:image:type\" content=\"image\/jpeg\" \/>\n<meta name=\"author\" content=\"Expresso Metropolitano\" \/>\n<meta name=\"twitter:label1\" content=\"Escrito por\" \/>\n\t<meta name=\"twitter:data1\" content=\"Expresso Metropolitano\" \/>\n\t<meta name=\"twitter:label2\" content=\"Tiempo de lectura\" \/>\n\t<meta name=\"twitter:data2\" content=\"2 minutos\" \/>\n<script type=\"application\/ld+json\" class=\"yoast-schema-graph\">{\"@context\":\"https:\\\/\\\/schema.org\",\"@graph\":[{\"@type\":\"Article\",\"@id\":\"https:\\\/\\\/expressometro.mx\\\/index.php\\\/2019\\\/08\\\/25\\\/invitan-a-participar-en-el-26o-concurso-nacional-de-dibujo-y-pintura-infantil-y-juvenil-2019\\\/#article\",\"isPartOf\":{\"@id\":\"https:\\\/\\\/expressometro.mx\\\/index.php\\\/2019\\\/08\\\/25\\\/invitan-a-participar-en-el-26o-concurso-nacional-de-dibujo-y-pintura-infantil-y-juvenil-2019\\\/\"},\"author\":{\"name\":\"Expresso Metropolitano\",\"@id\":\"https:\\\/\\\/expressometro.mx\\\/#\\\/schema\\\/person\\\/efa971b4a0664db8ed5c22b1b0dd2f5d\"},\"headline\":\"INVITAN A PARTICIPAR EN EL 26\u00ba CONCURSO NACIONAL DE DIBUJO Y PINTURA INFANTIL Y JUVENIL, 2019\",\"datePublished\":\"2019-08-25T17:28:30+00:00\",\"dateModified\":\"2019-09-25T15:38:27+00:00\",\"mainEntityOfPage\":{\"@id\":\"https:\\\/\\\/expressometro.mx\\\/index.php\\\/2019\\\/08\\\/25\\\/invitan-a-participar-en-el-26o-concurso-nacional-de-dibujo-y-pintura-infantil-y-juvenil-2019\\\/\"},\"wordCount\":492,\"commentCount\":0,\"publisher\":{\"@id\":\"https:\\\/\\\/expressometro.mx\\\/#organization\"},\"articleSection\":[\"Cultura\",\"Gobierno\"],\"inLanguage\":\"es\",\"potentialAction\":[{\"@type\":\"CommentAction\",\"name\":\"Comment\",\"target\":[\"https:\\\/\\\/expressometro.mx\\\/index.php\\\/2019\\\/08\\\/25\\\/invitan-a-participar-en-el-26o-concurso-nacional-de-dibujo-y-pintura-infantil-y-juvenil-2019\\\/#respond\"]}]},{\"@type\":\"WebPage\",\"@id\":\"https:\\\/\\\/expressometro.mx\\\/index.php\\\/2019\\\/08\\\/25\\\/invitan-a-participar-en-el-26o-concurso-nacional-de-dibujo-y-pintura-infantil-y-juvenil-2019\\\/\",\"url\":\"https:\\\/\\\/expressometro.mx\\\/index.php\\\/2019\\\/08\\\/25\\\/invitan-a-participar-en-el-26o-concurso-nacional-de-dibujo-y-pintura-infantil-y-juvenil-2019\\\/\",\"name\":\"INVITAN A PARTICIPAR EN EL 26\u00ba CONCURSO NACIONAL DE DIBUJO Y PINTURA INFANTIL Y JUVENIL, 2019 - Expresso Metropolitano\",\"isPartOf\":{\"@id\":\"https:\\\/\\\/expressometro.mx\\\/#website\"},\"datePublished\":\"2019-08-25T17:28:30+00:00\",\"dateModified\":\"2019-09-25T15:38:27+00:00\",\"breadcrumb\":{\"@id\":\"https:\\\/\\\/expressometro.mx\\\/index.php\\\/2019\\\/08\\\/25\\\/invitan-a-participar-en-el-26o-concurso-nacional-de-dibujo-y-pintura-infantil-y-juvenil-2019\\\/#breadcrumb\"},\"inLanguage\":\"es\",\"potentialAction\":[{\"@type\":\"ReadAction\",\"target\":[\"https:\\\/\\\/expressometro.mx\\\/index.php\\\/2019\\\/08\\\/25\\\/invitan-a-participar-en-el-26o-concurso-nacional-de-dibujo-y-pintura-infantil-y-juvenil-2019\\\/\"]}]},{\"@type\":\"BreadcrumbList\",\"@id\":\"https:\\\/\\\/expressometro.mx\\\/index.php\\\/2019\\\/08\\\/25\\\/invitan-a-participar-en-el-26o-concurso-nacional-de-dibujo-y-pintura-infantil-y-juvenil-2019\\\/#breadcrumb\",\"itemListElement\":[{\"@type\":\"ListItem\",\"position\":1,\"name\":\"Inicio\",\"item\":\"https:\\\/\\\/expressometro.mx\\\/\"},{\"@type\":\"ListItem\",\"position\":2,\"name\":\"INVITAN A PARTICIPAR EN EL 26\u00ba CONCURSO NACIONAL DE DIBUJO Y PINTURA INFANTIL Y JUVENIL, 2019\"}]},{\"@type\":\"WebSite\",\"@id\":\"https:\\\/\\\/expressometro.mx\\\/#website\",\"url\":\"https:\\\/\\\/expressometro.mx\\\/\",\"name\":\"Expresso Metropolitano\",\"description\":\"Periodismo comprometido, informaci\u00f3n, investigaci\u00f3n y an\u00e1lisis\",\"publisher\":{\"@id\":\"https:\\\/\\\/expressometro.mx\\\/#organization\"},\"potentialAction\":[{\"@type\":\"SearchAction\",\"target\":{\"@type\":\"EntryPoint\",\"urlTemplate\":\"https:\\\/\\\/expressometro.mx\\\/?s={search_term_string}\"},\"query-input\":{\"@type\":\"PropertyValueSpecification\",\"valueRequired\":true,\"valueName\":\"search_term_string\"}}],\"inLanguage\":\"es\"},{\"@type\":\"Organization\",\"@id\":\"https:\\\/\\\/expressometro.mx\\\/#organization\",\"name\":\"Expresso Metropolitano\",\"url\":\"https:\\\/\\\/expressometro.mx\\\/\",\"logo\":{\"@type\":\"ImageObject\",\"inLanguage\":\"es\",\"@id\":\"https:\\\/\\\/expressometro.mx\\\/#\\\/schema\\\/logo\\\/image\\\/\",\"url\":\"https:\\\/\\\/expressometro.mx\\\/wp-content\\\/uploads\\\/2019\\\/07\\\/cropped-Logo-Expresso-Metropolitano-1-1.jpeg\",\"contentUrl\":\"https:\\\/\\\/expressometro.mx\\\/wp-content\\\/uploads\\\/2019\\\/07\\\/cropped-Logo-Expresso-Metropolitano-1-1.jpeg\",\"width\":290,\"height\":73,\"caption\":\"Expresso Metropolitano\"},\"image\":{\"@id\":\"https:\\\/\\\/expressometro.mx\\\/#\\\/schema\\\/logo\\\/image\\\/\"}},{\"@type\":\"Person\",\"@id\":\"https:\\\/\\\/expressometro.mx\\\/#\\\/schema\\\/person\\\/efa971b4a0664db8ed5c22b1b0dd2f5d\",\"name\":\"Expresso Metropolitano\",\"image\":{\"@type\":\"ImageObject\",\"inLanguage\":\"es\",\"@id\":\"https:\\\/\\\/secure.gravatar.com\\\/avatar\\\/a89f802b8de18c6952f223c88d3d106e9e3679839f4e25a02f4a6cc2ae6ba3b3?s=96&d=mm&r=g\",\"url\":\"https:\\\/\\\/secure.gravatar.com\\\/avatar\\\/a89f802b8de18c6952f223c88d3d106e9e3679839f4e25a02f4a6cc2ae6ba3b3?s=96&d=mm&r=g\",\"contentUrl\":\"https:\\\/\\\/secure.gravatar.com\\\/avatar\\\/a89f802b8de18c6952f223c88d3d106e9e3679839f4e25a02f4a6cc2ae6ba3b3?s=96&d=mm&r=g\",\"caption\":\"Expresso Metropolitano\"},\"url\":\"https:\\\/\\\/expressometro.mx\\\/index.php\\\/author\\\/diego\\\/\"}]}<\/script>\n<!-- \/ Yoast SEO plugin. -->","yoast_head_json":{"title":"INVITAN A PARTICIPAR EN EL 26\u00ba CONCURSO NACIONAL DE DIBUJO Y PINTURA INFANTIL Y JUVENIL, 2019 - Expresso Metropolitano","robots":{"index":"index","follow":"follow","max-snippet":"max-snippet:-1","max-image-preview":"max-image-preview:large","max-video-preview":"max-video-preview:-1"},"canonical":"https:\/\/expressometro.mx\/index.php\/2019\/08\/25\/invitan-a-participar-en-el-26o-concurso-nacional-de-dibujo-y-pintura-infantil-y-juvenil-2019\/","og_locale":"es_MX","og_type":"article","og_title":"INVITAN A PARTICIPAR EN EL 26\u00ba CONCURSO NACIONAL DE DIBUJO Y PINTURA INFANTIL Y JUVENIL, 2019 - Expresso Metropolitano","og_description":"La diputada Violeta Nova G\u00f3mez (morena), prosecretaria de la Comisi\u00f3n de Apoyo al Migrante de la 60 Legislatura mexiquense, invit\u00f3 a participar en el 26\u00ba Concurso Nacional de Dibujo y Pintura Infantil y Juvenil que este a\u00f1o se realiza con el tema:&nbsp;\u201cEn todos los caminos, tus Derechos van contigo\u201d. Derechos Humanos de las personas migrantes. De acuerdo con la convocatoria, emitida por la Secretar\u00eda General del Consejo Nacional de Poblaci\u00f3n y el Fondo de Poblaci\u00f3n de las Naciones Unidas, en colaboraci\u00f3n, en el caso del Estado de M\u00e9xico con el&hellip;","og_url":"https:\/\/expressometro.mx\/index.php\/2019\/08\/25\/invitan-a-participar-en-el-26o-concurso-nacional-de-dibujo-y-pintura-infantil-y-juvenil-2019\/","og_site_name":"Expresso Metropolitano","article_published_time":"2019-08-25T17:28:30+00:00","article_modified_time":"2019-09-25T15:38:27+00:00","og_image":[{"width":850,"height":540,"url":"https:\/\/expressometro.mx\/wp-content\/uploads\/2019\/08\/1089a.jpg","type":"image\/jpeg"}],"author":"Expresso Metropolitano","twitter_misc":{"Escrito por":"Expresso Metropolitano","Tiempo de lectura":"2 minutos"},"schema":{"@context":"https:\/\/schema.org","@graph":[{"@type":"Article","@id":"https:\/\/expressometro.mx\/index.php\/2019\/08\/25\/invitan-a-participar-en-el-26o-concurso-nacional-de-dibujo-y-pintura-infantil-y-juvenil-2019\/#article","isPartOf":{"@id":"https:\/\/expressometro.mx\/index.php\/2019\/08\/25\/invitan-a-participar-en-el-26o-concurso-nacional-de-dibujo-y-pintura-infantil-y-juvenil-2019\/"},"author":{"name":"Expresso Metropolitano","@id":"https:\/\/expressometro.mx\/#\/schema\/person\/efa971b4a0664db8ed5c22b1b0dd2f5d"},"headline":"INVITAN A PARTICIPAR EN EL 26\u00ba CONCURSO NACIONAL DE DIBUJO Y PINTURA INFANTIL Y JUVENIL, 2019","datePublished":"2019-08-25T17:28:30+00:00","dateModified":"2019-09-25T15:38:27+00:00","mainEntityOfPage":{"@id":"https:\/\/expressometro.mx\/index.php\/2019\/08\/25\/invitan-a-participar-en-el-26o-concurso-nacional-de-dibujo-y-pintura-infantil-y-juvenil-2019\/"},"wordCount":492,"commentCount":0,"publisher":{"@id":"https:\/\/expressometro.mx\/#organization"},"articleSection":["Cultura","Gobierno"],"inLanguage":"es","potentialAction":[{"@type":"CommentAction","name":"Comment","target":["https:\/\/expressometro.mx\/index.php\/2019\/08\/25\/invitan-a-participar-en-el-26o-concurso-nacional-de-dibujo-y-pintura-infantil-y-juvenil-2019\/#respond"]}]},{"@type":"WebPage","@id":"https:\/\/expressometro.mx\/index.php\/2019\/08\/25\/invitan-a-participar-en-el-26o-concurso-nacional-de-dibujo-y-pintura-infantil-y-juvenil-2019\/","url":"https:\/\/expressometro.mx\/index.php\/2019\/08\/25\/invitan-a-participar-en-el-26o-concurso-nacional-de-dibujo-y-pintura-infantil-y-juvenil-2019\/","name":"INVITAN A PARTICIPAR EN EL 26\u00ba CONCURSO NACIONAL DE DIBUJO Y PINTURA INFANTIL Y JUVENIL, 2019 - Expresso Metropolitano","isPartOf":{"@id":"https:\/\/expressometro.mx\/#website"},"datePublished":"2019-08-25T17:28:30+00:00","dateModified":"2019-09-25T15:38:27+00:00","breadcrumb":{"@id":"https:\/\/expressometro.mx\/index.php\/2019\/08\/25\/invitan-a-participar-en-el-26o-concurso-nacional-de-dibujo-y-pintura-infantil-y-juvenil-2019\/#breadcrumb"},"inLanguage":"es","potentialAction":[{"@type":"ReadAction","target":["https:\/\/expressometro.mx\/index.php\/2019\/08\/25\/invitan-a-participar-en-el-26o-concurso-nacional-de-dibujo-y-pintura-infantil-y-juvenil-2019\/"]}]},{"@type":"BreadcrumbList","@id":"https:\/\/expressometro.mx\/index.php\/2019\/08\/25\/invitan-a-participar-en-el-26o-concurso-nacional-de-dibujo-y-pintura-infantil-y-juvenil-2019\/#breadcrumb","itemListElement":[{"@type":"ListItem","position":1,"name":"Inicio","item":"https:\/\/expressometro.mx\/"},{"@type":"ListItem","position":2,"name":"INVITAN A PARTICIPAR EN EL 26\u00ba CONCURSO NACIONAL DE DIBUJO Y PINTURA INFANTIL Y JUVENIL, 2019"}]},{"@type":"WebSite","@id":"https:\/\/expressometro.mx\/#website","url":"https:\/\/expressometro.mx\/","name":"Expresso Metropolitano","description":"Periodismo comprometido, informaci\u00f3n, investigaci\u00f3n y an\u00e1lisis","publisher":{"@id":"https:\/\/expressometro.mx\/#organization"},"potentialAction":[{"@type":"SearchAction","target":{"@type":"EntryPoint","urlTemplate":"https:\/\/expressometro.mx\/?s={search_term_string}"},"query-input":{"@type":"PropertyValueSpecification","valueRequired":true,"valueName":"search_term_string"}}],"inLanguage":"es"},{"@type":"Organization","@id":"https:\/\/expressometro.mx\/#organization","name":"Expresso Metropolitano","url":"https:\/\/expressometro.mx\/","logo":{"@type":"ImageObject","inLanguage":"es","@id":"https:\/\/expressometro.mx\/#\/schema\/logo\/image\/","url":"https:\/\/expressometro.mx\/wp-content\/uploads\/2019\/07\/cropped-Logo-Expresso-Metropolitano-1-1.jpeg","contentUrl":"https:\/\/expressometro.mx\/wp-content\/uploads\/2019\/07\/cropped-Logo-Expresso-Metropolitano-1-1.jpeg","width":290,"height":73,"caption":"Expresso Metropolitano"},"image":{"@id":"https:\/\/expressometro.mx\/#\/schema\/logo\/image\/"}},{"@type":"Person","@id":"https:\/\/expressometro.mx\/#\/schema\/person\/efa971b4a0664db8ed5c22b1b0dd2f5d","name":"Expresso Metropolitano","image":{"@type":"ImageObject","inLanguage":"es","@id":"https:\/\/secure.gravatar.com\/avatar\/a89f802b8de18c6952f223c88d3d106e9e3679839f4e25a02f4a6cc2ae6ba3b3?s=96&d=mm&r=g","url":"https:\/\/secure.gravatar.com\/avatar\/a89f802b8de18c6952f223c88d3d106e9e3679839f4e25a02f4a6cc2ae6ba3b3?s=96&d=mm&r=g","contentUrl":"https:\/\/secure.gravatar.com\/avatar\/a89f802b8de18c6952f223c88d3d106e9e3679839f4e25a02f4a6cc2ae6ba3b3?s=96&d=mm&r=g","caption":"Expresso Metropolitano"},"url":"https:\/\/expressometro.mx\/index.php\/author\/diego\/"}]}},"amp_enabled":true,"_links":{"self":[{"href":"https:\/\/expressometro.mx\/index.php\/wp-json\/wp\/v2\/posts\/232","targetHints":{"allow":["GET"]}}],"collection":[{"href":"https:\/\/expressometro.mx\/index.php\/wp-json\/wp\/v2\/posts"}],"about":[{"href":"https:\/\/expressometro.mx\/index.php\/wp-json\/wp\/v2\/types\/post"}],"author":[{"embeddable":true,"href":"https:\/\/expressometro.mx\/index.php\/wp-json\/wp\/v2\/users\/1"}],"replies":[{"embeddable":true,"href":"https:\/\/expressometro.mx\/index.php\/wp-json\/wp\/v2\/comments?post=232"}],"version-history":[{"count":1,"href":"https:\/\/expressometro.mx\/index.php\/wp-json\/wp\/v2\/posts\/232\/revisions"}],"predecessor-version":[{"id":234,"href":"https:\/\/expressometro.mx\/index.php\/wp-json\/wp\/v2\/posts\/232\/revisions\/234"}],"wp:attachment":[{"href":"https:\/\/expressometro.mx\/index.php\/wp-json\/wp\/v2\/media?parent=232"}],"wp:term":[{"taxonomy":"category","embeddable":true,"href":"https:\/\/expressometro.mx\/index.php\/wp-json\/wp\/v2\/categories?post=232"},{"taxonomy":"post_tag","embeddable":true,"href":"https:\/\/expressometro.mx\/index.php\/wp-json\/wp\/v2\/tags?post=232"}],"curies":[{"name":"wp","href":"https:\/\/api.w.org\/{rel}","templated":true}]}}