{"id":230,"date":"2019-08-24T12:04:33","date_gmt":"2019-08-24T17:04:33","guid":{"rendered":"http:\/\/expressometro.mx\/?p=230"},"modified":"2019-09-25T10:38:52","modified_gmt":"2019-09-25T15:38:52","slug":"firman-elena-garcia-y-el-instituto-nacional-de-suelo-sustentable-insus-convenio-que-beneficiara-a-miles-de-familias-tultitlenses","status":"publish","type":"post","link":"https:\/\/expressometro.mx\/index.php\/2019\/08\/24\/firman-elena-garcia-y-el-instituto-nacional-de-suelo-sustentable-insus-convenio-que-beneficiara-a-miles-de-familias-tultitlenses\/","title":{"rendered":"Firman Elena Garc\u00eda y el Instituto Nacional de Suelo Sustentable (INSUS) convenio que beneficiar\u00e1 a miles de familias tultitlenses."},"content":{"rendered":"\n<p>\n\nCon la finalidad de prevenir y evitar la irregularidad de asentamientos humanos y la tenencia de la tierra en el municipio, la alcaldesa Elena Garc\u00eda Mart\u00ednez en amplia colaboraci\u00f3n con el&nbsp; Instituto Nacional de Suelo Sustentable (INSUS), trabajan de forma conjunta para enfrentar el fen\u00f3meno de irregularidad territorial.<br>La mun\u00edcipe resalt\u00f3 que este importante pacto de trabajo, beneficiar\u00e1 a muchas familias, planteles educativos y podr\u00e1n agilizar sus tr\u00e1mites de legalizaci\u00f3n de sus predios, pues lamentablemente hay terrenos con m\u00e1s de 30 a\u00f1os de litigio, perdurando la incertidumbre de no poder regularizarse.<br>Coment\u00f3 que no se cuenta con cifras exactas y la magnitud del problema es muy grande no solo en el territorio municipal sino a nivel nacional, ya que el rezago urbano se ha dado fundamentalmente de origen ejidal y predios municipales.<br>En el mismo tenor, el s\u00edndico municipal Andr\u00e9s Sosa M\u00e9nera, manifest\u00f3 que se tiene ubicado un pol\u00edgono en la zona sur del municipio el cual abarca las colonias Buenavista primera, segunda y tercera secci\u00f3n y que gracias a este pacto, se beneficiar\u00e1n m\u00e1s de 3 mil familias de dichas colonias implementando la disminuci\u00f3n de impuestos y recargos y s\u00f3lo pagar\u00e1n el impuesto predial, esto entr\u00f3 en vigencia el pasado 01 de agosto y culminar\u00e1n estos descuentos el pr\u00f3ximo 31 de diciembre.<br>Tambi\u00e9n dijo, que desafortunadamente no se ve reflejado el n\u00famero de predios con escrituraci\u00f3n ya que estudios revelan que el mismo n\u00famero que se han escriturado, al mismo tiempo es el n\u00famero de terrenos que ingresan al mercado ilegal de suelo.<br>\u201cNuestro objetivo es construir un municipio m\u00e1s fuerte y s\u00f3lido en el rubro de la legalidad, porque a trav\u00e9s de estos procedimientos, miles de familias podr\u00e1n heredar a sus descendientes un mejor futuro, pero adem\u00e1s se contribuye a un mejor desarrollo urbano para Tultitl\u00e1n\u201d.<br>Explic\u00f3 que el convenio ayudar\u00e1 a la gente que no tenga posibilidad econ\u00f3mica de hacer sus escrituras a lograr legalizar su patrimonio mediante los descuentos y va a tener efectos sociales ben\u00e9ficos y derivado de un estudio por parte de autoridades competentes se evitar\u00e1n m\u00e1s asentamientos en cerros, ca\u00f1adas y en \u00e1reas no aptas para el desarrollo urbano ya que es un verdadero peligro para la poblaci\u00f3n y que esto es consecuencia de gobiernos que no pusieron atenci\u00f3n en este grave problema.<br>A modo de conclusi\u00f3n, Garc\u00eda Mart\u00ednez exhort\u00f3 a la ciudadan\u00eda a regularizar sus predios ya que gracias a los oportunos pagos se seguir\u00e1n abasteciendo de servicios b\u00e1sicos y sobre todo a la mejora del municipio y quienes sigan vendiendo predios irregulares o invadiendo predios municipales se har\u00e1n acreedores a sanciones administrativas o incluso a privaci\u00f3n de la libertad.\n\n<\/p>\n","protected":false},"excerpt":{"rendered":"<p>Con la finalidad de prevenir y evitar la irregularidad de asentamientos humanos y la tenencia de la tierra en el municipio, la alcaldesa Elena Garc\u00eda Mart\u00ednez en amplia colaboraci\u00f3n con el&nbsp; Instituto Nacional de Suelo Sustentable (INSUS), trabajan de forma conjunta para enfrentar el fen\u00f3meno de irregularidad territorial.La mun\u00edcipe resalt\u00f3 que este importante pacto de trabajo, beneficiar\u00e1 a muchas familias, planteles educativos y podr\u00e1n agilizar sus tr\u00e1mites de legalizaci\u00f3n de sus predios, pues lamentablemente hay terrenos con m\u00e1s de 30 a\u00f1os de litigio, perdurando la incertidumbre de no poder regularizarse.Coment\u00f3&hellip;<\/p>\n","protected":false},"author":1,"featured_media":0,"comment_status":"open","ping_status":"open","sticky":false,"template":"","format":"standard","meta":{"footnotes":""},"categories":[3],"tags":[],"class_list":["post-230","post","type-post","status-publish","format-standard","hentry","category-gobierno"],"yoast_head":"<!-- This site is optimized with the Yoast SEO plugin v27.5 - https:\/\/yoast.com\/product\/yoast-seo-wordpress\/ -->\n<title>Firman Elena Garc\u00eda y el Instituto Nacional de Suelo Sustentable (INSUS) convenio que beneficiar\u00e1 a miles de familias tultitlenses. - Expresso Metropolitano<\/title>\n<meta name=\"robots\" content=\"index, follow, max-snippet:-1, max-image-preview:large, max-video-preview:-1\" \/>\n<link rel=\"canonical\" href=\"https:\/\/expressometro.mx\/index.php\/2019\/08\/24\/firman-elena-garcia-y-el-instituto-nacional-de-suelo-sustentable-insus-convenio-que-beneficiara-a-miles-de-familias-tultitlenses\/\" \/>\n<meta property=\"og:locale\" content=\"es_MX\" \/>\n<meta property=\"og:type\" content=\"article\" \/>\n<meta property=\"og:title\" content=\"Firman Elena Garc\u00eda y el Instituto Nacional de Suelo Sustentable (INSUS) convenio que beneficiar\u00e1 a miles de familias tultitlenses. - Expresso Metropolitano\" \/>\n<meta property=\"og:description\" content=\"Con la finalidad de prevenir y evitar la irregularidad de asentamientos humanos y la tenencia de la tierra en el municipio, la alcaldesa Elena Garc\u00eda Mart\u00ednez en amplia colaboraci\u00f3n con el&nbsp; Instituto Nacional de Suelo Sustentable (INSUS), trabajan de forma conjunta para enfrentar el fen\u00f3meno de irregularidad territorial.La mun\u00edcipe resalt\u00f3 que este importante pacto de trabajo, beneficiar\u00e1 a muchas familias, planteles educativos y podr\u00e1n agilizar sus tr\u00e1mites de legalizaci\u00f3n de sus predios, pues lamentablemente hay terrenos con m\u00e1s de 30 a\u00f1os de litigio, perdurando la incertidumbre de no poder regularizarse.Coment\u00f3&hellip;\" \/>\n<meta property=\"og:url\" content=\"https:\/\/expressometro.mx\/index.php\/2019\/08\/24\/firman-elena-garcia-y-el-instituto-nacional-de-suelo-sustentable-insus-convenio-que-beneficiara-a-miles-de-familias-tultitlenses\/\" \/>\n<meta property=\"og:site_name\" content=\"Expresso Metropolitano\" \/>\n<meta property=\"article:published_time\" content=\"2019-08-24T17:04:33+00:00\" \/>\n<meta property=\"article:modified_time\" content=\"2019-09-25T15:38:52+00:00\" \/>\n<meta name=\"author\" content=\"Expresso Metropolitano\" \/>\n<meta name=\"twitter:label1\" content=\"Escrito por\" \/>\n\t<meta name=\"twitter:data1\" content=\"Expresso Metropolitano\" \/>\n\t<meta name=\"twitter:label2\" content=\"Tiempo de lectura\" \/>\n\t<meta name=\"twitter:data2\" content=\"2 minutos\" \/>\n<script type=\"application\/ld+json\" class=\"yoast-schema-graph\">{\"@context\":\"https:\\\/\\\/schema.org\",\"@graph\":[{\"@type\":\"Article\",\"@id\":\"https:\\\/\\\/expressometro.mx\\\/index.php\\\/2019\\\/08\\\/24\\\/firman-elena-garcia-y-el-instituto-nacional-de-suelo-sustentable-insus-convenio-que-beneficiara-a-miles-de-familias-tultitlenses\\\/#article\",\"isPartOf\":{\"@id\":\"https:\\\/\\\/expressometro.mx\\\/index.php\\\/2019\\\/08\\\/24\\\/firman-elena-garcia-y-el-instituto-nacional-de-suelo-sustentable-insus-convenio-que-beneficiara-a-miles-de-familias-tultitlenses\\\/\"},\"author\":{\"name\":\"Expresso Metropolitano\",\"@id\":\"https:\\\/\\\/expressometro.mx\\\/#\\\/schema\\\/person\\\/efa971b4a0664db8ed5c22b1b0dd2f5d\"},\"headline\":\"Firman Elena Garc\u00eda y el Instituto Nacional de Suelo Sustentable (INSUS) convenio que beneficiar\u00e1 a miles de familias tultitlenses.\",\"datePublished\":\"2019-08-24T17:04:33+00:00\",\"dateModified\":\"2019-09-25T15:38:52+00:00\",\"mainEntityOfPage\":{\"@id\":\"https:\\\/\\\/expressometro.mx\\\/index.php\\\/2019\\\/08\\\/24\\\/firman-elena-garcia-y-el-instituto-nacional-de-suelo-sustentable-insus-convenio-que-beneficiara-a-miles-de-familias-tultitlenses\\\/\"},\"wordCount\":503,\"commentCount\":0,\"publisher\":{\"@id\":\"https:\\\/\\\/expressometro.mx\\\/#organization\"},\"articleSection\":[\"Gobierno\"],\"inLanguage\":\"es\",\"potentialAction\":[{\"@type\":\"CommentAction\",\"name\":\"Comment\",\"target\":[\"https:\\\/\\\/expressometro.mx\\\/index.php\\\/2019\\\/08\\\/24\\\/firman-elena-garcia-y-el-instituto-nacional-de-suelo-sustentable-insus-convenio-que-beneficiara-a-miles-de-familias-tultitlenses\\\/#respond\"]}]},{\"@type\":\"WebPage\",\"@id\":\"https:\\\/\\\/expressometro.mx\\\/index.php\\\/2019\\\/08\\\/24\\\/firman-elena-garcia-y-el-instituto-nacional-de-suelo-sustentable-insus-convenio-que-beneficiara-a-miles-de-familias-tultitlenses\\\/\",\"url\":\"https:\\\/\\\/expressometro.mx\\\/index.php\\\/2019\\\/08\\\/24\\\/firman-elena-garcia-y-el-instituto-nacional-de-suelo-sustentable-insus-convenio-que-beneficiara-a-miles-de-familias-tultitlenses\\\/\",\"name\":\"Firman Elena Garc\u00eda y el Instituto Nacional de Suelo Sustentable (INSUS) convenio que beneficiar\u00e1 a miles de familias tultitlenses. - Expresso Metropolitano\",\"isPartOf\":{\"@id\":\"https:\\\/\\\/expressometro.mx\\\/#website\"},\"datePublished\":\"2019-08-24T17:04:33+00:00\",\"dateModified\":\"2019-09-25T15:38:52+00:00\",\"breadcrumb\":{\"@id\":\"https:\\\/\\\/expressometro.mx\\\/index.php\\\/2019\\\/08\\\/24\\\/firman-elena-garcia-y-el-instituto-nacional-de-suelo-sustentable-insus-convenio-que-beneficiara-a-miles-de-familias-tultitlenses\\\/#breadcrumb\"},\"inLanguage\":\"es\",\"potentialAction\":[{\"@type\":\"ReadAction\",\"target\":[\"https:\\\/\\\/expressometro.mx\\\/index.php\\\/2019\\\/08\\\/24\\\/firman-elena-garcia-y-el-instituto-nacional-de-suelo-sustentable-insus-convenio-que-beneficiara-a-miles-de-familias-tultitlenses\\\/\"]}]},{\"@type\":\"BreadcrumbList\",\"@id\":\"https:\\\/\\\/expressometro.mx\\\/index.php\\\/2019\\\/08\\\/24\\\/firman-elena-garcia-y-el-instituto-nacional-de-suelo-sustentable-insus-convenio-que-beneficiara-a-miles-de-familias-tultitlenses\\\/#breadcrumb\",\"itemListElement\":[{\"@type\":\"ListItem\",\"position\":1,\"name\":\"Inicio\",\"item\":\"https:\\\/\\\/expressometro.mx\\\/\"},{\"@type\":\"ListItem\",\"position\":2,\"name\":\"Firman Elena Garc\u00eda y el Instituto Nacional de Suelo Sustentable (INSUS) convenio que beneficiar\u00e1 a miles de familias tultitlenses.\"}]},{\"@type\":\"WebSite\",\"@id\":\"https:\\\/\\\/expressometro.mx\\\/#website\",\"url\":\"https:\\\/\\\/expressometro.mx\\\/\",\"name\":\"Expresso Metropolitano\",\"description\":\"Periodismo comprometido, informaci\u00f3n, investigaci\u00f3n y an\u00e1lisis\",\"publisher\":{\"@id\":\"https:\\\/\\\/expressometro.mx\\\/#organization\"},\"potentialAction\":[{\"@type\":\"SearchAction\",\"target\":{\"@type\":\"EntryPoint\",\"urlTemplate\":\"https:\\\/\\\/expressometro.mx\\\/?s={search_term_string}\"},\"query-input\":{\"@type\":\"PropertyValueSpecification\",\"valueRequired\":true,\"valueName\":\"search_term_string\"}}],\"inLanguage\":\"es\"},{\"@type\":\"Organization\",\"@id\":\"https:\\\/\\\/expressometro.mx\\\/#organization\",\"name\":\"Expresso Metropolitano\",\"url\":\"https:\\\/\\\/expressometro.mx\\\/\",\"logo\":{\"@type\":\"ImageObject\",\"inLanguage\":\"es\",\"@id\":\"https:\\\/\\\/expressometro.mx\\\/#\\\/schema\\\/logo\\\/image\\\/\",\"url\":\"https:\\\/\\\/expressometro.mx\\\/wp-content\\\/uploads\\\/2019\\\/07\\\/cropped-Logo-Expresso-Metropolitano-1-1.jpeg\",\"contentUrl\":\"https:\\\/\\\/expressometro.mx\\\/wp-content\\\/uploads\\\/2019\\\/07\\\/cropped-Logo-Expresso-Metropolitano-1-1.jpeg\",\"width\":290,\"height\":73,\"caption\":\"Expresso Metropolitano\"},\"image\":{\"@id\":\"https:\\\/\\\/expressometro.mx\\\/#\\\/schema\\\/logo\\\/image\\\/\"}},{\"@type\":\"Person\",\"@id\":\"https:\\\/\\\/expressometro.mx\\\/#\\\/schema\\\/person\\\/efa971b4a0664db8ed5c22b1b0dd2f5d\",\"name\":\"Expresso Metropolitano\",\"image\":{\"@type\":\"ImageObject\",\"inLanguage\":\"es\",\"@id\":\"https:\\\/\\\/secure.gravatar.com\\\/avatar\\\/a89f802b8de18c6952f223c88d3d106e9e3679839f4e25a02f4a6cc2ae6ba3b3?s=96&d=mm&r=g\",\"url\":\"https:\\\/\\\/secure.gravatar.com\\\/avatar\\\/a89f802b8de18c6952f223c88d3d106e9e3679839f4e25a02f4a6cc2ae6ba3b3?s=96&d=mm&r=g\",\"contentUrl\":\"https:\\\/\\\/secure.gravatar.com\\\/avatar\\\/a89f802b8de18c6952f223c88d3d106e9e3679839f4e25a02f4a6cc2ae6ba3b3?s=96&d=mm&r=g\",\"caption\":\"Expresso Metropolitano\"},\"url\":\"https:\\\/\\\/expressometro.mx\\\/index.php\\\/author\\\/diego\\\/\"}]}<\/script>\n<!-- \/ Yoast SEO plugin. -->","yoast_head_json":{"title":"Firman Elena Garc\u00eda y el Instituto Nacional de Suelo Sustentable (INSUS) convenio que beneficiar\u00e1 a miles de familias tultitlenses. - Expresso Metropolitano","robots":{"index":"index","follow":"follow","max-snippet":"max-snippet:-1","max-image-preview":"max-image-preview:large","max-video-preview":"max-video-preview:-1"},"canonical":"https:\/\/expressometro.mx\/index.php\/2019\/08\/24\/firman-elena-garcia-y-el-instituto-nacional-de-suelo-sustentable-insus-convenio-que-beneficiara-a-miles-de-familias-tultitlenses\/","og_locale":"es_MX","og_type":"article","og_title":"Firman Elena Garc\u00eda y el Instituto Nacional de Suelo Sustentable (INSUS) convenio que beneficiar\u00e1 a miles de familias tultitlenses. - Expresso Metropolitano","og_description":"Con la finalidad de prevenir y evitar la irregularidad de asentamientos humanos y la tenencia de la tierra en el municipio, la alcaldesa Elena Garc\u00eda Mart\u00ednez en amplia colaboraci\u00f3n con el&nbsp; Instituto Nacional de Suelo Sustentable (INSUS), trabajan de forma conjunta para enfrentar el fen\u00f3meno de irregularidad territorial.La mun\u00edcipe resalt\u00f3 que este importante pacto de trabajo, beneficiar\u00e1 a muchas familias, planteles educativos y podr\u00e1n agilizar sus tr\u00e1mites de legalizaci\u00f3n de sus predios, pues lamentablemente hay terrenos con m\u00e1s de 30 a\u00f1os de litigio, perdurando la incertidumbre de no poder regularizarse.Coment\u00f3&hellip;","og_url":"https:\/\/expressometro.mx\/index.php\/2019\/08\/24\/firman-elena-garcia-y-el-instituto-nacional-de-suelo-sustentable-insus-convenio-que-beneficiara-a-miles-de-familias-tultitlenses\/","og_site_name":"Expresso Metropolitano","article_published_time":"2019-08-24T17:04:33+00:00","article_modified_time":"2019-09-25T15:38:52+00:00","author":"Expresso Metropolitano","twitter_misc":{"Escrito por":"Expresso Metropolitano","Tiempo de lectura":"2 minutos"},"schema":{"@context":"https:\/\/schema.org","@graph":[{"@type":"Article","@id":"https:\/\/expressometro.mx\/index.php\/2019\/08\/24\/firman-elena-garcia-y-el-instituto-nacional-de-suelo-sustentable-insus-convenio-que-beneficiara-a-miles-de-familias-tultitlenses\/#article","isPartOf":{"@id":"https:\/\/expressometro.mx\/index.php\/2019\/08\/24\/firman-elena-garcia-y-el-instituto-nacional-de-suelo-sustentable-insus-convenio-que-beneficiara-a-miles-de-familias-tultitlenses\/"},"author":{"name":"Expresso Metropolitano","@id":"https:\/\/expressometro.mx\/#\/schema\/person\/efa971b4a0664db8ed5c22b1b0dd2f5d"},"headline":"Firman Elena Garc\u00eda y el Instituto Nacional de Suelo Sustentable (INSUS) convenio que beneficiar\u00e1 a miles de familias tultitlenses.","datePublished":"2019-08-24T17:04:33+00:00","dateModified":"2019-09-25T15:38:52+00:00","mainEntityOfPage":{"@id":"https:\/\/expressometro.mx\/index.php\/2019\/08\/24\/firman-elena-garcia-y-el-instituto-nacional-de-suelo-sustentable-insus-convenio-que-beneficiara-a-miles-de-familias-tultitlenses\/"},"wordCount":503,"commentCount":0,"publisher":{"@id":"https:\/\/expressometro.mx\/#organization"},"articleSection":["Gobierno"],"inLanguage":"es","potentialAction":[{"@type":"CommentAction","name":"Comment","target":["https:\/\/expressometro.mx\/index.php\/2019\/08\/24\/firman-elena-garcia-y-el-instituto-nacional-de-suelo-sustentable-insus-convenio-que-beneficiara-a-miles-de-familias-tultitlenses\/#respond"]}]},{"@type":"WebPage","@id":"https:\/\/expressometro.mx\/index.php\/2019\/08\/24\/firman-elena-garcia-y-el-instituto-nacional-de-suelo-sustentable-insus-convenio-que-beneficiara-a-miles-de-familias-tultitlenses\/","url":"https:\/\/expressometro.mx\/index.php\/2019\/08\/24\/firman-elena-garcia-y-el-instituto-nacional-de-suelo-sustentable-insus-convenio-que-beneficiara-a-miles-de-familias-tultitlenses\/","name":"Firman Elena Garc\u00eda y el Instituto Nacional de Suelo Sustentable (INSUS) convenio que beneficiar\u00e1 a miles de familias tultitlenses. - Expresso Metropolitano","isPartOf":{"@id":"https:\/\/expressometro.mx\/#website"},"datePublished":"2019-08-24T17:04:33+00:00","dateModified":"2019-09-25T15:38:52+00:00","breadcrumb":{"@id":"https:\/\/expressometro.mx\/index.php\/2019\/08\/24\/firman-elena-garcia-y-el-instituto-nacional-de-suelo-sustentable-insus-convenio-que-beneficiara-a-miles-de-familias-tultitlenses\/#breadcrumb"},"inLanguage":"es","potentialAction":[{"@type":"ReadAction","target":["https:\/\/expressometro.mx\/index.php\/2019\/08\/24\/firman-elena-garcia-y-el-instituto-nacional-de-suelo-sustentable-insus-convenio-que-beneficiara-a-miles-de-familias-tultitlenses\/"]}]},{"@type":"BreadcrumbList","@id":"https:\/\/expressometro.mx\/index.php\/2019\/08\/24\/firman-elena-garcia-y-el-instituto-nacional-de-suelo-sustentable-insus-convenio-que-beneficiara-a-miles-de-familias-tultitlenses\/#breadcrumb","itemListElement":[{"@type":"ListItem","position":1,"name":"Inicio","item":"https:\/\/expressometro.mx\/"},{"@type":"ListItem","position":2,"name":"Firman Elena Garc\u00eda y el Instituto Nacional de Suelo Sustentable (INSUS) convenio que beneficiar\u00e1 a miles de familias tultitlenses."}]},{"@type":"WebSite","@id":"https:\/\/expressometro.mx\/#website","url":"https:\/\/expressometro.mx\/","name":"Expresso Metropolitano","description":"Periodismo comprometido, informaci\u00f3n, investigaci\u00f3n y an\u00e1lisis","publisher":{"@id":"https:\/\/expressometro.mx\/#organization"},"potentialAction":[{"@type":"SearchAction","target":{"@type":"EntryPoint","urlTemplate":"https:\/\/expressometro.mx\/?s={search_term_string}"},"query-input":{"@type":"PropertyValueSpecification","valueRequired":true,"valueName":"search_term_string"}}],"inLanguage":"es"},{"@type":"Organization","@id":"https:\/\/expressometro.mx\/#organization","name":"Expresso Metropolitano","url":"https:\/\/expressometro.mx\/","logo":{"@type":"ImageObject","inLanguage":"es","@id":"https:\/\/expressometro.mx\/#\/schema\/logo\/image\/","url":"https:\/\/expressometro.mx\/wp-content\/uploads\/2019\/07\/cropped-Logo-Expresso-Metropolitano-1-1.jpeg","contentUrl":"https:\/\/expressometro.mx\/wp-content\/uploads\/2019\/07\/cropped-Logo-Expresso-Metropolitano-1-1.jpeg","width":290,"height":73,"caption":"Expresso Metropolitano"},"image":{"@id":"https:\/\/expressometro.mx\/#\/schema\/logo\/image\/"}},{"@type":"Person","@id":"https:\/\/expressometro.mx\/#\/schema\/person\/efa971b4a0664db8ed5c22b1b0dd2f5d","name":"Expresso Metropolitano","image":{"@type":"ImageObject","inLanguage":"es","@id":"https:\/\/secure.gravatar.com\/avatar\/a89f802b8de18c6952f223c88d3d106e9e3679839f4e25a02f4a6cc2ae6ba3b3?s=96&d=mm&r=g","url":"https:\/\/secure.gravatar.com\/avatar\/a89f802b8de18c6952f223c88d3d106e9e3679839f4e25a02f4a6cc2ae6ba3b3?s=96&d=mm&r=g","contentUrl":"https:\/\/secure.gravatar.com\/avatar\/a89f802b8de18c6952f223c88d3d106e9e3679839f4e25a02f4a6cc2ae6ba3b3?s=96&d=mm&r=g","caption":"Expresso Metropolitano"},"url":"https:\/\/expressometro.mx\/index.php\/author\/diego\/"}]}},"amp_enabled":true,"_links":{"self":[{"href":"https:\/\/expressometro.mx\/index.php\/wp-json\/wp\/v2\/posts\/230","targetHints":{"allow":["GET"]}}],"collection":[{"href":"https:\/\/expressometro.mx\/index.php\/wp-json\/wp\/v2\/posts"}],"about":[{"href":"https:\/\/expressometro.mx\/index.php\/wp-json\/wp\/v2\/types\/post"}],"author":[{"embeddable":true,"href":"https:\/\/expressometro.mx\/index.php\/wp-json\/wp\/v2\/users\/1"}],"replies":[{"embeddable":true,"href":"https:\/\/expressometro.mx\/index.php\/wp-json\/wp\/v2\/comments?post=230"}],"version-history":[{"count":1,"href":"https:\/\/expressometro.mx\/index.php\/wp-json\/wp\/v2\/posts\/230\/revisions"}],"predecessor-version":[{"id":231,"href":"https:\/\/expressometro.mx\/index.php\/wp-json\/wp\/v2\/posts\/230\/revisions\/231"}],"wp:attachment":[{"href":"https:\/\/expressometro.mx\/index.php\/wp-json\/wp\/v2\/media?parent=230"}],"wp:term":[{"taxonomy":"category","embeddable":true,"href":"https:\/\/expressometro.mx\/index.php\/wp-json\/wp\/v2\/categories?post=230"},{"taxonomy":"post_tag","embeddable":true,"href":"https:\/\/expressometro.mx\/index.php\/wp-json\/wp\/v2\/tags?post=230"}],"curies":[{"name":"wp","href":"https:\/\/api.w.org\/{rel}","templated":true}]}}