{"id":2298,"date":"2021-02-21T13:42:21","date_gmt":"2021-02-21T19:42:21","guid":{"rendered":"http:\/\/expressometro.mx\/?p=2298"},"modified":"2021-02-21T13:42:24","modified_gmt":"2021-02-21T19:42:24","slug":"llega-el-marcelista-rodriguez-perez-como-precandidato-en-tlalpan","status":"publish","type":"post","link":"https:\/\/expressometro.mx\/index.php\/2021\/02\/21\/llega-el-marcelista-rodriguez-perez-como-precandidato-en-tlalpan\/","title":{"rendered":"LLEGA EL MARCELISTA RODR\u00cdGUEZ P\u00c9REZ COMO PRECANDIDATO EN TLALPAN"},"content":{"rendered":"\n<p>Juan Jos\u00e9 Rodr\u00edguez P\u00e9rez recibi\u00f3 de Redes Sociales Progresistas (RSP) la precandidatura a la alcald\u00eda de Tlalpan<br>con el fin de contender en las elecciones del pr\u00f3ximo 6 de junio.<\/p>\n\n\n\n<p>Arropado por familiares, amigos y candidatos a diputados por Tlalpan encabezados por Alfredo Adame se convirti\u00f3 en el virtual candidato en esta alcald\u00eda que ya no aguanta tres a\u00f1os m\u00e1s de rezagos sociales.<\/p>\n\n\n\n<p>Entrevistado al t\u00e9rmino de su presentaci\u00f3n como precandidato, dijo respetar la cuarta transformaci\u00f3n y sus l\u00edderes que tiene como Marcelo Ebrard o Claudia Sheinbaum, pero que Morena est\u00e1 rebasado por la falta de cumplimiento ante los ciudadanos.<\/p>\n\n\n\n<p>En este proceso de entrega de constancias de mayor\u00eda para encabezar<br>Tlalpan, dej\u00f3 en claro que la alcald\u00eda est\u00e1 llamada a ser el epicentro progresista de la Ciudad de M\u00e9xico.<\/p>\n\n\n\n<p>Durante su presentaci\u00f3n, el dirigente de RSP en Ciudad de M\u00e9xico, Pedro Pablo de Antu\u00f1ano, destac\u00f3 la labor de Rodr\u00edguez P\u00e9rez como luchador social y padre de familia ejemplar que llevar\u00e1 al gobierno un sistema progresista para todos los ciudadanos.<\/p>\n\n\n\n<p>Como ganador del proceso de selecci\u00f3n interna en Tlalpan expuso la necesidad de un cambio pol\u00edtico y esa alternativa es Redes Sociales Progresistas que su atender\u00e1 las necesidades de la gente como es salud, seguridad y certeza jur\u00eddica en su propiedad.<\/p>\n","protected":false},"excerpt":{"rendered":"<p>Arropado por familiares, amigos y candidatos a diputados por Tlalpan encabezados por Alfredo Adame se convirti\u00f3 en el virtual candidato en esta alcald\u00eda que ya no aguanta tres a\u00f1os m\u00e1s de rezagos sociales.<\/p>\n","protected":false},"author":1,"featured_media":2301,"comment_status":"open","ping_status":"open","sticky":false,"template":"","format":"standard","meta":{"footnotes":""},"categories":[3],"tags":[283,284,282],"class_list":["post-2298","post","type-post","status-publish","format-standard","has-post-thumbnail","hentry","category-gobierno","tag-juan-jose-rodriguez-perez","tag-rsp","tag-tlalpan"],"yoast_head":"<!-- This site is optimized with the Yoast SEO plugin v27.5 - https:\/\/yoast.com\/product\/yoast-seo-wordpress\/ -->\n<title>LLEGA EL MARCELISTA RODR\u00cdGUEZ P\u00c9REZ COMO PRECANDIDATO EN TLALPAN - Expresso Metropolitano<\/title>\n<meta name=\"robots\" content=\"index, follow, max-snippet:-1, max-image-preview:large, max-video-preview:-1\" \/>\n<link rel=\"canonical\" href=\"https:\/\/expressometro.mx\/index.php\/2021\/02\/21\/llega-el-marcelista-rodriguez-perez-como-precandidato-en-tlalpan\/\" \/>\n<meta property=\"og:locale\" content=\"es_MX\" \/>\n<meta property=\"og:type\" content=\"article\" \/>\n<meta property=\"og:title\" content=\"LLEGA EL MARCELISTA RODR\u00cdGUEZ P\u00c9REZ COMO PRECANDIDATO EN TLALPAN - Expresso Metropolitano\" \/>\n<meta property=\"og:description\" content=\"Arropado por familiares, amigos y candidatos a diputados por Tlalpan encabezados por Alfredo Adame se convirti\u00f3 en el virtual candidato en esta alcald\u00eda que ya no aguanta tres a\u00f1os m\u00e1s de rezagos sociales.\" \/>\n<meta property=\"og:url\" content=\"https:\/\/expressometro.mx\/index.php\/2021\/02\/21\/llega-el-marcelista-rodriguez-perez-como-precandidato-en-tlalpan\/\" \/>\n<meta property=\"og:site_name\" content=\"Expresso Metropolitano\" \/>\n<meta property=\"article:published_time\" content=\"2021-02-21T19:42:21+00:00\" \/>\n<meta property=\"article:modified_time\" content=\"2021-02-21T19:42:24+00:00\" \/>\n<meta property=\"og:image\" content=\"https:\/\/expressometro.mx\/wp-content\/uploads\/2021\/02\/WhatsApp-Image-2021-02-21-at-13.41.40.jpeg\" \/>\n\t<meta property=\"og:image:width\" content=\"750\" \/>\n\t<meta property=\"og:image:height\" content=\"753\" \/>\n\t<meta property=\"og:image:type\" content=\"image\/jpeg\" \/>\n<meta name=\"author\" content=\"Expresso Metropolitano\" \/>\n<meta name=\"twitter:label1\" content=\"Escrito por\" \/>\n\t<meta name=\"twitter:data1\" content=\"Expresso Metropolitano\" \/>\n\t<meta name=\"twitter:label2\" content=\"Tiempo de lectura\" \/>\n\t<meta name=\"twitter:data2\" content=\"1 minuto\" \/>\n<script type=\"application\/ld+json\" class=\"yoast-schema-graph\">{\"@context\":\"https:\\\/\\\/schema.org\",\"@graph\":[{\"@type\":\"Article\",\"@id\":\"https:\\\/\\\/expressometro.mx\\\/index.php\\\/2021\\\/02\\\/21\\\/llega-el-marcelista-rodriguez-perez-como-precandidato-en-tlalpan\\\/#article\",\"isPartOf\":{\"@id\":\"https:\\\/\\\/expressometro.mx\\\/index.php\\\/2021\\\/02\\\/21\\\/llega-el-marcelista-rodriguez-perez-como-precandidato-en-tlalpan\\\/\"},\"author\":{\"name\":\"Expresso Metropolitano\",\"@id\":\"https:\\\/\\\/expressometro.mx\\\/#\\\/schema\\\/person\\\/efa971b4a0664db8ed5c22b1b0dd2f5d\"},\"headline\":\"LLEGA EL MARCELISTA RODR\u00cdGUEZ P\u00c9REZ COMO PRECANDIDATO EN TLALPAN\",\"datePublished\":\"2021-02-21T19:42:21+00:00\",\"dateModified\":\"2021-02-21T19:42:24+00:00\",\"mainEntityOfPage\":{\"@id\":\"https:\\\/\\\/expressometro.mx\\\/index.php\\\/2021\\\/02\\\/21\\\/llega-el-marcelista-rodriguez-perez-como-precandidato-en-tlalpan\\\/\"},\"wordCount\":241,\"commentCount\":0,\"publisher\":{\"@id\":\"https:\\\/\\\/expressometro.mx\\\/#organization\"},\"image\":{\"@id\":\"https:\\\/\\\/expressometro.mx\\\/index.php\\\/2021\\\/02\\\/21\\\/llega-el-marcelista-rodriguez-perez-como-precandidato-en-tlalpan\\\/#primaryimage\"},\"thumbnailUrl\":\"https:\\\/\\\/expressometro.mx\\\/wp-content\\\/uploads\\\/2021\\\/02\\\/WhatsApp-Image-2021-02-21-at-13.41.40.jpeg\",\"keywords\":[\"Juan Jos\u00e9 Rodr\u00edguez P\u00e9rez\",\"RSP\",\"Tlalpan\"],\"articleSection\":[\"Gobierno\"],\"inLanguage\":\"es\",\"potentialAction\":[{\"@type\":\"CommentAction\",\"name\":\"Comment\",\"target\":[\"https:\\\/\\\/expressometro.mx\\\/index.php\\\/2021\\\/02\\\/21\\\/llega-el-marcelista-rodriguez-perez-como-precandidato-en-tlalpan\\\/#respond\"]}]},{\"@type\":\"WebPage\",\"@id\":\"https:\\\/\\\/expressometro.mx\\\/index.php\\\/2021\\\/02\\\/21\\\/llega-el-marcelista-rodriguez-perez-como-precandidato-en-tlalpan\\\/\",\"url\":\"https:\\\/\\\/expressometro.mx\\\/index.php\\\/2021\\\/02\\\/21\\\/llega-el-marcelista-rodriguez-perez-como-precandidato-en-tlalpan\\\/\",\"name\":\"LLEGA EL MARCELISTA RODR\u00cdGUEZ P\u00c9REZ COMO PRECANDIDATO EN TLALPAN - Expresso Metropolitano\",\"isPartOf\":{\"@id\":\"https:\\\/\\\/expressometro.mx\\\/#website\"},\"primaryImageOfPage\":{\"@id\":\"https:\\\/\\\/expressometro.mx\\\/index.php\\\/2021\\\/02\\\/21\\\/llega-el-marcelista-rodriguez-perez-como-precandidato-en-tlalpan\\\/#primaryimage\"},\"image\":{\"@id\":\"https:\\\/\\\/expressometro.mx\\\/index.php\\\/2021\\\/02\\\/21\\\/llega-el-marcelista-rodriguez-perez-como-precandidato-en-tlalpan\\\/#primaryimage\"},\"thumbnailUrl\":\"https:\\\/\\\/expressometro.mx\\\/wp-content\\\/uploads\\\/2021\\\/02\\\/WhatsApp-Image-2021-02-21-at-13.41.40.jpeg\",\"datePublished\":\"2021-02-21T19:42:21+00:00\",\"dateModified\":\"2021-02-21T19:42:24+00:00\",\"breadcrumb\":{\"@id\":\"https:\\\/\\\/expressometro.mx\\\/index.php\\\/2021\\\/02\\\/21\\\/llega-el-marcelista-rodriguez-perez-como-precandidato-en-tlalpan\\\/#breadcrumb\"},\"inLanguage\":\"es\",\"potentialAction\":[{\"@type\":\"ReadAction\",\"target\":[\"https:\\\/\\\/expressometro.mx\\\/index.php\\\/2021\\\/02\\\/21\\\/llega-el-marcelista-rodriguez-perez-como-precandidato-en-tlalpan\\\/\"]}]},{\"@type\":\"ImageObject\",\"inLanguage\":\"es\",\"@id\":\"https:\\\/\\\/expressometro.mx\\\/index.php\\\/2021\\\/02\\\/21\\\/llega-el-marcelista-rodriguez-perez-como-precandidato-en-tlalpan\\\/#primaryimage\",\"url\":\"https:\\\/\\\/expressometro.mx\\\/wp-content\\\/uploads\\\/2021\\\/02\\\/WhatsApp-Image-2021-02-21-at-13.41.40.jpeg\",\"contentUrl\":\"https:\\\/\\\/expressometro.mx\\\/wp-content\\\/uploads\\\/2021\\\/02\\\/WhatsApp-Image-2021-02-21-at-13.41.40.jpeg\",\"width\":750,\"height\":753},{\"@type\":\"BreadcrumbList\",\"@id\":\"https:\\\/\\\/expressometro.mx\\\/index.php\\\/2021\\\/02\\\/21\\\/llega-el-marcelista-rodriguez-perez-como-precandidato-en-tlalpan\\\/#breadcrumb\",\"itemListElement\":[{\"@type\":\"ListItem\",\"position\":1,\"name\":\"Inicio\",\"item\":\"https:\\\/\\\/expressometro.mx\\\/\"},{\"@type\":\"ListItem\",\"position\":2,\"name\":\"LLEGA EL MARCELISTA RODR\u00cdGUEZ P\u00c9REZ COMO PRECANDIDATO EN TLALPAN\"}]},{\"@type\":\"WebSite\",\"@id\":\"https:\\\/\\\/expressometro.mx\\\/#website\",\"url\":\"https:\\\/\\\/expressometro.mx\\\/\",\"name\":\"Expresso Metropolitano\",\"description\":\"Periodismo comprometido, informaci\u00f3n, investigaci\u00f3n y an\u00e1lisis\",\"publisher\":{\"@id\":\"https:\\\/\\\/expressometro.mx\\\/#organization\"},\"potentialAction\":[{\"@type\":\"SearchAction\",\"target\":{\"@type\":\"EntryPoint\",\"urlTemplate\":\"https:\\\/\\\/expressometro.mx\\\/?s={search_term_string}\"},\"query-input\":{\"@type\":\"PropertyValueSpecification\",\"valueRequired\":true,\"valueName\":\"search_term_string\"}}],\"inLanguage\":\"es\"},{\"@type\":\"Organization\",\"@id\":\"https:\\\/\\\/expressometro.mx\\\/#organization\",\"name\":\"Expresso Metropolitano\",\"url\":\"https:\\\/\\\/expressometro.mx\\\/\",\"logo\":{\"@type\":\"ImageObject\",\"inLanguage\":\"es\",\"@id\":\"https:\\\/\\\/expressometro.mx\\\/#\\\/schema\\\/logo\\\/image\\\/\",\"url\":\"https:\\\/\\\/expressometro.mx\\\/wp-content\\\/uploads\\\/2019\\\/07\\\/cropped-Logo-Expresso-Metropolitano-1-1.jpeg\",\"contentUrl\":\"https:\\\/\\\/expressometro.mx\\\/wp-content\\\/uploads\\\/2019\\\/07\\\/cropped-Logo-Expresso-Metropolitano-1-1.jpeg\",\"width\":290,\"height\":73,\"caption\":\"Expresso Metropolitano\"},\"image\":{\"@id\":\"https:\\\/\\\/expressometro.mx\\\/#\\\/schema\\\/logo\\\/image\\\/\"}},{\"@type\":\"Person\",\"@id\":\"https:\\\/\\\/expressometro.mx\\\/#\\\/schema\\\/person\\\/efa971b4a0664db8ed5c22b1b0dd2f5d\",\"name\":\"Expresso Metropolitano\",\"image\":{\"@type\":\"ImageObject\",\"inLanguage\":\"es\",\"@id\":\"https:\\\/\\\/secure.gravatar.com\\\/avatar\\\/a89f802b8de18c6952f223c88d3d106e9e3679839f4e25a02f4a6cc2ae6ba3b3?s=96&d=mm&r=g\",\"url\":\"https:\\\/\\\/secure.gravatar.com\\\/avatar\\\/a89f802b8de18c6952f223c88d3d106e9e3679839f4e25a02f4a6cc2ae6ba3b3?s=96&d=mm&r=g\",\"contentUrl\":\"https:\\\/\\\/secure.gravatar.com\\\/avatar\\\/a89f802b8de18c6952f223c88d3d106e9e3679839f4e25a02f4a6cc2ae6ba3b3?s=96&d=mm&r=g\",\"caption\":\"Expresso Metropolitano\"},\"url\":\"https:\\\/\\\/expressometro.mx\\\/index.php\\\/author\\\/diego\\\/\"}]}<\/script>\n<!-- \/ Yoast SEO plugin. -->","yoast_head_json":{"title":"LLEGA EL MARCELISTA RODR\u00cdGUEZ P\u00c9REZ COMO PRECANDIDATO EN TLALPAN - Expresso Metropolitano","robots":{"index":"index","follow":"follow","max-snippet":"max-snippet:-1","max-image-preview":"max-image-preview:large","max-video-preview":"max-video-preview:-1"},"canonical":"https:\/\/expressometro.mx\/index.php\/2021\/02\/21\/llega-el-marcelista-rodriguez-perez-como-precandidato-en-tlalpan\/","og_locale":"es_MX","og_type":"article","og_title":"LLEGA EL MARCELISTA RODR\u00cdGUEZ P\u00c9REZ COMO PRECANDIDATO EN TLALPAN - Expresso Metropolitano","og_description":"Arropado por familiares, amigos y candidatos a diputados por Tlalpan encabezados por Alfredo Adame se convirti\u00f3 en el virtual candidato en esta alcald\u00eda que ya no aguanta tres a\u00f1os m\u00e1s de rezagos sociales.","og_url":"https:\/\/expressometro.mx\/index.php\/2021\/02\/21\/llega-el-marcelista-rodriguez-perez-como-precandidato-en-tlalpan\/","og_site_name":"Expresso Metropolitano","article_published_time":"2021-02-21T19:42:21+00:00","article_modified_time":"2021-02-21T19:42:24+00:00","og_image":[{"width":750,"height":753,"url":"https:\/\/expressometro.mx\/wp-content\/uploads\/2021\/02\/WhatsApp-Image-2021-02-21-at-13.41.40.jpeg","type":"image\/jpeg"}],"author":"Expresso Metropolitano","twitter_misc":{"Escrito por":"Expresso Metropolitano","Tiempo de lectura":"1 minuto"},"schema":{"@context":"https:\/\/schema.org","@graph":[{"@type":"Article","@id":"https:\/\/expressometro.mx\/index.php\/2021\/02\/21\/llega-el-marcelista-rodriguez-perez-como-precandidato-en-tlalpan\/#article","isPartOf":{"@id":"https:\/\/expressometro.mx\/index.php\/2021\/02\/21\/llega-el-marcelista-rodriguez-perez-como-precandidato-en-tlalpan\/"},"author":{"name":"Expresso Metropolitano","@id":"https:\/\/expressometro.mx\/#\/schema\/person\/efa971b4a0664db8ed5c22b1b0dd2f5d"},"headline":"LLEGA EL MARCELISTA RODR\u00cdGUEZ P\u00c9REZ COMO PRECANDIDATO EN TLALPAN","datePublished":"2021-02-21T19:42:21+00:00","dateModified":"2021-02-21T19:42:24+00:00","mainEntityOfPage":{"@id":"https:\/\/expressometro.mx\/index.php\/2021\/02\/21\/llega-el-marcelista-rodriguez-perez-como-precandidato-en-tlalpan\/"},"wordCount":241,"commentCount":0,"publisher":{"@id":"https:\/\/expressometro.mx\/#organization"},"image":{"@id":"https:\/\/expressometro.mx\/index.php\/2021\/02\/21\/llega-el-marcelista-rodriguez-perez-como-precandidato-en-tlalpan\/#primaryimage"},"thumbnailUrl":"https:\/\/expressometro.mx\/wp-content\/uploads\/2021\/02\/WhatsApp-Image-2021-02-21-at-13.41.40.jpeg","keywords":["Juan Jos\u00e9 Rodr\u00edguez P\u00e9rez","RSP","Tlalpan"],"articleSection":["Gobierno"],"inLanguage":"es","potentialAction":[{"@type":"CommentAction","name":"Comment","target":["https:\/\/expressometro.mx\/index.php\/2021\/02\/21\/llega-el-marcelista-rodriguez-perez-como-precandidato-en-tlalpan\/#respond"]}]},{"@type":"WebPage","@id":"https:\/\/expressometro.mx\/index.php\/2021\/02\/21\/llega-el-marcelista-rodriguez-perez-como-precandidato-en-tlalpan\/","url":"https:\/\/expressometro.mx\/index.php\/2021\/02\/21\/llega-el-marcelista-rodriguez-perez-como-precandidato-en-tlalpan\/","name":"LLEGA EL MARCELISTA RODR\u00cdGUEZ P\u00c9REZ COMO PRECANDIDATO EN TLALPAN - Expresso Metropolitano","isPartOf":{"@id":"https:\/\/expressometro.mx\/#website"},"primaryImageOfPage":{"@id":"https:\/\/expressometro.mx\/index.php\/2021\/02\/21\/llega-el-marcelista-rodriguez-perez-como-precandidato-en-tlalpan\/#primaryimage"},"image":{"@id":"https:\/\/expressometro.mx\/index.php\/2021\/02\/21\/llega-el-marcelista-rodriguez-perez-como-precandidato-en-tlalpan\/#primaryimage"},"thumbnailUrl":"https:\/\/expressometro.mx\/wp-content\/uploads\/2021\/02\/WhatsApp-Image-2021-02-21-at-13.41.40.jpeg","datePublished":"2021-02-21T19:42:21+00:00","dateModified":"2021-02-21T19:42:24+00:00","breadcrumb":{"@id":"https:\/\/expressometro.mx\/index.php\/2021\/02\/21\/llega-el-marcelista-rodriguez-perez-como-precandidato-en-tlalpan\/#breadcrumb"},"inLanguage":"es","potentialAction":[{"@type":"ReadAction","target":["https:\/\/expressometro.mx\/index.php\/2021\/02\/21\/llega-el-marcelista-rodriguez-perez-como-precandidato-en-tlalpan\/"]}]},{"@type":"ImageObject","inLanguage":"es","@id":"https:\/\/expressometro.mx\/index.php\/2021\/02\/21\/llega-el-marcelista-rodriguez-perez-como-precandidato-en-tlalpan\/#primaryimage","url":"https:\/\/expressometro.mx\/wp-content\/uploads\/2021\/02\/WhatsApp-Image-2021-02-21-at-13.41.40.jpeg","contentUrl":"https:\/\/expressometro.mx\/wp-content\/uploads\/2021\/02\/WhatsApp-Image-2021-02-21-at-13.41.40.jpeg","width":750,"height":753},{"@type":"BreadcrumbList","@id":"https:\/\/expressometro.mx\/index.php\/2021\/02\/21\/llega-el-marcelista-rodriguez-perez-como-precandidato-en-tlalpan\/#breadcrumb","itemListElement":[{"@type":"ListItem","position":1,"name":"Inicio","item":"https:\/\/expressometro.mx\/"},{"@type":"ListItem","position":2,"name":"LLEGA EL MARCELISTA RODR\u00cdGUEZ P\u00c9REZ COMO PRECANDIDATO EN TLALPAN"}]},{"@type":"WebSite","@id":"https:\/\/expressometro.mx\/#website","url":"https:\/\/expressometro.mx\/","name":"Expresso Metropolitano","description":"Periodismo comprometido, informaci\u00f3n, investigaci\u00f3n y an\u00e1lisis","publisher":{"@id":"https:\/\/expressometro.mx\/#organization"},"potentialAction":[{"@type":"SearchAction","target":{"@type":"EntryPoint","urlTemplate":"https:\/\/expressometro.mx\/?s={search_term_string}"},"query-input":{"@type":"PropertyValueSpecification","valueRequired":true,"valueName":"search_term_string"}}],"inLanguage":"es"},{"@type":"Organization","@id":"https:\/\/expressometro.mx\/#organization","name":"Expresso Metropolitano","url":"https:\/\/expressometro.mx\/","logo":{"@type":"ImageObject","inLanguage":"es","@id":"https:\/\/expressometro.mx\/#\/schema\/logo\/image\/","url":"https:\/\/expressometro.mx\/wp-content\/uploads\/2019\/07\/cropped-Logo-Expresso-Metropolitano-1-1.jpeg","contentUrl":"https:\/\/expressometro.mx\/wp-content\/uploads\/2019\/07\/cropped-Logo-Expresso-Metropolitano-1-1.jpeg","width":290,"height":73,"caption":"Expresso Metropolitano"},"image":{"@id":"https:\/\/expressometro.mx\/#\/schema\/logo\/image\/"}},{"@type":"Person","@id":"https:\/\/expressometro.mx\/#\/schema\/person\/efa971b4a0664db8ed5c22b1b0dd2f5d","name":"Expresso Metropolitano","image":{"@type":"ImageObject","inLanguage":"es","@id":"https:\/\/secure.gravatar.com\/avatar\/a89f802b8de18c6952f223c88d3d106e9e3679839f4e25a02f4a6cc2ae6ba3b3?s=96&d=mm&r=g","url":"https:\/\/secure.gravatar.com\/avatar\/a89f802b8de18c6952f223c88d3d106e9e3679839f4e25a02f4a6cc2ae6ba3b3?s=96&d=mm&r=g","contentUrl":"https:\/\/secure.gravatar.com\/avatar\/a89f802b8de18c6952f223c88d3d106e9e3679839f4e25a02f4a6cc2ae6ba3b3?s=96&d=mm&r=g","caption":"Expresso Metropolitano"},"url":"https:\/\/expressometro.mx\/index.php\/author\/diego\/"}]}},"amp_enabled":true,"_links":{"self":[{"href":"https:\/\/expressometro.mx\/index.php\/wp-json\/wp\/v2\/posts\/2298","targetHints":{"allow":["GET"]}}],"collection":[{"href":"https:\/\/expressometro.mx\/index.php\/wp-json\/wp\/v2\/posts"}],"about":[{"href":"https:\/\/expressometro.mx\/index.php\/wp-json\/wp\/v2\/types\/post"}],"author":[{"embeddable":true,"href":"https:\/\/expressometro.mx\/index.php\/wp-json\/wp\/v2\/users\/1"}],"replies":[{"embeddable":true,"href":"https:\/\/expressometro.mx\/index.php\/wp-json\/wp\/v2\/comments?post=2298"}],"version-history":[{"count":1,"href":"https:\/\/expressometro.mx\/index.php\/wp-json\/wp\/v2\/posts\/2298\/revisions"}],"predecessor-version":[{"id":2302,"href":"https:\/\/expressometro.mx\/index.php\/wp-json\/wp\/v2\/posts\/2298\/revisions\/2302"}],"wp:featuredmedia":[{"embeddable":true,"href":"https:\/\/expressometro.mx\/index.php\/wp-json\/wp\/v2\/media\/2301"}],"wp:attachment":[{"href":"https:\/\/expressometro.mx\/index.php\/wp-json\/wp\/v2\/media?parent=2298"}],"wp:term":[{"taxonomy":"category","embeddable":true,"href":"https:\/\/expressometro.mx\/index.php\/wp-json\/wp\/v2\/categories?post=2298"},{"taxonomy":"post_tag","embeddable":true,"href":"https:\/\/expressometro.mx\/index.php\/wp-json\/wp\/v2\/tags?post=2298"}],"curies":[{"name":"wp","href":"https:\/\/api.w.org\/{rel}","templated":true}]}}