{"id":2294,"date":"2021-02-19T18:02:25","date_gmt":"2021-02-20T00:02:25","guid":{"rendered":"http:\/\/expressometro.mx\/?p=2294"},"modified":"2021-02-19T18:02:30","modified_gmt":"2021-02-20T00:02:30","slug":"destinado-juan-de-la-cruz-al-fracaso-de-su-gestion-en-temascalcingo","status":"publish","type":"post","link":"https:\/\/expressometro.mx\/index.php\/2021\/02\/19\/destinado-juan-de-la-cruz-al-fracaso-de-su-gestion-en-temascalcingo\/","title":{"rendered":"DESTINADO JUAN DE LA CRUZ AL FRACASO DE SU GESTI\u00d3N EN TEMASCALCINGO"},"content":{"rendered":"\n<p>CONTRARIO a los postulados de la cuarta transformaci\u00f3n de honestidad y conducirse sin mentiras hoy la administraci\u00f3n de Juan de la Cruz Ruiz se rige bajo el abierto nepotismo ilustrado en la figura de su v\u00e1stago.<\/p>\n\n\n\n<p>Esta es una gran losa pesada que lo<br>dejar\u00e1 anclado en s\u00f3lo aspiraciones para contender otra vez por Morena, pues el rechazo de la ciudadan\u00eda es brutal ante tal cinismo de \u201cJuanito\u201d que sin estar en n\u00f3mina ha dominado todos los negocios que se pueden hacer desde las sombras del<br>Ayuntamiento.<\/p>\n\n\n\n<p>Sus aspiraciones est\u00e1n m\u00e1s que truncas cuando se sabe que prest\u00f3 sus servicios al llamado comandante Isidro Pastor en la estructura de Alternativa para intentar constituirlo como partido pol\u00edtico.<\/p>\n\n\n\n<p>Los morenistas y la ciudadan\u00eda en general saben perfectamente que Temascalcingo es gobernado por el hijo de Juan de la Cruz, &#8220;El Juanito&#8221;.<br>En las redes sociales no se oculta nada y dejan ver se\u00f1alamientos muy claro sobre su actuar del alcalde.<\/p>\n\n\n\n<p>Cualquier cosa que la gente le pide al presidente, les dice que vean a su hijo para que resuelva el problema y \u201cla verdad las desiciones que toma el Juanito junto con todos sus amigos de peda que son sus asesores, hacen puras tonter\u00edas\u201d.<\/p>\n\n\n\n<p>Juan de la Cruz quiere Releegirse para que su hijo contin\u00fae saqueando a Temascalcingo porque para eso s\u00ed sirve &#8221; El Juanito&#8221;.<\/p>\n\n\n\n<p>El Presidente Juan no hace ni deshace nada, el solo es el t\u00edtere del hijo y de Ren\u00e9 de la Cruz, todo mundo manda en la presidencia y a base de limosnas quiere tener al pueblo, pero la gente est\u00e1 cansada de tanta falta de respeto hacia la ciudadan\u00eda porque abusa de la necesidad de la gente y a base de limosnas dice que a \u00e9l la gente lo quiere, pero est\u00e1 muy lejos de la apreciaci\u00f3n de del pueblo hacia su persona.<\/p>\n","protected":false},"excerpt":{"rendered":"<p>Sus aspiraciones est\u00e1n m\u00e1s que truncas cuando se sabe que prest\u00f3 sus servicios al llamado comandante Isidro Pastor en la estructura de Alternativa para intentar constituirlo como partido pol\u00edtico.<\/p>\n","protected":false},"author":1,"featured_media":2295,"comment_status":"open","ping_status":"open","sticky":false,"template":"","format":"standard","meta":{"footnotes":""},"categories":[3],"tags":[280,199],"class_list":["post-2294","post","type-post","status-publish","format-standard","has-post-thumbnail","hentry","category-gobierno","tag-juan-de-la-cruz","tag-temascalcingo"],"yoast_head":"<!-- This site is optimized with the Yoast SEO plugin v27.4 - https:\/\/yoast.com\/product\/yoast-seo-wordpress\/ -->\n<title>DESTINADO JUAN DE LA CRUZ AL FRACASO DE SU GESTI\u00d3N EN TEMASCALCINGO - Expresso Metropolitano<\/title>\n<meta name=\"robots\" content=\"index, follow, max-snippet:-1, max-image-preview:large, max-video-preview:-1\" \/>\n<link rel=\"canonical\" href=\"https:\/\/expressometro.mx\/index.php\/2021\/02\/19\/destinado-juan-de-la-cruz-al-fracaso-de-su-gestion-en-temascalcingo\/\" \/>\n<meta property=\"og:locale\" content=\"es_MX\" \/>\n<meta property=\"og:type\" content=\"article\" \/>\n<meta property=\"og:title\" content=\"DESTINADO JUAN DE LA CRUZ AL FRACASO DE SU GESTI\u00d3N EN TEMASCALCINGO - Expresso Metropolitano\" \/>\n<meta property=\"og:description\" content=\"Sus aspiraciones est\u00e1n m\u00e1s que truncas cuando se sabe que prest\u00f3 sus servicios al llamado comandante Isidro Pastor en la estructura de Alternativa para intentar constituirlo como partido pol\u00edtico.\" \/>\n<meta property=\"og:url\" content=\"https:\/\/expressometro.mx\/index.php\/2021\/02\/19\/destinado-juan-de-la-cruz-al-fracaso-de-su-gestion-en-temascalcingo\/\" \/>\n<meta property=\"og:site_name\" content=\"Expresso Metropolitano\" \/>\n<meta property=\"article:published_time\" content=\"2021-02-20T00:02:25+00:00\" \/>\n<meta property=\"article:modified_time\" content=\"2021-02-20T00:02:30+00:00\" \/>\n<meta property=\"og:image\" content=\"https:\/\/expressometro.mx\/wp-content\/uploads\/2021\/02\/WhatsApp-Image-2021-02-19-at-10.19.34.jpeg\" \/>\n\t<meta property=\"og:image:width\" content=\"627\" \/>\n\t<meta property=\"og:image:height\" content=\"427\" \/>\n\t<meta property=\"og:image:type\" content=\"image\/jpeg\" \/>\n<meta name=\"author\" content=\"Expresso Metropolitano\" \/>\n<meta name=\"twitter:label1\" content=\"Escrito por\" \/>\n\t<meta name=\"twitter:data1\" content=\"Expresso Metropolitano\" \/>\n\t<meta name=\"twitter:label2\" content=\"Tiempo de lectura\" \/>\n\t<meta name=\"twitter:data2\" content=\"2 minutos\" \/>\n<script type=\"application\/ld+json\" class=\"yoast-schema-graph\">{\"@context\":\"https:\\\/\\\/schema.org\",\"@graph\":[{\"@type\":\"Article\",\"@id\":\"https:\\\/\\\/expressometro.mx\\\/index.php\\\/2021\\\/02\\\/19\\\/destinado-juan-de-la-cruz-al-fracaso-de-su-gestion-en-temascalcingo\\\/#article\",\"isPartOf\":{\"@id\":\"https:\\\/\\\/expressometro.mx\\\/index.php\\\/2021\\\/02\\\/19\\\/destinado-juan-de-la-cruz-al-fracaso-de-su-gestion-en-temascalcingo\\\/\"},\"author\":{\"name\":\"Expresso Metropolitano\",\"@id\":\"https:\\\/\\\/expressometro.mx\\\/#\\\/schema\\\/person\\\/efa971b4a0664db8ed5c22b1b0dd2f5d\"},\"headline\":\"DESTINADO JUAN DE LA CRUZ AL FRACASO DE SU GESTI\u00d3N EN TEMASCALCINGO\",\"datePublished\":\"2021-02-20T00:02:25+00:00\",\"dateModified\":\"2021-02-20T00:02:30+00:00\",\"mainEntityOfPage\":{\"@id\":\"https:\\\/\\\/expressometro.mx\\\/index.php\\\/2021\\\/02\\\/19\\\/destinado-juan-de-la-cruz-al-fracaso-de-su-gestion-en-temascalcingo\\\/\"},\"wordCount\":333,\"commentCount\":0,\"publisher\":{\"@id\":\"https:\\\/\\\/expressometro.mx\\\/#organization\"},\"image\":{\"@id\":\"https:\\\/\\\/expressometro.mx\\\/index.php\\\/2021\\\/02\\\/19\\\/destinado-juan-de-la-cruz-al-fracaso-de-su-gestion-en-temascalcingo\\\/#primaryimage\"},\"thumbnailUrl\":\"https:\\\/\\\/expressometro.mx\\\/wp-content\\\/uploads\\\/2021\\\/02\\\/WhatsApp-Image-2021-02-19-at-10.19.34.jpeg\",\"keywords\":[\"Juan de la Cruz\",\"Temascalcingo\"],\"articleSection\":[\"Gobierno\"],\"inLanguage\":\"es\",\"potentialAction\":[{\"@type\":\"CommentAction\",\"name\":\"Comment\",\"target\":[\"https:\\\/\\\/expressometro.mx\\\/index.php\\\/2021\\\/02\\\/19\\\/destinado-juan-de-la-cruz-al-fracaso-de-su-gestion-en-temascalcingo\\\/#respond\"]}]},{\"@type\":\"WebPage\",\"@id\":\"https:\\\/\\\/expressometro.mx\\\/index.php\\\/2021\\\/02\\\/19\\\/destinado-juan-de-la-cruz-al-fracaso-de-su-gestion-en-temascalcingo\\\/\",\"url\":\"https:\\\/\\\/expressometro.mx\\\/index.php\\\/2021\\\/02\\\/19\\\/destinado-juan-de-la-cruz-al-fracaso-de-su-gestion-en-temascalcingo\\\/\",\"name\":\"DESTINADO JUAN DE LA CRUZ AL FRACASO DE SU GESTI\u00d3N EN TEMASCALCINGO - Expresso Metropolitano\",\"isPartOf\":{\"@id\":\"https:\\\/\\\/expressometro.mx\\\/#website\"},\"primaryImageOfPage\":{\"@id\":\"https:\\\/\\\/expressometro.mx\\\/index.php\\\/2021\\\/02\\\/19\\\/destinado-juan-de-la-cruz-al-fracaso-de-su-gestion-en-temascalcingo\\\/#primaryimage\"},\"image\":{\"@id\":\"https:\\\/\\\/expressometro.mx\\\/index.php\\\/2021\\\/02\\\/19\\\/destinado-juan-de-la-cruz-al-fracaso-de-su-gestion-en-temascalcingo\\\/#primaryimage\"},\"thumbnailUrl\":\"https:\\\/\\\/expressometro.mx\\\/wp-content\\\/uploads\\\/2021\\\/02\\\/WhatsApp-Image-2021-02-19-at-10.19.34.jpeg\",\"datePublished\":\"2021-02-20T00:02:25+00:00\",\"dateModified\":\"2021-02-20T00:02:30+00:00\",\"breadcrumb\":{\"@id\":\"https:\\\/\\\/expressometro.mx\\\/index.php\\\/2021\\\/02\\\/19\\\/destinado-juan-de-la-cruz-al-fracaso-de-su-gestion-en-temascalcingo\\\/#breadcrumb\"},\"inLanguage\":\"es\",\"potentialAction\":[{\"@type\":\"ReadAction\",\"target\":[\"https:\\\/\\\/expressometro.mx\\\/index.php\\\/2021\\\/02\\\/19\\\/destinado-juan-de-la-cruz-al-fracaso-de-su-gestion-en-temascalcingo\\\/\"]}]},{\"@type\":\"ImageObject\",\"inLanguage\":\"es\",\"@id\":\"https:\\\/\\\/expressometro.mx\\\/index.php\\\/2021\\\/02\\\/19\\\/destinado-juan-de-la-cruz-al-fracaso-de-su-gestion-en-temascalcingo\\\/#primaryimage\",\"url\":\"https:\\\/\\\/expressometro.mx\\\/wp-content\\\/uploads\\\/2021\\\/02\\\/WhatsApp-Image-2021-02-19-at-10.19.34.jpeg\",\"contentUrl\":\"https:\\\/\\\/expressometro.mx\\\/wp-content\\\/uploads\\\/2021\\\/02\\\/WhatsApp-Image-2021-02-19-at-10.19.34.jpeg\",\"width\":627,\"height\":427},{\"@type\":\"BreadcrumbList\",\"@id\":\"https:\\\/\\\/expressometro.mx\\\/index.php\\\/2021\\\/02\\\/19\\\/destinado-juan-de-la-cruz-al-fracaso-de-su-gestion-en-temascalcingo\\\/#breadcrumb\",\"itemListElement\":[{\"@type\":\"ListItem\",\"position\":1,\"name\":\"Inicio\",\"item\":\"https:\\\/\\\/expressometro.mx\\\/\"},{\"@type\":\"ListItem\",\"position\":2,\"name\":\"DESTINADO JUAN DE LA CRUZ AL FRACASO DE SU GESTI\u00d3N EN TEMASCALCINGO\"}]},{\"@type\":\"WebSite\",\"@id\":\"https:\\\/\\\/expressometro.mx\\\/#website\",\"url\":\"https:\\\/\\\/expressometro.mx\\\/\",\"name\":\"Expresso Metropolitano\",\"description\":\"Periodismo comprometido, informaci\u00f3n, investigaci\u00f3n y an\u00e1lisis\",\"publisher\":{\"@id\":\"https:\\\/\\\/expressometro.mx\\\/#organization\"},\"potentialAction\":[{\"@type\":\"SearchAction\",\"target\":{\"@type\":\"EntryPoint\",\"urlTemplate\":\"https:\\\/\\\/expressometro.mx\\\/?s={search_term_string}\"},\"query-input\":{\"@type\":\"PropertyValueSpecification\",\"valueRequired\":true,\"valueName\":\"search_term_string\"}}],\"inLanguage\":\"es\"},{\"@type\":\"Organization\",\"@id\":\"https:\\\/\\\/expressometro.mx\\\/#organization\",\"name\":\"Expresso Metropolitano\",\"url\":\"https:\\\/\\\/expressometro.mx\\\/\",\"logo\":{\"@type\":\"ImageObject\",\"inLanguage\":\"es\",\"@id\":\"https:\\\/\\\/expressometro.mx\\\/#\\\/schema\\\/logo\\\/image\\\/\",\"url\":\"https:\\\/\\\/expressometro.mx\\\/wp-content\\\/uploads\\\/2019\\\/07\\\/cropped-Logo-Expresso-Metropolitano-1-1.jpeg\",\"contentUrl\":\"https:\\\/\\\/expressometro.mx\\\/wp-content\\\/uploads\\\/2019\\\/07\\\/cropped-Logo-Expresso-Metropolitano-1-1.jpeg\",\"width\":290,\"height\":73,\"caption\":\"Expresso Metropolitano\"},\"image\":{\"@id\":\"https:\\\/\\\/expressometro.mx\\\/#\\\/schema\\\/logo\\\/image\\\/\"}},{\"@type\":\"Person\",\"@id\":\"https:\\\/\\\/expressometro.mx\\\/#\\\/schema\\\/person\\\/efa971b4a0664db8ed5c22b1b0dd2f5d\",\"name\":\"Expresso Metropolitano\",\"image\":{\"@type\":\"ImageObject\",\"inLanguage\":\"es\",\"@id\":\"https:\\\/\\\/secure.gravatar.com\\\/avatar\\\/a89f802b8de18c6952f223c88d3d106e9e3679839f4e25a02f4a6cc2ae6ba3b3?s=96&d=mm&r=g\",\"url\":\"https:\\\/\\\/secure.gravatar.com\\\/avatar\\\/a89f802b8de18c6952f223c88d3d106e9e3679839f4e25a02f4a6cc2ae6ba3b3?s=96&d=mm&r=g\",\"contentUrl\":\"https:\\\/\\\/secure.gravatar.com\\\/avatar\\\/a89f802b8de18c6952f223c88d3d106e9e3679839f4e25a02f4a6cc2ae6ba3b3?s=96&d=mm&r=g\",\"caption\":\"Expresso Metropolitano\"},\"url\":\"https:\\\/\\\/expressometro.mx\\\/index.php\\\/author\\\/diego\\\/\"}]}<\/script>\n<!-- \/ Yoast SEO plugin. -->","yoast_head_json":{"title":"DESTINADO JUAN DE LA CRUZ AL FRACASO DE SU GESTI\u00d3N EN TEMASCALCINGO - Expresso Metropolitano","robots":{"index":"index","follow":"follow","max-snippet":"max-snippet:-1","max-image-preview":"max-image-preview:large","max-video-preview":"max-video-preview:-1"},"canonical":"https:\/\/expressometro.mx\/index.php\/2021\/02\/19\/destinado-juan-de-la-cruz-al-fracaso-de-su-gestion-en-temascalcingo\/","og_locale":"es_MX","og_type":"article","og_title":"DESTINADO JUAN DE LA CRUZ AL FRACASO DE SU GESTI\u00d3N EN TEMASCALCINGO - Expresso Metropolitano","og_description":"Sus aspiraciones est\u00e1n m\u00e1s que truncas cuando se sabe que prest\u00f3 sus servicios al llamado comandante Isidro Pastor en la estructura de Alternativa para intentar constituirlo como partido pol\u00edtico.","og_url":"https:\/\/expressometro.mx\/index.php\/2021\/02\/19\/destinado-juan-de-la-cruz-al-fracaso-de-su-gestion-en-temascalcingo\/","og_site_name":"Expresso Metropolitano","article_published_time":"2021-02-20T00:02:25+00:00","article_modified_time":"2021-02-20T00:02:30+00:00","og_image":[{"width":627,"height":427,"url":"https:\/\/expressometro.mx\/wp-content\/uploads\/2021\/02\/WhatsApp-Image-2021-02-19-at-10.19.34.jpeg","type":"image\/jpeg"}],"author":"Expresso Metropolitano","twitter_misc":{"Escrito por":"Expresso Metropolitano","Tiempo de lectura":"2 minutos"},"schema":{"@context":"https:\/\/schema.org","@graph":[{"@type":"Article","@id":"https:\/\/expressometro.mx\/index.php\/2021\/02\/19\/destinado-juan-de-la-cruz-al-fracaso-de-su-gestion-en-temascalcingo\/#article","isPartOf":{"@id":"https:\/\/expressometro.mx\/index.php\/2021\/02\/19\/destinado-juan-de-la-cruz-al-fracaso-de-su-gestion-en-temascalcingo\/"},"author":{"name":"Expresso Metropolitano","@id":"https:\/\/expressometro.mx\/#\/schema\/person\/efa971b4a0664db8ed5c22b1b0dd2f5d"},"headline":"DESTINADO JUAN DE LA CRUZ AL FRACASO DE SU GESTI\u00d3N EN TEMASCALCINGO","datePublished":"2021-02-20T00:02:25+00:00","dateModified":"2021-02-20T00:02:30+00:00","mainEntityOfPage":{"@id":"https:\/\/expressometro.mx\/index.php\/2021\/02\/19\/destinado-juan-de-la-cruz-al-fracaso-de-su-gestion-en-temascalcingo\/"},"wordCount":333,"commentCount":0,"publisher":{"@id":"https:\/\/expressometro.mx\/#organization"},"image":{"@id":"https:\/\/expressometro.mx\/index.php\/2021\/02\/19\/destinado-juan-de-la-cruz-al-fracaso-de-su-gestion-en-temascalcingo\/#primaryimage"},"thumbnailUrl":"https:\/\/expressometro.mx\/wp-content\/uploads\/2021\/02\/WhatsApp-Image-2021-02-19-at-10.19.34.jpeg","keywords":["Juan de la Cruz","Temascalcingo"],"articleSection":["Gobierno"],"inLanguage":"es","potentialAction":[{"@type":"CommentAction","name":"Comment","target":["https:\/\/expressometro.mx\/index.php\/2021\/02\/19\/destinado-juan-de-la-cruz-al-fracaso-de-su-gestion-en-temascalcingo\/#respond"]}]},{"@type":"WebPage","@id":"https:\/\/expressometro.mx\/index.php\/2021\/02\/19\/destinado-juan-de-la-cruz-al-fracaso-de-su-gestion-en-temascalcingo\/","url":"https:\/\/expressometro.mx\/index.php\/2021\/02\/19\/destinado-juan-de-la-cruz-al-fracaso-de-su-gestion-en-temascalcingo\/","name":"DESTINADO JUAN DE LA CRUZ AL FRACASO DE SU GESTI\u00d3N EN TEMASCALCINGO - Expresso Metropolitano","isPartOf":{"@id":"https:\/\/expressometro.mx\/#website"},"primaryImageOfPage":{"@id":"https:\/\/expressometro.mx\/index.php\/2021\/02\/19\/destinado-juan-de-la-cruz-al-fracaso-de-su-gestion-en-temascalcingo\/#primaryimage"},"image":{"@id":"https:\/\/expressometro.mx\/index.php\/2021\/02\/19\/destinado-juan-de-la-cruz-al-fracaso-de-su-gestion-en-temascalcingo\/#primaryimage"},"thumbnailUrl":"https:\/\/expressometro.mx\/wp-content\/uploads\/2021\/02\/WhatsApp-Image-2021-02-19-at-10.19.34.jpeg","datePublished":"2021-02-20T00:02:25+00:00","dateModified":"2021-02-20T00:02:30+00:00","breadcrumb":{"@id":"https:\/\/expressometro.mx\/index.php\/2021\/02\/19\/destinado-juan-de-la-cruz-al-fracaso-de-su-gestion-en-temascalcingo\/#breadcrumb"},"inLanguage":"es","potentialAction":[{"@type":"ReadAction","target":["https:\/\/expressometro.mx\/index.php\/2021\/02\/19\/destinado-juan-de-la-cruz-al-fracaso-de-su-gestion-en-temascalcingo\/"]}]},{"@type":"ImageObject","inLanguage":"es","@id":"https:\/\/expressometro.mx\/index.php\/2021\/02\/19\/destinado-juan-de-la-cruz-al-fracaso-de-su-gestion-en-temascalcingo\/#primaryimage","url":"https:\/\/expressometro.mx\/wp-content\/uploads\/2021\/02\/WhatsApp-Image-2021-02-19-at-10.19.34.jpeg","contentUrl":"https:\/\/expressometro.mx\/wp-content\/uploads\/2021\/02\/WhatsApp-Image-2021-02-19-at-10.19.34.jpeg","width":627,"height":427},{"@type":"BreadcrumbList","@id":"https:\/\/expressometro.mx\/index.php\/2021\/02\/19\/destinado-juan-de-la-cruz-al-fracaso-de-su-gestion-en-temascalcingo\/#breadcrumb","itemListElement":[{"@type":"ListItem","position":1,"name":"Inicio","item":"https:\/\/expressometro.mx\/"},{"@type":"ListItem","position":2,"name":"DESTINADO JUAN DE LA CRUZ AL FRACASO DE SU GESTI\u00d3N EN TEMASCALCINGO"}]},{"@type":"WebSite","@id":"https:\/\/expressometro.mx\/#website","url":"https:\/\/expressometro.mx\/","name":"Expresso Metropolitano","description":"Periodismo comprometido, informaci\u00f3n, investigaci\u00f3n y an\u00e1lisis","publisher":{"@id":"https:\/\/expressometro.mx\/#organization"},"potentialAction":[{"@type":"SearchAction","target":{"@type":"EntryPoint","urlTemplate":"https:\/\/expressometro.mx\/?s={search_term_string}"},"query-input":{"@type":"PropertyValueSpecification","valueRequired":true,"valueName":"search_term_string"}}],"inLanguage":"es"},{"@type":"Organization","@id":"https:\/\/expressometro.mx\/#organization","name":"Expresso Metropolitano","url":"https:\/\/expressometro.mx\/","logo":{"@type":"ImageObject","inLanguage":"es","@id":"https:\/\/expressometro.mx\/#\/schema\/logo\/image\/","url":"https:\/\/expressometro.mx\/wp-content\/uploads\/2019\/07\/cropped-Logo-Expresso-Metropolitano-1-1.jpeg","contentUrl":"https:\/\/expressometro.mx\/wp-content\/uploads\/2019\/07\/cropped-Logo-Expresso-Metropolitano-1-1.jpeg","width":290,"height":73,"caption":"Expresso Metropolitano"},"image":{"@id":"https:\/\/expressometro.mx\/#\/schema\/logo\/image\/"}},{"@type":"Person","@id":"https:\/\/expressometro.mx\/#\/schema\/person\/efa971b4a0664db8ed5c22b1b0dd2f5d","name":"Expresso Metropolitano","image":{"@type":"ImageObject","inLanguage":"es","@id":"https:\/\/secure.gravatar.com\/avatar\/a89f802b8de18c6952f223c88d3d106e9e3679839f4e25a02f4a6cc2ae6ba3b3?s=96&d=mm&r=g","url":"https:\/\/secure.gravatar.com\/avatar\/a89f802b8de18c6952f223c88d3d106e9e3679839f4e25a02f4a6cc2ae6ba3b3?s=96&d=mm&r=g","contentUrl":"https:\/\/secure.gravatar.com\/avatar\/a89f802b8de18c6952f223c88d3d106e9e3679839f4e25a02f4a6cc2ae6ba3b3?s=96&d=mm&r=g","caption":"Expresso Metropolitano"},"url":"https:\/\/expressometro.mx\/index.php\/author\/diego\/"}]}},"amp_enabled":true,"_links":{"self":[{"href":"https:\/\/expressometro.mx\/index.php\/wp-json\/wp\/v2\/posts\/2294","targetHints":{"allow":["GET"]}}],"collection":[{"href":"https:\/\/expressometro.mx\/index.php\/wp-json\/wp\/v2\/posts"}],"about":[{"href":"https:\/\/expressometro.mx\/index.php\/wp-json\/wp\/v2\/types\/post"}],"author":[{"embeddable":true,"href":"https:\/\/expressometro.mx\/index.php\/wp-json\/wp\/v2\/users\/1"}],"replies":[{"embeddable":true,"href":"https:\/\/expressometro.mx\/index.php\/wp-json\/wp\/v2\/comments?post=2294"}],"version-history":[{"count":1,"href":"https:\/\/expressometro.mx\/index.php\/wp-json\/wp\/v2\/posts\/2294\/revisions"}],"predecessor-version":[{"id":2296,"href":"https:\/\/expressometro.mx\/index.php\/wp-json\/wp\/v2\/posts\/2294\/revisions\/2296"}],"wp:featuredmedia":[{"embeddable":true,"href":"https:\/\/expressometro.mx\/index.php\/wp-json\/wp\/v2\/media\/2295"}],"wp:attachment":[{"href":"https:\/\/expressometro.mx\/index.php\/wp-json\/wp\/v2\/media?parent=2294"}],"wp:term":[{"taxonomy":"category","embeddable":true,"href":"https:\/\/expressometro.mx\/index.php\/wp-json\/wp\/v2\/categories?post=2294"},{"taxonomy":"post_tag","embeddable":true,"href":"https:\/\/expressometro.mx\/index.php\/wp-json\/wp\/v2\/tags?post=2294"}],"curies":[{"name":"wp","href":"https:\/\/api.w.org\/{rel}","templated":true}]}}