{"id":2289,"date":"2021-02-17T01:19:00","date_gmt":"2021-02-17T07:19:00","guid":{"rendered":"http:\/\/expressometro.mx\/?p=2289"},"modified":"2021-02-18T01:25:48","modified_gmt":"2021-02-18T07:25:48","slug":"avanza-edomex-en-aplicacion-de-vacuna-contra-covid-19-a-los-adultos-mayores-y-personal-del-sector-salud-alfredo-del-mazo","status":"publish","type":"post","link":"https:\/\/expressometro.mx\/index.php\/2021\/02\/17\/avanza-edomex-en-aplicacion-de-vacuna-contra-covid-19-a-los-adultos-mayores-y-personal-del-sector-salud-alfredo-del-mazo\/","title":{"rendered":"AVANZA EDOM\u00c9X EN APLICACI\u00d3N DE VACUNA CONTRA COVID-19 A LOS ADULTOS MAYORES Y PERSONAL DEL SECTOR SALUD: ALFREDO DEL MAZO"},"content":{"rendered":"\n<p>Chiconcuac, Estado de M\u00e9xico, 17 de febrero de 2021 El Gobernador mexiquense Alfredo Del Mazo Maza subray\u00f3 que en el Edom\u00e9x contin\u00faa con \u00e9xito la vacunaci\u00f3n en los sectores m\u00e1s vulnerables de la poblaci\u00f3n, como son los adultos mayores de 60 a\u00f1os, a quienes se han aplicado dosis de la vacuna contra el COVID-19, desde el pasado lunes.<\/p>\n\n\n\n<p>En un mensaje que dirigi\u00f3 a trav\u00e9s de sus redes sociales, el mandatario estatal puntualiz\u00f3 que, de las 102 mil dosis que la entidad recibi\u00f3 de este f\u00e1rmaco, hasta el momento han aplicado 22 mil 657, priorizando tambi\u00e9n a los trabajadores del sector salud, que se encuentran en la primera l\u00ednea de batalla contra la pandemia.<\/p>\n\n\n\n<p>&#8216;&#8221;En el Estado de M\u00e9xico vamos avanzando en la vacunaci\u00f3n contra el COVID; empezamos con la primera l\u00ednea de atenci\u00f3n, todo el personal del sector salud y logramos ya m\u00e1s de 64 mil m\u00e9dicos, enfermeras, personal que trabaja en el sector salud, siendo vacunados.<\/p>\n\n\n\n<p>&#8220;Ya empezamos, a partir de este lunes, a vacunar tambi\u00e9n a los adultos mayores de 60 a\u00f1os, el primer cargamento que lleg\u00f3 fueron 102 mil dosis, de las cuales, se han aplicado ya 22 mil 657&#8221;, especific\u00f3.<\/p>\n\n\n\n<p>Del Mazo Maza reconoci\u00f3 la dedicaci\u00f3n y el trabajo de quienes participan en esta campa\u00f1a de vacunaci\u00f3n, en especial a las 400 vacunadoras que laboran en 48 centros de vacunaci\u00f3n instalados en territorio mexiquense.<\/p>\n\n\n\n<p>&#8220;Quiero agradecer mucho al personal del sector salud que nos est\u00e1 ayudando en este proceso; hay m\u00e1s de 400 vacunadoras en el Estado de M\u00e9xico, que forman parte del sector salud, y que nos est\u00e1n ayudando en 48 centros de vacunaci\u00f3n a poder atender a quienes se est\u00e1 aplicando ya esta vacuna&#8221;, extern\u00f3.<\/p>\n\n\n\n<p>El Gobernador invit\u00f3 a la sociedad a no bajar la guardia y mantener los cuidados para evitar esta enfermedad, sobre todo en personas de la tercera edad, pues apunt\u00f3 que la inmunidad que otorga la vacuna contra el COVID-19 se presenta hasta pasado un tiempo.<\/p>\n\n\n\n<p>Tambi\u00e9n dijo que su administraci\u00f3n continuar\u00e1 informando sobre el avance de la llegada de m\u00e1s vacunas, as\u00ed como el desarrollo de su aplicaci\u00f3n.<\/p>\n\n\n\n<p><\/p>\n","protected":false},"excerpt":{"rendered":"<p>Reconoce Gobernador el trabajo de quienes participan en esta campa\u00f1a de vacunaci\u00f3n, en especial a las 400 vacunadoras que laboran en 48 centros de vacunaci\u00f3n en territorio mexiquense. <\/p>\n","protected":false},"author":1,"featured_media":2290,"comment_status":"open","ping_status":"open","sticky":false,"template":"","format":"standard","meta":{"footnotes":""},"categories":[3,5],"tags":[87,277,86,278],"class_list":["post-2289","post","type-post","status-publish","format-standard","has-post-thumbnail","hentry","category-gobierno","category-salud","tag-alfredo-del-mazo","tag-covid-19","tag-gem","tag-vacunacion-covid19"],"yoast_head":"<!-- This site is optimized with the Yoast SEO plugin v27.5 - https:\/\/yoast.com\/product\/yoast-seo-wordpress\/ -->\n<title>AVANZA EDOM\u00c9X EN APLICACI\u00d3N DE VACUNA CONTRA COVID-19 A LOS ADULTOS MAYORES Y PERSONAL DEL SECTOR SALUD: ALFREDO DEL MAZO - Expresso Metropolitano<\/title>\n<meta name=\"robots\" content=\"index, follow, max-snippet:-1, max-image-preview:large, max-video-preview:-1\" \/>\n<link rel=\"canonical\" href=\"https:\/\/expressometro.mx\/index.php\/2021\/02\/17\/avanza-edomex-en-aplicacion-de-vacuna-contra-covid-19-a-los-adultos-mayores-y-personal-del-sector-salud-alfredo-del-mazo\/\" \/>\n<meta property=\"og:locale\" content=\"es_MX\" \/>\n<meta property=\"og:type\" content=\"article\" \/>\n<meta property=\"og:title\" content=\"AVANZA EDOM\u00c9X EN APLICACI\u00d3N DE VACUNA CONTRA COVID-19 A LOS ADULTOS MAYORES Y PERSONAL DEL SECTOR SALUD: ALFREDO DEL MAZO - Expresso Metropolitano\" \/>\n<meta property=\"og:description\" content=\"Reconoce Gobernador el trabajo de quienes participan en esta campa\u00f1a de vacunaci\u00f3n, en especial a las 400 vacunadoras que laboran en 48 centros de vacunaci\u00f3n en territorio mexiquense.\" \/>\n<meta property=\"og:url\" content=\"https:\/\/expressometro.mx\/index.php\/2021\/02\/17\/avanza-edomex-en-aplicacion-de-vacuna-contra-covid-19-a-los-adultos-mayores-y-personal-del-sector-salud-alfredo-del-mazo\/\" \/>\n<meta property=\"og:site_name\" content=\"Expresso Metropolitano\" \/>\n<meta property=\"article:published_time\" content=\"2021-02-17T07:19:00+00:00\" \/>\n<meta property=\"article:modified_time\" content=\"2021-02-18T07:25:48+00:00\" \/>\n<meta property=\"og:image\" content=\"https:\/\/expressometro.mx\/wp-content\/uploads\/2021\/02\/WhatsApp-Image-2021-02-17-at-15.27.27.jpeg\" \/>\n\t<meta property=\"og:image:width\" content=\"1280\" \/>\n\t<meta property=\"og:image:height\" content=\"684\" \/>\n\t<meta property=\"og:image:type\" content=\"image\/jpeg\" \/>\n<meta name=\"author\" content=\"Expresso Metropolitano\" \/>\n<meta name=\"twitter:label1\" content=\"Escrito por\" \/>\n\t<meta name=\"twitter:data1\" content=\"Expresso Metropolitano\" \/>\n\t<meta name=\"twitter:label2\" content=\"Tiempo de lectura\" \/>\n\t<meta name=\"twitter:data2\" content=\"2 minutos\" \/>\n<script type=\"application\/ld+json\" class=\"yoast-schema-graph\">{\"@context\":\"https:\\\/\\\/schema.org\",\"@graph\":[{\"@type\":\"Article\",\"@id\":\"https:\\\/\\\/expressometro.mx\\\/index.php\\\/2021\\\/02\\\/17\\\/avanza-edomex-en-aplicacion-de-vacuna-contra-covid-19-a-los-adultos-mayores-y-personal-del-sector-salud-alfredo-del-mazo\\\/#article\",\"isPartOf\":{\"@id\":\"https:\\\/\\\/expressometro.mx\\\/index.php\\\/2021\\\/02\\\/17\\\/avanza-edomex-en-aplicacion-de-vacuna-contra-covid-19-a-los-adultos-mayores-y-personal-del-sector-salud-alfredo-del-mazo\\\/\"},\"author\":{\"name\":\"Expresso Metropolitano\",\"@id\":\"https:\\\/\\\/expressometro.mx\\\/#\\\/schema\\\/person\\\/efa971b4a0664db8ed5c22b1b0dd2f5d\"},\"headline\":\"AVANZA EDOM\u00c9X EN APLICACI\u00d3N DE VACUNA CONTRA COVID-19 A LOS ADULTOS MAYORES Y PERSONAL DEL SECTOR SALUD: ALFREDO DEL MAZO\",\"datePublished\":\"2021-02-17T07:19:00+00:00\",\"dateModified\":\"2021-02-18T07:25:48+00:00\",\"mainEntityOfPage\":{\"@id\":\"https:\\\/\\\/expressometro.mx\\\/index.php\\\/2021\\\/02\\\/17\\\/avanza-edomex-en-aplicacion-de-vacuna-contra-covid-19-a-los-adultos-mayores-y-personal-del-sector-salud-alfredo-del-mazo\\\/\"},\"wordCount\":389,\"commentCount\":0,\"publisher\":{\"@id\":\"https:\\\/\\\/expressometro.mx\\\/#organization\"},\"image\":{\"@id\":\"https:\\\/\\\/expressometro.mx\\\/index.php\\\/2021\\\/02\\\/17\\\/avanza-edomex-en-aplicacion-de-vacuna-contra-covid-19-a-los-adultos-mayores-y-personal-del-sector-salud-alfredo-del-mazo\\\/#primaryimage\"},\"thumbnailUrl\":\"https:\\\/\\\/expressometro.mx\\\/wp-content\\\/uploads\\\/2021\\\/02\\\/WhatsApp-Image-2021-02-17-at-15.27.27.jpeg\",\"keywords\":[\"Alfredo del Mazo\",\"COVID 19\",\"GEM\",\"Vacunaci\u00f3n COVID19\"],\"articleSection\":[\"Gobierno\",\"Salud\"],\"inLanguage\":\"es\",\"potentialAction\":[{\"@type\":\"CommentAction\",\"name\":\"Comment\",\"target\":[\"https:\\\/\\\/expressometro.mx\\\/index.php\\\/2021\\\/02\\\/17\\\/avanza-edomex-en-aplicacion-de-vacuna-contra-covid-19-a-los-adultos-mayores-y-personal-del-sector-salud-alfredo-del-mazo\\\/#respond\"]}]},{\"@type\":\"WebPage\",\"@id\":\"https:\\\/\\\/expressometro.mx\\\/index.php\\\/2021\\\/02\\\/17\\\/avanza-edomex-en-aplicacion-de-vacuna-contra-covid-19-a-los-adultos-mayores-y-personal-del-sector-salud-alfredo-del-mazo\\\/\",\"url\":\"https:\\\/\\\/expressometro.mx\\\/index.php\\\/2021\\\/02\\\/17\\\/avanza-edomex-en-aplicacion-de-vacuna-contra-covid-19-a-los-adultos-mayores-y-personal-del-sector-salud-alfredo-del-mazo\\\/\",\"name\":\"AVANZA EDOM\u00c9X EN APLICACI\u00d3N DE VACUNA CONTRA COVID-19 A LOS ADULTOS MAYORES Y PERSONAL DEL SECTOR SALUD: ALFREDO DEL MAZO - Expresso Metropolitano\",\"isPartOf\":{\"@id\":\"https:\\\/\\\/expressometro.mx\\\/#website\"},\"primaryImageOfPage\":{\"@id\":\"https:\\\/\\\/expressometro.mx\\\/index.php\\\/2021\\\/02\\\/17\\\/avanza-edomex-en-aplicacion-de-vacuna-contra-covid-19-a-los-adultos-mayores-y-personal-del-sector-salud-alfredo-del-mazo\\\/#primaryimage\"},\"image\":{\"@id\":\"https:\\\/\\\/expressometro.mx\\\/index.php\\\/2021\\\/02\\\/17\\\/avanza-edomex-en-aplicacion-de-vacuna-contra-covid-19-a-los-adultos-mayores-y-personal-del-sector-salud-alfredo-del-mazo\\\/#primaryimage\"},\"thumbnailUrl\":\"https:\\\/\\\/expressometro.mx\\\/wp-content\\\/uploads\\\/2021\\\/02\\\/WhatsApp-Image-2021-02-17-at-15.27.27.jpeg\",\"datePublished\":\"2021-02-17T07:19:00+00:00\",\"dateModified\":\"2021-02-18T07:25:48+00:00\",\"breadcrumb\":{\"@id\":\"https:\\\/\\\/expressometro.mx\\\/index.php\\\/2021\\\/02\\\/17\\\/avanza-edomex-en-aplicacion-de-vacuna-contra-covid-19-a-los-adultos-mayores-y-personal-del-sector-salud-alfredo-del-mazo\\\/#breadcrumb\"},\"inLanguage\":\"es\",\"potentialAction\":[{\"@type\":\"ReadAction\",\"target\":[\"https:\\\/\\\/expressometro.mx\\\/index.php\\\/2021\\\/02\\\/17\\\/avanza-edomex-en-aplicacion-de-vacuna-contra-covid-19-a-los-adultos-mayores-y-personal-del-sector-salud-alfredo-del-mazo\\\/\"]}]},{\"@type\":\"ImageObject\",\"inLanguage\":\"es\",\"@id\":\"https:\\\/\\\/expressometro.mx\\\/index.php\\\/2021\\\/02\\\/17\\\/avanza-edomex-en-aplicacion-de-vacuna-contra-covid-19-a-los-adultos-mayores-y-personal-del-sector-salud-alfredo-del-mazo\\\/#primaryimage\",\"url\":\"https:\\\/\\\/expressometro.mx\\\/wp-content\\\/uploads\\\/2021\\\/02\\\/WhatsApp-Image-2021-02-17-at-15.27.27.jpeg\",\"contentUrl\":\"https:\\\/\\\/expressometro.mx\\\/wp-content\\\/uploads\\\/2021\\\/02\\\/WhatsApp-Image-2021-02-17-at-15.27.27.jpeg\",\"width\":1280,\"height\":684},{\"@type\":\"BreadcrumbList\",\"@id\":\"https:\\\/\\\/expressometro.mx\\\/index.php\\\/2021\\\/02\\\/17\\\/avanza-edomex-en-aplicacion-de-vacuna-contra-covid-19-a-los-adultos-mayores-y-personal-del-sector-salud-alfredo-del-mazo\\\/#breadcrumb\",\"itemListElement\":[{\"@type\":\"ListItem\",\"position\":1,\"name\":\"Inicio\",\"item\":\"https:\\\/\\\/expressometro.mx\\\/\"},{\"@type\":\"ListItem\",\"position\":2,\"name\":\"AVANZA EDOM\u00c9X EN APLICACI\u00d3N DE VACUNA CONTRA COVID-19 A LOS ADULTOS MAYORES Y PERSONAL DEL SECTOR SALUD: ALFREDO DEL MAZO\"}]},{\"@type\":\"WebSite\",\"@id\":\"https:\\\/\\\/expressometro.mx\\\/#website\",\"url\":\"https:\\\/\\\/expressometro.mx\\\/\",\"name\":\"Expresso Metropolitano\",\"description\":\"Periodismo comprometido, informaci\u00f3n, investigaci\u00f3n y an\u00e1lisis\",\"publisher\":{\"@id\":\"https:\\\/\\\/expressometro.mx\\\/#organization\"},\"potentialAction\":[{\"@type\":\"SearchAction\",\"target\":{\"@type\":\"EntryPoint\",\"urlTemplate\":\"https:\\\/\\\/expressometro.mx\\\/?s={search_term_string}\"},\"query-input\":{\"@type\":\"PropertyValueSpecification\",\"valueRequired\":true,\"valueName\":\"search_term_string\"}}],\"inLanguage\":\"es\"},{\"@type\":\"Organization\",\"@id\":\"https:\\\/\\\/expressometro.mx\\\/#organization\",\"name\":\"Expresso Metropolitano\",\"url\":\"https:\\\/\\\/expressometro.mx\\\/\",\"logo\":{\"@type\":\"ImageObject\",\"inLanguage\":\"es\",\"@id\":\"https:\\\/\\\/expressometro.mx\\\/#\\\/schema\\\/logo\\\/image\\\/\",\"url\":\"https:\\\/\\\/expressometro.mx\\\/wp-content\\\/uploads\\\/2019\\\/07\\\/cropped-Logo-Expresso-Metropolitano-1-1.jpeg\",\"contentUrl\":\"https:\\\/\\\/expressometro.mx\\\/wp-content\\\/uploads\\\/2019\\\/07\\\/cropped-Logo-Expresso-Metropolitano-1-1.jpeg\",\"width\":290,\"height\":73,\"caption\":\"Expresso Metropolitano\"},\"image\":{\"@id\":\"https:\\\/\\\/expressometro.mx\\\/#\\\/schema\\\/logo\\\/image\\\/\"}},{\"@type\":\"Person\",\"@id\":\"https:\\\/\\\/expressometro.mx\\\/#\\\/schema\\\/person\\\/efa971b4a0664db8ed5c22b1b0dd2f5d\",\"name\":\"Expresso Metropolitano\",\"image\":{\"@type\":\"ImageObject\",\"inLanguage\":\"es\",\"@id\":\"https:\\\/\\\/secure.gravatar.com\\\/avatar\\\/a89f802b8de18c6952f223c88d3d106e9e3679839f4e25a02f4a6cc2ae6ba3b3?s=96&d=mm&r=g\",\"url\":\"https:\\\/\\\/secure.gravatar.com\\\/avatar\\\/a89f802b8de18c6952f223c88d3d106e9e3679839f4e25a02f4a6cc2ae6ba3b3?s=96&d=mm&r=g\",\"contentUrl\":\"https:\\\/\\\/secure.gravatar.com\\\/avatar\\\/a89f802b8de18c6952f223c88d3d106e9e3679839f4e25a02f4a6cc2ae6ba3b3?s=96&d=mm&r=g\",\"caption\":\"Expresso Metropolitano\"},\"url\":\"https:\\\/\\\/expressometro.mx\\\/index.php\\\/author\\\/diego\\\/\"}]}<\/script>\n<!-- \/ Yoast SEO plugin. -->","yoast_head_json":{"title":"AVANZA EDOM\u00c9X EN APLICACI\u00d3N DE VACUNA CONTRA COVID-19 A LOS ADULTOS MAYORES Y PERSONAL DEL SECTOR SALUD: ALFREDO DEL MAZO - Expresso Metropolitano","robots":{"index":"index","follow":"follow","max-snippet":"max-snippet:-1","max-image-preview":"max-image-preview:large","max-video-preview":"max-video-preview:-1"},"canonical":"https:\/\/expressometro.mx\/index.php\/2021\/02\/17\/avanza-edomex-en-aplicacion-de-vacuna-contra-covid-19-a-los-adultos-mayores-y-personal-del-sector-salud-alfredo-del-mazo\/","og_locale":"es_MX","og_type":"article","og_title":"AVANZA EDOM\u00c9X EN APLICACI\u00d3N DE VACUNA CONTRA COVID-19 A LOS ADULTOS MAYORES Y PERSONAL DEL SECTOR SALUD: ALFREDO DEL MAZO - Expresso Metropolitano","og_description":"Reconoce Gobernador el trabajo de quienes participan en esta campa\u00f1a de vacunaci\u00f3n, en especial a las 400 vacunadoras que laboran en 48 centros de vacunaci\u00f3n en territorio mexiquense.","og_url":"https:\/\/expressometro.mx\/index.php\/2021\/02\/17\/avanza-edomex-en-aplicacion-de-vacuna-contra-covid-19-a-los-adultos-mayores-y-personal-del-sector-salud-alfredo-del-mazo\/","og_site_name":"Expresso Metropolitano","article_published_time":"2021-02-17T07:19:00+00:00","article_modified_time":"2021-02-18T07:25:48+00:00","og_image":[{"width":1280,"height":684,"url":"https:\/\/expressometro.mx\/wp-content\/uploads\/2021\/02\/WhatsApp-Image-2021-02-17-at-15.27.27.jpeg","type":"image\/jpeg"}],"author":"Expresso Metropolitano","twitter_misc":{"Escrito por":"Expresso Metropolitano","Tiempo de lectura":"2 minutos"},"schema":{"@context":"https:\/\/schema.org","@graph":[{"@type":"Article","@id":"https:\/\/expressometro.mx\/index.php\/2021\/02\/17\/avanza-edomex-en-aplicacion-de-vacuna-contra-covid-19-a-los-adultos-mayores-y-personal-del-sector-salud-alfredo-del-mazo\/#article","isPartOf":{"@id":"https:\/\/expressometro.mx\/index.php\/2021\/02\/17\/avanza-edomex-en-aplicacion-de-vacuna-contra-covid-19-a-los-adultos-mayores-y-personal-del-sector-salud-alfredo-del-mazo\/"},"author":{"name":"Expresso Metropolitano","@id":"https:\/\/expressometro.mx\/#\/schema\/person\/efa971b4a0664db8ed5c22b1b0dd2f5d"},"headline":"AVANZA EDOM\u00c9X EN APLICACI\u00d3N DE VACUNA CONTRA COVID-19 A LOS ADULTOS MAYORES Y PERSONAL DEL SECTOR SALUD: ALFREDO DEL MAZO","datePublished":"2021-02-17T07:19:00+00:00","dateModified":"2021-02-18T07:25:48+00:00","mainEntityOfPage":{"@id":"https:\/\/expressometro.mx\/index.php\/2021\/02\/17\/avanza-edomex-en-aplicacion-de-vacuna-contra-covid-19-a-los-adultos-mayores-y-personal-del-sector-salud-alfredo-del-mazo\/"},"wordCount":389,"commentCount":0,"publisher":{"@id":"https:\/\/expressometro.mx\/#organization"},"image":{"@id":"https:\/\/expressometro.mx\/index.php\/2021\/02\/17\/avanza-edomex-en-aplicacion-de-vacuna-contra-covid-19-a-los-adultos-mayores-y-personal-del-sector-salud-alfredo-del-mazo\/#primaryimage"},"thumbnailUrl":"https:\/\/expressometro.mx\/wp-content\/uploads\/2021\/02\/WhatsApp-Image-2021-02-17-at-15.27.27.jpeg","keywords":["Alfredo del Mazo","COVID 19","GEM","Vacunaci\u00f3n COVID19"],"articleSection":["Gobierno","Salud"],"inLanguage":"es","potentialAction":[{"@type":"CommentAction","name":"Comment","target":["https:\/\/expressometro.mx\/index.php\/2021\/02\/17\/avanza-edomex-en-aplicacion-de-vacuna-contra-covid-19-a-los-adultos-mayores-y-personal-del-sector-salud-alfredo-del-mazo\/#respond"]}]},{"@type":"WebPage","@id":"https:\/\/expressometro.mx\/index.php\/2021\/02\/17\/avanza-edomex-en-aplicacion-de-vacuna-contra-covid-19-a-los-adultos-mayores-y-personal-del-sector-salud-alfredo-del-mazo\/","url":"https:\/\/expressometro.mx\/index.php\/2021\/02\/17\/avanza-edomex-en-aplicacion-de-vacuna-contra-covid-19-a-los-adultos-mayores-y-personal-del-sector-salud-alfredo-del-mazo\/","name":"AVANZA EDOM\u00c9X EN APLICACI\u00d3N DE VACUNA CONTRA COVID-19 A LOS ADULTOS MAYORES Y PERSONAL DEL SECTOR SALUD: ALFREDO DEL MAZO - Expresso Metropolitano","isPartOf":{"@id":"https:\/\/expressometro.mx\/#website"},"primaryImageOfPage":{"@id":"https:\/\/expressometro.mx\/index.php\/2021\/02\/17\/avanza-edomex-en-aplicacion-de-vacuna-contra-covid-19-a-los-adultos-mayores-y-personal-del-sector-salud-alfredo-del-mazo\/#primaryimage"},"image":{"@id":"https:\/\/expressometro.mx\/index.php\/2021\/02\/17\/avanza-edomex-en-aplicacion-de-vacuna-contra-covid-19-a-los-adultos-mayores-y-personal-del-sector-salud-alfredo-del-mazo\/#primaryimage"},"thumbnailUrl":"https:\/\/expressometro.mx\/wp-content\/uploads\/2021\/02\/WhatsApp-Image-2021-02-17-at-15.27.27.jpeg","datePublished":"2021-02-17T07:19:00+00:00","dateModified":"2021-02-18T07:25:48+00:00","breadcrumb":{"@id":"https:\/\/expressometro.mx\/index.php\/2021\/02\/17\/avanza-edomex-en-aplicacion-de-vacuna-contra-covid-19-a-los-adultos-mayores-y-personal-del-sector-salud-alfredo-del-mazo\/#breadcrumb"},"inLanguage":"es","potentialAction":[{"@type":"ReadAction","target":["https:\/\/expressometro.mx\/index.php\/2021\/02\/17\/avanza-edomex-en-aplicacion-de-vacuna-contra-covid-19-a-los-adultos-mayores-y-personal-del-sector-salud-alfredo-del-mazo\/"]}]},{"@type":"ImageObject","inLanguage":"es","@id":"https:\/\/expressometro.mx\/index.php\/2021\/02\/17\/avanza-edomex-en-aplicacion-de-vacuna-contra-covid-19-a-los-adultos-mayores-y-personal-del-sector-salud-alfredo-del-mazo\/#primaryimage","url":"https:\/\/expressometro.mx\/wp-content\/uploads\/2021\/02\/WhatsApp-Image-2021-02-17-at-15.27.27.jpeg","contentUrl":"https:\/\/expressometro.mx\/wp-content\/uploads\/2021\/02\/WhatsApp-Image-2021-02-17-at-15.27.27.jpeg","width":1280,"height":684},{"@type":"BreadcrumbList","@id":"https:\/\/expressometro.mx\/index.php\/2021\/02\/17\/avanza-edomex-en-aplicacion-de-vacuna-contra-covid-19-a-los-adultos-mayores-y-personal-del-sector-salud-alfredo-del-mazo\/#breadcrumb","itemListElement":[{"@type":"ListItem","position":1,"name":"Inicio","item":"https:\/\/expressometro.mx\/"},{"@type":"ListItem","position":2,"name":"AVANZA EDOM\u00c9X EN APLICACI\u00d3N DE VACUNA CONTRA COVID-19 A LOS ADULTOS MAYORES Y PERSONAL DEL SECTOR SALUD: ALFREDO DEL MAZO"}]},{"@type":"WebSite","@id":"https:\/\/expressometro.mx\/#website","url":"https:\/\/expressometro.mx\/","name":"Expresso Metropolitano","description":"Periodismo comprometido, informaci\u00f3n, investigaci\u00f3n y an\u00e1lisis","publisher":{"@id":"https:\/\/expressometro.mx\/#organization"},"potentialAction":[{"@type":"SearchAction","target":{"@type":"EntryPoint","urlTemplate":"https:\/\/expressometro.mx\/?s={search_term_string}"},"query-input":{"@type":"PropertyValueSpecification","valueRequired":true,"valueName":"search_term_string"}}],"inLanguage":"es"},{"@type":"Organization","@id":"https:\/\/expressometro.mx\/#organization","name":"Expresso Metropolitano","url":"https:\/\/expressometro.mx\/","logo":{"@type":"ImageObject","inLanguage":"es","@id":"https:\/\/expressometro.mx\/#\/schema\/logo\/image\/","url":"https:\/\/expressometro.mx\/wp-content\/uploads\/2019\/07\/cropped-Logo-Expresso-Metropolitano-1-1.jpeg","contentUrl":"https:\/\/expressometro.mx\/wp-content\/uploads\/2019\/07\/cropped-Logo-Expresso-Metropolitano-1-1.jpeg","width":290,"height":73,"caption":"Expresso Metropolitano"},"image":{"@id":"https:\/\/expressometro.mx\/#\/schema\/logo\/image\/"}},{"@type":"Person","@id":"https:\/\/expressometro.mx\/#\/schema\/person\/efa971b4a0664db8ed5c22b1b0dd2f5d","name":"Expresso Metropolitano","image":{"@type":"ImageObject","inLanguage":"es","@id":"https:\/\/secure.gravatar.com\/avatar\/a89f802b8de18c6952f223c88d3d106e9e3679839f4e25a02f4a6cc2ae6ba3b3?s=96&d=mm&r=g","url":"https:\/\/secure.gravatar.com\/avatar\/a89f802b8de18c6952f223c88d3d106e9e3679839f4e25a02f4a6cc2ae6ba3b3?s=96&d=mm&r=g","contentUrl":"https:\/\/secure.gravatar.com\/avatar\/a89f802b8de18c6952f223c88d3d106e9e3679839f4e25a02f4a6cc2ae6ba3b3?s=96&d=mm&r=g","caption":"Expresso Metropolitano"},"url":"https:\/\/expressometro.mx\/index.php\/author\/diego\/"}]}},"amp_enabled":true,"_links":{"self":[{"href":"https:\/\/expressometro.mx\/index.php\/wp-json\/wp\/v2\/posts\/2289","targetHints":{"allow":["GET"]}}],"collection":[{"href":"https:\/\/expressometro.mx\/index.php\/wp-json\/wp\/v2\/posts"}],"about":[{"href":"https:\/\/expressometro.mx\/index.php\/wp-json\/wp\/v2\/types\/post"}],"author":[{"embeddable":true,"href":"https:\/\/expressometro.mx\/index.php\/wp-json\/wp\/v2\/users\/1"}],"replies":[{"embeddable":true,"href":"https:\/\/expressometro.mx\/index.php\/wp-json\/wp\/v2\/comments?post=2289"}],"version-history":[{"count":1,"href":"https:\/\/expressometro.mx\/index.php\/wp-json\/wp\/v2\/posts\/2289\/revisions"}],"predecessor-version":[{"id":2292,"href":"https:\/\/expressometro.mx\/index.php\/wp-json\/wp\/v2\/posts\/2289\/revisions\/2292"}],"wp:featuredmedia":[{"embeddable":true,"href":"https:\/\/expressometro.mx\/index.php\/wp-json\/wp\/v2\/media\/2290"}],"wp:attachment":[{"href":"https:\/\/expressometro.mx\/index.php\/wp-json\/wp\/v2\/media?parent=2289"}],"wp:term":[{"taxonomy":"category","embeddable":true,"href":"https:\/\/expressometro.mx\/index.php\/wp-json\/wp\/v2\/categories?post=2289"},{"taxonomy":"post_tag","embeddable":true,"href":"https:\/\/expressometro.mx\/index.php\/wp-json\/wp\/v2\/tags?post=2289"}],"curies":[{"name":"wp","href":"https:\/\/api.w.org\/{rel}","templated":true}]}}