{"id":2282,"date":"2021-02-17T08:26:58","date_gmt":"2021-02-17T14:26:58","guid":{"rendered":"http:\/\/expressometro.mx\/?p=2282"},"modified":"2021-02-17T08:27:40","modified_gmt":"2021-02-17T14:27:40","slug":"cafe-expresso-descaro-de-juan-de-la-cruz-por-competir-en-morena-otra-vez","status":"publish","type":"post","link":"https:\/\/expressometro.mx\/index.php\/2021\/02\/17\/cafe-expresso-descaro-de-juan-de-la-cruz-por-competir-en-morena-otra-vez\/","title":{"rendered":"Caf\u00e9 Expresso; DESCARO DE JUAN DE LA CRUZ POR COMPETIR EN MORENA OTRA VEZ"},"content":{"rendered":"\n<p>Sin verg\u00fcenza alguna se fue a ayudar a su amigo Isidro Pastor para construir el Partido Alternativa y hoy con el<br>mayor descaro se presenta en Morena para pedir su registro el actual presidente municipal de Temascalcingo, Juan de la Cruz Ruiz. Y con ello contender otra vez en las eleciones de junio pr\u00f3ximo.<\/p>\n\n\n\n<p>Bueno ni la burla perdona y ofende la<br>inteligencia de las personas al<br>maniobrar a su antojo el discurso pol\u00edtico anquilosado y desgastado a la vieja usanza que le inculcaron sus amigos como Pastor Medrano.<\/p>\n\n\n\n<p>Trata de manipular a la gente que cree en la cuarta transformaci\u00f3n con el hecho de haber trabajado \u201carduamente\u201d durante m\u00e1s de dos a\u00f1os en esta actual administraci\u00f3n, pero se le olvida que ya tuvo las riendas por el<br>PRI en el trienio 2000-2003.<\/p>\n\n\n\n<p>Y que pretende otro periodo m\u00e1s al frente de uno de los municipios m\u00e1s golpeados por la delincuencia y que si se somete a fiscalizaci\u00f3n toda su gesti\u00f3n en obras p\u00fablicas y servicios seguramente tendr\u00e1 que aclarar muchas dudas.<\/p>\n\n\n\n<p>-.-.-.-.-.-.-<\/p>\n\n\n\n<p>VA QUE VUELA CARLOS DE LA PE\u00d1A<\/p>\n\n\n\n<figure class=\"wp-block-image size-large\"><img decoding=\"async\" width=\"316\" height=\"480\" src=\"http:\/\/expressometro.mx\/wp-content\/uploads\/2021\/02\/WhatsApp-Image-2021-02-17-at-07.43.21-316x480.jpeg\" alt=\"\" class=\"wp-image-2284\" srcset=\"https:\/\/expressometro.mx\/wp-content\/uploads\/2021\/02\/WhatsApp-Image-2021-02-17-at-07.43.21-316x480.jpeg 316w, https:\/\/expressometro.mx\/wp-content\/uploads\/2021\/02\/WhatsApp-Image-2021-02-17-at-07.43.21-241x365.jpeg 241w, https:\/\/expressometro.mx\/wp-content\/uploads\/2021\/02\/WhatsApp-Image-2021-02-17-at-07.43.21-768x1165.jpeg 768w, https:\/\/expressometro.mx\/wp-content\/uploads\/2021\/02\/WhatsApp-Image-2021-02-17-at-07.43.21.jpeg 828w\" sizes=\"(max-width: 316px) 100vw, 316px\" \/><\/figure>\n\n\n\n<p>Lo mejor est\u00e1 por venir !! Es sin duda la frase que alienta a los miles de ciudadanos que en Metepec se toparon con el desencanto que vino tras el<br>cambio de r\u00e9gimen en los \u00faltimos a\u00f1os. Carlos de la Pe\u00f1a ha hecho suya esta esperanza que se renueva en la sociedad con la oportunidad de elegir a sus autoridades.<\/p>\n\n\n\n<p>Como aspirante de Redes Sociales Progresistas a la presidencia municipal de Metepec tiene muy claro el rumbo donde su \u00fanico v\u00ednculo con la pol\u00edtica es con los ciudadanos.<\/p>\n\n\n\n<p>Mi compromiso es con Metepec, no es con Gabriela Gamboa ni con alianzas bizarras que se han formado. Vamos a trabajar, por eso nos tienen miedo, es lo que desliza en sus plataformas digitales.<\/p>\n\n\n\n<p>Incluso argumenta en sus videos colgados en el face que la pol\u00edticas p\u00fablicas deben ser claras para satisfacer las necesidades de la gente y que el gobierno actualmente est\u00e1 alejado de ello con simulaciones.<\/p>\n\n\n\n<p>\u201cVamos por un Metepec sin mentiras y que a los ciudadanos se nos tome en cuenta\u201d, dej\u00f3 en claro.<\/p>\n\n\n\n<p>-.-.-.-.-.-.-<\/p>\n\n\n\n<p>DAVID PARRA CON TODO Y NO SE QUITA<\/p>\n\n\n\n<figure class=\"wp-block-image size-large\"><img decoding=\"async\" width=\"361\" height=\"480\" src=\"http:\/\/expressometro.mx\/wp-content\/uploads\/2021\/02\/WhatsApp-Image-2021-02-17-at-07.43.55-361x480.jpeg\" alt=\"\" class=\"wp-image-2285\" srcset=\"https:\/\/expressometro.mx\/wp-content\/uploads\/2021\/02\/WhatsApp-Image-2021-02-17-at-07.43.55-361x480.jpeg 361w, https:\/\/expressometro.mx\/wp-content\/uploads\/2021\/02\/WhatsApp-Image-2021-02-17-at-07.43.55-275x365.jpeg 275w, https:\/\/expressometro.mx\/wp-content\/uploads\/2021\/02\/WhatsApp-Image-2021-02-17-at-07.43.55.jpeg 538w\" sizes=\"(max-width: 361px) 100vw, 361px\" \/><\/figure>\n\n\n\n<p>Como l\u00edder que es no se detiene y no se amilana ante la arrogancia de muchos militantes del PRI que le regatean su apoyo. David Parra S\u00e1nchez tiene estructura y no quita el dedo del rengl\u00f3n para llevar a su partido a la arena electoral con la garant\u00eda de un triunfo.<\/p>\n\n\n\n<p>Siempre con los pies en la tierra y sabedor de las necesidades de la gente se inscribi\u00f3 por el distrito 32 de Naucalpan. \u201cEsto representa un nuevo reto para seguir luchando por un Naucalpan Mejor para todos.<br>Muchas gracias por el apoyo brindado hacia nuestras personas\u201d, sentenci\u00f3.<br>Por un Naucalpan Digno para su gente, Juntos haremos m\u00e1s\u2026as\u00ed va camino al \u00e9xito el siempre ponderado l\u00edder sindical.<\/p>\n","protected":false},"excerpt":{"rendered":"<p>Columna de opini\u00f3n.<\/p>\n","protected":false},"author":1,"featured_media":2283,"comment_status":"open","ping_status":"open","sticky":false,"template":"","format":"standard","meta":{"footnotes":""},"categories":[212],"tags":[275,84],"class_list":["post-2282","post","type-post","status-publish","format-standard","has-post-thumbnail","hentry","category-columna-opinion","tag-carlos-de-la-pena","tag-morena"],"yoast_head":"<!-- This site is optimized with the Yoast SEO plugin v27.5 - https:\/\/yoast.com\/product\/yoast-seo-wordpress\/ -->\n<title>Caf\u00e9 Expresso; DESCARO DE JUAN DE LA CRUZ POR COMPETIR EN MORENA OTRA VEZ - Expresso Metropolitano<\/title>\n<meta name=\"robots\" content=\"index, follow, max-snippet:-1, max-image-preview:large, max-video-preview:-1\" \/>\n<link rel=\"canonical\" href=\"https:\/\/expressometro.mx\/index.php\/2021\/02\/17\/cafe-expresso-descaro-de-juan-de-la-cruz-por-competir-en-morena-otra-vez\/\" \/>\n<meta property=\"og:locale\" content=\"es_MX\" \/>\n<meta property=\"og:type\" content=\"article\" \/>\n<meta property=\"og:title\" content=\"Caf\u00e9 Expresso; DESCARO DE JUAN DE LA CRUZ POR COMPETIR EN MORENA OTRA VEZ - Expresso Metropolitano\" \/>\n<meta property=\"og:description\" content=\"Columna de opini\u00f3n.\" \/>\n<meta property=\"og:url\" content=\"https:\/\/expressometro.mx\/index.php\/2021\/02\/17\/cafe-expresso-descaro-de-juan-de-la-cruz-por-competir-en-morena-otra-vez\/\" \/>\n<meta property=\"og:site_name\" content=\"Expresso Metropolitano\" \/>\n<meta property=\"article:published_time\" content=\"2021-02-17T14:26:58+00:00\" \/>\n<meta property=\"article:modified_time\" content=\"2021-02-17T14:27:40+00:00\" \/>\n<meta property=\"og:image\" content=\"https:\/\/expressometro.mx\/wp-content\/uploads\/2021\/02\/WhatsApp-Image-2021-02-17-at-07.38.58.jpeg\" \/>\n\t<meta property=\"og:image:width\" content=\"656\" \/>\n\t<meta property=\"og:image:height\" content=\"900\" \/>\n\t<meta property=\"og:image:type\" content=\"image\/jpeg\" \/>\n<meta name=\"author\" content=\"Expresso Metropolitano\" \/>\n<meta name=\"twitter:label1\" content=\"Escrito por\" \/>\n\t<meta name=\"twitter:data1\" content=\"Expresso Metropolitano\" \/>\n\t<meta name=\"twitter:label2\" content=\"Tiempo de lectura\" \/>\n\t<meta name=\"twitter:data2\" content=\"3 minutos\" \/>\n<script type=\"application\/ld+json\" class=\"yoast-schema-graph\">{\"@context\":\"https:\\\/\\\/schema.org\",\"@graph\":[{\"@type\":\"Article\",\"@id\":\"https:\\\/\\\/expressometro.mx\\\/index.php\\\/2021\\\/02\\\/17\\\/cafe-expresso-descaro-de-juan-de-la-cruz-por-competir-en-morena-otra-vez\\\/#article\",\"isPartOf\":{\"@id\":\"https:\\\/\\\/expressometro.mx\\\/index.php\\\/2021\\\/02\\\/17\\\/cafe-expresso-descaro-de-juan-de-la-cruz-por-competir-en-morena-otra-vez\\\/\"},\"author\":{\"name\":\"Expresso Metropolitano\",\"@id\":\"https:\\\/\\\/expressometro.mx\\\/#\\\/schema\\\/person\\\/efa971b4a0664db8ed5c22b1b0dd2f5d\"},\"headline\":\"Caf\u00e9 Expresso; DESCARO DE JUAN DE LA CRUZ POR COMPETIR EN MORENA OTRA VEZ\",\"datePublished\":\"2021-02-17T14:26:58+00:00\",\"dateModified\":\"2021-02-17T14:27:40+00:00\",\"mainEntityOfPage\":{\"@id\":\"https:\\\/\\\/expressometro.mx\\\/index.php\\\/2021\\\/02\\\/17\\\/cafe-expresso-descaro-de-juan-de-la-cruz-por-competir-en-morena-otra-vez\\\/\"},\"wordCount\":527,\"commentCount\":0,\"publisher\":{\"@id\":\"https:\\\/\\\/expressometro.mx\\\/#organization\"},\"image\":{\"@id\":\"https:\\\/\\\/expressometro.mx\\\/index.php\\\/2021\\\/02\\\/17\\\/cafe-expresso-descaro-de-juan-de-la-cruz-por-competir-en-morena-otra-vez\\\/#primaryimage\"},\"thumbnailUrl\":\"https:\\\/\\\/expressometro.mx\\\/wp-content\\\/uploads\\\/2021\\\/02\\\/WhatsApp-Image-2021-02-17-at-07.38.58.jpeg\",\"keywords\":[\"Carlos de la Pe\u00f1a\",\"Morena\"],\"articleSection\":[\"Columna - Opini\u00f3n\"],\"inLanguage\":\"es\",\"potentialAction\":[{\"@type\":\"CommentAction\",\"name\":\"Comment\",\"target\":[\"https:\\\/\\\/expressometro.mx\\\/index.php\\\/2021\\\/02\\\/17\\\/cafe-expresso-descaro-de-juan-de-la-cruz-por-competir-en-morena-otra-vez\\\/#respond\"]}]},{\"@type\":\"WebPage\",\"@id\":\"https:\\\/\\\/expressometro.mx\\\/index.php\\\/2021\\\/02\\\/17\\\/cafe-expresso-descaro-de-juan-de-la-cruz-por-competir-en-morena-otra-vez\\\/\",\"url\":\"https:\\\/\\\/expressometro.mx\\\/index.php\\\/2021\\\/02\\\/17\\\/cafe-expresso-descaro-de-juan-de-la-cruz-por-competir-en-morena-otra-vez\\\/\",\"name\":\"Caf\u00e9 Expresso; DESCARO DE JUAN DE LA CRUZ POR COMPETIR EN MORENA OTRA VEZ - Expresso Metropolitano\",\"isPartOf\":{\"@id\":\"https:\\\/\\\/expressometro.mx\\\/#website\"},\"primaryImageOfPage\":{\"@id\":\"https:\\\/\\\/expressometro.mx\\\/index.php\\\/2021\\\/02\\\/17\\\/cafe-expresso-descaro-de-juan-de-la-cruz-por-competir-en-morena-otra-vez\\\/#primaryimage\"},\"image\":{\"@id\":\"https:\\\/\\\/expressometro.mx\\\/index.php\\\/2021\\\/02\\\/17\\\/cafe-expresso-descaro-de-juan-de-la-cruz-por-competir-en-morena-otra-vez\\\/#primaryimage\"},\"thumbnailUrl\":\"https:\\\/\\\/expressometro.mx\\\/wp-content\\\/uploads\\\/2021\\\/02\\\/WhatsApp-Image-2021-02-17-at-07.38.58.jpeg\",\"datePublished\":\"2021-02-17T14:26:58+00:00\",\"dateModified\":\"2021-02-17T14:27:40+00:00\",\"breadcrumb\":{\"@id\":\"https:\\\/\\\/expressometro.mx\\\/index.php\\\/2021\\\/02\\\/17\\\/cafe-expresso-descaro-de-juan-de-la-cruz-por-competir-en-morena-otra-vez\\\/#breadcrumb\"},\"inLanguage\":\"es\",\"potentialAction\":[{\"@type\":\"ReadAction\",\"target\":[\"https:\\\/\\\/expressometro.mx\\\/index.php\\\/2021\\\/02\\\/17\\\/cafe-expresso-descaro-de-juan-de-la-cruz-por-competir-en-morena-otra-vez\\\/\"]}]},{\"@type\":\"ImageObject\",\"inLanguage\":\"es\",\"@id\":\"https:\\\/\\\/expressometro.mx\\\/index.php\\\/2021\\\/02\\\/17\\\/cafe-expresso-descaro-de-juan-de-la-cruz-por-competir-en-morena-otra-vez\\\/#primaryimage\",\"url\":\"https:\\\/\\\/expressometro.mx\\\/wp-content\\\/uploads\\\/2021\\\/02\\\/WhatsApp-Image-2021-02-17-at-07.38.58.jpeg\",\"contentUrl\":\"https:\\\/\\\/expressometro.mx\\\/wp-content\\\/uploads\\\/2021\\\/02\\\/WhatsApp-Image-2021-02-17-at-07.38.58.jpeg\",\"width\":656,\"height\":900},{\"@type\":\"BreadcrumbList\",\"@id\":\"https:\\\/\\\/expressometro.mx\\\/index.php\\\/2021\\\/02\\\/17\\\/cafe-expresso-descaro-de-juan-de-la-cruz-por-competir-en-morena-otra-vez\\\/#breadcrumb\",\"itemListElement\":[{\"@type\":\"ListItem\",\"position\":1,\"name\":\"Inicio\",\"item\":\"https:\\\/\\\/expressometro.mx\\\/\"},{\"@type\":\"ListItem\",\"position\":2,\"name\":\"Caf\u00e9 Expresso; DESCARO DE JUAN DE LA CRUZ POR COMPETIR EN MORENA OTRA VEZ\"}]},{\"@type\":\"WebSite\",\"@id\":\"https:\\\/\\\/expressometro.mx\\\/#website\",\"url\":\"https:\\\/\\\/expressometro.mx\\\/\",\"name\":\"Expresso Metropolitano\",\"description\":\"Periodismo comprometido, informaci\u00f3n, investigaci\u00f3n y an\u00e1lisis\",\"publisher\":{\"@id\":\"https:\\\/\\\/expressometro.mx\\\/#organization\"},\"potentialAction\":[{\"@type\":\"SearchAction\",\"target\":{\"@type\":\"EntryPoint\",\"urlTemplate\":\"https:\\\/\\\/expressometro.mx\\\/?s={search_term_string}\"},\"query-input\":{\"@type\":\"PropertyValueSpecification\",\"valueRequired\":true,\"valueName\":\"search_term_string\"}}],\"inLanguage\":\"es\"},{\"@type\":\"Organization\",\"@id\":\"https:\\\/\\\/expressometro.mx\\\/#organization\",\"name\":\"Expresso Metropolitano\",\"url\":\"https:\\\/\\\/expressometro.mx\\\/\",\"logo\":{\"@type\":\"ImageObject\",\"inLanguage\":\"es\",\"@id\":\"https:\\\/\\\/expressometro.mx\\\/#\\\/schema\\\/logo\\\/image\\\/\",\"url\":\"https:\\\/\\\/expressometro.mx\\\/wp-content\\\/uploads\\\/2019\\\/07\\\/cropped-Logo-Expresso-Metropolitano-1-1.jpeg\",\"contentUrl\":\"https:\\\/\\\/expressometro.mx\\\/wp-content\\\/uploads\\\/2019\\\/07\\\/cropped-Logo-Expresso-Metropolitano-1-1.jpeg\",\"width\":290,\"height\":73,\"caption\":\"Expresso Metropolitano\"},\"image\":{\"@id\":\"https:\\\/\\\/expressometro.mx\\\/#\\\/schema\\\/logo\\\/image\\\/\"}},{\"@type\":\"Person\",\"@id\":\"https:\\\/\\\/expressometro.mx\\\/#\\\/schema\\\/person\\\/efa971b4a0664db8ed5c22b1b0dd2f5d\",\"name\":\"Expresso Metropolitano\",\"image\":{\"@type\":\"ImageObject\",\"inLanguage\":\"es\",\"@id\":\"https:\\\/\\\/secure.gravatar.com\\\/avatar\\\/a89f802b8de18c6952f223c88d3d106e9e3679839f4e25a02f4a6cc2ae6ba3b3?s=96&d=mm&r=g\",\"url\":\"https:\\\/\\\/secure.gravatar.com\\\/avatar\\\/a89f802b8de18c6952f223c88d3d106e9e3679839f4e25a02f4a6cc2ae6ba3b3?s=96&d=mm&r=g\",\"contentUrl\":\"https:\\\/\\\/secure.gravatar.com\\\/avatar\\\/a89f802b8de18c6952f223c88d3d106e9e3679839f4e25a02f4a6cc2ae6ba3b3?s=96&d=mm&r=g\",\"caption\":\"Expresso Metropolitano\"},\"url\":\"https:\\\/\\\/expressometro.mx\\\/index.php\\\/author\\\/diego\\\/\"}]}<\/script>\n<!-- \/ Yoast SEO plugin. -->","yoast_head_json":{"title":"Caf\u00e9 Expresso; DESCARO DE JUAN DE LA CRUZ POR COMPETIR EN MORENA OTRA VEZ - Expresso Metropolitano","robots":{"index":"index","follow":"follow","max-snippet":"max-snippet:-1","max-image-preview":"max-image-preview:large","max-video-preview":"max-video-preview:-1"},"canonical":"https:\/\/expressometro.mx\/index.php\/2021\/02\/17\/cafe-expresso-descaro-de-juan-de-la-cruz-por-competir-en-morena-otra-vez\/","og_locale":"es_MX","og_type":"article","og_title":"Caf\u00e9 Expresso; DESCARO DE JUAN DE LA CRUZ POR COMPETIR EN MORENA OTRA VEZ - Expresso Metropolitano","og_description":"Columna de opini\u00f3n.","og_url":"https:\/\/expressometro.mx\/index.php\/2021\/02\/17\/cafe-expresso-descaro-de-juan-de-la-cruz-por-competir-en-morena-otra-vez\/","og_site_name":"Expresso Metropolitano","article_published_time":"2021-02-17T14:26:58+00:00","article_modified_time":"2021-02-17T14:27:40+00:00","og_image":[{"width":656,"height":900,"url":"https:\/\/expressometro.mx\/wp-content\/uploads\/2021\/02\/WhatsApp-Image-2021-02-17-at-07.38.58.jpeg","type":"image\/jpeg"}],"author":"Expresso Metropolitano","twitter_misc":{"Escrito por":"Expresso Metropolitano","Tiempo de lectura":"3 minutos"},"schema":{"@context":"https:\/\/schema.org","@graph":[{"@type":"Article","@id":"https:\/\/expressometro.mx\/index.php\/2021\/02\/17\/cafe-expresso-descaro-de-juan-de-la-cruz-por-competir-en-morena-otra-vez\/#article","isPartOf":{"@id":"https:\/\/expressometro.mx\/index.php\/2021\/02\/17\/cafe-expresso-descaro-de-juan-de-la-cruz-por-competir-en-morena-otra-vez\/"},"author":{"name":"Expresso Metropolitano","@id":"https:\/\/expressometro.mx\/#\/schema\/person\/efa971b4a0664db8ed5c22b1b0dd2f5d"},"headline":"Caf\u00e9 Expresso; DESCARO DE JUAN DE LA CRUZ POR COMPETIR EN MORENA OTRA VEZ","datePublished":"2021-02-17T14:26:58+00:00","dateModified":"2021-02-17T14:27:40+00:00","mainEntityOfPage":{"@id":"https:\/\/expressometro.mx\/index.php\/2021\/02\/17\/cafe-expresso-descaro-de-juan-de-la-cruz-por-competir-en-morena-otra-vez\/"},"wordCount":527,"commentCount":0,"publisher":{"@id":"https:\/\/expressometro.mx\/#organization"},"image":{"@id":"https:\/\/expressometro.mx\/index.php\/2021\/02\/17\/cafe-expresso-descaro-de-juan-de-la-cruz-por-competir-en-morena-otra-vez\/#primaryimage"},"thumbnailUrl":"https:\/\/expressometro.mx\/wp-content\/uploads\/2021\/02\/WhatsApp-Image-2021-02-17-at-07.38.58.jpeg","keywords":["Carlos de la Pe\u00f1a","Morena"],"articleSection":["Columna - Opini\u00f3n"],"inLanguage":"es","potentialAction":[{"@type":"CommentAction","name":"Comment","target":["https:\/\/expressometro.mx\/index.php\/2021\/02\/17\/cafe-expresso-descaro-de-juan-de-la-cruz-por-competir-en-morena-otra-vez\/#respond"]}]},{"@type":"WebPage","@id":"https:\/\/expressometro.mx\/index.php\/2021\/02\/17\/cafe-expresso-descaro-de-juan-de-la-cruz-por-competir-en-morena-otra-vez\/","url":"https:\/\/expressometro.mx\/index.php\/2021\/02\/17\/cafe-expresso-descaro-de-juan-de-la-cruz-por-competir-en-morena-otra-vez\/","name":"Caf\u00e9 Expresso; DESCARO DE JUAN DE LA CRUZ POR COMPETIR EN MORENA OTRA VEZ - Expresso Metropolitano","isPartOf":{"@id":"https:\/\/expressometro.mx\/#website"},"primaryImageOfPage":{"@id":"https:\/\/expressometro.mx\/index.php\/2021\/02\/17\/cafe-expresso-descaro-de-juan-de-la-cruz-por-competir-en-morena-otra-vez\/#primaryimage"},"image":{"@id":"https:\/\/expressometro.mx\/index.php\/2021\/02\/17\/cafe-expresso-descaro-de-juan-de-la-cruz-por-competir-en-morena-otra-vez\/#primaryimage"},"thumbnailUrl":"https:\/\/expressometro.mx\/wp-content\/uploads\/2021\/02\/WhatsApp-Image-2021-02-17-at-07.38.58.jpeg","datePublished":"2021-02-17T14:26:58+00:00","dateModified":"2021-02-17T14:27:40+00:00","breadcrumb":{"@id":"https:\/\/expressometro.mx\/index.php\/2021\/02\/17\/cafe-expresso-descaro-de-juan-de-la-cruz-por-competir-en-morena-otra-vez\/#breadcrumb"},"inLanguage":"es","potentialAction":[{"@type":"ReadAction","target":["https:\/\/expressometro.mx\/index.php\/2021\/02\/17\/cafe-expresso-descaro-de-juan-de-la-cruz-por-competir-en-morena-otra-vez\/"]}]},{"@type":"ImageObject","inLanguage":"es","@id":"https:\/\/expressometro.mx\/index.php\/2021\/02\/17\/cafe-expresso-descaro-de-juan-de-la-cruz-por-competir-en-morena-otra-vez\/#primaryimage","url":"https:\/\/expressometro.mx\/wp-content\/uploads\/2021\/02\/WhatsApp-Image-2021-02-17-at-07.38.58.jpeg","contentUrl":"https:\/\/expressometro.mx\/wp-content\/uploads\/2021\/02\/WhatsApp-Image-2021-02-17-at-07.38.58.jpeg","width":656,"height":900},{"@type":"BreadcrumbList","@id":"https:\/\/expressometro.mx\/index.php\/2021\/02\/17\/cafe-expresso-descaro-de-juan-de-la-cruz-por-competir-en-morena-otra-vez\/#breadcrumb","itemListElement":[{"@type":"ListItem","position":1,"name":"Inicio","item":"https:\/\/expressometro.mx\/"},{"@type":"ListItem","position":2,"name":"Caf\u00e9 Expresso; DESCARO DE JUAN DE LA CRUZ POR COMPETIR EN MORENA OTRA VEZ"}]},{"@type":"WebSite","@id":"https:\/\/expressometro.mx\/#website","url":"https:\/\/expressometro.mx\/","name":"Expresso Metropolitano","description":"Periodismo comprometido, informaci\u00f3n, investigaci\u00f3n y an\u00e1lisis","publisher":{"@id":"https:\/\/expressometro.mx\/#organization"},"potentialAction":[{"@type":"SearchAction","target":{"@type":"EntryPoint","urlTemplate":"https:\/\/expressometro.mx\/?s={search_term_string}"},"query-input":{"@type":"PropertyValueSpecification","valueRequired":true,"valueName":"search_term_string"}}],"inLanguage":"es"},{"@type":"Organization","@id":"https:\/\/expressometro.mx\/#organization","name":"Expresso Metropolitano","url":"https:\/\/expressometro.mx\/","logo":{"@type":"ImageObject","inLanguage":"es","@id":"https:\/\/expressometro.mx\/#\/schema\/logo\/image\/","url":"https:\/\/expressometro.mx\/wp-content\/uploads\/2019\/07\/cropped-Logo-Expresso-Metropolitano-1-1.jpeg","contentUrl":"https:\/\/expressometro.mx\/wp-content\/uploads\/2019\/07\/cropped-Logo-Expresso-Metropolitano-1-1.jpeg","width":290,"height":73,"caption":"Expresso Metropolitano"},"image":{"@id":"https:\/\/expressometro.mx\/#\/schema\/logo\/image\/"}},{"@type":"Person","@id":"https:\/\/expressometro.mx\/#\/schema\/person\/efa971b4a0664db8ed5c22b1b0dd2f5d","name":"Expresso Metropolitano","image":{"@type":"ImageObject","inLanguage":"es","@id":"https:\/\/secure.gravatar.com\/avatar\/a89f802b8de18c6952f223c88d3d106e9e3679839f4e25a02f4a6cc2ae6ba3b3?s=96&d=mm&r=g","url":"https:\/\/secure.gravatar.com\/avatar\/a89f802b8de18c6952f223c88d3d106e9e3679839f4e25a02f4a6cc2ae6ba3b3?s=96&d=mm&r=g","contentUrl":"https:\/\/secure.gravatar.com\/avatar\/a89f802b8de18c6952f223c88d3d106e9e3679839f4e25a02f4a6cc2ae6ba3b3?s=96&d=mm&r=g","caption":"Expresso Metropolitano"},"url":"https:\/\/expressometro.mx\/index.php\/author\/diego\/"}]}},"amp_enabled":true,"_links":{"self":[{"href":"https:\/\/expressometro.mx\/index.php\/wp-json\/wp\/v2\/posts\/2282","targetHints":{"allow":["GET"]}}],"collection":[{"href":"https:\/\/expressometro.mx\/index.php\/wp-json\/wp\/v2\/posts"}],"about":[{"href":"https:\/\/expressometro.mx\/index.php\/wp-json\/wp\/v2\/types\/post"}],"author":[{"embeddable":true,"href":"https:\/\/expressometro.mx\/index.php\/wp-json\/wp\/v2\/users\/1"}],"replies":[{"embeddable":true,"href":"https:\/\/expressometro.mx\/index.php\/wp-json\/wp\/v2\/comments?post=2282"}],"version-history":[{"count":2,"href":"https:\/\/expressometro.mx\/index.php\/wp-json\/wp\/v2\/posts\/2282\/revisions"}],"predecessor-version":[{"id":2288,"href":"https:\/\/expressometro.mx\/index.php\/wp-json\/wp\/v2\/posts\/2282\/revisions\/2288"}],"wp:featuredmedia":[{"embeddable":true,"href":"https:\/\/expressometro.mx\/index.php\/wp-json\/wp\/v2\/media\/2283"}],"wp:attachment":[{"href":"https:\/\/expressometro.mx\/index.php\/wp-json\/wp\/v2\/media?parent=2282"}],"wp:term":[{"taxonomy":"category","embeddable":true,"href":"https:\/\/expressometro.mx\/index.php\/wp-json\/wp\/v2\/categories?post=2282"},{"taxonomy":"post_tag","embeddable":true,"href":"https:\/\/expressometro.mx\/index.php\/wp-json\/wp\/v2\/tags?post=2282"}],"curies":[{"name":"wp","href":"https:\/\/api.w.org\/{rel}","templated":true}]}}