{"id":2274,"date":"2021-02-15T00:21:00","date_gmt":"2021-02-15T06:21:00","guid":{"rendered":"http:\/\/expressometro.mx\/?p=2274"},"modified":"2021-02-17T00:24:45","modified_gmt":"2021-02-17T06:24:45","slug":"temoaya-necesita-de-jose-santos","status":"publish","type":"post","link":"https:\/\/expressometro.mx\/index.php\/2021\/02\/15\/temoaya-necesita-de-jose-santos\/","title":{"rendered":"TEMOAYA NECESITA DE JOS\u00c9 SANTOS"},"content":{"rendered":"\n<p>En el \u00e1nimo de construir caminos de desarrollo para Temoaya, Jos\u00e9 Santos Vilchis se registr\u00f3 como precandidato del PAN a la presidencia municipal.<\/p>\n\n\n\n<p>Jos\u00e9 Santos quiere ser el candidato del Partido Acci\u00f3n Nacional por lo que va a esperar los tiempos de ratificaci\u00f3n de la Comisi\u00f3n Organizadora Electoral del PAN, y ser\u00e1 el pr\u00f3ximo 3 de marzo cuando den a conocer los resultados finales.<\/p>\n\n\n\n<p>En esta precampa\u00f1a de aspirantes a la alcald\u00eda de Temoaya, tambi\u00e9n se registr\u00f3 Virgilio Aguilar, que ahora busca ser el candidato del PAN, pero tiene un peque\u00f1o detalle.<\/p>\n\n\n\n<p>Virgilio Aguilar tiene un peque\u00f1o pasado. Ha sido priista (regidor), adem\u00e1s, ha buscado hacer pol\u00edtica en el PRD, en el PT, en Morena, pero en ning\u00fan lado encontr\u00f3 eco. Por eso no le qued\u00f3 m\u00e1s alternativa que incrustarse en el PAN, sin tener el mayor conocimiento de la doctrina de Acci\u00f3n Nacional.<\/p>\n\n\n\n<p>Lo importante es que para Temoaya, habr\u00e1 la oportunidad de tener un hombre, que dedicado al cuidado del medio ambiente, ha procurado generar empleos, a trav\u00e9s de una empresa en Trojes que ha orientado sus esfuerzos a cuidar los ecosistemas.<\/p>\n\n\n\n<p>Jos\u00e9 Santos Vilchis quiere ser candidato del PAN a la alcald\u00eda de Temoaya, para que a partir de tener en sus manos la responsabilidad de dirigir los destinos de esta tierra otom\u00ed, cambiar la forma de vida de los m\u00e1s de 100 mil habitantes de Temoaya.<\/p>\n\n\n\n<p>Ese rostro de modernidad, desarrollo y progreso que requiere Temoaya solamente se podr\u00eda alcanzar, si se conjuga la participaci\u00f3n de la gente y l\u00edderes capaces de mover las fibras sociales para generar un cambio de actitud y hacer sentir que el cambio real puede llegar a Temoaya en pleno siglo XXI.<\/p>\n\n\n\n<p>Habremos de esperar que va a pasar el 3 de marzo y ver las definiciones de la Comisi\u00f3n de Organizaci\u00f3n Electoral del PAN. Por lo pronto, las precampa\u00f1as pol\u00edticas concluir\u00e1n este 16 de febrero de 2021 y con ello, los aspirantes ya no podr\u00e1n difundir sus ideas entre la militancia y deber\u00e1n esperar a que sean registrados de manera oficial ante el IEEM, para que en abril, iniciar formalmente las campa\u00f1as.<\/p>\n","protected":false},"excerpt":{"rendered":"<p>Se registr\u00f3 como precandidato del PAN a la alcald\u00eda de Temoaya <\/p>\n","protected":false},"author":1,"featured_media":2275,"comment_status":"open","ping_status":"open","sticky":false,"template":"","format":"standard","meta":{"footnotes":""},"categories":[231],"tags":[260,269,270],"class_list":["post-2274","post","type-post","status-publish","format-standard","has-post-thumbnail","hentry","category-politica","tag-pan","tag-temoaya","tag-virgilio-aguilar"],"yoast_head":"<!-- This site is optimized with the Yoast SEO plugin v27.5 - https:\/\/yoast.com\/product\/yoast-seo-wordpress\/ -->\n<title>TEMOAYA NECESITA DE JOS\u00c9 SANTOS - Expresso Metropolitano<\/title>\n<meta name=\"robots\" content=\"index, follow, max-snippet:-1, max-image-preview:large, max-video-preview:-1\" \/>\n<link rel=\"canonical\" href=\"https:\/\/expressometro.mx\/index.php\/2021\/02\/15\/temoaya-necesita-de-jose-santos\/\" \/>\n<meta property=\"og:locale\" content=\"es_MX\" \/>\n<meta property=\"og:type\" content=\"article\" \/>\n<meta property=\"og:title\" content=\"TEMOAYA NECESITA DE JOS\u00c9 SANTOS - Expresso Metropolitano\" \/>\n<meta property=\"og:description\" content=\"Se registr\u00f3 como precandidato del PAN a la alcald\u00eda de Temoaya\" \/>\n<meta property=\"og:url\" content=\"https:\/\/expressometro.mx\/index.php\/2021\/02\/15\/temoaya-necesita-de-jose-santos\/\" \/>\n<meta property=\"og:site_name\" content=\"Expresso Metropolitano\" \/>\n<meta property=\"article:published_time\" content=\"2021-02-15T06:21:00+00:00\" \/>\n<meta property=\"article:modified_time\" content=\"2021-02-17T06:24:45+00:00\" \/>\n<meta property=\"og:image\" content=\"https:\/\/expressometro.mx\/wp-content\/uploads\/2021\/02\/WhatsApp-Image-2021-02-15-at-19.33.59.jpeg\" \/>\n\t<meta property=\"og:image:width\" content=\"1280\" \/>\n\t<meta property=\"og:image:height\" content=\"960\" \/>\n\t<meta property=\"og:image:type\" content=\"image\/jpeg\" \/>\n<meta name=\"author\" content=\"Expresso Metropolitano\" \/>\n<meta name=\"twitter:label1\" content=\"Escrito por\" \/>\n\t<meta name=\"twitter:data1\" content=\"Expresso Metropolitano\" \/>\n\t<meta name=\"twitter:label2\" content=\"Tiempo de lectura\" \/>\n\t<meta name=\"twitter:data2\" content=\"2 minutos\" \/>\n<script type=\"application\/ld+json\" class=\"yoast-schema-graph\">{\"@context\":\"https:\\\/\\\/schema.org\",\"@graph\":[{\"@type\":\"Article\",\"@id\":\"https:\\\/\\\/expressometro.mx\\\/index.php\\\/2021\\\/02\\\/15\\\/temoaya-necesita-de-jose-santos\\\/#article\",\"isPartOf\":{\"@id\":\"https:\\\/\\\/expressometro.mx\\\/index.php\\\/2021\\\/02\\\/15\\\/temoaya-necesita-de-jose-santos\\\/\"},\"author\":{\"name\":\"Expresso Metropolitano\",\"@id\":\"https:\\\/\\\/expressometro.mx\\\/#\\\/schema\\\/person\\\/efa971b4a0664db8ed5c22b1b0dd2f5d\"},\"headline\":\"TEMOAYA NECESITA DE JOS\u00c9 SANTOS\",\"datePublished\":\"2021-02-15T06:21:00+00:00\",\"dateModified\":\"2021-02-17T06:24:45+00:00\",\"mainEntityOfPage\":{\"@id\":\"https:\\\/\\\/expressometro.mx\\\/index.php\\\/2021\\\/02\\\/15\\\/temoaya-necesita-de-jose-santos\\\/\"},\"wordCount\":380,\"commentCount\":0,\"publisher\":{\"@id\":\"https:\\\/\\\/expressometro.mx\\\/#organization\"},\"image\":{\"@id\":\"https:\\\/\\\/expressometro.mx\\\/index.php\\\/2021\\\/02\\\/15\\\/temoaya-necesita-de-jose-santos\\\/#primaryimage\"},\"thumbnailUrl\":\"https:\\\/\\\/expressometro.mx\\\/wp-content\\\/uploads\\\/2021\\\/02\\\/WhatsApp-Image-2021-02-15-at-19.33.59.jpeg\",\"keywords\":[\"PAN\",\"Temoaya\",\"Virgilio Aguilar\"],\"articleSection\":[\"Pol\u00edtica\"],\"inLanguage\":\"es\",\"potentialAction\":[{\"@type\":\"CommentAction\",\"name\":\"Comment\",\"target\":[\"https:\\\/\\\/expressometro.mx\\\/index.php\\\/2021\\\/02\\\/15\\\/temoaya-necesita-de-jose-santos\\\/#respond\"]}]},{\"@type\":\"WebPage\",\"@id\":\"https:\\\/\\\/expressometro.mx\\\/index.php\\\/2021\\\/02\\\/15\\\/temoaya-necesita-de-jose-santos\\\/\",\"url\":\"https:\\\/\\\/expressometro.mx\\\/index.php\\\/2021\\\/02\\\/15\\\/temoaya-necesita-de-jose-santos\\\/\",\"name\":\"TEMOAYA NECESITA DE JOS\u00c9 SANTOS - Expresso Metropolitano\",\"isPartOf\":{\"@id\":\"https:\\\/\\\/expressometro.mx\\\/#website\"},\"primaryImageOfPage\":{\"@id\":\"https:\\\/\\\/expressometro.mx\\\/index.php\\\/2021\\\/02\\\/15\\\/temoaya-necesita-de-jose-santos\\\/#primaryimage\"},\"image\":{\"@id\":\"https:\\\/\\\/expressometro.mx\\\/index.php\\\/2021\\\/02\\\/15\\\/temoaya-necesita-de-jose-santos\\\/#primaryimage\"},\"thumbnailUrl\":\"https:\\\/\\\/expressometro.mx\\\/wp-content\\\/uploads\\\/2021\\\/02\\\/WhatsApp-Image-2021-02-15-at-19.33.59.jpeg\",\"datePublished\":\"2021-02-15T06:21:00+00:00\",\"dateModified\":\"2021-02-17T06:24:45+00:00\",\"breadcrumb\":{\"@id\":\"https:\\\/\\\/expressometro.mx\\\/index.php\\\/2021\\\/02\\\/15\\\/temoaya-necesita-de-jose-santos\\\/#breadcrumb\"},\"inLanguage\":\"es\",\"potentialAction\":[{\"@type\":\"ReadAction\",\"target\":[\"https:\\\/\\\/expressometro.mx\\\/index.php\\\/2021\\\/02\\\/15\\\/temoaya-necesita-de-jose-santos\\\/\"]}]},{\"@type\":\"ImageObject\",\"inLanguage\":\"es\",\"@id\":\"https:\\\/\\\/expressometro.mx\\\/index.php\\\/2021\\\/02\\\/15\\\/temoaya-necesita-de-jose-santos\\\/#primaryimage\",\"url\":\"https:\\\/\\\/expressometro.mx\\\/wp-content\\\/uploads\\\/2021\\\/02\\\/WhatsApp-Image-2021-02-15-at-19.33.59.jpeg\",\"contentUrl\":\"https:\\\/\\\/expressometro.mx\\\/wp-content\\\/uploads\\\/2021\\\/02\\\/WhatsApp-Image-2021-02-15-at-19.33.59.jpeg\",\"width\":1280,\"height\":960},{\"@type\":\"BreadcrumbList\",\"@id\":\"https:\\\/\\\/expressometro.mx\\\/index.php\\\/2021\\\/02\\\/15\\\/temoaya-necesita-de-jose-santos\\\/#breadcrumb\",\"itemListElement\":[{\"@type\":\"ListItem\",\"position\":1,\"name\":\"Inicio\",\"item\":\"https:\\\/\\\/expressometro.mx\\\/\"},{\"@type\":\"ListItem\",\"position\":2,\"name\":\"TEMOAYA NECESITA DE JOS\u00c9 SANTOS\"}]},{\"@type\":\"WebSite\",\"@id\":\"https:\\\/\\\/expressometro.mx\\\/#website\",\"url\":\"https:\\\/\\\/expressometro.mx\\\/\",\"name\":\"Expresso Metropolitano\",\"description\":\"Periodismo comprometido, informaci\u00f3n, investigaci\u00f3n y an\u00e1lisis\",\"publisher\":{\"@id\":\"https:\\\/\\\/expressometro.mx\\\/#organization\"},\"potentialAction\":[{\"@type\":\"SearchAction\",\"target\":{\"@type\":\"EntryPoint\",\"urlTemplate\":\"https:\\\/\\\/expressometro.mx\\\/?s={search_term_string}\"},\"query-input\":{\"@type\":\"PropertyValueSpecification\",\"valueRequired\":true,\"valueName\":\"search_term_string\"}}],\"inLanguage\":\"es\"},{\"@type\":\"Organization\",\"@id\":\"https:\\\/\\\/expressometro.mx\\\/#organization\",\"name\":\"Expresso Metropolitano\",\"url\":\"https:\\\/\\\/expressometro.mx\\\/\",\"logo\":{\"@type\":\"ImageObject\",\"inLanguage\":\"es\",\"@id\":\"https:\\\/\\\/expressometro.mx\\\/#\\\/schema\\\/logo\\\/image\\\/\",\"url\":\"https:\\\/\\\/expressometro.mx\\\/wp-content\\\/uploads\\\/2019\\\/07\\\/cropped-Logo-Expresso-Metropolitano-1-1.jpeg\",\"contentUrl\":\"https:\\\/\\\/expressometro.mx\\\/wp-content\\\/uploads\\\/2019\\\/07\\\/cropped-Logo-Expresso-Metropolitano-1-1.jpeg\",\"width\":290,\"height\":73,\"caption\":\"Expresso Metropolitano\"},\"image\":{\"@id\":\"https:\\\/\\\/expressometro.mx\\\/#\\\/schema\\\/logo\\\/image\\\/\"}},{\"@type\":\"Person\",\"@id\":\"https:\\\/\\\/expressometro.mx\\\/#\\\/schema\\\/person\\\/efa971b4a0664db8ed5c22b1b0dd2f5d\",\"name\":\"Expresso Metropolitano\",\"image\":{\"@type\":\"ImageObject\",\"inLanguage\":\"es\",\"@id\":\"https:\\\/\\\/secure.gravatar.com\\\/avatar\\\/a89f802b8de18c6952f223c88d3d106e9e3679839f4e25a02f4a6cc2ae6ba3b3?s=96&d=mm&r=g\",\"url\":\"https:\\\/\\\/secure.gravatar.com\\\/avatar\\\/a89f802b8de18c6952f223c88d3d106e9e3679839f4e25a02f4a6cc2ae6ba3b3?s=96&d=mm&r=g\",\"contentUrl\":\"https:\\\/\\\/secure.gravatar.com\\\/avatar\\\/a89f802b8de18c6952f223c88d3d106e9e3679839f4e25a02f4a6cc2ae6ba3b3?s=96&d=mm&r=g\",\"caption\":\"Expresso Metropolitano\"},\"url\":\"https:\\\/\\\/expressometro.mx\\\/index.php\\\/author\\\/diego\\\/\"}]}<\/script>\n<!-- \/ Yoast SEO plugin. -->","yoast_head_json":{"title":"TEMOAYA NECESITA DE JOS\u00c9 SANTOS - Expresso Metropolitano","robots":{"index":"index","follow":"follow","max-snippet":"max-snippet:-1","max-image-preview":"max-image-preview:large","max-video-preview":"max-video-preview:-1"},"canonical":"https:\/\/expressometro.mx\/index.php\/2021\/02\/15\/temoaya-necesita-de-jose-santos\/","og_locale":"es_MX","og_type":"article","og_title":"TEMOAYA NECESITA DE JOS\u00c9 SANTOS - Expresso Metropolitano","og_description":"Se registr\u00f3 como precandidato del PAN a la alcald\u00eda de Temoaya","og_url":"https:\/\/expressometro.mx\/index.php\/2021\/02\/15\/temoaya-necesita-de-jose-santos\/","og_site_name":"Expresso Metropolitano","article_published_time":"2021-02-15T06:21:00+00:00","article_modified_time":"2021-02-17T06:24:45+00:00","og_image":[{"width":1280,"height":960,"url":"https:\/\/expressometro.mx\/wp-content\/uploads\/2021\/02\/WhatsApp-Image-2021-02-15-at-19.33.59.jpeg","type":"image\/jpeg"}],"author":"Expresso Metropolitano","twitter_misc":{"Escrito por":"Expresso Metropolitano","Tiempo de lectura":"2 minutos"},"schema":{"@context":"https:\/\/schema.org","@graph":[{"@type":"Article","@id":"https:\/\/expressometro.mx\/index.php\/2021\/02\/15\/temoaya-necesita-de-jose-santos\/#article","isPartOf":{"@id":"https:\/\/expressometro.mx\/index.php\/2021\/02\/15\/temoaya-necesita-de-jose-santos\/"},"author":{"name":"Expresso Metropolitano","@id":"https:\/\/expressometro.mx\/#\/schema\/person\/efa971b4a0664db8ed5c22b1b0dd2f5d"},"headline":"TEMOAYA NECESITA DE JOS\u00c9 SANTOS","datePublished":"2021-02-15T06:21:00+00:00","dateModified":"2021-02-17T06:24:45+00:00","mainEntityOfPage":{"@id":"https:\/\/expressometro.mx\/index.php\/2021\/02\/15\/temoaya-necesita-de-jose-santos\/"},"wordCount":380,"commentCount":0,"publisher":{"@id":"https:\/\/expressometro.mx\/#organization"},"image":{"@id":"https:\/\/expressometro.mx\/index.php\/2021\/02\/15\/temoaya-necesita-de-jose-santos\/#primaryimage"},"thumbnailUrl":"https:\/\/expressometro.mx\/wp-content\/uploads\/2021\/02\/WhatsApp-Image-2021-02-15-at-19.33.59.jpeg","keywords":["PAN","Temoaya","Virgilio Aguilar"],"articleSection":["Pol\u00edtica"],"inLanguage":"es","potentialAction":[{"@type":"CommentAction","name":"Comment","target":["https:\/\/expressometro.mx\/index.php\/2021\/02\/15\/temoaya-necesita-de-jose-santos\/#respond"]}]},{"@type":"WebPage","@id":"https:\/\/expressometro.mx\/index.php\/2021\/02\/15\/temoaya-necesita-de-jose-santos\/","url":"https:\/\/expressometro.mx\/index.php\/2021\/02\/15\/temoaya-necesita-de-jose-santos\/","name":"TEMOAYA NECESITA DE JOS\u00c9 SANTOS - Expresso Metropolitano","isPartOf":{"@id":"https:\/\/expressometro.mx\/#website"},"primaryImageOfPage":{"@id":"https:\/\/expressometro.mx\/index.php\/2021\/02\/15\/temoaya-necesita-de-jose-santos\/#primaryimage"},"image":{"@id":"https:\/\/expressometro.mx\/index.php\/2021\/02\/15\/temoaya-necesita-de-jose-santos\/#primaryimage"},"thumbnailUrl":"https:\/\/expressometro.mx\/wp-content\/uploads\/2021\/02\/WhatsApp-Image-2021-02-15-at-19.33.59.jpeg","datePublished":"2021-02-15T06:21:00+00:00","dateModified":"2021-02-17T06:24:45+00:00","breadcrumb":{"@id":"https:\/\/expressometro.mx\/index.php\/2021\/02\/15\/temoaya-necesita-de-jose-santos\/#breadcrumb"},"inLanguage":"es","potentialAction":[{"@type":"ReadAction","target":["https:\/\/expressometro.mx\/index.php\/2021\/02\/15\/temoaya-necesita-de-jose-santos\/"]}]},{"@type":"ImageObject","inLanguage":"es","@id":"https:\/\/expressometro.mx\/index.php\/2021\/02\/15\/temoaya-necesita-de-jose-santos\/#primaryimage","url":"https:\/\/expressometro.mx\/wp-content\/uploads\/2021\/02\/WhatsApp-Image-2021-02-15-at-19.33.59.jpeg","contentUrl":"https:\/\/expressometro.mx\/wp-content\/uploads\/2021\/02\/WhatsApp-Image-2021-02-15-at-19.33.59.jpeg","width":1280,"height":960},{"@type":"BreadcrumbList","@id":"https:\/\/expressometro.mx\/index.php\/2021\/02\/15\/temoaya-necesita-de-jose-santos\/#breadcrumb","itemListElement":[{"@type":"ListItem","position":1,"name":"Inicio","item":"https:\/\/expressometro.mx\/"},{"@type":"ListItem","position":2,"name":"TEMOAYA NECESITA DE JOS\u00c9 SANTOS"}]},{"@type":"WebSite","@id":"https:\/\/expressometro.mx\/#website","url":"https:\/\/expressometro.mx\/","name":"Expresso Metropolitano","description":"Periodismo comprometido, informaci\u00f3n, investigaci\u00f3n y an\u00e1lisis","publisher":{"@id":"https:\/\/expressometro.mx\/#organization"},"potentialAction":[{"@type":"SearchAction","target":{"@type":"EntryPoint","urlTemplate":"https:\/\/expressometro.mx\/?s={search_term_string}"},"query-input":{"@type":"PropertyValueSpecification","valueRequired":true,"valueName":"search_term_string"}}],"inLanguage":"es"},{"@type":"Organization","@id":"https:\/\/expressometro.mx\/#organization","name":"Expresso Metropolitano","url":"https:\/\/expressometro.mx\/","logo":{"@type":"ImageObject","inLanguage":"es","@id":"https:\/\/expressometro.mx\/#\/schema\/logo\/image\/","url":"https:\/\/expressometro.mx\/wp-content\/uploads\/2019\/07\/cropped-Logo-Expresso-Metropolitano-1-1.jpeg","contentUrl":"https:\/\/expressometro.mx\/wp-content\/uploads\/2019\/07\/cropped-Logo-Expresso-Metropolitano-1-1.jpeg","width":290,"height":73,"caption":"Expresso Metropolitano"},"image":{"@id":"https:\/\/expressometro.mx\/#\/schema\/logo\/image\/"}},{"@type":"Person","@id":"https:\/\/expressometro.mx\/#\/schema\/person\/efa971b4a0664db8ed5c22b1b0dd2f5d","name":"Expresso Metropolitano","image":{"@type":"ImageObject","inLanguage":"es","@id":"https:\/\/secure.gravatar.com\/avatar\/a89f802b8de18c6952f223c88d3d106e9e3679839f4e25a02f4a6cc2ae6ba3b3?s=96&d=mm&r=g","url":"https:\/\/secure.gravatar.com\/avatar\/a89f802b8de18c6952f223c88d3d106e9e3679839f4e25a02f4a6cc2ae6ba3b3?s=96&d=mm&r=g","contentUrl":"https:\/\/secure.gravatar.com\/avatar\/a89f802b8de18c6952f223c88d3d106e9e3679839f4e25a02f4a6cc2ae6ba3b3?s=96&d=mm&r=g","caption":"Expresso Metropolitano"},"url":"https:\/\/expressometro.mx\/index.php\/author\/diego\/"}]}},"amp_enabled":true,"_links":{"self":[{"href":"https:\/\/expressometro.mx\/index.php\/wp-json\/wp\/v2\/posts\/2274","targetHints":{"allow":["GET"]}}],"collection":[{"href":"https:\/\/expressometro.mx\/index.php\/wp-json\/wp\/v2\/posts"}],"about":[{"href":"https:\/\/expressometro.mx\/index.php\/wp-json\/wp\/v2\/types\/post"}],"author":[{"embeddable":true,"href":"https:\/\/expressometro.mx\/index.php\/wp-json\/wp\/v2\/users\/1"}],"replies":[{"embeddable":true,"href":"https:\/\/expressometro.mx\/index.php\/wp-json\/wp\/v2\/comments?post=2274"}],"version-history":[{"count":1,"href":"https:\/\/expressometro.mx\/index.php\/wp-json\/wp\/v2\/posts\/2274\/revisions"}],"predecessor-version":[{"id":2276,"href":"https:\/\/expressometro.mx\/index.php\/wp-json\/wp\/v2\/posts\/2274\/revisions\/2276"}],"wp:featuredmedia":[{"embeddable":true,"href":"https:\/\/expressometro.mx\/index.php\/wp-json\/wp\/v2\/media\/2275"}],"wp:attachment":[{"href":"https:\/\/expressometro.mx\/index.php\/wp-json\/wp\/v2\/media?parent=2274"}],"wp:term":[{"taxonomy":"category","embeddable":true,"href":"https:\/\/expressometro.mx\/index.php\/wp-json\/wp\/v2\/categories?post=2274"},{"taxonomy":"post_tag","embeddable":true,"href":"https:\/\/expressometro.mx\/index.php\/wp-json\/wp\/v2\/tags?post=2274"}],"curies":[{"name":"wp","href":"https:\/\/api.w.org\/{rel}","templated":true}]}}