{"id":2265,"date":"2021-02-13T09:31:09","date_gmt":"2021-02-13T15:31:09","guid":{"rendered":"http:\/\/expressometro.mx\/?p=2265"},"modified":"2021-02-13T09:31:12","modified_gmt":"2021-02-13T15:31:12","slug":"jilotepec-cuenta-con-un-precandidato-del-verde-entron-y-que-conoce-cada-rincon-de-su-municipio","status":"publish","type":"post","link":"https:\/\/expressometro.mx\/index.php\/2021\/02\/13\/jilotepec-cuenta-con-un-precandidato-del-verde-entron-y-que-conoce-cada-rincon-de-su-municipio\/","title":{"rendered":"JILOTEPEC CUENTA CON UN PRECANDIDATO DEL VERDE ENTRON Y QUE CONOCE CADA RINC\u00d3N DE SU MUNICIPIO"},"content":{"rendered":"\n<p>Llegamos al Partido Verde para ganar y si me fui del PRI eso ya es historia, dej\u00f3 en claro el precandidato a la presidencia municipal de Jilotepec, Carlos L\u00f3pez Imm.<\/p>\n\n\n\n<p>El aspirante a la alcald\u00eda se reunio\u0301 con la estructura y militancia del Partido Verde para la Pre-Campa\u00f1a, acompa\u00f1ado del dirigente estatal Pepe Couttolenc Buentello y el precandidato a la diputaci\u00f3n federal con cabecera en Jilotepec, Rafael Osornio S\u00e1nchez.<\/p>\n\n\n\n<p>Ante los medios de comunicaci\u00f3n dijo tener mucho agradecimiento por el arropo que despleg\u00f3 la dirigencia partidista y de sus militantes en Jilotepec.<\/p>\n\n\n\n<p>\u201cTengo la oportunidad de conocerlos m\u00e1s a fondo escuchando sus inquietudes y me preparo para ser un precandidato digno y poder trabajar en este partido limpio, al cual agradezco por abrirme las puertas\u201d, puntualiz\u00f3.<\/p>\n\n\n\n<p>Expuso que su participaci\u00f3n pol\u00edtica \u201ces de convicciones y cuando tenemos en mente las necesidades de los ciudadanos es m\u00e1s f\u00e1cil tomar decisiones\u201d.<\/p>\n\n\n\n<p>Las personas hoy no piensan en partidos pol\u00edticos, piensan en quienes encabezan los proyectos y si est\u00e1n arropados por un partido limpio y cercano a la gente es lo m\u00e1s importante, manifest\u00f3 el residente de Canalejas.<\/p>\n\n\n\n<p>Frente a las impugnaciones que pueda haber sobre los candidatos, Pepe Couttolenc sostuvo que no es la primera vez que lo har\u00edan y que lo m\u00e1s importante es el derecho constitucional de votar y ser votado, lo que est\u00e1 por encima de cualquier disposici\u00f3n legal o reglamento de los partidos pol\u00edticos.<\/p>\n\n\n\n<p>\u201cNo nos vemos en esas instancias pues debe prevalecer una contienda limpia con propuestas y candidatos que resalten y no intenten hacerlo a la mala pues Jilotepec y el Estado de M\u00e9xico merecen mucho m\u00e1s que eso\u201d, aclar\u00f3.<\/p>\n\n\n\n<p>Insisti\u00f3 que llegar a esas instancias legales son solo actos de desesperaci\u00f3n y \u201csi esa es la ruta sabemos responder como lo hicimos en 2018 donde ganamos todas las impugnaciones\u201d.<\/p>\n\n\n\n<p>Finalmente, L\u00f3pez Imm dijo venir de una familia limpia con or\u00edgenes en cabecera municipal por su padre y de Canalejas por su Mam\u00e1, donde actualmente reside.<\/p>\n\n\n\n<p>Derivado de ello, agreg\u00f3 que har\u00e1n el mayor esfuerzo para llevar propuestas en su momento. \u201cConocemos Jilotepec<br>rincon por rinc\u00f3n y tenemos pleno conocimiento de lo que la gente necesita para llevar propuestas que realmente cumplan sus expectativas\u201d.<\/p>\n","protected":false},"excerpt":{"rendered":"<p>Expuso que su participaci\u00f3n pol\u00edtica \u201ces de convicciones y cuando tenemos en mente las necesidades de los ciudadanos es m\u00e1s f\u00e1cil tomar decisiones\u201d.<\/p>\n","protected":false},"author":1,"featured_media":2266,"comment_status":"open","ping_status":"open","sticky":false,"template":"","format":"standard","meta":{"footnotes":""},"categories":[231],"tags":[265,264,263],"class_list":["post-2265","post","type-post","status-publish","format-standard","has-post-thumbnail","hentry","category-politica","tag-carlos-lopez-imm","tag-jilotepec","tag-partido-verde"],"yoast_head":"<!-- This site is optimized with the Yoast SEO plugin v27.5 - https:\/\/yoast.com\/product\/yoast-seo-wordpress\/ -->\n<title>JILOTEPEC CUENTA CON UN PRECANDIDATO DEL VERDE ENTRON Y QUE CONOCE CADA RINC\u00d3N DE SU MUNICIPIO - Expresso Metropolitano<\/title>\n<meta name=\"robots\" content=\"index, follow, max-snippet:-1, max-image-preview:large, max-video-preview:-1\" \/>\n<link rel=\"canonical\" href=\"https:\/\/expressometro.mx\/index.php\/2021\/02\/13\/jilotepec-cuenta-con-un-precandidato-del-verde-entron-y-que-conoce-cada-rincon-de-su-municipio\/\" \/>\n<meta property=\"og:locale\" content=\"es_MX\" \/>\n<meta property=\"og:type\" content=\"article\" \/>\n<meta property=\"og:title\" content=\"JILOTEPEC CUENTA CON UN PRECANDIDATO DEL VERDE ENTRON Y QUE CONOCE CADA RINC\u00d3N DE SU MUNICIPIO - Expresso Metropolitano\" \/>\n<meta property=\"og:description\" content=\"Expuso que su participaci\u00f3n pol\u00edtica \u201ces de convicciones y cuando tenemos en mente las necesidades de los ciudadanos es m\u00e1s f\u00e1cil tomar decisiones\u201d.\" \/>\n<meta property=\"og:url\" content=\"https:\/\/expressometro.mx\/index.php\/2021\/02\/13\/jilotepec-cuenta-con-un-precandidato-del-verde-entron-y-que-conoce-cada-rincon-de-su-municipio\/\" \/>\n<meta property=\"og:site_name\" content=\"Expresso Metropolitano\" \/>\n<meta property=\"article:published_time\" content=\"2021-02-13T15:31:09+00:00\" \/>\n<meta property=\"article:modified_time\" content=\"2021-02-13T15:31:12+00:00\" \/>\n<meta property=\"og:image\" content=\"https:\/\/expressometro.mx\/wp-content\/uploads\/2021\/02\/WhatsApp-Image-2021-02-12-at-23.15.13.jpeg\" \/>\n\t<meta property=\"og:image:width\" content=\"1272\" \/>\n\t<meta property=\"og:image:height\" content=\"1280\" \/>\n\t<meta property=\"og:image:type\" content=\"image\/jpeg\" \/>\n<meta name=\"author\" content=\"Expresso Metropolitano\" \/>\n<meta name=\"twitter:label1\" content=\"Escrito por\" \/>\n\t<meta name=\"twitter:data1\" content=\"Expresso Metropolitano\" \/>\n\t<meta name=\"twitter:label2\" content=\"Tiempo de lectura\" \/>\n\t<meta name=\"twitter:data2\" content=\"2 minutos\" \/>\n<script type=\"application\/ld+json\" class=\"yoast-schema-graph\">{\"@context\":\"https:\\\/\\\/schema.org\",\"@graph\":[{\"@type\":\"Article\",\"@id\":\"https:\\\/\\\/expressometro.mx\\\/index.php\\\/2021\\\/02\\\/13\\\/jilotepec-cuenta-con-un-precandidato-del-verde-entron-y-que-conoce-cada-rincon-de-su-municipio\\\/#article\",\"isPartOf\":{\"@id\":\"https:\\\/\\\/expressometro.mx\\\/index.php\\\/2021\\\/02\\\/13\\\/jilotepec-cuenta-con-un-precandidato-del-verde-entron-y-que-conoce-cada-rincon-de-su-municipio\\\/\"},\"author\":{\"name\":\"Expresso Metropolitano\",\"@id\":\"https:\\\/\\\/expressometro.mx\\\/#\\\/schema\\\/person\\\/efa971b4a0664db8ed5c22b1b0dd2f5d\"},\"headline\":\"JILOTEPEC CUENTA CON UN PRECANDIDATO DEL VERDE ENTRON Y QUE CONOCE CADA RINC\u00d3N DE SU MUNICIPIO\",\"datePublished\":\"2021-02-13T15:31:09+00:00\",\"dateModified\":\"2021-02-13T15:31:12+00:00\",\"mainEntityOfPage\":{\"@id\":\"https:\\\/\\\/expressometro.mx\\\/index.php\\\/2021\\\/02\\\/13\\\/jilotepec-cuenta-con-un-precandidato-del-verde-entron-y-que-conoce-cada-rincon-de-su-municipio\\\/\"},\"wordCount\":409,\"commentCount\":0,\"publisher\":{\"@id\":\"https:\\\/\\\/expressometro.mx\\\/#organization\"},\"image\":{\"@id\":\"https:\\\/\\\/expressometro.mx\\\/index.php\\\/2021\\\/02\\\/13\\\/jilotepec-cuenta-con-un-precandidato-del-verde-entron-y-que-conoce-cada-rincon-de-su-municipio\\\/#primaryimage\"},\"thumbnailUrl\":\"https:\\\/\\\/expressometro.mx\\\/wp-content\\\/uploads\\\/2021\\\/02\\\/WhatsApp-Image-2021-02-12-at-23.15.13.jpeg\",\"keywords\":[\"Carlos L\u00f3pez Imm\",\"Jilotepec\",\"Partido Verde\"],\"articleSection\":[\"Pol\u00edtica\"],\"inLanguage\":\"es\",\"potentialAction\":[{\"@type\":\"CommentAction\",\"name\":\"Comment\",\"target\":[\"https:\\\/\\\/expressometro.mx\\\/index.php\\\/2021\\\/02\\\/13\\\/jilotepec-cuenta-con-un-precandidato-del-verde-entron-y-que-conoce-cada-rincon-de-su-municipio\\\/#respond\"]}]},{\"@type\":\"WebPage\",\"@id\":\"https:\\\/\\\/expressometro.mx\\\/index.php\\\/2021\\\/02\\\/13\\\/jilotepec-cuenta-con-un-precandidato-del-verde-entron-y-que-conoce-cada-rincon-de-su-municipio\\\/\",\"url\":\"https:\\\/\\\/expressometro.mx\\\/index.php\\\/2021\\\/02\\\/13\\\/jilotepec-cuenta-con-un-precandidato-del-verde-entron-y-que-conoce-cada-rincon-de-su-municipio\\\/\",\"name\":\"JILOTEPEC CUENTA CON UN PRECANDIDATO DEL VERDE ENTRON Y QUE CONOCE CADA RINC\u00d3N DE SU MUNICIPIO - Expresso Metropolitano\",\"isPartOf\":{\"@id\":\"https:\\\/\\\/expressometro.mx\\\/#website\"},\"primaryImageOfPage\":{\"@id\":\"https:\\\/\\\/expressometro.mx\\\/index.php\\\/2021\\\/02\\\/13\\\/jilotepec-cuenta-con-un-precandidato-del-verde-entron-y-que-conoce-cada-rincon-de-su-municipio\\\/#primaryimage\"},\"image\":{\"@id\":\"https:\\\/\\\/expressometro.mx\\\/index.php\\\/2021\\\/02\\\/13\\\/jilotepec-cuenta-con-un-precandidato-del-verde-entron-y-que-conoce-cada-rincon-de-su-municipio\\\/#primaryimage\"},\"thumbnailUrl\":\"https:\\\/\\\/expressometro.mx\\\/wp-content\\\/uploads\\\/2021\\\/02\\\/WhatsApp-Image-2021-02-12-at-23.15.13.jpeg\",\"datePublished\":\"2021-02-13T15:31:09+00:00\",\"dateModified\":\"2021-02-13T15:31:12+00:00\",\"breadcrumb\":{\"@id\":\"https:\\\/\\\/expressometro.mx\\\/index.php\\\/2021\\\/02\\\/13\\\/jilotepec-cuenta-con-un-precandidato-del-verde-entron-y-que-conoce-cada-rincon-de-su-municipio\\\/#breadcrumb\"},\"inLanguage\":\"es\",\"potentialAction\":[{\"@type\":\"ReadAction\",\"target\":[\"https:\\\/\\\/expressometro.mx\\\/index.php\\\/2021\\\/02\\\/13\\\/jilotepec-cuenta-con-un-precandidato-del-verde-entron-y-que-conoce-cada-rincon-de-su-municipio\\\/\"]}]},{\"@type\":\"ImageObject\",\"inLanguage\":\"es\",\"@id\":\"https:\\\/\\\/expressometro.mx\\\/index.php\\\/2021\\\/02\\\/13\\\/jilotepec-cuenta-con-un-precandidato-del-verde-entron-y-que-conoce-cada-rincon-de-su-municipio\\\/#primaryimage\",\"url\":\"https:\\\/\\\/expressometro.mx\\\/wp-content\\\/uploads\\\/2021\\\/02\\\/WhatsApp-Image-2021-02-12-at-23.15.13.jpeg\",\"contentUrl\":\"https:\\\/\\\/expressometro.mx\\\/wp-content\\\/uploads\\\/2021\\\/02\\\/WhatsApp-Image-2021-02-12-at-23.15.13.jpeg\",\"width\":1272,\"height\":1280},{\"@type\":\"BreadcrumbList\",\"@id\":\"https:\\\/\\\/expressometro.mx\\\/index.php\\\/2021\\\/02\\\/13\\\/jilotepec-cuenta-con-un-precandidato-del-verde-entron-y-que-conoce-cada-rincon-de-su-municipio\\\/#breadcrumb\",\"itemListElement\":[{\"@type\":\"ListItem\",\"position\":1,\"name\":\"Inicio\",\"item\":\"https:\\\/\\\/expressometro.mx\\\/\"},{\"@type\":\"ListItem\",\"position\":2,\"name\":\"JILOTEPEC CUENTA CON UN PRECANDIDATO DEL VERDE ENTRON Y QUE CONOCE CADA RINC\u00d3N DE SU MUNICIPIO\"}]},{\"@type\":\"WebSite\",\"@id\":\"https:\\\/\\\/expressometro.mx\\\/#website\",\"url\":\"https:\\\/\\\/expressometro.mx\\\/\",\"name\":\"Expresso Metropolitano\",\"description\":\"Periodismo comprometido, informaci\u00f3n, investigaci\u00f3n y an\u00e1lisis\",\"publisher\":{\"@id\":\"https:\\\/\\\/expressometro.mx\\\/#organization\"},\"potentialAction\":[{\"@type\":\"SearchAction\",\"target\":{\"@type\":\"EntryPoint\",\"urlTemplate\":\"https:\\\/\\\/expressometro.mx\\\/?s={search_term_string}\"},\"query-input\":{\"@type\":\"PropertyValueSpecification\",\"valueRequired\":true,\"valueName\":\"search_term_string\"}}],\"inLanguage\":\"es\"},{\"@type\":\"Organization\",\"@id\":\"https:\\\/\\\/expressometro.mx\\\/#organization\",\"name\":\"Expresso Metropolitano\",\"url\":\"https:\\\/\\\/expressometro.mx\\\/\",\"logo\":{\"@type\":\"ImageObject\",\"inLanguage\":\"es\",\"@id\":\"https:\\\/\\\/expressometro.mx\\\/#\\\/schema\\\/logo\\\/image\\\/\",\"url\":\"https:\\\/\\\/expressometro.mx\\\/wp-content\\\/uploads\\\/2019\\\/07\\\/cropped-Logo-Expresso-Metropolitano-1-1.jpeg\",\"contentUrl\":\"https:\\\/\\\/expressometro.mx\\\/wp-content\\\/uploads\\\/2019\\\/07\\\/cropped-Logo-Expresso-Metropolitano-1-1.jpeg\",\"width\":290,\"height\":73,\"caption\":\"Expresso Metropolitano\"},\"image\":{\"@id\":\"https:\\\/\\\/expressometro.mx\\\/#\\\/schema\\\/logo\\\/image\\\/\"}},{\"@type\":\"Person\",\"@id\":\"https:\\\/\\\/expressometro.mx\\\/#\\\/schema\\\/person\\\/efa971b4a0664db8ed5c22b1b0dd2f5d\",\"name\":\"Expresso Metropolitano\",\"image\":{\"@type\":\"ImageObject\",\"inLanguage\":\"es\",\"@id\":\"https:\\\/\\\/secure.gravatar.com\\\/avatar\\\/a89f802b8de18c6952f223c88d3d106e9e3679839f4e25a02f4a6cc2ae6ba3b3?s=96&d=mm&r=g\",\"url\":\"https:\\\/\\\/secure.gravatar.com\\\/avatar\\\/a89f802b8de18c6952f223c88d3d106e9e3679839f4e25a02f4a6cc2ae6ba3b3?s=96&d=mm&r=g\",\"contentUrl\":\"https:\\\/\\\/secure.gravatar.com\\\/avatar\\\/a89f802b8de18c6952f223c88d3d106e9e3679839f4e25a02f4a6cc2ae6ba3b3?s=96&d=mm&r=g\",\"caption\":\"Expresso Metropolitano\"},\"url\":\"https:\\\/\\\/expressometro.mx\\\/index.php\\\/author\\\/diego\\\/\"}]}<\/script>\n<!-- \/ Yoast SEO plugin. -->","yoast_head_json":{"title":"JILOTEPEC CUENTA CON UN PRECANDIDATO DEL VERDE ENTRON Y QUE CONOCE CADA RINC\u00d3N DE SU MUNICIPIO - Expresso Metropolitano","robots":{"index":"index","follow":"follow","max-snippet":"max-snippet:-1","max-image-preview":"max-image-preview:large","max-video-preview":"max-video-preview:-1"},"canonical":"https:\/\/expressometro.mx\/index.php\/2021\/02\/13\/jilotepec-cuenta-con-un-precandidato-del-verde-entron-y-que-conoce-cada-rincon-de-su-municipio\/","og_locale":"es_MX","og_type":"article","og_title":"JILOTEPEC CUENTA CON UN PRECANDIDATO DEL VERDE ENTRON Y QUE CONOCE CADA RINC\u00d3N DE SU MUNICIPIO - Expresso Metropolitano","og_description":"Expuso que su participaci\u00f3n pol\u00edtica \u201ces de convicciones y cuando tenemos en mente las necesidades de los ciudadanos es m\u00e1s f\u00e1cil tomar decisiones\u201d.","og_url":"https:\/\/expressometro.mx\/index.php\/2021\/02\/13\/jilotepec-cuenta-con-un-precandidato-del-verde-entron-y-que-conoce-cada-rincon-de-su-municipio\/","og_site_name":"Expresso Metropolitano","article_published_time":"2021-02-13T15:31:09+00:00","article_modified_time":"2021-02-13T15:31:12+00:00","og_image":[{"width":1272,"height":1280,"url":"https:\/\/expressometro.mx\/wp-content\/uploads\/2021\/02\/WhatsApp-Image-2021-02-12-at-23.15.13.jpeg","type":"image\/jpeg"}],"author":"Expresso Metropolitano","twitter_misc":{"Escrito por":"Expresso Metropolitano","Tiempo de lectura":"2 minutos"},"schema":{"@context":"https:\/\/schema.org","@graph":[{"@type":"Article","@id":"https:\/\/expressometro.mx\/index.php\/2021\/02\/13\/jilotepec-cuenta-con-un-precandidato-del-verde-entron-y-que-conoce-cada-rincon-de-su-municipio\/#article","isPartOf":{"@id":"https:\/\/expressometro.mx\/index.php\/2021\/02\/13\/jilotepec-cuenta-con-un-precandidato-del-verde-entron-y-que-conoce-cada-rincon-de-su-municipio\/"},"author":{"name":"Expresso Metropolitano","@id":"https:\/\/expressometro.mx\/#\/schema\/person\/efa971b4a0664db8ed5c22b1b0dd2f5d"},"headline":"JILOTEPEC CUENTA CON UN PRECANDIDATO DEL VERDE ENTRON Y QUE CONOCE CADA RINC\u00d3N DE SU MUNICIPIO","datePublished":"2021-02-13T15:31:09+00:00","dateModified":"2021-02-13T15:31:12+00:00","mainEntityOfPage":{"@id":"https:\/\/expressometro.mx\/index.php\/2021\/02\/13\/jilotepec-cuenta-con-un-precandidato-del-verde-entron-y-que-conoce-cada-rincon-de-su-municipio\/"},"wordCount":409,"commentCount":0,"publisher":{"@id":"https:\/\/expressometro.mx\/#organization"},"image":{"@id":"https:\/\/expressometro.mx\/index.php\/2021\/02\/13\/jilotepec-cuenta-con-un-precandidato-del-verde-entron-y-que-conoce-cada-rincon-de-su-municipio\/#primaryimage"},"thumbnailUrl":"https:\/\/expressometro.mx\/wp-content\/uploads\/2021\/02\/WhatsApp-Image-2021-02-12-at-23.15.13.jpeg","keywords":["Carlos L\u00f3pez Imm","Jilotepec","Partido Verde"],"articleSection":["Pol\u00edtica"],"inLanguage":"es","potentialAction":[{"@type":"CommentAction","name":"Comment","target":["https:\/\/expressometro.mx\/index.php\/2021\/02\/13\/jilotepec-cuenta-con-un-precandidato-del-verde-entron-y-que-conoce-cada-rincon-de-su-municipio\/#respond"]}]},{"@type":"WebPage","@id":"https:\/\/expressometro.mx\/index.php\/2021\/02\/13\/jilotepec-cuenta-con-un-precandidato-del-verde-entron-y-que-conoce-cada-rincon-de-su-municipio\/","url":"https:\/\/expressometro.mx\/index.php\/2021\/02\/13\/jilotepec-cuenta-con-un-precandidato-del-verde-entron-y-que-conoce-cada-rincon-de-su-municipio\/","name":"JILOTEPEC CUENTA CON UN PRECANDIDATO DEL VERDE ENTRON Y QUE CONOCE CADA RINC\u00d3N DE SU MUNICIPIO - Expresso Metropolitano","isPartOf":{"@id":"https:\/\/expressometro.mx\/#website"},"primaryImageOfPage":{"@id":"https:\/\/expressometro.mx\/index.php\/2021\/02\/13\/jilotepec-cuenta-con-un-precandidato-del-verde-entron-y-que-conoce-cada-rincon-de-su-municipio\/#primaryimage"},"image":{"@id":"https:\/\/expressometro.mx\/index.php\/2021\/02\/13\/jilotepec-cuenta-con-un-precandidato-del-verde-entron-y-que-conoce-cada-rincon-de-su-municipio\/#primaryimage"},"thumbnailUrl":"https:\/\/expressometro.mx\/wp-content\/uploads\/2021\/02\/WhatsApp-Image-2021-02-12-at-23.15.13.jpeg","datePublished":"2021-02-13T15:31:09+00:00","dateModified":"2021-02-13T15:31:12+00:00","breadcrumb":{"@id":"https:\/\/expressometro.mx\/index.php\/2021\/02\/13\/jilotepec-cuenta-con-un-precandidato-del-verde-entron-y-que-conoce-cada-rincon-de-su-municipio\/#breadcrumb"},"inLanguage":"es","potentialAction":[{"@type":"ReadAction","target":["https:\/\/expressometro.mx\/index.php\/2021\/02\/13\/jilotepec-cuenta-con-un-precandidato-del-verde-entron-y-que-conoce-cada-rincon-de-su-municipio\/"]}]},{"@type":"ImageObject","inLanguage":"es","@id":"https:\/\/expressometro.mx\/index.php\/2021\/02\/13\/jilotepec-cuenta-con-un-precandidato-del-verde-entron-y-que-conoce-cada-rincon-de-su-municipio\/#primaryimage","url":"https:\/\/expressometro.mx\/wp-content\/uploads\/2021\/02\/WhatsApp-Image-2021-02-12-at-23.15.13.jpeg","contentUrl":"https:\/\/expressometro.mx\/wp-content\/uploads\/2021\/02\/WhatsApp-Image-2021-02-12-at-23.15.13.jpeg","width":1272,"height":1280},{"@type":"BreadcrumbList","@id":"https:\/\/expressometro.mx\/index.php\/2021\/02\/13\/jilotepec-cuenta-con-un-precandidato-del-verde-entron-y-que-conoce-cada-rincon-de-su-municipio\/#breadcrumb","itemListElement":[{"@type":"ListItem","position":1,"name":"Inicio","item":"https:\/\/expressometro.mx\/"},{"@type":"ListItem","position":2,"name":"JILOTEPEC CUENTA CON UN PRECANDIDATO DEL VERDE ENTRON Y QUE CONOCE CADA RINC\u00d3N DE SU MUNICIPIO"}]},{"@type":"WebSite","@id":"https:\/\/expressometro.mx\/#website","url":"https:\/\/expressometro.mx\/","name":"Expresso Metropolitano","description":"Periodismo comprometido, informaci\u00f3n, investigaci\u00f3n y an\u00e1lisis","publisher":{"@id":"https:\/\/expressometro.mx\/#organization"},"potentialAction":[{"@type":"SearchAction","target":{"@type":"EntryPoint","urlTemplate":"https:\/\/expressometro.mx\/?s={search_term_string}"},"query-input":{"@type":"PropertyValueSpecification","valueRequired":true,"valueName":"search_term_string"}}],"inLanguage":"es"},{"@type":"Organization","@id":"https:\/\/expressometro.mx\/#organization","name":"Expresso Metropolitano","url":"https:\/\/expressometro.mx\/","logo":{"@type":"ImageObject","inLanguage":"es","@id":"https:\/\/expressometro.mx\/#\/schema\/logo\/image\/","url":"https:\/\/expressometro.mx\/wp-content\/uploads\/2019\/07\/cropped-Logo-Expresso-Metropolitano-1-1.jpeg","contentUrl":"https:\/\/expressometro.mx\/wp-content\/uploads\/2019\/07\/cropped-Logo-Expresso-Metropolitano-1-1.jpeg","width":290,"height":73,"caption":"Expresso Metropolitano"},"image":{"@id":"https:\/\/expressometro.mx\/#\/schema\/logo\/image\/"}},{"@type":"Person","@id":"https:\/\/expressometro.mx\/#\/schema\/person\/efa971b4a0664db8ed5c22b1b0dd2f5d","name":"Expresso Metropolitano","image":{"@type":"ImageObject","inLanguage":"es","@id":"https:\/\/secure.gravatar.com\/avatar\/a89f802b8de18c6952f223c88d3d106e9e3679839f4e25a02f4a6cc2ae6ba3b3?s=96&d=mm&r=g","url":"https:\/\/secure.gravatar.com\/avatar\/a89f802b8de18c6952f223c88d3d106e9e3679839f4e25a02f4a6cc2ae6ba3b3?s=96&d=mm&r=g","contentUrl":"https:\/\/secure.gravatar.com\/avatar\/a89f802b8de18c6952f223c88d3d106e9e3679839f4e25a02f4a6cc2ae6ba3b3?s=96&d=mm&r=g","caption":"Expresso Metropolitano"},"url":"https:\/\/expressometro.mx\/index.php\/author\/diego\/"}]}},"amp_enabled":true,"_links":{"self":[{"href":"https:\/\/expressometro.mx\/index.php\/wp-json\/wp\/v2\/posts\/2265","targetHints":{"allow":["GET"]}}],"collection":[{"href":"https:\/\/expressometro.mx\/index.php\/wp-json\/wp\/v2\/posts"}],"about":[{"href":"https:\/\/expressometro.mx\/index.php\/wp-json\/wp\/v2\/types\/post"}],"author":[{"embeddable":true,"href":"https:\/\/expressometro.mx\/index.php\/wp-json\/wp\/v2\/users\/1"}],"replies":[{"embeddable":true,"href":"https:\/\/expressometro.mx\/index.php\/wp-json\/wp\/v2\/comments?post=2265"}],"version-history":[{"count":1,"href":"https:\/\/expressometro.mx\/index.php\/wp-json\/wp\/v2\/posts\/2265\/revisions"}],"predecessor-version":[{"id":2267,"href":"https:\/\/expressometro.mx\/index.php\/wp-json\/wp\/v2\/posts\/2265\/revisions\/2267"}],"wp:featuredmedia":[{"embeddable":true,"href":"https:\/\/expressometro.mx\/index.php\/wp-json\/wp\/v2\/media\/2266"}],"wp:attachment":[{"href":"https:\/\/expressometro.mx\/index.php\/wp-json\/wp\/v2\/media?parent=2265"}],"wp:term":[{"taxonomy":"category","embeddable":true,"href":"https:\/\/expressometro.mx\/index.php\/wp-json\/wp\/v2\/categories?post=2265"},{"taxonomy":"post_tag","embeddable":true,"href":"https:\/\/expressometro.mx\/index.php\/wp-json\/wp\/v2\/tags?post=2265"}],"curies":[{"name":"wp","href":"https:\/\/api.w.org\/{rel}","templated":true}]}}