{"id":2256,"date":"2021-02-11T22:26:07","date_gmt":"2021-02-12T04:26:07","guid":{"rendered":"http:\/\/expressometro.mx\/?p=2256"},"modified":"2021-02-11T22:26:11","modified_gmt":"2021-02-12T04:26:11","slug":"armando-la-transformacion-en-cuautitlan-izcalli","status":"publish","type":"post","link":"https:\/\/expressometro.mx\/index.php\/2021\/02\/11\/armando-la-transformacion-en-cuautitlan-izcalli\/","title":{"rendered":"ARMANDO LA TRANSFORMACI\u00d3N EN CUAUTITL\u00c1N IZCALLI"},"content":{"rendered":"\n<p>Armando Bautista G\u00f3mez inform\u00f3 a los vecinos de Cuautitl\u00e1n Izcalli que obtuvo el registro como Precandidato a Presidente Municipal Cuautitl\u00e1n Izcalli, por Morena y Partido del Trabajo.<\/p>\n\n\n\n<p>El diputado local dijo que la historia \u201cnos da la raz\u00f3n a los que hemos participado como agentes del cambio verdadero, dentro de los comit\u00e9s de Defensa del Petr\u00f3leo, impulsando el Gobierno Legitimo ante el fraude electoral de la derecha\u201d.<\/p>\n\n\n\n<p>Hoy nos encontramos en la construcci\u00f3n diaria de la Cuarta Transformaci\u00f3n encabezada por el Presidente de la Rep\u00fablica, Andr\u00e9s Manuel L\u00f3pez Obrador, dijo.<\/p>\n\n\n\n<p>\u201cPara mi ha sido un honor que me hayan designado durante estos a\u00f1os en cada una de esas etapas de lucha un lugar de responsabilidad para esas tareas en nuestro Cuautitl\u00e1n Izcalli, y es por eso que ante las intenciones de algunos actores pol\u00edticos que no han vivido esta lucha e inclusive la combatieron desde la derecha intentan encabezar el proyecto de la 4T en Cuautitl\u00e1n Izcalli\u201d, sentenci\u00f3.<\/p>\n\n\n\n<p>Dijo que por invitaci\u00f3n de compa\u00f1eros de lucha que militan en MORENA y en el PT decidi\u00f3 registrarse para poder ser Candidato a la Presidencia Municipal de la Coalici\u00f3n &#8220;Juntos Hacemos Historia&#8221;.<\/p>\n\n\n\n<p>Consider\u00f3 que tiene la experiencia, la preparaci\u00f3n pol\u00edtica y acad\u00e9mica, el trabajo, la \u00e9tica, el compromiso irreductible e irrenunciable de honestidad de la 4T con Cuautitlan Izcalli.<\/p>\n","protected":false},"excerpt":{"rendered":"<p>Hoy nos encontramos en la construcci\u00f3n diaria de la Cuarta Transformaci\u00f3n encabezada por el Presidente de la Rep\u00fablica, Andr\u00e9s Manuel L\u00f3pez Obrador, dijo.<\/p>\n","protected":false},"author":1,"featured_media":2257,"comment_status":"open","ping_status":"open","sticky":false,"template":"","format":"standard","meta":{"footnotes":""},"categories":[231],"tags":[98,97,96],"class_list":["post-2256","post","type-post","status-publish","format-standard","has-post-thumbnail","hentry","category-politica","tag-armando-bautista","tag-cuautitlan-izcalli","tag-pt"],"yoast_head":"<!-- This site is optimized with the Yoast SEO plugin v27.5 - https:\/\/yoast.com\/product\/yoast-seo-wordpress\/ -->\n<title>ARMANDO LA TRANSFORMACI\u00d3N EN CUAUTITL\u00c1N IZCALLI - Expresso Metropolitano<\/title>\n<meta name=\"robots\" content=\"index, follow, max-snippet:-1, max-image-preview:large, max-video-preview:-1\" \/>\n<link rel=\"canonical\" href=\"https:\/\/expressometro.mx\/index.php\/2021\/02\/11\/armando-la-transformacion-en-cuautitlan-izcalli\/\" \/>\n<meta property=\"og:locale\" content=\"es_MX\" \/>\n<meta property=\"og:type\" content=\"article\" \/>\n<meta property=\"og:title\" content=\"ARMANDO LA TRANSFORMACI\u00d3N EN CUAUTITL\u00c1N IZCALLI - Expresso Metropolitano\" \/>\n<meta property=\"og:description\" content=\"Hoy nos encontramos en la construcci\u00f3n diaria de la Cuarta Transformaci\u00f3n encabezada por el Presidente de la Rep\u00fablica, Andr\u00e9s Manuel L\u00f3pez Obrador, dijo.\" \/>\n<meta property=\"og:url\" content=\"https:\/\/expressometro.mx\/index.php\/2021\/02\/11\/armando-la-transformacion-en-cuautitlan-izcalli\/\" \/>\n<meta property=\"og:site_name\" content=\"Expresso Metropolitano\" \/>\n<meta property=\"article:published_time\" content=\"2021-02-12T04:26:07+00:00\" \/>\n<meta property=\"article:modified_time\" content=\"2021-02-12T04:26:11+00:00\" \/>\n<meta property=\"og:image\" content=\"https:\/\/expressometro.mx\/wp-content\/uploads\/2021\/02\/WhatsApp-Image-2021-02-11-at-17.35.17.jpeg\" \/>\n\t<meta property=\"og:image:width\" content=\"1280\" \/>\n\t<meta property=\"og:image:height\" content=\"933\" \/>\n\t<meta property=\"og:image:type\" content=\"image\/jpeg\" \/>\n<meta name=\"author\" content=\"Expresso Metropolitano\" \/>\n<meta name=\"twitter:label1\" content=\"Escrito por\" \/>\n\t<meta name=\"twitter:data1\" content=\"Expresso Metropolitano\" \/>\n\t<meta name=\"twitter:label2\" content=\"Tiempo de lectura\" \/>\n\t<meta name=\"twitter:data2\" content=\"1 minuto\" \/>\n<script type=\"application\/ld+json\" class=\"yoast-schema-graph\">{\"@context\":\"https:\\\/\\\/schema.org\",\"@graph\":[{\"@type\":\"Article\",\"@id\":\"https:\\\/\\\/expressometro.mx\\\/index.php\\\/2021\\\/02\\\/11\\\/armando-la-transformacion-en-cuautitlan-izcalli\\\/#article\",\"isPartOf\":{\"@id\":\"https:\\\/\\\/expressometro.mx\\\/index.php\\\/2021\\\/02\\\/11\\\/armando-la-transformacion-en-cuautitlan-izcalli\\\/\"},\"author\":{\"name\":\"Expresso Metropolitano\",\"@id\":\"https:\\\/\\\/expressometro.mx\\\/#\\\/schema\\\/person\\\/efa971b4a0664db8ed5c22b1b0dd2f5d\"},\"headline\":\"ARMANDO LA TRANSFORMACI\u00d3N EN CUAUTITL\u00c1N IZCALLI\",\"datePublished\":\"2021-02-12T04:26:07+00:00\",\"dateModified\":\"2021-02-12T04:26:11+00:00\",\"mainEntityOfPage\":{\"@id\":\"https:\\\/\\\/expressometro.mx\\\/index.php\\\/2021\\\/02\\\/11\\\/armando-la-transformacion-en-cuautitlan-izcalli\\\/\"},\"wordCount\":246,\"commentCount\":0,\"publisher\":{\"@id\":\"https:\\\/\\\/expressometro.mx\\\/#organization\"},\"image\":{\"@id\":\"https:\\\/\\\/expressometro.mx\\\/index.php\\\/2021\\\/02\\\/11\\\/armando-la-transformacion-en-cuautitlan-izcalli\\\/#primaryimage\"},\"thumbnailUrl\":\"https:\\\/\\\/expressometro.mx\\\/wp-content\\\/uploads\\\/2021\\\/02\\\/WhatsApp-Image-2021-02-11-at-17.35.17.jpeg\",\"keywords\":[\"Armando Bautista\",\"Cuautitl\u00e1n Izcalli\",\"PT\"],\"articleSection\":[\"Pol\u00edtica\"],\"inLanguage\":\"es\",\"potentialAction\":[{\"@type\":\"CommentAction\",\"name\":\"Comment\",\"target\":[\"https:\\\/\\\/expressometro.mx\\\/index.php\\\/2021\\\/02\\\/11\\\/armando-la-transformacion-en-cuautitlan-izcalli\\\/#respond\"]}]},{\"@type\":\"WebPage\",\"@id\":\"https:\\\/\\\/expressometro.mx\\\/index.php\\\/2021\\\/02\\\/11\\\/armando-la-transformacion-en-cuautitlan-izcalli\\\/\",\"url\":\"https:\\\/\\\/expressometro.mx\\\/index.php\\\/2021\\\/02\\\/11\\\/armando-la-transformacion-en-cuautitlan-izcalli\\\/\",\"name\":\"ARMANDO LA TRANSFORMACI\u00d3N EN CUAUTITL\u00c1N IZCALLI - Expresso Metropolitano\",\"isPartOf\":{\"@id\":\"https:\\\/\\\/expressometro.mx\\\/#website\"},\"primaryImageOfPage\":{\"@id\":\"https:\\\/\\\/expressometro.mx\\\/index.php\\\/2021\\\/02\\\/11\\\/armando-la-transformacion-en-cuautitlan-izcalli\\\/#primaryimage\"},\"image\":{\"@id\":\"https:\\\/\\\/expressometro.mx\\\/index.php\\\/2021\\\/02\\\/11\\\/armando-la-transformacion-en-cuautitlan-izcalli\\\/#primaryimage\"},\"thumbnailUrl\":\"https:\\\/\\\/expressometro.mx\\\/wp-content\\\/uploads\\\/2021\\\/02\\\/WhatsApp-Image-2021-02-11-at-17.35.17.jpeg\",\"datePublished\":\"2021-02-12T04:26:07+00:00\",\"dateModified\":\"2021-02-12T04:26:11+00:00\",\"breadcrumb\":{\"@id\":\"https:\\\/\\\/expressometro.mx\\\/index.php\\\/2021\\\/02\\\/11\\\/armando-la-transformacion-en-cuautitlan-izcalli\\\/#breadcrumb\"},\"inLanguage\":\"es\",\"potentialAction\":[{\"@type\":\"ReadAction\",\"target\":[\"https:\\\/\\\/expressometro.mx\\\/index.php\\\/2021\\\/02\\\/11\\\/armando-la-transformacion-en-cuautitlan-izcalli\\\/\"]}]},{\"@type\":\"ImageObject\",\"inLanguage\":\"es\",\"@id\":\"https:\\\/\\\/expressometro.mx\\\/index.php\\\/2021\\\/02\\\/11\\\/armando-la-transformacion-en-cuautitlan-izcalli\\\/#primaryimage\",\"url\":\"https:\\\/\\\/expressometro.mx\\\/wp-content\\\/uploads\\\/2021\\\/02\\\/WhatsApp-Image-2021-02-11-at-17.35.17.jpeg\",\"contentUrl\":\"https:\\\/\\\/expressometro.mx\\\/wp-content\\\/uploads\\\/2021\\\/02\\\/WhatsApp-Image-2021-02-11-at-17.35.17.jpeg\",\"width\":1280,\"height\":933},{\"@type\":\"BreadcrumbList\",\"@id\":\"https:\\\/\\\/expressometro.mx\\\/index.php\\\/2021\\\/02\\\/11\\\/armando-la-transformacion-en-cuautitlan-izcalli\\\/#breadcrumb\",\"itemListElement\":[{\"@type\":\"ListItem\",\"position\":1,\"name\":\"Inicio\",\"item\":\"https:\\\/\\\/expressometro.mx\\\/\"},{\"@type\":\"ListItem\",\"position\":2,\"name\":\"ARMANDO LA TRANSFORMACI\u00d3N EN CUAUTITL\u00c1N IZCALLI\"}]},{\"@type\":\"WebSite\",\"@id\":\"https:\\\/\\\/expressometro.mx\\\/#website\",\"url\":\"https:\\\/\\\/expressometro.mx\\\/\",\"name\":\"Expresso Metropolitano\",\"description\":\"Periodismo comprometido, informaci\u00f3n, investigaci\u00f3n y an\u00e1lisis\",\"publisher\":{\"@id\":\"https:\\\/\\\/expressometro.mx\\\/#organization\"},\"potentialAction\":[{\"@type\":\"SearchAction\",\"target\":{\"@type\":\"EntryPoint\",\"urlTemplate\":\"https:\\\/\\\/expressometro.mx\\\/?s={search_term_string}\"},\"query-input\":{\"@type\":\"PropertyValueSpecification\",\"valueRequired\":true,\"valueName\":\"search_term_string\"}}],\"inLanguage\":\"es\"},{\"@type\":\"Organization\",\"@id\":\"https:\\\/\\\/expressometro.mx\\\/#organization\",\"name\":\"Expresso Metropolitano\",\"url\":\"https:\\\/\\\/expressometro.mx\\\/\",\"logo\":{\"@type\":\"ImageObject\",\"inLanguage\":\"es\",\"@id\":\"https:\\\/\\\/expressometro.mx\\\/#\\\/schema\\\/logo\\\/image\\\/\",\"url\":\"https:\\\/\\\/expressometro.mx\\\/wp-content\\\/uploads\\\/2019\\\/07\\\/cropped-Logo-Expresso-Metropolitano-1-1.jpeg\",\"contentUrl\":\"https:\\\/\\\/expressometro.mx\\\/wp-content\\\/uploads\\\/2019\\\/07\\\/cropped-Logo-Expresso-Metropolitano-1-1.jpeg\",\"width\":290,\"height\":73,\"caption\":\"Expresso Metropolitano\"},\"image\":{\"@id\":\"https:\\\/\\\/expressometro.mx\\\/#\\\/schema\\\/logo\\\/image\\\/\"}},{\"@type\":\"Person\",\"@id\":\"https:\\\/\\\/expressometro.mx\\\/#\\\/schema\\\/person\\\/efa971b4a0664db8ed5c22b1b0dd2f5d\",\"name\":\"Expresso Metropolitano\",\"image\":{\"@type\":\"ImageObject\",\"inLanguage\":\"es\",\"@id\":\"https:\\\/\\\/secure.gravatar.com\\\/avatar\\\/a89f802b8de18c6952f223c88d3d106e9e3679839f4e25a02f4a6cc2ae6ba3b3?s=96&d=mm&r=g\",\"url\":\"https:\\\/\\\/secure.gravatar.com\\\/avatar\\\/a89f802b8de18c6952f223c88d3d106e9e3679839f4e25a02f4a6cc2ae6ba3b3?s=96&d=mm&r=g\",\"contentUrl\":\"https:\\\/\\\/secure.gravatar.com\\\/avatar\\\/a89f802b8de18c6952f223c88d3d106e9e3679839f4e25a02f4a6cc2ae6ba3b3?s=96&d=mm&r=g\",\"caption\":\"Expresso Metropolitano\"},\"url\":\"https:\\\/\\\/expressometro.mx\\\/index.php\\\/author\\\/diego\\\/\"}]}<\/script>\n<!-- \/ Yoast SEO plugin. -->","yoast_head_json":{"title":"ARMANDO LA TRANSFORMACI\u00d3N EN CUAUTITL\u00c1N IZCALLI - Expresso Metropolitano","robots":{"index":"index","follow":"follow","max-snippet":"max-snippet:-1","max-image-preview":"max-image-preview:large","max-video-preview":"max-video-preview:-1"},"canonical":"https:\/\/expressometro.mx\/index.php\/2021\/02\/11\/armando-la-transformacion-en-cuautitlan-izcalli\/","og_locale":"es_MX","og_type":"article","og_title":"ARMANDO LA TRANSFORMACI\u00d3N EN CUAUTITL\u00c1N IZCALLI - Expresso Metropolitano","og_description":"Hoy nos encontramos en la construcci\u00f3n diaria de la Cuarta Transformaci\u00f3n encabezada por el Presidente de la Rep\u00fablica, Andr\u00e9s Manuel L\u00f3pez Obrador, dijo.","og_url":"https:\/\/expressometro.mx\/index.php\/2021\/02\/11\/armando-la-transformacion-en-cuautitlan-izcalli\/","og_site_name":"Expresso Metropolitano","article_published_time":"2021-02-12T04:26:07+00:00","article_modified_time":"2021-02-12T04:26:11+00:00","og_image":[{"width":1280,"height":933,"url":"https:\/\/expressometro.mx\/wp-content\/uploads\/2021\/02\/WhatsApp-Image-2021-02-11-at-17.35.17.jpeg","type":"image\/jpeg"}],"author":"Expresso Metropolitano","twitter_misc":{"Escrito por":"Expresso Metropolitano","Tiempo de lectura":"1 minuto"},"schema":{"@context":"https:\/\/schema.org","@graph":[{"@type":"Article","@id":"https:\/\/expressometro.mx\/index.php\/2021\/02\/11\/armando-la-transformacion-en-cuautitlan-izcalli\/#article","isPartOf":{"@id":"https:\/\/expressometro.mx\/index.php\/2021\/02\/11\/armando-la-transformacion-en-cuautitlan-izcalli\/"},"author":{"name":"Expresso Metropolitano","@id":"https:\/\/expressometro.mx\/#\/schema\/person\/efa971b4a0664db8ed5c22b1b0dd2f5d"},"headline":"ARMANDO LA TRANSFORMACI\u00d3N EN CUAUTITL\u00c1N IZCALLI","datePublished":"2021-02-12T04:26:07+00:00","dateModified":"2021-02-12T04:26:11+00:00","mainEntityOfPage":{"@id":"https:\/\/expressometro.mx\/index.php\/2021\/02\/11\/armando-la-transformacion-en-cuautitlan-izcalli\/"},"wordCount":246,"commentCount":0,"publisher":{"@id":"https:\/\/expressometro.mx\/#organization"},"image":{"@id":"https:\/\/expressometro.mx\/index.php\/2021\/02\/11\/armando-la-transformacion-en-cuautitlan-izcalli\/#primaryimage"},"thumbnailUrl":"https:\/\/expressometro.mx\/wp-content\/uploads\/2021\/02\/WhatsApp-Image-2021-02-11-at-17.35.17.jpeg","keywords":["Armando Bautista","Cuautitl\u00e1n Izcalli","PT"],"articleSection":["Pol\u00edtica"],"inLanguage":"es","potentialAction":[{"@type":"CommentAction","name":"Comment","target":["https:\/\/expressometro.mx\/index.php\/2021\/02\/11\/armando-la-transformacion-en-cuautitlan-izcalli\/#respond"]}]},{"@type":"WebPage","@id":"https:\/\/expressometro.mx\/index.php\/2021\/02\/11\/armando-la-transformacion-en-cuautitlan-izcalli\/","url":"https:\/\/expressometro.mx\/index.php\/2021\/02\/11\/armando-la-transformacion-en-cuautitlan-izcalli\/","name":"ARMANDO LA TRANSFORMACI\u00d3N EN CUAUTITL\u00c1N IZCALLI - Expresso Metropolitano","isPartOf":{"@id":"https:\/\/expressometro.mx\/#website"},"primaryImageOfPage":{"@id":"https:\/\/expressometro.mx\/index.php\/2021\/02\/11\/armando-la-transformacion-en-cuautitlan-izcalli\/#primaryimage"},"image":{"@id":"https:\/\/expressometro.mx\/index.php\/2021\/02\/11\/armando-la-transformacion-en-cuautitlan-izcalli\/#primaryimage"},"thumbnailUrl":"https:\/\/expressometro.mx\/wp-content\/uploads\/2021\/02\/WhatsApp-Image-2021-02-11-at-17.35.17.jpeg","datePublished":"2021-02-12T04:26:07+00:00","dateModified":"2021-02-12T04:26:11+00:00","breadcrumb":{"@id":"https:\/\/expressometro.mx\/index.php\/2021\/02\/11\/armando-la-transformacion-en-cuautitlan-izcalli\/#breadcrumb"},"inLanguage":"es","potentialAction":[{"@type":"ReadAction","target":["https:\/\/expressometro.mx\/index.php\/2021\/02\/11\/armando-la-transformacion-en-cuautitlan-izcalli\/"]}]},{"@type":"ImageObject","inLanguage":"es","@id":"https:\/\/expressometro.mx\/index.php\/2021\/02\/11\/armando-la-transformacion-en-cuautitlan-izcalli\/#primaryimage","url":"https:\/\/expressometro.mx\/wp-content\/uploads\/2021\/02\/WhatsApp-Image-2021-02-11-at-17.35.17.jpeg","contentUrl":"https:\/\/expressometro.mx\/wp-content\/uploads\/2021\/02\/WhatsApp-Image-2021-02-11-at-17.35.17.jpeg","width":1280,"height":933},{"@type":"BreadcrumbList","@id":"https:\/\/expressometro.mx\/index.php\/2021\/02\/11\/armando-la-transformacion-en-cuautitlan-izcalli\/#breadcrumb","itemListElement":[{"@type":"ListItem","position":1,"name":"Inicio","item":"https:\/\/expressometro.mx\/"},{"@type":"ListItem","position":2,"name":"ARMANDO LA TRANSFORMACI\u00d3N EN CUAUTITL\u00c1N IZCALLI"}]},{"@type":"WebSite","@id":"https:\/\/expressometro.mx\/#website","url":"https:\/\/expressometro.mx\/","name":"Expresso Metropolitano","description":"Periodismo comprometido, informaci\u00f3n, investigaci\u00f3n y an\u00e1lisis","publisher":{"@id":"https:\/\/expressometro.mx\/#organization"},"potentialAction":[{"@type":"SearchAction","target":{"@type":"EntryPoint","urlTemplate":"https:\/\/expressometro.mx\/?s={search_term_string}"},"query-input":{"@type":"PropertyValueSpecification","valueRequired":true,"valueName":"search_term_string"}}],"inLanguage":"es"},{"@type":"Organization","@id":"https:\/\/expressometro.mx\/#organization","name":"Expresso Metropolitano","url":"https:\/\/expressometro.mx\/","logo":{"@type":"ImageObject","inLanguage":"es","@id":"https:\/\/expressometro.mx\/#\/schema\/logo\/image\/","url":"https:\/\/expressometro.mx\/wp-content\/uploads\/2019\/07\/cropped-Logo-Expresso-Metropolitano-1-1.jpeg","contentUrl":"https:\/\/expressometro.mx\/wp-content\/uploads\/2019\/07\/cropped-Logo-Expresso-Metropolitano-1-1.jpeg","width":290,"height":73,"caption":"Expresso Metropolitano"},"image":{"@id":"https:\/\/expressometro.mx\/#\/schema\/logo\/image\/"}},{"@type":"Person","@id":"https:\/\/expressometro.mx\/#\/schema\/person\/efa971b4a0664db8ed5c22b1b0dd2f5d","name":"Expresso Metropolitano","image":{"@type":"ImageObject","inLanguage":"es","@id":"https:\/\/secure.gravatar.com\/avatar\/a89f802b8de18c6952f223c88d3d106e9e3679839f4e25a02f4a6cc2ae6ba3b3?s=96&d=mm&r=g","url":"https:\/\/secure.gravatar.com\/avatar\/a89f802b8de18c6952f223c88d3d106e9e3679839f4e25a02f4a6cc2ae6ba3b3?s=96&d=mm&r=g","contentUrl":"https:\/\/secure.gravatar.com\/avatar\/a89f802b8de18c6952f223c88d3d106e9e3679839f4e25a02f4a6cc2ae6ba3b3?s=96&d=mm&r=g","caption":"Expresso Metropolitano"},"url":"https:\/\/expressometro.mx\/index.php\/author\/diego\/"}]}},"amp_enabled":true,"_links":{"self":[{"href":"https:\/\/expressometro.mx\/index.php\/wp-json\/wp\/v2\/posts\/2256","targetHints":{"allow":["GET"]}}],"collection":[{"href":"https:\/\/expressometro.mx\/index.php\/wp-json\/wp\/v2\/posts"}],"about":[{"href":"https:\/\/expressometro.mx\/index.php\/wp-json\/wp\/v2\/types\/post"}],"author":[{"embeddable":true,"href":"https:\/\/expressometro.mx\/index.php\/wp-json\/wp\/v2\/users\/1"}],"replies":[{"embeddable":true,"href":"https:\/\/expressometro.mx\/index.php\/wp-json\/wp\/v2\/comments?post=2256"}],"version-history":[{"count":1,"href":"https:\/\/expressometro.mx\/index.php\/wp-json\/wp\/v2\/posts\/2256\/revisions"}],"predecessor-version":[{"id":2258,"href":"https:\/\/expressometro.mx\/index.php\/wp-json\/wp\/v2\/posts\/2256\/revisions\/2258"}],"wp:featuredmedia":[{"embeddable":true,"href":"https:\/\/expressometro.mx\/index.php\/wp-json\/wp\/v2\/media\/2257"}],"wp:attachment":[{"href":"https:\/\/expressometro.mx\/index.php\/wp-json\/wp\/v2\/media?parent=2256"}],"wp:term":[{"taxonomy":"category","embeddable":true,"href":"https:\/\/expressometro.mx\/index.php\/wp-json\/wp\/v2\/categories?post=2256"},{"taxonomy":"post_tag","embeddable":true,"href":"https:\/\/expressometro.mx\/index.php\/wp-json\/wp\/v2\/tags?post=2256"}],"curies":[{"name":"wp","href":"https:\/\/api.w.org\/{rel}","templated":true}]}}