{"id":2228,"date":"2021-02-08T15:26:54","date_gmt":"2021-02-08T21:26:54","guid":{"rendered":"http:\/\/expressometro.mx\/?p=2228"},"modified":"2021-02-08T15:26:58","modified_gmt":"2021-02-08T21:26:58","slug":"presento-arturo-chavarria-iniciativa-de-reforma-a-la-ley-organica-municipal","status":"publish","type":"post","link":"https:\/\/expressometro.mx\/index.php\/2021\/02\/08\/presento-arturo-chavarria-iniciativa-de-reforma-a-la-ley-organica-municipal\/","title":{"rendered":"PRESENT\u00d3 ARTURO CHAVARR\u00cdA INICIATIVA DE REFORMA A LA LEY ORG\u00c1NICA MUNICIPAL"},"content":{"rendered":"\n<p>En su calidad de cuarto regidor del Ayuntamiento de Toluca, Arturo Chavarr\u00eda S\u00e1nchez, entreg\u00f3 al Congreso una iniciativa de reformas a la Ley Org\u00e1nica Municipal.<\/p>\n\n\n\n<p>El documento entregado en la sede del Poder Legislativo contiene la propuesta de otorgar mayores facultades a los regidores, plasmar la soberan\u00eda municipal y lograr un manejo m\u00e1s transparente de los recursos p\u00fablicos.<\/p>\n\n\n\n<p>La iniciativa contempla adiciones al art\u00edculo 41 y reformas a los art\u00edculos 46, 48, 55, el 68 y 69 de la Ley Org\u00e1nica Municipal del Estado de M\u00e9xico, mediante el cual se busca una reforma de fondo al Sistema Jur\u00eddico mexicano.<\/p>\n\n\n\n<p>Chavarr\u00eda S\u00e1nchez detall\u00f3 que su propuesta establece que los regidores puedan contar con una copia de los informes que se dan mensualmente al \u00d3rgano Superior de Fiscalizaci\u00f3n, con el fin de fortalecer la vigilancia en el manejo de los recursos.<\/p>\n\n\n\n<p>A las afueras del Congreso, declar\u00f3 que estas modificaciones pretenden la participaci\u00f3n y mayor responsabilidad de los regidores, para que observen los programas que se est\u00e1n autorizando a nivel federal, estatal y municipal.<\/p>\n\n\n\n<p>A ra\u00edz de d\u00e9cadas de retraso que se registran con anteriores gobiernos, es necesario transparentar el manejo de los recursos p\u00fablico y que se apliquen como debe hacerse.<\/p>\n\n\n\n<p>\u201cEl prop\u00f3sito es atacar de fondo el saqueo silencioso, sistem\u00e1tico y corrupto que hacen en los Ayuntamientos a trav\u00e9s de una sola figura, y los regidores muy pocas veces participan en una revisi\u00f3n, en una auditor\u00eda o que te haga caso el \u00f3rgano Superior de Fiscalizaci\u00f3n, o la fiscal\u00eda\u201d, puntualiz\u00f3.<\/p>\n","protected":false},"excerpt":{"rendered":"<p>La iniciativa contempla adiciones al art\u00edculo 41 y reformas a los art\u00edculos 46, 48, 55, el 68 y 69 de la Ley Org\u00e1nica Municipal del Estado de M\u00e9xico, mediante el cual se busca una reforma de fondo al Sistema Jur\u00eddico mexicano.<\/p>\n","protected":false},"author":1,"featured_media":2229,"comment_status":"open","ping_status":"open","sticky":false,"template":"","format":"standard","meta":{"footnotes":""},"categories":[231],"tags":[247],"class_list":["post-2228","post","type-post","status-publish","format-standard","has-post-thumbnail","hentry","category-politica","tag-arturo-chavarria"],"yoast_head":"<!-- This site is optimized with the Yoast SEO plugin v27.5 - https:\/\/yoast.com\/product\/yoast-seo-wordpress\/ -->\n<title>PRESENT\u00d3 ARTURO CHAVARR\u00cdA INICIATIVA DE REFORMA A LA LEY ORG\u00c1NICA MUNICIPAL - Expresso Metropolitano<\/title>\n<meta name=\"robots\" content=\"index, follow, max-snippet:-1, max-image-preview:large, max-video-preview:-1\" \/>\n<link rel=\"canonical\" href=\"https:\/\/expressometro.mx\/index.php\/2021\/02\/08\/presento-arturo-chavarria-iniciativa-de-reforma-a-la-ley-organica-municipal\/\" \/>\n<meta property=\"og:locale\" content=\"es_MX\" \/>\n<meta property=\"og:type\" content=\"article\" \/>\n<meta property=\"og:title\" content=\"PRESENT\u00d3 ARTURO CHAVARR\u00cdA INICIATIVA DE REFORMA A LA LEY ORG\u00c1NICA MUNICIPAL - Expresso Metropolitano\" \/>\n<meta property=\"og:description\" content=\"La iniciativa contempla adiciones al art\u00edculo 41 y reformas a los art\u00edculos 46, 48, 55, el 68 y 69 de la Ley Org\u00e1nica Municipal del Estado de M\u00e9xico, mediante el cual se busca una reforma de fondo al Sistema Jur\u00eddico mexicano.\" \/>\n<meta property=\"og:url\" content=\"https:\/\/expressometro.mx\/index.php\/2021\/02\/08\/presento-arturo-chavarria-iniciativa-de-reforma-a-la-ley-organica-municipal\/\" \/>\n<meta property=\"og:site_name\" content=\"Expresso Metropolitano\" \/>\n<meta property=\"article:published_time\" content=\"2021-02-08T21:26:54+00:00\" \/>\n<meta property=\"article:modified_time\" content=\"2021-02-08T21:26:58+00:00\" \/>\n<meta property=\"og:image\" content=\"https:\/\/expressometro.mx\/wp-content\/uploads\/2021\/02\/WhatsApp-Image-2021-02-07-at-22.30.17.jpeg\" \/>\n\t<meta property=\"og:image:width\" content=\"960\" \/>\n\t<meta property=\"og:image:height\" content=\"720\" \/>\n\t<meta property=\"og:image:type\" content=\"image\/jpeg\" \/>\n<meta name=\"author\" content=\"Expresso Metropolitano\" \/>\n<meta name=\"twitter:label1\" content=\"Escrito por\" \/>\n\t<meta name=\"twitter:data1\" content=\"Expresso Metropolitano\" \/>\n\t<meta name=\"twitter:label2\" content=\"Tiempo de lectura\" \/>\n\t<meta name=\"twitter:data2\" content=\"2 minutos\" \/>\n<script type=\"application\/ld+json\" class=\"yoast-schema-graph\">{\"@context\":\"https:\\\/\\\/schema.org\",\"@graph\":[{\"@type\":\"Article\",\"@id\":\"https:\\\/\\\/expressometro.mx\\\/index.php\\\/2021\\\/02\\\/08\\\/presento-arturo-chavarria-iniciativa-de-reforma-a-la-ley-organica-municipal\\\/#article\",\"isPartOf\":{\"@id\":\"https:\\\/\\\/expressometro.mx\\\/index.php\\\/2021\\\/02\\\/08\\\/presento-arturo-chavarria-iniciativa-de-reforma-a-la-ley-organica-municipal\\\/\"},\"author\":{\"name\":\"Expresso Metropolitano\",\"@id\":\"https:\\\/\\\/expressometro.mx\\\/#\\\/schema\\\/person\\\/efa971b4a0664db8ed5c22b1b0dd2f5d\"},\"headline\":\"PRESENT\u00d3 ARTURO CHAVARR\u00cdA INICIATIVA DE REFORMA A LA LEY ORG\u00c1NICA MUNICIPAL\",\"datePublished\":\"2021-02-08T21:26:54+00:00\",\"dateModified\":\"2021-02-08T21:26:58+00:00\",\"mainEntityOfPage\":{\"@id\":\"https:\\\/\\\/expressometro.mx\\\/index.php\\\/2021\\\/02\\\/08\\\/presento-arturo-chavarria-iniciativa-de-reforma-a-la-ley-organica-municipal\\\/\"},\"wordCount\":283,\"commentCount\":0,\"publisher\":{\"@id\":\"https:\\\/\\\/expressometro.mx\\\/#organization\"},\"image\":{\"@id\":\"https:\\\/\\\/expressometro.mx\\\/index.php\\\/2021\\\/02\\\/08\\\/presento-arturo-chavarria-iniciativa-de-reforma-a-la-ley-organica-municipal\\\/#primaryimage\"},\"thumbnailUrl\":\"https:\\\/\\\/expressometro.mx\\\/wp-content\\\/uploads\\\/2021\\\/02\\\/WhatsApp-Image-2021-02-07-at-22.30.17.jpeg\",\"keywords\":[\"Arturo Chavarr\u00eda\"],\"articleSection\":[\"Pol\u00edtica\"],\"inLanguage\":\"es\",\"potentialAction\":[{\"@type\":\"CommentAction\",\"name\":\"Comment\",\"target\":[\"https:\\\/\\\/expressometro.mx\\\/index.php\\\/2021\\\/02\\\/08\\\/presento-arturo-chavarria-iniciativa-de-reforma-a-la-ley-organica-municipal\\\/#respond\"]}]},{\"@type\":\"WebPage\",\"@id\":\"https:\\\/\\\/expressometro.mx\\\/index.php\\\/2021\\\/02\\\/08\\\/presento-arturo-chavarria-iniciativa-de-reforma-a-la-ley-organica-municipal\\\/\",\"url\":\"https:\\\/\\\/expressometro.mx\\\/index.php\\\/2021\\\/02\\\/08\\\/presento-arturo-chavarria-iniciativa-de-reforma-a-la-ley-organica-municipal\\\/\",\"name\":\"PRESENT\u00d3 ARTURO CHAVARR\u00cdA INICIATIVA DE REFORMA A LA LEY ORG\u00c1NICA MUNICIPAL - Expresso Metropolitano\",\"isPartOf\":{\"@id\":\"https:\\\/\\\/expressometro.mx\\\/#website\"},\"primaryImageOfPage\":{\"@id\":\"https:\\\/\\\/expressometro.mx\\\/index.php\\\/2021\\\/02\\\/08\\\/presento-arturo-chavarria-iniciativa-de-reforma-a-la-ley-organica-municipal\\\/#primaryimage\"},\"image\":{\"@id\":\"https:\\\/\\\/expressometro.mx\\\/index.php\\\/2021\\\/02\\\/08\\\/presento-arturo-chavarria-iniciativa-de-reforma-a-la-ley-organica-municipal\\\/#primaryimage\"},\"thumbnailUrl\":\"https:\\\/\\\/expressometro.mx\\\/wp-content\\\/uploads\\\/2021\\\/02\\\/WhatsApp-Image-2021-02-07-at-22.30.17.jpeg\",\"datePublished\":\"2021-02-08T21:26:54+00:00\",\"dateModified\":\"2021-02-08T21:26:58+00:00\",\"breadcrumb\":{\"@id\":\"https:\\\/\\\/expressometro.mx\\\/index.php\\\/2021\\\/02\\\/08\\\/presento-arturo-chavarria-iniciativa-de-reforma-a-la-ley-organica-municipal\\\/#breadcrumb\"},\"inLanguage\":\"es\",\"potentialAction\":[{\"@type\":\"ReadAction\",\"target\":[\"https:\\\/\\\/expressometro.mx\\\/index.php\\\/2021\\\/02\\\/08\\\/presento-arturo-chavarria-iniciativa-de-reforma-a-la-ley-organica-municipal\\\/\"]}]},{\"@type\":\"ImageObject\",\"inLanguage\":\"es\",\"@id\":\"https:\\\/\\\/expressometro.mx\\\/index.php\\\/2021\\\/02\\\/08\\\/presento-arturo-chavarria-iniciativa-de-reforma-a-la-ley-organica-municipal\\\/#primaryimage\",\"url\":\"https:\\\/\\\/expressometro.mx\\\/wp-content\\\/uploads\\\/2021\\\/02\\\/WhatsApp-Image-2021-02-07-at-22.30.17.jpeg\",\"contentUrl\":\"https:\\\/\\\/expressometro.mx\\\/wp-content\\\/uploads\\\/2021\\\/02\\\/WhatsApp-Image-2021-02-07-at-22.30.17.jpeg\",\"width\":960,\"height\":720},{\"@type\":\"BreadcrumbList\",\"@id\":\"https:\\\/\\\/expressometro.mx\\\/index.php\\\/2021\\\/02\\\/08\\\/presento-arturo-chavarria-iniciativa-de-reforma-a-la-ley-organica-municipal\\\/#breadcrumb\",\"itemListElement\":[{\"@type\":\"ListItem\",\"position\":1,\"name\":\"Inicio\",\"item\":\"https:\\\/\\\/expressometro.mx\\\/\"},{\"@type\":\"ListItem\",\"position\":2,\"name\":\"PRESENT\u00d3 ARTURO CHAVARR\u00cdA INICIATIVA DE REFORMA A LA LEY ORG\u00c1NICA MUNICIPAL\"}]},{\"@type\":\"WebSite\",\"@id\":\"https:\\\/\\\/expressometro.mx\\\/#website\",\"url\":\"https:\\\/\\\/expressometro.mx\\\/\",\"name\":\"Expresso Metropolitano\",\"description\":\"Periodismo comprometido, informaci\u00f3n, investigaci\u00f3n y an\u00e1lisis\",\"publisher\":{\"@id\":\"https:\\\/\\\/expressometro.mx\\\/#organization\"},\"potentialAction\":[{\"@type\":\"SearchAction\",\"target\":{\"@type\":\"EntryPoint\",\"urlTemplate\":\"https:\\\/\\\/expressometro.mx\\\/?s={search_term_string}\"},\"query-input\":{\"@type\":\"PropertyValueSpecification\",\"valueRequired\":true,\"valueName\":\"search_term_string\"}}],\"inLanguage\":\"es\"},{\"@type\":\"Organization\",\"@id\":\"https:\\\/\\\/expressometro.mx\\\/#organization\",\"name\":\"Expresso Metropolitano\",\"url\":\"https:\\\/\\\/expressometro.mx\\\/\",\"logo\":{\"@type\":\"ImageObject\",\"inLanguage\":\"es\",\"@id\":\"https:\\\/\\\/expressometro.mx\\\/#\\\/schema\\\/logo\\\/image\\\/\",\"url\":\"https:\\\/\\\/expressometro.mx\\\/wp-content\\\/uploads\\\/2019\\\/07\\\/cropped-Logo-Expresso-Metropolitano-1-1.jpeg\",\"contentUrl\":\"https:\\\/\\\/expressometro.mx\\\/wp-content\\\/uploads\\\/2019\\\/07\\\/cropped-Logo-Expresso-Metropolitano-1-1.jpeg\",\"width\":290,\"height\":73,\"caption\":\"Expresso Metropolitano\"},\"image\":{\"@id\":\"https:\\\/\\\/expressometro.mx\\\/#\\\/schema\\\/logo\\\/image\\\/\"}},{\"@type\":\"Person\",\"@id\":\"https:\\\/\\\/expressometro.mx\\\/#\\\/schema\\\/person\\\/efa971b4a0664db8ed5c22b1b0dd2f5d\",\"name\":\"Expresso Metropolitano\",\"image\":{\"@type\":\"ImageObject\",\"inLanguage\":\"es\",\"@id\":\"https:\\\/\\\/secure.gravatar.com\\\/avatar\\\/a89f802b8de18c6952f223c88d3d106e9e3679839f4e25a02f4a6cc2ae6ba3b3?s=96&d=mm&r=g\",\"url\":\"https:\\\/\\\/secure.gravatar.com\\\/avatar\\\/a89f802b8de18c6952f223c88d3d106e9e3679839f4e25a02f4a6cc2ae6ba3b3?s=96&d=mm&r=g\",\"contentUrl\":\"https:\\\/\\\/secure.gravatar.com\\\/avatar\\\/a89f802b8de18c6952f223c88d3d106e9e3679839f4e25a02f4a6cc2ae6ba3b3?s=96&d=mm&r=g\",\"caption\":\"Expresso Metropolitano\"},\"url\":\"https:\\\/\\\/expressometro.mx\\\/index.php\\\/author\\\/diego\\\/\"}]}<\/script>\n<!-- \/ Yoast SEO plugin. -->","yoast_head_json":{"title":"PRESENT\u00d3 ARTURO CHAVARR\u00cdA INICIATIVA DE REFORMA A LA LEY ORG\u00c1NICA MUNICIPAL - Expresso Metropolitano","robots":{"index":"index","follow":"follow","max-snippet":"max-snippet:-1","max-image-preview":"max-image-preview:large","max-video-preview":"max-video-preview:-1"},"canonical":"https:\/\/expressometro.mx\/index.php\/2021\/02\/08\/presento-arturo-chavarria-iniciativa-de-reforma-a-la-ley-organica-municipal\/","og_locale":"es_MX","og_type":"article","og_title":"PRESENT\u00d3 ARTURO CHAVARR\u00cdA INICIATIVA DE REFORMA A LA LEY ORG\u00c1NICA MUNICIPAL - Expresso Metropolitano","og_description":"La iniciativa contempla adiciones al art\u00edculo 41 y reformas a los art\u00edculos 46, 48, 55, el 68 y 69 de la Ley Org\u00e1nica Municipal del Estado de M\u00e9xico, mediante el cual se busca una reforma de fondo al Sistema Jur\u00eddico mexicano.","og_url":"https:\/\/expressometro.mx\/index.php\/2021\/02\/08\/presento-arturo-chavarria-iniciativa-de-reforma-a-la-ley-organica-municipal\/","og_site_name":"Expresso Metropolitano","article_published_time":"2021-02-08T21:26:54+00:00","article_modified_time":"2021-02-08T21:26:58+00:00","og_image":[{"width":960,"height":720,"url":"https:\/\/expressometro.mx\/wp-content\/uploads\/2021\/02\/WhatsApp-Image-2021-02-07-at-22.30.17.jpeg","type":"image\/jpeg"}],"author":"Expresso Metropolitano","twitter_misc":{"Escrito por":"Expresso Metropolitano","Tiempo de lectura":"2 minutos"},"schema":{"@context":"https:\/\/schema.org","@graph":[{"@type":"Article","@id":"https:\/\/expressometro.mx\/index.php\/2021\/02\/08\/presento-arturo-chavarria-iniciativa-de-reforma-a-la-ley-organica-municipal\/#article","isPartOf":{"@id":"https:\/\/expressometro.mx\/index.php\/2021\/02\/08\/presento-arturo-chavarria-iniciativa-de-reforma-a-la-ley-organica-municipal\/"},"author":{"name":"Expresso Metropolitano","@id":"https:\/\/expressometro.mx\/#\/schema\/person\/efa971b4a0664db8ed5c22b1b0dd2f5d"},"headline":"PRESENT\u00d3 ARTURO CHAVARR\u00cdA INICIATIVA DE REFORMA A LA LEY ORG\u00c1NICA MUNICIPAL","datePublished":"2021-02-08T21:26:54+00:00","dateModified":"2021-02-08T21:26:58+00:00","mainEntityOfPage":{"@id":"https:\/\/expressometro.mx\/index.php\/2021\/02\/08\/presento-arturo-chavarria-iniciativa-de-reforma-a-la-ley-organica-municipal\/"},"wordCount":283,"commentCount":0,"publisher":{"@id":"https:\/\/expressometro.mx\/#organization"},"image":{"@id":"https:\/\/expressometro.mx\/index.php\/2021\/02\/08\/presento-arturo-chavarria-iniciativa-de-reforma-a-la-ley-organica-municipal\/#primaryimage"},"thumbnailUrl":"https:\/\/expressometro.mx\/wp-content\/uploads\/2021\/02\/WhatsApp-Image-2021-02-07-at-22.30.17.jpeg","keywords":["Arturo Chavarr\u00eda"],"articleSection":["Pol\u00edtica"],"inLanguage":"es","potentialAction":[{"@type":"CommentAction","name":"Comment","target":["https:\/\/expressometro.mx\/index.php\/2021\/02\/08\/presento-arturo-chavarria-iniciativa-de-reforma-a-la-ley-organica-municipal\/#respond"]}]},{"@type":"WebPage","@id":"https:\/\/expressometro.mx\/index.php\/2021\/02\/08\/presento-arturo-chavarria-iniciativa-de-reforma-a-la-ley-organica-municipal\/","url":"https:\/\/expressometro.mx\/index.php\/2021\/02\/08\/presento-arturo-chavarria-iniciativa-de-reforma-a-la-ley-organica-municipal\/","name":"PRESENT\u00d3 ARTURO CHAVARR\u00cdA INICIATIVA DE REFORMA A LA LEY ORG\u00c1NICA MUNICIPAL - Expresso Metropolitano","isPartOf":{"@id":"https:\/\/expressometro.mx\/#website"},"primaryImageOfPage":{"@id":"https:\/\/expressometro.mx\/index.php\/2021\/02\/08\/presento-arturo-chavarria-iniciativa-de-reforma-a-la-ley-organica-municipal\/#primaryimage"},"image":{"@id":"https:\/\/expressometro.mx\/index.php\/2021\/02\/08\/presento-arturo-chavarria-iniciativa-de-reforma-a-la-ley-organica-municipal\/#primaryimage"},"thumbnailUrl":"https:\/\/expressometro.mx\/wp-content\/uploads\/2021\/02\/WhatsApp-Image-2021-02-07-at-22.30.17.jpeg","datePublished":"2021-02-08T21:26:54+00:00","dateModified":"2021-02-08T21:26:58+00:00","breadcrumb":{"@id":"https:\/\/expressometro.mx\/index.php\/2021\/02\/08\/presento-arturo-chavarria-iniciativa-de-reforma-a-la-ley-organica-municipal\/#breadcrumb"},"inLanguage":"es","potentialAction":[{"@type":"ReadAction","target":["https:\/\/expressometro.mx\/index.php\/2021\/02\/08\/presento-arturo-chavarria-iniciativa-de-reforma-a-la-ley-organica-municipal\/"]}]},{"@type":"ImageObject","inLanguage":"es","@id":"https:\/\/expressometro.mx\/index.php\/2021\/02\/08\/presento-arturo-chavarria-iniciativa-de-reforma-a-la-ley-organica-municipal\/#primaryimage","url":"https:\/\/expressometro.mx\/wp-content\/uploads\/2021\/02\/WhatsApp-Image-2021-02-07-at-22.30.17.jpeg","contentUrl":"https:\/\/expressometro.mx\/wp-content\/uploads\/2021\/02\/WhatsApp-Image-2021-02-07-at-22.30.17.jpeg","width":960,"height":720},{"@type":"BreadcrumbList","@id":"https:\/\/expressometro.mx\/index.php\/2021\/02\/08\/presento-arturo-chavarria-iniciativa-de-reforma-a-la-ley-organica-municipal\/#breadcrumb","itemListElement":[{"@type":"ListItem","position":1,"name":"Inicio","item":"https:\/\/expressometro.mx\/"},{"@type":"ListItem","position":2,"name":"PRESENT\u00d3 ARTURO CHAVARR\u00cdA INICIATIVA DE REFORMA A LA LEY ORG\u00c1NICA MUNICIPAL"}]},{"@type":"WebSite","@id":"https:\/\/expressometro.mx\/#website","url":"https:\/\/expressometro.mx\/","name":"Expresso Metropolitano","description":"Periodismo comprometido, informaci\u00f3n, investigaci\u00f3n y an\u00e1lisis","publisher":{"@id":"https:\/\/expressometro.mx\/#organization"},"potentialAction":[{"@type":"SearchAction","target":{"@type":"EntryPoint","urlTemplate":"https:\/\/expressometro.mx\/?s={search_term_string}"},"query-input":{"@type":"PropertyValueSpecification","valueRequired":true,"valueName":"search_term_string"}}],"inLanguage":"es"},{"@type":"Organization","@id":"https:\/\/expressometro.mx\/#organization","name":"Expresso Metropolitano","url":"https:\/\/expressometro.mx\/","logo":{"@type":"ImageObject","inLanguage":"es","@id":"https:\/\/expressometro.mx\/#\/schema\/logo\/image\/","url":"https:\/\/expressometro.mx\/wp-content\/uploads\/2019\/07\/cropped-Logo-Expresso-Metropolitano-1-1.jpeg","contentUrl":"https:\/\/expressometro.mx\/wp-content\/uploads\/2019\/07\/cropped-Logo-Expresso-Metropolitano-1-1.jpeg","width":290,"height":73,"caption":"Expresso Metropolitano"},"image":{"@id":"https:\/\/expressometro.mx\/#\/schema\/logo\/image\/"}},{"@type":"Person","@id":"https:\/\/expressometro.mx\/#\/schema\/person\/efa971b4a0664db8ed5c22b1b0dd2f5d","name":"Expresso Metropolitano","image":{"@type":"ImageObject","inLanguage":"es","@id":"https:\/\/secure.gravatar.com\/avatar\/a89f802b8de18c6952f223c88d3d106e9e3679839f4e25a02f4a6cc2ae6ba3b3?s=96&d=mm&r=g","url":"https:\/\/secure.gravatar.com\/avatar\/a89f802b8de18c6952f223c88d3d106e9e3679839f4e25a02f4a6cc2ae6ba3b3?s=96&d=mm&r=g","contentUrl":"https:\/\/secure.gravatar.com\/avatar\/a89f802b8de18c6952f223c88d3d106e9e3679839f4e25a02f4a6cc2ae6ba3b3?s=96&d=mm&r=g","caption":"Expresso Metropolitano"},"url":"https:\/\/expressometro.mx\/index.php\/author\/diego\/"}]}},"amp_enabled":true,"_links":{"self":[{"href":"https:\/\/expressometro.mx\/index.php\/wp-json\/wp\/v2\/posts\/2228","targetHints":{"allow":["GET"]}}],"collection":[{"href":"https:\/\/expressometro.mx\/index.php\/wp-json\/wp\/v2\/posts"}],"about":[{"href":"https:\/\/expressometro.mx\/index.php\/wp-json\/wp\/v2\/types\/post"}],"author":[{"embeddable":true,"href":"https:\/\/expressometro.mx\/index.php\/wp-json\/wp\/v2\/users\/1"}],"replies":[{"embeddable":true,"href":"https:\/\/expressometro.mx\/index.php\/wp-json\/wp\/v2\/comments?post=2228"}],"version-history":[{"count":1,"href":"https:\/\/expressometro.mx\/index.php\/wp-json\/wp\/v2\/posts\/2228\/revisions"}],"predecessor-version":[{"id":2231,"href":"https:\/\/expressometro.mx\/index.php\/wp-json\/wp\/v2\/posts\/2228\/revisions\/2231"}],"wp:featuredmedia":[{"embeddable":true,"href":"https:\/\/expressometro.mx\/index.php\/wp-json\/wp\/v2\/media\/2229"}],"wp:attachment":[{"href":"https:\/\/expressometro.mx\/index.php\/wp-json\/wp\/v2\/media?parent=2228"}],"wp:term":[{"taxonomy":"category","embeddable":true,"href":"https:\/\/expressometro.mx\/index.php\/wp-json\/wp\/v2\/categories?post=2228"},{"taxonomy":"post_tag","embeddable":true,"href":"https:\/\/expressometro.mx\/index.php\/wp-json\/wp\/v2\/tags?post=2228"}],"curies":[{"name":"wp","href":"https:\/\/api.w.org\/{rel}","templated":true}]}}