{"id":2222,"date":"2021-02-06T21:13:52","date_gmt":"2021-02-07T03:13:52","guid":{"rendered":"http:\/\/expressometro.mx\/?p=2222"},"modified":"2021-02-06T21:13:55","modified_gmt":"2021-02-07T03:13:55","slug":"vamos-por-transformar-metepec","status":"publish","type":"post","link":"https:\/\/expressometro.mx\/index.php\/2021\/02\/06\/vamos-por-transformar-metepec\/","title":{"rendered":"VAMOS POR TRANSFORMAR METEPEC"},"content":{"rendered":"\n<p>Luego de hacer un recorrido desde el Calvario de Metepec hasta el Museo del Pueblo, el precandidato a la presidencia municipal por Movimiento Ciudadano, Carlos Santiago Vega, se reuni\u00f3 con artesanos y pintores para darle entrada a su primer acto de precampa\u00f1a.<\/p>\n\n\n\n<p>Arropado con la fuerza de los vecinos, pidi\u00f3 hacer una gran cruzada para transformar Metepec, pues es momento de un cambio real ante las deficiencias que persisten en los servicios p\u00fablicos y la falta de empleos.<\/p>\n\n\n\n<p>Hoy existen dos alianzas pol\u00edticas que se pelean entre ellos por el poder \u201cnosotros somos una familia honesta, somos ciudadanos de a pie y conocemos las deficiencias que hay en las calles tanto en el pavimento como el alumbrado p\u00fablico\u201d.<\/p>\n\n\n\n<p>En concreto, existen deficiencias en materia de seguridad, salud y empleo. \u201cSoy hombre de resultados en la administraci\u00f3n p\u00fablica y esta experiencia me permite saber que puedo gobernar el municipio\u201d, recalc\u00f3.<\/p>\n\n\n\n<p>Sostuvo que tiene las manos limpias porque en el manejo de recursos p\u00fablicos no tiene una sola observaci\u00f3n de los \u00f3rganos de fiscalizaci\u00f3n y \u201ceso es muy importante para gobernar con capacidad y honorabilidad\u201d.<\/p>\n\n\n\n<p>Dijo estar convencido de su sue\u00f1o que es convertir a Metepec en un municipio como San Miguel de Allende, pues se tiene todas las condiciones para estar a la vanguardia en materia cultural.<\/p>\n\n\n\n<p>En ese sentido, llam\u00f3 a hacer de Metepec un atractivo tur\u00edstico internacional y que este corredor tur\u00edstico sea el eje central de su econom\u00eda.<\/p>\n\n\n\n<p>Dijo, finalmente, que desplegar\u00e1 una precampa\u00f1a propositiva y de mucho cuidado en la salud de la gente con quien mantiene su \u00fanica alianza para salir adelante.<\/p>\n","protected":false},"excerpt":{"rendered":"<p>En el arranque de su precampa\u00f1a por Movimiento Ciudadano, Carlos Santiago Vega pidi\u00f3 hacer una gran cruzada con la gente para sustentar un cambio real del municipio.<\/p>\n","protected":false},"author":1,"featured_media":2224,"comment_status":"open","ping_status":"open","sticky":false,"template":"","format":"standard","meta":{"footnotes":""},"categories":[231],"tags":[184],"class_list":["post-2222","post","type-post","status-publish","format-standard","has-post-thumbnail","hentry","category-politica","tag-metepec"],"yoast_head":"<!-- This site is optimized with the Yoast SEO plugin v27.5 - https:\/\/yoast.com\/product\/yoast-seo-wordpress\/ -->\n<title>VAMOS POR TRANSFORMAR METEPEC - Expresso Metropolitano<\/title>\n<meta name=\"robots\" content=\"index, follow, max-snippet:-1, max-image-preview:large, max-video-preview:-1\" \/>\n<link rel=\"canonical\" href=\"https:\/\/expressometro.mx\/index.php\/2021\/02\/06\/vamos-por-transformar-metepec\/\" \/>\n<meta property=\"og:locale\" content=\"es_MX\" \/>\n<meta property=\"og:type\" content=\"article\" \/>\n<meta property=\"og:title\" content=\"VAMOS POR TRANSFORMAR METEPEC - Expresso Metropolitano\" \/>\n<meta property=\"og:description\" content=\"En el arranque de su precampa\u00f1a por Movimiento Ciudadano, Carlos Santiago Vega pidi\u00f3 hacer una gran cruzada con la gente para sustentar un cambio real del municipio.\" \/>\n<meta property=\"og:url\" content=\"https:\/\/expressometro.mx\/index.php\/2021\/02\/06\/vamos-por-transformar-metepec\/\" \/>\n<meta property=\"og:site_name\" content=\"Expresso Metropolitano\" \/>\n<meta property=\"article:published_time\" content=\"2021-02-07T03:13:52+00:00\" \/>\n<meta property=\"article:modified_time\" content=\"2021-02-07T03:13:55+00:00\" \/>\n<meta property=\"og:image\" content=\"https:\/\/expressometro.mx\/wp-content\/uploads\/2021\/02\/D7B0A9EE-3788-4C7C-BBBD-D3E6555C8E52.jpeg\" \/>\n\t<meta property=\"og:image:width\" content=\"1280\" \/>\n\t<meta property=\"og:image:height\" content=\"1089\" \/>\n\t<meta property=\"og:image:type\" content=\"image\/jpeg\" \/>\n<meta name=\"author\" content=\"Expresso Metropolitano\" \/>\n<meta name=\"twitter:label1\" content=\"Escrito por\" \/>\n\t<meta name=\"twitter:data1\" content=\"Expresso Metropolitano\" \/>\n\t<meta name=\"twitter:label2\" content=\"Tiempo de lectura\" \/>\n\t<meta name=\"twitter:data2\" content=\"2 minutos\" \/>\n<script type=\"application\/ld+json\" class=\"yoast-schema-graph\">{\"@context\":\"https:\\\/\\\/schema.org\",\"@graph\":[{\"@type\":\"Article\",\"@id\":\"https:\\\/\\\/expressometro.mx\\\/index.php\\\/2021\\\/02\\\/06\\\/vamos-por-transformar-metepec\\\/#article\",\"isPartOf\":{\"@id\":\"https:\\\/\\\/expressometro.mx\\\/index.php\\\/2021\\\/02\\\/06\\\/vamos-por-transformar-metepec\\\/\"},\"author\":{\"name\":\"Expresso Metropolitano\",\"@id\":\"https:\\\/\\\/expressometro.mx\\\/#\\\/schema\\\/person\\\/efa971b4a0664db8ed5c22b1b0dd2f5d\"},\"headline\":\"VAMOS POR TRANSFORMAR METEPEC\",\"datePublished\":\"2021-02-07T03:13:52+00:00\",\"dateModified\":\"2021-02-07T03:13:55+00:00\",\"mainEntityOfPage\":{\"@id\":\"https:\\\/\\\/expressometro.mx\\\/index.php\\\/2021\\\/02\\\/06\\\/vamos-por-transformar-metepec\\\/\"},\"wordCount\":284,\"commentCount\":0,\"publisher\":{\"@id\":\"https:\\\/\\\/expressometro.mx\\\/#organization\"},\"image\":{\"@id\":\"https:\\\/\\\/expressometro.mx\\\/index.php\\\/2021\\\/02\\\/06\\\/vamos-por-transformar-metepec\\\/#primaryimage\"},\"thumbnailUrl\":\"https:\\\/\\\/expressometro.mx\\\/wp-content\\\/uploads\\\/2021\\\/02\\\/D7B0A9EE-3788-4C7C-BBBD-D3E6555C8E52.jpeg\",\"keywords\":[\"Metepec\"],\"articleSection\":[\"Pol\u00edtica\"],\"inLanguage\":\"es\",\"potentialAction\":[{\"@type\":\"CommentAction\",\"name\":\"Comment\",\"target\":[\"https:\\\/\\\/expressometro.mx\\\/index.php\\\/2021\\\/02\\\/06\\\/vamos-por-transformar-metepec\\\/#respond\"]}]},{\"@type\":\"WebPage\",\"@id\":\"https:\\\/\\\/expressometro.mx\\\/index.php\\\/2021\\\/02\\\/06\\\/vamos-por-transformar-metepec\\\/\",\"url\":\"https:\\\/\\\/expressometro.mx\\\/index.php\\\/2021\\\/02\\\/06\\\/vamos-por-transformar-metepec\\\/\",\"name\":\"VAMOS POR TRANSFORMAR METEPEC - Expresso Metropolitano\",\"isPartOf\":{\"@id\":\"https:\\\/\\\/expressometro.mx\\\/#website\"},\"primaryImageOfPage\":{\"@id\":\"https:\\\/\\\/expressometro.mx\\\/index.php\\\/2021\\\/02\\\/06\\\/vamos-por-transformar-metepec\\\/#primaryimage\"},\"image\":{\"@id\":\"https:\\\/\\\/expressometro.mx\\\/index.php\\\/2021\\\/02\\\/06\\\/vamos-por-transformar-metepec\\\/#primaryimage\"},\"thumbnailUrl\":\"https:\\\/\\\/expressometro.mx\\\/wp-content\\\/uploads\\\/2021\\\/02\\\/D7B0A9EE-3788-4C7C-BBBD-D3E6555C8E52.jpeg\",\"datePublished\":\"2021-02-07T03:13:52+00:00\",\"dateModified\":\"2021-02-07T03:13:55+00:00\",\"breadcrumb\":{\"@id\":\"https:\\\/\\\/expressometro.mx\\\/index.php\\\/2021\\\/02\\\/06\\\/vamos-por-transformar-metepec\\\/#breadcrumb\"},\"inLanguage\":\"es\",\"potentialAction\":[{\"@type\":\"ReadAction\",\"target\":[\"https:\\\/\\\/expressometro.mx\\\/index.php\\\/2021\\\/02\\\/06\\\/vamos-por-transformar-metepec\\\/\"]}]},{\"@type\":\"ImageObject\",\"inLanguage\":\"es\",\"@id\":\"https:\\\/\\\/expressometro.mx\\\/index.php\\\/2021\\\/02\\\/06\\\/vamos-por-transformar-metepec\\\/#primaryimage\",\"url\":\"https:\\\/\\\/expressometro.mx\\\/wp-content\\\/uploads\\\/2021\\\/02\\\/D7B0A9EE-3788-4C7C-BBBD-D3E6555C8E52.jpeg\",\"contentUrl\":\"https:\\\/\\\/expressometro.mx\\\/wp-content\\\/uploads\\\/2021\\\/02\\\/D7B0A9EE-3788-4C7C-BBBD-D3E6555C8E52.jpeg\",\"width\":1280,\"height\":1089},{\"@type\":\"BreadcrumbList\",\"@id\":\"https:\\\/\\\/expressometro.mx\\\/index.php\\\/2021\\\/02\\\/06\\\/vamos-por-transformar-metepec\\\/#breadcrumb\",\"itemListElement\":[{\"@type\":\"ListItem\",\"position\":1,\"name\":\"Inicio\",\"item\":\"https:\\\/\\\/expressometro.mx\\\/\"},{\"@type\":\"ListItem\",\"position\":2,\"name\":\"VAMOS POR TRANSFORMAR METEPEC\"}]},{\"@type\":\"WebSite\",\"@id\":\"https:\\\/\\\/expressometro.mx\\\/#website\",\"url\":\"https:\\\/\\\/expressometro.mx\\\/\",\"name\":\"Expresso Metropolitano\",\"description\":\"Periodismo comprometido, informaci\u00f3n, investigaci\u00f3n y an\u00e1lisis\",\"publisher\":{\"@id\":\"https:\\\/\\\/expressometro.mx\\\/#organization\"},\"potentialAction\":[{\"@type\":\"SearchAction\",\"target\":{\"@type\":\"EntryPoint\",\"urlTemplate\":\"https:\\\/\\\/expressometro.mx\\\/?s={search_term_string}\"},\"query-input\":{\"@type\":\"PropertyValueSpecification\",\"valueRequired\":true,\"valueName\":\"search_term_string\"}}],\"inLanguage\":\"es\"},{\"@type\":\"Organization\",\"@id\":\"https:\\\/\\\/expressometro.mx\\\/#organization\",\"name\":\"Expresso Metropolitano\",\"url\":\"https:\\\/\\\/expressometro.mx\\\/\",\"logo\":{\"@type\":\"ImageObject\",\"inLanguage\":\"es\",\"@id\":\"https:\\\/\\\/expressometro.mx\\\/#\\\/schema\\\/logo\\\/image\\\/\",\"url\":\"https:\\\/\\\/expressometro.mx\\\/wp-content\\\/uploads\\\/2019\\\/07\\\/cropped-Logo-Expresso-Metropolitano-1-1.jpeg\",\"contentUrl\":\"https:\\\/\\\/expressometro.mx\\\/wp-content\\\/uploads\\\/2019\\\/07\\\/cropped-Logo-Expresso-Metropolitano-1-1.jpeg\",\"width\":290,\"height\":73,\"caption\":\"Expresso Metropolitano\"},\"image\":{\"@id\":\"https:\\\/\\\/expressometro.mx\\\/#\\\/schema\\\/logo\\\/image\\\/\"}},{\"@type\":\"Person\",\"@id\":\"https:\\\/\\\/expressometro.mx\\\/#\\\/schema\\\/person\\\/efa971b4a0664db8ed5c22b1b0dd2f5d\",\"name\":\"Expresso Metropolitano\",\"image\":{\"@type\":\"ImageObject\",\"inLanguage\":\"es\",\"@id\":\"https:\\\/\\\/secure.gravatar.com\\\/avatar\\\/a89f802b8de18c6952f223c88d3d106e9e3679839f4e25a02f4a6cc2ae6ba3b3?s=96&d=mm&r=g\",\"url\":\"https:\\\/\\\/secure.gravatar.com\\\/avatar\\\/a89f802b8de18c6952f223c88d3d106e9e3679839f4e25a02f4a6cc2ae6ba3b3?s=96&d=mm&r=g\",\"contentUrl\":\"https:\\\/\\\/secure.gravatar.com\\\/avatar\\\/a89f802b8de18c6952f223c88d3d106e9e3679839f4e25a02f4a6cc2ae6ba3b3?s=96&d=mm&r=g\",\"caption\":\"Expresso Metropolitano\"},\"url\":\"https:\\\/\\\/expressometro.mx\\\/index.php\\\/author\\\/diego\\\/\"}]}<\/script>\n<!-- \/ Yoast SEO plugin. -->","yoast_head_json":{"title":"VAMOS POR TRANSFORMAR METEPEC - Expresso Metropolitano","robots":{"index":"index","follow":"follow","max-snippet":"max-snippet:-1","max-image-preview":"max-image-preview:large","max-video-preview":"max-video-preview:-1"},"canonical":"https:\/\/expressometro.mx\/index.php\/2021\/02\/06\/vamos-por-transformar-metepec\/","og_locale":"es_MX","og_type":"article","og_title":"VAMOS POR TRANSFORMAR METEPEC - Expresso Metropolitano","og_description":"En el arranque de su precampa\u00f1a por Movimiento Ciudadano, Carlos Santiago Vega pidi\u00f3 hacer una gran cruzada con la gente para sustentar un cambio real del municipio.","og_url":"https:\/\/expressometro.mx\/index.php\/2021\/02\/06\/vamos-por-transformar-metepec\/","og_site_name":"Expresso Metropolitano","article_published_time":"2021-02-07T03:13:52+00:00","article_modified_time":"2021-02-07T03:13:55+00:00","og_image":[{"width":1280,"height":1089,"url":"https:\/\/expressometro.mx\/wp-content\/uploads\/2021\/02\/D7B0A9EE-3788-4C7C-BBBD-D3E6555C8E52.jpeg","type":"image\/jpeg"}],"author":"Expresso Metropolitano","twitter_misc":{"Escrito por":"Expresso Metropolitano","Tiempo de lectura":"2 minutos"},"schema":{"@context":"https:\/\/schema.org","@graph":[{"@type":"Article","@id":"https:\/\/expressometro.mx\/index.php\/2021\/02\/06\/vamos-por-transformar-metepec\/#article","isPartOf":{"@id":"https:\/\/expressometro.mx\/index.php\/2021\/02\/06\/vamos-por-transformar-metepec\/"},"author":{"name":"Expresso Metropolitano","@id":"https:\/\/expressometro.mx\/#\/schema\/person\/efa971b4a0664db8ed5c22b1b0dd2f5d"},"headline":"VAMOS POR TRANSFORMAR METEPEC","datePublished":"2021-02-07T03:13:52+00:00","dateModified":"2021-02-07T03:13:55+00:00","mainEntityOfPage":{"@id":"https:\/\/expressometro.mx\/index.php\/2021\/02\/06\/vamos-por-transformar-metepec\/"},"wordCount":284,"commentCount":0,"publisher":{"@id":"https:\/\/expressometro.mx\/#organization"},"image":{"@id":"https:\/\/expressometro.mx\/index.php\/2021\/02\/06\/vamos-por-transformar-metepec\/#primaryimage"},"thumbnailUrl":"https:\/\/expressometro.mx\/wp-content\/uploads\/2021\/02\/D7B0A9EE-3788-4C7C-BBBD-D3E6555C8E52.jpeg","keywords":["Metepec"],"articleSection":["Pol\u00edtica"],"inLanguage":"es","potentialAction":[{"@type":"CommentAction","name":"Comment","target":["https:\/\/expressometro.mx\/index.php\/2021\/02\/06\/vamos-por-transformar-metepec\/#respond"]}]},{"@type":"WebPage","@id":"https:\/\/expressometro.mx\/index.php\/2021\/02\/06\/vamos-por-transformar-metepec\/","url":"https:\/\/expressometro.mx\/index.php\/2021\/02\/06\/vamos-por-transformar-metepec\/","name":"VAMOS POR TRANSFORMAR METEPEC - Expresso Metropolitano","isPartOf":{"@id":"https:\/\/expressometro.mx\/#website"},"primaryImageOfPage":{"@id":"https:\/\/expressometro.mx\/index.php\/2021\/02\/06\/vamos-por-transformar-metepec\/#primaryimage"},"image":{"@id":"https:\/\/expressometro.mx\/index.php\/2021\/02\/06\/vamos-por-transformar-metepec\/#primaryimage"},"thumbnailUrl":"https:\/\/expressometro.mx\/wp-content\/uploads\/2021\/02\/D7B0A9EE-3788-4C7C-BBBD-D3E6555C8E52.jpeg","datePublished":"2021-02-07T03:13:52+00:00","dateModified":"2021-02-07T03:13:55+00:00","breadcrumb":{"@id":"https:\/\/expressometro.mx\/index.php\/2021\/02\/06\/vamos-por-transformar-metepec\/#breadcrumb"},"inLanguage":"es","potentialAction":[{"@type":"ReadAction","target":["https:\/\/expressometro.mx\/index.php\/2021\/02\/06\/vamos-por-transformar-metepec\/"]}]},{"@type":"ImageObject","inLanguage":"es","@id":"https:\/\/expressometro.mx\/index.php\/2021\/02\/06\/vamos-por-transformar-metepec\/#primaryimage","url":"https:\/\/expressometro.mx\/wp-content\/uploads\/2021\/02\/D7B0A9EE-3788-4C7C-BBBD-D3E6555C8E52.jpeg","contentUrl":"https:\/\/expressometro.mx\/wp-content\/uploads\/2021\/02\/D7B0A9EE-3788-4C7C-BBBD-D3E6555C8E52.jpeg","width":1280,"height":1089},{"@type":"BreadcrumbList","@id":"https:\/\/expressometro.mx\/index.php\/2021\/02\/06\/vamos-por-transformar-metepec\/#breadcrumb","itemListElement":[{"@type":"ListItem","position":1,"name":"Inicio","item":"https:\/\/expressometro.mx\/"},{"@type":"ListItem","position":2,"name":"VAMOS POR TRANSFORMAR METEPEC"}]},{"@type":"WebSite","@id":"https:\/\/expressometro.mx\/#website","url":"https:\/\/expressometro.mx\/","name":"Expresso Metropolitano","description":"Periodismo comprometido, informaci\u00f3n, investigaci\u00f3n y an\u00e1lisis","publisher":{"@id":"https:\/\/expressometro.mx\/#organization"},"potentialAction":[{"@type":"SearchAction","target":{"@type":"EntryPoint","urlTemplate":"https:\/\/expressometro.mx\/?s={search_term_string}"},"query-input":{"@type":"PropertyValueSpecification","valueRequired":true,"valueName":"search_term_string"}}],"inLanguage":"es"},{"@type":"Organization","@id":"https:\/\/expressometro.mx\/#organization","name":"Expresso Metropolitano","url":"https:\/\/expressometro.mx\/","logo":{"@type":"ImageObject","inLanguage":"es","@id":"https:\/\/expressometro.mx\/#\/schema\/logo\/image\/","url":"https:\/\/expressometro.mx\/wp-content\/uploads\/2019\/07\/cropped-Logo-Expresso-Metropolitano-1-1.jpeg","contentUrl":"https:\/\/expressometro.mx\/wp-content\/uploads\/2019\/07\/cropped-Logo-Expresso-Metropolitano-1-1.jpeg","width":290,"height":73,"caption":"Expresso Metropolitano"},"image":{"@id":"https:\/\/expressometro.mx\/#\/schema\/logo\/image\/"}},{"@type":"Person","@id":"https:\/\/expressometro.mx\/#\/schema\/person\/efa971b4a0664db8ed5c22b1b0dd2f5d","name":"Expresso Metropolitano","image":{"@type":"ImageObject","inLanguage":"es","@id":"https:\/\/secure.gravatar.com\/avatar\/a89f802b8de18c6952f223c88d3d106e9e3679839f4e25a02f4a6cc2ae6ba3b3?s=96&d=mm&r=g","url":"https:\/\/secure.gravatar.com\/avatar\/a89f802b8de18c6952f223c88d3d106e9e3679839f4e25a02f4a6cc2ae6ba3b3?s=96&d=mm&r=g","contentUrl":"https:\/\/secure.gravatar.com\/avatar\/a89f802b8de18c6952f223c88d3d106e9e3679839f4e25a02f4a6cc2ae6ba3b3?s=96&d=mm&r=g","caption":"Expresso Metropolitano"},"url":"https:\/\/expressometro.mx\/index.php\/author\/diego\/"}]}},"amp_enabled":true,"_links":{"self":[{"href":"https:\/\/expressometro.mx\/index.php\/wp-json\/wp\/v2\/posts\/2222","targetHints":{"allow":["GET"]}}],"collection":[{"href":"https:\/\/expressometro.mx\/index.php\/wp-json\/wp\/v2\/posts"}],"about":[{"href":"https:\/\/expressometro.mx\/index.php\/wp-json\/wp\/v2\/types\/post"}],"author":[{"embeddable":true,"href":"https:\/\/expressometro.mx\/index.php\/wp-json\/wp\/v2\/users\/1"}],"replies":[{"embeddable":true,"href":"https:\/\/expressometro.mx\/index.php\/wp-json\/wp\/v2\/comments?post=2222"}],"version-history":[{"count":1,"href":"https:\/\/expressometro.mx\/index.php\/wp-json\/wp\/v2\/posts\/2222\/revisions"}],"predecessor-version":[{"id":2225,"href":"https:\/\/expressometro.mx\/index.php\/wp-json\/wp\/v2\/posts\/2222\/revisions\/2225"}],"wp:featuredmedia":[{"embeddable":true,"href":"https:\/\/expressometro.mx\/index.php\/wp-json\/wp\/v2\/media\/2224"}],"wp:attachment":[{"href":"https:\/\/expressometro.mx\/index.php\/wp-json\/wp\/v2\/media?parent=2222"}],"wp:term":[{"taxonomy":"category","embeddable":true,"href":"https:\/\/expressometro.mx\/index.php\/wp-json\/wp\/v2\/categories?post=2222"},{"taxonomy":"post_tag","embeddable":true,"href":"https:\/\/expressometro.mx\/index.php\/wp-json\/wp\/v2\/tags?post=2222"}],"curies":[{"name":"wp","href":"https:\/\/api.w.org\/{rel}","templated":true}]}}