{"id":2192,"date":"2021-02-02T11:07:48","date_gmt":"2021-02-02T17:07:48","guid":{"rendered":"http:\/\/expressometro.mx\/?p=2192"},"modified":"2021-02-02T11:07:51","modified_gmt":"2021-02-02T17:07:51","slug":"julian-huerta-precandidato-del-pvem-a-presidente-municipal-de-zinacantepec","status":"publish","type":"post","link":"https:\/\/expressometro.mx\/index.php\/2021\/02\/02\/julian-huerta-precandidato-del-pvem-a-presidente-municipal-de-zinacantepec\/","title":{"rendered":"JULIAN HUERTA PRECANDIDATO DEL PVEM, A PRESIDENTE MUNICIPAL DE ZINACANTEPEC"},"content":{"rendered":"\n<p>Con un compromiso con la ciudadan\u00eda y con el firme prop\u00f3sito de crear un proyecto pol\u00edtico innovador en el municipio de Zinacantepec, Juli\u00e1n Huerta Cantinca, se registr\u00f3 como precandidato a la presidencia municipal, abanderado por el Partido Verde Ecologista.<br>Ante el \u00edmpetu de la sociedad por un cambio y un nuevo desarrollo pol\u00edtico en el municipio con bases cimentadas en valores; Juli\u00e1n Huerta, se muestra contento por la oportunidad que le da el Partido Verde que encabeza Pepe Couttolenc en el Edomex, el cual se afianzar\u00e1 con el electorado en las pr\u00f3ximas elecciones, para de Zinacantepec.<\/p>\n\n\n\n<p><br>Huerta Cantinca conoce cada rinc\u00f3n y cada comunidad de Zinacantepec, teniendo presente las carencias, necesidades y problem\u00e1ticas que ata\u00f1en todos los d\u00edas a la poblaci\u00f3n.<\/p>\n\n\n\n<p><br>Juli\u00e1n Huerta Cantinca, resalta las tradiciones u costumbres de la grandeza de Zinacantepec y a trav\u00e9s de la educaci\u00f3n ha logrado cimentar j\u00f3venes preparados que son el cambio y futuro para el pa\u00eds y que espera lograr la candidatura para poder comenzar un proyecto pol\u00edtico innovador en su municipio.<\/p>\n","protected":false},"excerpt":{"rendered":"<p>Huerta Cantinca conoce cada rinc\u00f3n y cada comunidad de Zinacantepec, teniendo presente las carencias, necesidades y problem\u00e1ticas que ata\u00f1en todos los d\u00edas a la poblaci\u00f3n.<\/p>\n","protected":false},"author":1,"featured_media":2193,"comment_status":"open","ping_status":"open","sticky":false,"template":"","format":"standard","meta":{"footnotes":""},"categories":[231],"tags":[232],"class_list":["post-2192","post","type-post","status-publish","format-standard","has-post-thumbnail","hentry","category-politica","tag-pvem"],"yoast_head":"<!-- This site is optimized with the Yoast SEO plugin v27.5 - https:\/\/yoast.com\/product\/yoast-seo-wordpress\/ -->\n<title>JULIAN HUERTA PRECANDIDATO DEL PVEM, A PRESIDENTE MUNICIPAL DE ZINACANTEPEC - Expresso Metropolitano<\/title>\n<meta name=\"robots\" content=\"index, follow, max-snippet:-1, max-image-preview:large, max-video-preview:-1\" \/>\n<link rel=\"canonical\" href=\"https:\/\/expressometro.mx\/index.php\/2021\/02\/02\/julian-huerta-precandidato-del-pvem-a-presidente-municipal-de-zinacantepec\/\" \/>\n<meta property=\"og:locale\" content=\"es_MX\" \/>\n<meta property=\"og:type\" content=\"article\" \/>\n<meta property=\"og:title\" content=\"JULIAN HUERTA PRECANDIDATO DEL PVEM, A PRESIDENTE MUNICIPAL DE ZINACANTEPEC - Expresso Metropolitano\" \/>\n<meta property=\"og:description\" content=\"Huerta Cantinca conoce cada rinc\u00f3n y cada comunidad de Zinacantepec, teniendo presente las carencias, necesidades y problem\u00e1ticas que ata\u00f1en todos los d\u00edas a la poblaci\u00f3n.\" \/>\n<meta property=\"og:url\" content=\"https:\/\/expressometro.mx\/index.php\/2021\/02\/02\/julian-huerta-precandidato-del-pvem-a-presidente-municipal-de-zinacantepec\/\" \/>\n<meta property=\"og:site_name\" content=\"Expresso Metropolitano\" \/>\n<meta property=\"article:published_time\" content=\"2021-02-02T17:07:48+00:00\" \/>\n<meta property=\"article:modified_time\" content=\"2021-02-02T17:07:51+00:00\" \/>\n<meta property=\"og:image\" content=\"https:\/\/expressometro.mx\/wp-content\/uploads\/2021\/02\/81A6CADF-E819-41B5-B574-D02ED34E399D.jpeg\" \/>\n\t<meta property=\"og:image:width\" content=\"1025\" \/>\n\t<meta property=\"og:image:height\" content=\"576\" \/>\n\t<meta property=\"og:image:type\" content=\"image\/jpeg\" \/>\n<meta name=\"author\" content=\"Expresso Metropolitano\" \/>\n<meta name=\"twitter:label1\" content=\"Escrito por\" \/>\n\t<meta name=\"twitter:data1\" content=\"Expresso Metropolitano\" \/>\n\t<meta name=\"twitter:label2\" content=\"Tiempo de lectura\" \/>\n\t<meta name=\"twitter:data2\" content=\"1 minuto\" \/>\n<script type=\"application\/ld+json\" class=\"yoast-schema-graph\">{\"@context\":\"https:\\\/\\\/schema.org\",\"@graph\":[{\"@type\":\"Article\",\"@id\":\"https:\\\/\\\/expressometro.mx\\\/index.php\\\/2021\\\/02\\\/02\\\/julian-huerta-precandidato-del-pvem-a-presidente-municipal-de-zinacantepec\\\/#article\",\"isPartOf\":{\"@id\":\"https:\\\/\\\/expressometro.mx\\\/index.php\\\/2021\\\/02\\\/02\\\/julian-huerta-precandidato-del-pvem-a-presidente-municipal-de-zinacantepec\\\/\"},\"author\":{\"name\":\"Expresso Metropolitano\",\"@id\":\"https:\\\/\\\/expressometro.mx\\\/#\\\/schema\\\/person\\\/efa971b4a0664db8ed5c22b1b0dd2f5d\"},\"headline\":\"JULIAN HUERTA PRECANDIDATO DEL PVEM, A PRESIDENTE MUNICIPAL DE ZINACANTEPEC\",\"datePublished\":\"2021-02-02T17:07:48+00:00\",\"dateModified\":\"2021-02-02T17:07:51+00:00\",\"mainEntityOfPage\":{\"@id\":\"https:\\\/\\\/expressometro.mx\\\/index.php\\\/2021\\\/02\\\/02\\\/julian-huerta-precandidato-del-pvem-a-presidente-municipal-de-zinacantepec\\\/\"},\"wordCount\":198,\"commentCount\":0,\"publisher\":{\"@id\":\"https:\\\/\\\/expressometro.mx\\\/#organization\"},\"image\":{\"@id\":\"https:\\\/\\\/expressometro.mx\\\/index.php\\\/2021\\\/02\\\/02\\\/julian-huerta-precandidato-del-pvem-a-presidente-municipal-de-zinacantepec\\\/#primaryimage\"},\"thumbnailUrl\":\"https:\\\/\\\/expressometro.mx\\\/wp-content\\\/uploads\\\/2021\\\/02\\\/81A6CADF-E819-41B5-B574-D02ED34E399D.jpeg\",\"keywords\":[\"PVEM\"],\"articleSection\":[\"Pol\u00edtica\"],\"inLanguage\":\"es\",\"potentialAction\":[{\"@type\":\"CommentAction\",\"name\":\"Comment\",\"target\":[\"https:\\\/\\\/expressometro.mx\\\/index.php\\\/2021\\\/02\\\/02\\\/julian-huerta-precandidato-del-pvem-a-presidente-municipal-de-zinacantepec\\\/#respond\"]}]},{\"@type\":\"WebPage\",\"@id\":\"https:\\\/\\\/expressometro.mx\\\/index.php\\\/2021\\\/02\\\/02\\\/julian-huerta-precandidato-del-pvem-a-presidente-municipal-de-zinacantepec\\\/\",\"url\":\"https:\\\/\\\/expressometro.mx\\\/index.php\\\/2021\\\/02\\\/02\\\/julian-huerta-precandidato-del-pvem-a-presidente-municipal-de-zinacantepec\\\/\",\"name\":\"JULIAN HUERTA PRECANDIDATO DEL PVEM, A PRESIDENTE MUNICIPAL DE ZINACANTEPEC - Expresso Metropolitano\",\"isPartOf\":{\"@id\":\"https:\\\/\\\/expressometro.mx\\\/#website\"},\"primaryImageOfPage\":{\"@id\":\"https:\\\/\\\/expressometro.mx\\\/index.php\\\/2021\\\/02\\\/02\\\/julian-huerta-precandidato-del-pvem-a-presidente-municipal-de-zinacantepec\\\/#primaryimage\"},\"image\":{\"@id\":\"https:\\\/\\\/expressometro.mx\\\/index.php\\\/2021\\\/02\\\/02\\\/julian-huerta-precandidato-del-pvem-a-presidente-municipal-de-zinacantepec\\\/#primaryimage\"},\"thumbnailUrl\":\"https:\\\/\\\/expressometro.mx\\\/wp-content\\\/uploads\\\/2021\\\/02\\\/81A6CADF-E819-41B5-B574-D02ED34E399D.jpeg\",\"datePublished\":\"2021-02-02T17:07:48+00:00\",\"dateModified\":\"2021-02-02T17:07:51+00:00\",\"breadcrumb\":{\"@id\":\"https:\\\/\\\/expressometro.mx\\\/index.php\\\/2021\\\/02\\\/02\\\/julian-huerta-precandidato-del-pvem-a-presidente-municipal-de-zinacantepec\\\/#breadcrumb\"},\"inLanguage\":\"es\",\"potentialAction\":[{\"@type\":\"ReadAction\",\"target\":[\"https:\\\/\\\/expressometro.mx\\\/index.php\\\/2021\\\/02\\\/02\\\/julian-huerta-precandidato-del-pvem-a-presidente-municipal-de-zinacantepec\\\/\"]}]},{\"@type\":\"ImageObject\",\"inLanguage\":\"es\",\"@id\":\"https:\\\/\\\/expressometro.mx\\\/index.php\\\/2021\\\/02\\\/02\\\/julian-huerta-precandidato-del-pvem-a-presidente-municipal-de-zinacantepec\\\/#primaryimage\",\"url\":\"https:\\\/\\\/expressometro.mx\\\/wp-content\\\/uploads\\\/2021\\\/02\\\/81A6CADF-E819-41B5-B574-D02ED34E399D.jpeg\",\"contentUrl\":\"https:\\\/\\\/expressometro.mx\\\/wp-content\\\/uploads\\\/2021\\\/02\\\/81A6CADF-E819-41B5-B574-D02ED34E399D.jpeg\",\"width\":1025,\"height\":576},{\"@type\":\"BreadcrumbList\",\"@id\":\"https:\\\/\\\/expressometro.mx\\\/index.php\\\/2021\\\/02\\\/02\\\/julian-huerta-precandidato-del-pvem-a-presidente-municipal-de-zinacantepec\\\/#breadcrumb\",\"itemListElement\":[{\"@type\":\"ListItem\",\"position\":1,\"name\":\"Inicio\",\"item\":\"https:\\\/\\\/expressometro.mx\\\/\"},{\"@type\":\"ListItem\",\"position\":2,\"name\":\"JULIAN HUERTA PRECANDIDATO DEL PVEM, A PRESIDENTE MUNICIPAL DE ZINACANTEPEC\"}]},{\"@type\":\"WebSite\",\"@id\":\"https:\\\/\\\/expressometro.mx\\\/#website\",\"url\":\"https:\\\/\\\/expressometro.mx\\\/\",\"name\":\"Expresso Metropolitano\",\"description\":\"Periodismo comprometido, informaci\u00f3n, investigaci\u00f3n y an\u00e1lisis\",\"publisher\":{\"@id\":\"https:\\\/\\\/expressometro.mx\\\/#organization\"},\"potentialAction\":[{\"@type\":\"SearchAction\",\"target\":{\"@type\":\"EntryPoint\",\"urlTemplate\":\"https:\\\/\\\/expressometro.mx\\\/?s={search_term_string}\"},\"query-input\":{\"@type\":\"PropertyValueSpecification\",\"valueRequired\":true,\"valueName\":\"search_term_string\"}}],\"inLanguage\":\"es\"},{\"@type\":\"Organization\",\"@id\":\"https:\\\/\\\/expressometro.mx\\\/#organization\",\"name\":\"Expresso Metropolitano\",\"url\":\"https:\\\/\\\/expressometro.mx\\\/\",\"logo\":{\"@type\":\"ImageObject\",\"inLanguage\":\"es\",\"@id\":\"https:\\\/\\\/expressometro.mx\\\/#\\\/schema\\\/logo\\\/image\\\/\",\"url\":\"https:\\\/\\\/expressometro.mx\\\/wp-content\\\/uploads\\\/2019\\\/07\\\/cropped-Logo-Expresso-Metropolitano-1-1.jpeg\",\"contentUrl\":\"https:\\\/\\\/expressometro.mx\\\/wp-content\\\/uploads\\\/2019\\\/07\\\/cropped-Logo-Expresso-Metropolitano-1-1.jpeg\",\"width\":290,\"height\":73,\"caption\":\"Expresso Metropolitano\"},\"image\":{\"@id\":\"https:\\\/\\\/expressometro.mx\\\/#\\\/schema\\\/logo\\\/image\\\/\"}},{\"@type\":\"Person\",\"@id\":\"https:\\\/\\\/expressometro.mx\\\/#\\\/schema\\\/person\\\/efa971b4a0664db8ed5c22b1b0dd2f5d\",\"name\":\"Expresso Metropolitano\",\"image\":{\"@type\":\"ImageObject\",\"inLanguage\":\"es\",\"@id\":\"https:\\\/\\\/secure.gravatar.com\\\/avatar\\\/a89f802b8de18c6952f223c88d3d106e9e3679839f4e25a02f4a6cc2ae6ba3b3?s=96&d=mm&r=g\",\"url\":\"https:\\\/\\\/secure.gravatar.com\\\/avatar\\\/a89f802b8de18c6952f223c88d3d106e9e3679839f4e25a02f4a6cc2ae6ba3b3?s=96&d=mm&r=g\",\"contentUrl\":\"https:\\\/\\\/secure.gravatar.com\\\/avatar\\\/a89f802b8de18c6952f223c88d3d106e9e3679839f4e25a02f4a6cc2ae6ba3b3?s=96&d=mm&r=g\",\"caption\":\"Expresso Metropolitano\"},\"url\":\"https:\\\/\\\/expressometro.mx\\\/index.php\\\/author\\\/diego\\\/\"}]}<\/script>\n<!-- \/ Yoast SEO plugin. -->","yoast_head_json":{"title":"JULIAN HUERTA PRECANDIDATO DEL PVEM, A PRESIDENTE MUNICIPAL DE ZINACANTEPEC - Expresso Metropolitano","robots":{"index":"index","follow":"follow","max-snippet":"max-snippet:-1","max-image-preview":"max-image-preview:large","max-video-preview":"max-video-preview:-1"},"canonical":"https:\/\/expressometro.mx\/index.php\/2021\/02\/02\/julian-huerta-precandidato-del-pvem-a-presidente-municipal-de-zinacantepec\/","og_locale":"es_MX","og_type":"article","og_title":"JULIAN HUERTA PRECANDIDATO DEL PVEM, A PRESIDENTE MUNICIPAL DE ZINACANTEPEC - Expresso Metropolitano","og_description":"Huerta Cantinca conoce cada rinc\u00f3n y cada comunidad de Zinacantepec, teniendo presente las carencias, necesidades y problem\u00e1ticas que ata\u00f1en todos los d\u00edas a la poblaci\u00f3n.","og_url":"https:\/\/expressometro.mx\/index.php\/2021\/02\/02\/julian-huerta-precandidato-del-pvem-a-presidente-municipal-de-zinacantepec\/","og_site_name":"Expresso Metropolitano","article_published_time":"2021-02-02T17:07:48+00:00","article_modified_time":"2021-02-02T17:07:51+00:00","og_image":[{"width":1025,"height":576,"url":"https:\/\/expressometro.mx\/wp-content\/uploads\/2021\/02\/81A6CADF-E819-41B5-B574-D02ED34E399D.jpeg","type":"image\/jpeg"}],"author":"Expresso Metropolitano","twitter_misc":{"Escrito por":"Expresso Metropolitano","Tiempo de lectura":"1 minuto"},"schema":{"@context":"https:\/\/schema.org","@graph":[{"@type":"Article","@id":"https:\/\/expressometro.mx\/index.php\/2021\/02\/02\/julian-huerta-precandidato-del-pvem-a-presidente-municipal-de-zinacantepec\/#article","isPartOf":{"@id":"https:\/\/expressometro.mx\/index.php\/2021\/02\/02\/julian-huerta-precandidato-del-pvem-a-presidente-municipal-de-zinacantepec\/"},"author":{"name":"Expresso Metropolitano","@id":"https:\/\/expressometro.mx\/#\/schema\/person\/efa971b4a0664db8ed5c22b1b0dd2f5d"},"headline":"JULIAN HUERTA PRECANDIDATO DEL PVEM, A PRESIDENTE MUNICIPAL DE ZINACANTEPEC","datePublished":"2021-02-02T17:07:48+00:00","dateModified":"2021-02-02T17:07:51+00:00","mainEntityOfPage":{"@id":"https:\/\/expressometro.mx\/index.php\/2021\/02\/02\/julian-huerta-precandidato-del-pvem-a-presidente-municipal-de-zinacantepec\/"},"wordCount":198,"commentCount":0,"publisher":{"@id":"https:\/\/expressometro.mx\/#organization"},"image":{"@id":"https:\/\/expressometro.mx\/index.php\/2021\/02\/02\/julian-huerta-precandidato-del-pvem-a-presidente-municipal-de-zinacantepec\/#primaryimage"},"thumbnailUrl":"https:\/\/expressometro.mx\/wp-content\/uploads\/2021\/02\/81A6CADF-E819-41B5-B574-D02ED34E399D.jpeg","keywords":["PVEM"],"articleSection":["Pol\u00edtica"],"inLanguage":"es","potentialAction":[{"@type":"CommentAction","name":"Comment","target":["https:\/\/expressometro.mx\/index.php\/2021\/02\/02\/julian-huerta-precandidato-del-pvem-a-presidente-municipal-de-zinacantepec\/#respond"]}]},{"@type":"WebPage","@id":"https:\/\/expressometro.mx\/index.php\/2021\/02\/02\/julian-huerta-precandidato-del-pvem-a-presidente-municipal-de-zinacantepec\/","url":"https:\/\/expressometro.mx\/index.php\/2021\/02\/02\/julian-huerta-precandidato-del-pvem-a-presidente-municipal-de-zinacantepec\/","name":"JULIAN HUERTA PRECANDIDATO DEL PVEM, A PRESIDENTE MUNICIPAL DE ZINACANTEPEC - Expresso Metropolitano","isPartOf":{"@id":"https:\/\/expressometro.mx\/#website"},"primaryImageOfPage":{"@id":"https:\/\/expressometro.mx\/index.php\/2021\/02\/02\/julian-huerta-precandidato-del-pvem-a-presidente-municipal-de-zinacantepec\/#primaryimage"},"image":{"@id":"https:\/\/expressometro.mx\/index.php\/2021\/02\/02\/julian-huerta-precandidato-del-pvem-a-presidente-municipal-de-zinacantepec\/#primaryimage"},"thumbnailUrl":"https:\/\/expressometro.mx\/wp-content\/uploads\/2021\/02\/81A6CADF-E819-41B5-B574-D02ED34E399D.jpeg","datePublished":"2021-02-02T17:07:48+00:00","dateModified":"2021-02-02T17:07:51+00:00","breadcrumb":{"@id":"https:\/\/expressometro.mx\/index.php\/2021\/02\/02\/julian-huerta-precandidato-del-pvem-a-presidente-municipal-de-zinacantepec\/#breadcrumb"},"inLanguage":"es","potentialAction":[{"@type":"ReadAction","target":["https:\/\/expressometro.mx\/index.php\/2021\/02\/02\/julian-huerta-precandidato-del-pvem-a-presidente-municipal-de-zinacantepec\/"]}]},{"@type":"ImageObject","inLanguage":"es","@id":"https:\/\/expressometro.mx\/index.php\/2021\/02\/02\/julian-huerta-precandidato-del-pvem-a-presidente-municipal-de-zinacantepec\/#primaryimage","url":"https:\/\/expressometro.mx\/wp-content\/uploads\/2021\/02\/81A6CADF-E819-41B5-B574-D02ED34E399D.jpeg","contentUrl":"https:\/\/expressometro.mx\/wp-content\/uploads\/2021\/02\/81A6CADF-E819-41B5-B574-D02ED34E399D.jpeg","width":1025,"height":576},{"@type":"BreadcrumbList","@id":"https:\/\/expressometro.mx\/index.php\/2021\/02\/02\/julian-huerta-precandidato-del-pvem-a-presidente-municipal-de-zinacantepec\/#breadcrumb","itemListElement":[{"@type":"ListItem","position":1,"name":"Inicio","item":"https:\/\/expressometro.mx\/"},{"@type":"ListItem","position":2,"name":"JULIAN HUERTA PRECANDIDATO DEL PVEM, A PRESIDENTE MUNICIPAL DE ZINACANTEPEC"}]},{"@type":"WebSite","@id":"https:\/\/expressometro.mx\/#website","url":"https:\/\/expressometro.mx\/","name":"Expresso Metropolitano","description":"Periodismo comprometido, informaci\u00f3n, investigaci\u00f3n y an\u00e1lisis","publisher":{"@id":"https:\/\/expressometro.mx\/#organization"},"potentialAction":[{"@type":"SearchAction","target":{"@type":"EntryPoint","urlTemplate":"https:\/\/expressometro.mx\/?s={search_term_string}"},"query-input":{"@type":"PropertyValueSpecification","valueRequired":true,"valueName":"search_term_string"}}],"inLanguage":"es"},{"@type":"Organization","@id":"https:\/\/expressometro.mx\/#organization","name":"Expresso Metropolitano","url":"https:\/\/expressometro.mx\/","logo":{"@type":"ImageObject","inLanguage":"es","@id":"https:\/\/expressometro.mx\/#\/schema\/logo\/image\/","url":"https:\/\/expressometro.mx\/wp-content\/uploads\/2019\/07\/cropped-Logo-Expresso-Metropolitano-1-1.jpeg","contentUrl":"https:\/\/expressometro.mx\/wp-content\/uploads\/2019\/07\/cropped-Logo-Expresso-Metropolitano-1-1.jpeg","width":290,"height":73,"caption":"Expresso Metropolitano"},"image":{"@id":"https:\/\/expressometro.mx\/#\/schema\/logo\/image\/"}},{"@type":"Person","@id":"https:\/\/expressometro.mx\/#\/schema\/person\/efa971b4a0664db8ed5c22b1b0dd2f5d","name":"Expresso Metropolitano","image":{"@type":"ImageObject","inLanguage":"es","@id":"https:\/\/secure.gravatar.com\/avatar\/a89f802b8de18c6952f223c88d3d106e9e3679839f4e25a02f4a6cc2ae6ba3b3?s=96&d=mm&r=g","url":"https:\/\/secure.gravatar.com\/avatar\/a89f802b8de18c6952f223c88d3d106e9e3679839f4e25a02f4a6cc2ae6ba3b3?s=96&d=mm&r=g","contentUrl":"https:\/\/secure.gravatar.com\/avatar\/a89f802b8de18c6952f223c88d3d106e9e3679839f4e25a02f4a6cc2ae6ba3b3?s=96&d=mm&r=g","caption":"Expresso Metropolitano"},"url":"https:\/\/expressometro.mx\/index.php\/author\/diego\/"}]}},"amp_enabled":true,"_links":{"self":[{"href":"https:\/\/expressometro.mx\/index.php\/wp-json\/wp\/v2\/posts\/2192","targetHints":{"allow":["GET"]}}],"collection":[{"href":"https:\/\/expressometro.mx\/index.php\/wp-json\/wp\/v2\/posts"}],"about":[{"href":"https:\/\/expressometro.mx\/index.php\/wp-json\/wp\/v2\/types\/post"}],"author":[{"embeddable":true,"href":"https:\/\/expressometro.mx\/index.php\/wp-json\/wp\/v2\/users\/1"}],"replies":[{"embeddable":true,"href":"https:\/\/expressometro.mx\/index.php\/wp-json\/wp\/v2\/comments?post=2192"}],"version-history":[{"count":1,"href":"https:\/\/expressometro.mx\/index.php\/wp-json\/wp\/v2\/posts\/2192\/revisions"}],"predecessor-version":[{"id":2194,"href":"https:\/\/expressometro.mx\/index.php\/wp-json\/wp\/v2\/posts\/2192\/revisions\/2194"}],"wp:featuredmedia":[{"embeddable":true,"href":"https:\/\/expressometro.mx\/index.php\/wp-json\/wp\/v2\/media\/2193"}],"wp:attachment":[{"href":"https:\/\/expressometro.mx\/index.php\/wp-json\/wp\/v2\/media?parent=2192"}],"wp:term":[{"taxonomy":"category","embeddable":true,"href":"https:\/\/expressometro.mx\/index.php\/wp-json\/wp\/v2\/categories?post=2192"},{"taxonomy":"post_tag","embeddable":true,"href":"https:\/\/expressometro.mx\/index.php\/wp-json\/wp\/v2\/tags?post=2192"}],"curies":[{"name":"wp","href":"https:\/\/api.w.org\/{rel}","templated":true}]}}