{"id":2173,"date":"2021-01-29T10:59:45","date_gmt":"2021-01-29T16:59:45","guid":{"rendered":"http:\/\/expressometro.mx\/?p=2173"},"modified":"2021-01-29T10:59:48","modified_gmt":"2021-01-29T16:59:48","slug":"perfil-de-aspirante-a-rectoria-de-la-uaemex","status":"publish","type":"post","link":"https:\/\/expressometro.mx\/index.php\/2021\/01\/29\/perfil-de-aspirante-a-rectoria-de-la-uaemex\/","title":{"rendered":"Perfil de aspirante a rector\u00eda de la UAEMex"},"content":{"rendered":"\n<p>En medio de un periodo de dificultad econ\u00f3mica y social a consecuencia de la pandemia por COVID-19, el proceso de elecci\u00f3n de rector en la Universidad Aut\u00f3noma del Estado de M\u00e9xico para el periodo 2021-2025 no puede eludir a este contexto adverso que exige, en primer lugar, de un aspirante que sea solidario y que escuche verdaderamente las necesidades de su comunidad integrada por alumnos, acad\u00e9micos y personal administrativo.<\/p>\n\n\n\n<p>Quien aspire a la siguiente administraci\u00f3n universitaria deber\u00e1 contar con un perfil pol\u00edtico de amplia trayectoria en la UAEM, que reconozca los retos que enfrenta cada sector a fin de gestionar recursos ante diversas instancias, es decir, se requiere de un verdadero l\u00edder que dialogue con diversas posiciones pol\u00edticas e ideol\u00f3gicas, sin que las negociaciones impliquen vulnerar la estabilidad econ\u00f3mica y acad\u00e9mica de la instituci\u00f3n.<\/p>\n\n\n\n<p>Hoy m\u00e1s que nunca, la comunidad universitaria reclama de un aspirante cercano y emp\u00e1tico, que m\u00e1s all\u00e1 de t\u00edtulos acad\u00e9micos que alimentan logros personales y profesionales, es necesaria la experiencia probada en administrar los recursos para que m\u00e1s j\u00f3venes puedan acceder a una educaci\u00f3n de excelencia, y para que el personal acad\u00e9mico y administrativo alcancen mayor estabilidad laboral.<\/p>\n\n\n\n<p>Adem\u00e1s de ser una persona que concilie las diferentes posiciones pol\u00edticas al interior de la UAEM, la siguiente persona que dirija el destino de la instituci\u00f3n deber\u00e1 hacer de este momento de crisis una oportunidad para crear nuevas estrategias educativas enriquecidas con la creatividad que los docentes de la universidad han puesto en marcha durante el confinamiento sanitario.<\/p>\n\n\n\n<p>La UAEM necesita consolidarse como un espacio que responde a las necesidades m\u00e1s apremiantes de la sociedad, pero sobre todo, trabajar en tareas pendientes, entre ellas, atender la violencia de g\u00e9nero, recuperar su sitio entre las instituciones de educaci\u00f3n superior de mayor calidad en el pa\u00eds y responder de manera transparente y clara a las acusaciones que solamente buscan mancillar la credibilidad y prestigio de la instituci\u00f3n.<\/p>\n","protected":false},"excerpt":{"rendered":"<p>La disyuntiva. \u00bfQu\u00e9 caracter\u00edsticas debe tener el nuevo rector en los tiempos de pandemia?<\/p>\n","protected":false},"author":1,"featured_media":2174,"comment_status":"open","ping_status":"open","sticky":false,"template":"","format":"standard","meta":{"footnotes":""},"categories":[108],"tags":[82],"class_list":["post-2173","post","type-post","status-publish","format-standard","has-post-thumbnail","hentry","category-educacion","tag-uaemex"],"yoast_head":"<!-- This site is optimized with the Yoast SEO plugin v27.4 - https:\/\/yoast.com\/product\/yoast-seo-wordpress\/ -->\n<title>Perfil de aspirante a rector\u00eda de la UAEMex - Expresso Metropolitano<\/title>\n<meta name=\"robots\" content=\"index, follow, max-snippet:-1, max-image-preview:large, max-video-preview:-1\" \/>\n<link rel=\"canonical\" href=\"https:\/\/expressometro.mx\/index.php\/2021\/01\/29\/perfil-de-aspirante-a-rectoria-de-la-uaemex\/\" \/>\n<meta property=\"og:locale\" content=\"es_MX\" \/>\n<meta property=\"og:type\" content=\"article\" \/>\n<meta property=\"og:title\" content=\"Perfil de aspirante a rector\u00eda de la UAEMex - Expresso Metropolitano\" \/>\n<meta property=\"og:description\" content=\"La disyuntiva. \u00bfQu\u00e9 caracter\u00edsticas debe tener el nuevo rector en los tiempos de pandemia?\" \/>\n<meta property=\"og:url\" content=\"https:\/\/expressometro.mx\/index.php\/2021\/01\/29\/perfil-de-aspirante-a-rectoria-de-la-uaemex\/\" \/>\n<meta property=\"og:site_name\" content=\"Expresso Metropolitano\" \/>\n<meta property=\"article:published_time\" content=\"2021-01-29T16:59:45+00:00\" \/>\n<meta property=\"article:modified_time\" content=\"2021-01-29T16:59:48+00:00\" \/>\n<meta property=\"og:image\" content=\"https:\/\/expressometro.mx\/wp-content\/uploads\/2021\/01\/9A21D935-6D5C-46C8-9B54-664A6927B727.jpeg\" \/>\n\t<meta property=\"og:image:width\" content=\"600\" \/>\n\t<meta property=\"og:image:height\" content=\"400\" \/>\n\t<meta property=\"og:image:type\" content=\"image\/jpeg\" \/>\n<meta name=\"author\" content=\"Expresso Metropolitano\" \/>\n<meta name=\"twitter:label1\" content=\"Escrito por\" \/>\n\t<meta name=\"twitter:data1\" content=\"Expresso Metropolitano\" \/>\n\t<meta name=\"twitter:label2\" content=\"Tiempo de lectura\" \/>\n\t<meta name=\"twitter:data2\" content=\"2 minutos\" \/>\n<script type=\"application\/ld+json\" class=\"yoast-schema-graph\">{\"@context\":\"https:\\\/\\\/schema.org\",\"@graph\":[{\"@type\":\"Article\",\"@id\":\"https:\\\/\\\/expressometro.mx\\\/index.php\\\/2021\\\/01\\\/29\\\/perfil-de-aspirante-a-rectoria-de-la-uaemex\\\/#article\",\"isPartOf\":{\"@id\":\"https:\\\/\\\/expressometro.mx\\\/index.php\\\/2021\\\/01\\\/29\\\/perfil-de-aspirante-a-rectoria-de-la-uaemex\\\/\"},\"author\":{\"name\":\"Expresso Metropolitano\",\"@id\":\"https:\\\/\\\/expressometro.mx\\\/#\\\/schema\\\/person\\\/efa971b4a0664db8ed5c22b1b0dd2f5d\"},\"headline\":\"Perfil de aspirante a rector\u00eda de la UAEMex\",\"datePublished\":\"2021-01-29T16:59:45+00:00\",\"dateModified\":\"2021-01-29T16:59:48+00:00\",\"mainEntityOfPage\":{\"@id\":\"https:\\\/\\\/expressometro.mx\\\/index.php\\\/2021\\\/01\\\/29\\\/perfil-de-aspirante-a-rectoria-de-la-uaemex\\\/\"},\"wordCount\":356,\"commentCount\":0,\"publisher\":{\"@id\":\"https:\\\/\\\/expressometro.mx\\\/#organization\"},\"image\":{\"@id\":\"https:\\\/\\\/expressometro.mx\\\/index.php\\\/2021\\\/01\\\/29\\\/perfil-de-aspirante-a-rectoria-de-la-uaemex\\\/#primaryimage\"},\"thumbnailUrl\":\"https:\\\/\\\/expressometro.mx\\\/wp-content\\\/uploads\\\/2021\\\/01\\\/9A21D935-6D5C-46C8-9B54-664A6927B727.jpeg\",\"keywords\":[\"UAEMex\"],\"articleSection\":[\"Educaci\u00f3n\"],\"inLanguage\":\"es\",\"potentialAction\":[{\"@type\":\"CommentAction\",\"name\":\"Comment\",\"target\":[\"https:\\\/\\\/expressometro.mx\\\/index.php\\\/2021\\\/01\\\/29\\\/perfil-de-aspirante-a-rectoria-de-la-uaemex\\\/#respond\"]}]},{\"@type\":\"WebPage\",\"@id\":\"https:\\\/\\\/expressometro.mx\\\/index.php\\\/2021\\\/01\\\/29\\\/perfil-de-aspirante-a-rectoria-de-la-uaemex\\\/\",\"url\":\"https:\\\/\\\/expressometro.mx\\\/index.php\\\/2021\\\/01\\\/29\\\/perfil-de-aspirante-a-rectoria-de-la-uaemex\\\/\",\"name\":\"Perfil de aspirante a rector\u00eda de la UAEMex - Expresso Metropolitano\",\"isPartOf\":{\"@id\":\"https:\\\/\\\/expressometro.mx\\\/#website\"},\"primaryImageOfPage\":{\"@id\":\"https:\\\/\\\/expressometro.mx\\\/index.php\\\/2021\\\/01\\\/29\\\/perfil-de-aspirante-a-rectoria-de-la-uaemex\\\/#primaryimage\"},\"image\":{\"@id\":\"https:\\\/\\\/expressometro.mx\\\/index.php\\\/2021\\\/01\\\/29\\\/perfil-de-aspirante-a-rectoria-de-la-uaemex\\\/#primaryimage\"},\"thumbnailUrl\":\"https:\\\/\\\/expressometro.mx\\\/wp-content\\\/uploads\\\/2021\\\/01\\\/9A21D935-6D5C-46C8-9B54-664A6927B727.jpeg\",\"datePublished\":\"2021-01-29T16:59:45+00:00\",\"dateModified\":\"2021-01-29T16:59:48+00:00\",\"breadcrumb\":{\"@id\":\"https:\\\/\\\/expressometro.mx\\\/index.php\\\/2021\\\/01\\\/29\\\/perfil-de-aspirante-a-rectoria-de-la-uaemex\\\/#breadcrumb\"},\"inLanguage\":\"es\",\"potentialAction\":[{\"@type\":\"ReadAction\",\"target\":[\"https:\\\/\\\/expressometro.mx\\\/index.php\\\/2021\\\/01\\\/29\\\/perfil-de-aspirante-a-rectoria-de-la-uaemex\\\/\"]}]},{\"@type\":\"ImageObject\",\"inLanguage\":\"es\",\"@id\":\"https:\\\/\\\/expressometro.mx\\\/index.php\\\/2021\\\/01\\\/29\\\/perfil-de-aspirante-a-rectoria-de-la-uaemex\\\/#primaryimage\",\"url\":\"https:\\\/\\\/expressometro.mx\\\/wp-content\\\/uploads\\\/2021\\\/01\\\/9A21D935-6D5C-46C8-9B54-664A6927B727.jpeg\",\"contentUrl\":\"https:\\\/\\\/expressometro.mx\\\/wp-content\\\/uploads\\\/2021\\\/01\\\/9A21D935-6D5C-46C8-9B54-664A6927B727.jpeg\",\"width\":600,\"height\":400},{\"@type\":\"BreadcrumbList\",\"@id\":\"https:\\\/\\\/expressometro.mx\\\/index.php\\\/2021\\\/01\\\/29\\\/perfil-de-aspirante-a-rectoria-de-la-uaemex\\\/#breadcrumb\",\"itemListElement\":[{\"@type\":\"ListItem\",\"position\":1,\"name\":\"Inicio\",\"item\":\"https:\\\/\\\/expressometro.mx\\\/\"},{\"@type\":\"ListItem\",\"position\":2,\"name\":\"Perfil de aspirante a rector\u00eda de la UAEMex\"}]},{\"@type\":\"WebSite\",\"@id\":\"https:\\\/\\\/expressometro.mx\\\/#website\",\"url\":\"https:\\\/\\\/expressometro.mx\\\/\",\"name\":\"Expresso Metropolitano\",\"description\":\"Periodismo comprometido, informaci\u00f3n, investigaci\u00f3n y an\u00e1lisis\",\"publisher\":{\"@id\":\"https:\\\/\\\/expressometro.mx\\\/#organization\"},\"potentialAction\":[{\"@type\":\"SearchAction\",\"target\":{\"@type\":\"EntryPoint\",\"urlTemplate\":\"https:\\\/\\\/expressometro.mx\\\/?s={search_term_string}\"},\"query-input\":{\"@type\":\"PropertyValueSpecification\",\"valueRequired\":true,\"valueName\":\"search_term_string\"}}],\"inLanguage\":\"es\"},{\"@type\":\"Organization\",\"@id\":\"https:\\\/\\\/expressometro.mx\\\/#organization\",\"name\":\"Expresso Metropolitano\",\"url\":\"https:\\\/\\\/expressometro.mx\\\/\",\"logo\":{\"@type\":\"ImageObject\",\"inLanguage\":\"es\",\"@id\":\"https:\\\/\\\/expressometro.mx\\\/#\\\/schema\\\/logo\\\/image\\\/\",\"url\":\"https:\\\/\\\/expressometro.mx\\\/wp-content\\\/uploads\\\/2019\\\/07\\\/cropped-Logo-Expresso-Metropolitano-1-1.jpeg\",\"contentUrl\":\"https:\\\/\\\/expressometro.mx\\\/wp-content\\\/uploads\\\/2019\\\/07\\\/cropped-Logo-Expresso-Metropolitano-1-1.jpeg\",\"width\":290,\"height\":73,\"caption\":\"Expresso Metropolitano\"},\"image\":{\"@id\":\"https:\\\/\\\/expressometro.mx\\\/#\\\/schema\\\/logo\\\/image\\\/\"}},{\"@type\":\"Person\",\"@id\":\"https:\\\/\\\/expressometro.mx\\\/#\\\/schema\\\/person\\\/efa971b4a0664db8ed5c22b1b0dd2f5d\",\"name\":\"Expresso Metropolitano\",\"image\":{\"@type\":\"ImageObject\",\"inLanguage\":\"es\",\"@id\":\"https:\\\/\\\/secure.gravatar.com\\\/avatar\\\/a89f802b8de18c6952f223c88d3d106e9e3679839f4e25a02f4a6cc2ae6ba3b3?s=96&d=mm&r=g\",\"url\":\"https:\\\/\\\/secure.gravatar.com\\\/avatar\\\/a89f802b8de18c6952f223c88d3d106e9e3679839f4e25a02f4a6cc2ae6ba3b3?s=96&d=mm&r=g\",\"contentUrl\":\"https:\\\/\\\/secure.gravatar.com\\\/avatar\\\/a89f802b8de18c6952f223c88d3d106e9e3679839f4e25a02f4a6cc2ae6ba3b3?s=96&d=mm&r=g\",\"caption\":\"Expresso Metropolitano\"},\"url\":\"https:\\\/\\\/expressometro.mx\\\/index.php\\\/author\\\/diego\\\/\"}]}<\/script>\n<!-- \/ Yoast SEO plugin. -->","yoast_head_json":{"title":"Perfil de aspirante a rector\u00eda de la UAEMex - Expresso Metropolitano","robots":{"index":"index","follow":"follow","max-snippet":"max-snippet:-1","max-image-preview":"max-image-preview:large","max-video-preview":"max-video-preview:-1"},"canonical":"https:\/\/expressometro.mx\/index.php\/2021\/01\/29\/perfil-de-aspirante-a-rectoria-de-la-uaemex\/","og_locale":"es_MX","og_type":"article","og_title":"Perfil de aspirante a rector\u00eda de la UAEMex - Expresso Metropolitano","og_description":"La disyuntiva. \u00bfQu\u00e9 caracter\u00edsticas debe tener el nuevo rector en los tiempos de pandemia?","og_url":"https:\/\/expressometro.mx\/index.php\/2021\/01\/29\/perfil-de-aspirante-a-rectoria-de-la-uaemex\/","og_site_name":"Expresso Metropolitano","article_published_time":"2021-01-29T16:59:45+00:00","article_modified_time":"2021-01-29T16:59:48+00:00","og_image":[{"width":600,"height":400,"url":"https:\/\/expressometro.mx\/wp-content\/uploads\/2021\/01\/9A21D935-6D5C-46C8-9B54-664A6927B727.jpeg","type":"image\/jpeg"}],"author":"Expresso Metropolitano","twitter_misc":{"Escrito por":"Expresso Metropolitano","Tiempo de lectura":"2 minutos"},"schema":{"@context":"https:\/\/schema.org","@graph":[{"@type":"Article","@id":"https:\/\/expressometro.mx\/index.php\/2021\/01\/29\/perfil-de-aspirante-a-rectoria-de-la-uaemex\/#article","isPartOf":{"@id":"https:\/\/expressometro.mx\/index.php\/2021\/01\/29\/perfil-de-aspirante-a-rectoria-de-la-uaemex\/"},"author":{"name":"Expresso Metropolitano","@id":"https:\/\/expressometro.mx\/#\/schema\/person\/efa971b4a0664db8ed5c22b1b0dd2f5d"},"headline":"Perfil de aspirante a rector\u00eda de la UAEMex","datePublished":"2021-01-29T16:59:45+00:00","dateModified":"2021-01-29T16:59:48+00:00","mainEntityOfPage":{"@id":"https:\/\/expressometro.mx\/index.php\/2021\/01\/29\/perfil-de-aspirante-a-rectoria-de-la-uaemex\/"},"wordCount":356,"commentCount":0,"publisher":{"@id":"https:\/\/expressometro.mx\/#organization"},"image":{"@id":"https:\/\/expressometro.mx\/index.php\/2021\/01\/29\/perfil-de-aspirante-a-rectoria-de-la-uaemex\/#primaryimage"},"thumbnailUrl":"https:\/\/expressometro.mx\/wp-content\/uploads\/2021\/01\/9A21D935-6D5C-46C8-9B54-664A6927B727.jpeg","keywords":["UAEMex"],"articleSection":["Educaci\u00f3n"],"inLanguage":"es","potentialAction":[{"@type":"CommentAction","name":"Comment","target":["https:\/\/expressometro.mx\/index.php\/2021\/01\/29\/perfil-de-aspirante-a-rectoria-de-la-uaemex\/#respond"]}]},{"@type":"WebPage","@id":"https:\/\/expressometro.mx\/index.php\/2021\/01\/29\/perfil-de-aspirante-a-rectoria-de-la-uaemex\/","url":"https:\/\/expressometro.mx\/index.php\/2021\/01\/29\/perfil-de-aspirante-a-rectoria-de-la-uaemex\/","name":"Perfil de aspirante a rector\u00eda de la UAEMex - Expresso Metropolitano","isPartOf":{"@id":"https:\/\/expressometro.mx\/#website"},"primaryImageOfPage":{"@id":"https:\/\/expressometro.mx\/index.php\/2021\/01\/29\/perfil-de-aspirante-a-rectoria-de-la-uaemex\/#primaryimage"},"image":{"@id":"https:\/\/expressometro.mx\/index.php\/2021\/01\/29\/perfil-de-aspirante-a-rectoria-de-la-uaemex\/#primaryimage"},"thumbnailUrl":"https:\/\/expressometro.mx\/wp-content\/uploads\/2021\/01\/9A21D935-6D5C-46C8-9B54-664A6927B727.jpeg","datePublished":"2021-01-29T16:59:45+00:00","dateModified":"2021-01-29T16:59:48+00:00","breadcrumb":{"@id":"https:\/\/expressometro.mx\/index.php\/2021\/01\/29\/perfil-de-aspirante-a-rectoria-de-la-uaemex\/#breadcrumb"},"inLanguage":"es","potentialAction":[{"@type":"ReadAction","target":["https:\/\/expressometro.mx\/index.php\/2021\/01\/29\/perfil-de-aspirante-a-rectoria-de-la-uaemex\/"]}]},{"@type":"ImageObject","inLanguage":"es","@id":"https:\/\/expressometro.mx\/index.php\/2021\/01\/29\/perfil-de-aspirante-a-rectoria-de-la-uaemex\/#primaryimage","url":"https:\/\/expressometro.mx\/wp-content\/uploads\/2021\/01\/9A21D935-6D5C-46C8-9B54-664A6927B727.jpeg","contentUrl":"https:\/\/expressometro.mx\/wp-content\/uploads\/2021\/01\/9A21D935-6D5C-46C8-9B54-664A6927B727.jpeg","width":600,"height":400},{"@type":"BreadcrumbList","@id":"https:\/\/expressometro.mx\/index.php\/2021\/01\/29\/perfil-de-aspirante-a-rectoria-de-la-uaemex\/#breadcrumb","itemListElement":[{"@type":"ListItem","position":1,"name":"Inicio","item":"https:\/\/expressometro.mx\/"},{"@type":"ListItem","position":2,"name":"Perfil de aspirante a rector\u00eda de la UAEMex"}]},{"@type":"WebSite","@id":"https:\/\/expressometro.mx\/#website","url":"https:\/\/expressometro.mx\/","name":"Expresso Metropolitano","description":"Periodismo comprometido, informaci\u00f3n, investigaci\u00f3n y an\u00e1lisis","publisher":{"@id":"https:\/\/expressometro.mx\/#organization"},"potentialAction":[{"@type":"SearchAction","target":{"@type":"EntryPoint","urlTemplate":"https:\/\/expressometro.mx\/?s={search_term_string}"},"query-input":{"@type":"PropertyValueSpecification","valueRequired":true,"valueName":"search_term_string"}}],"inLanguage":"es"},{"@type":"Organization","@id":"https:\/\/expressometro.mx\/#organization","name":"Expresso Metropolitano","url":"https:\/\/expressometro.mx\/","logo":{"@type":"ImageObject","inLanguage":"es","@id":"https:\/\/expressometro.mx\/#\/schema\/logo\/image\/","url":"https:\/\/expressometro.mx\/wp-content\/uploads\/2019\/07\/cropped-Logo-Expresso-Metropolitano-1-1.jpeg","contentUrl":"https:\/\/expressometro.mx\/wp-content\/uploads\/2019\/07\/cropped-Logo-Expresso-Metropolitano-1-1.jpeg","width":290,"height":73,"caption":"Expresso Metropolitano"},"image":{"@id":"https:\/\/expressometro.mx\/#\/schema\/logo\/image\/"}},{"@type":"Person","@id":"https:\/\/expressometro.mx\/#\/schema\/person\/efa971b4a0664db8ed5c22b1b0dd2f5d","name":"Expresso Metropolitano","image":{"@type":"ImageObject","inLanguage":"es","@id":"https:\/\/secure.gravatar.com\/avatar\/a89f802b8de18c6952f223c88d3d106e9e3679839f4e25a02f4a6cc2ae6ba3b3?s=96&d=mm&r=g","url":"https:\/\/secure.gravatar.com\/avatar\/a89f802b8de18c6952f223c88d3d106e9e3679839f4e25a02f4a6cc2ae6ba3b3?s=96&d=mm&r=g","contentUrl":"https:\/\/secure.gravatar.com\/avatar\/a89f802b8de18c6952f223c88d3d106e9e3679839f4e25a02f4a6cc2ae6ba3b3?s=96&d=mm&r=g","caption":"Expresso Metropolitano"},"url":"https:\/\/expressometro.mx\/index.php\/author\/diego\/"}]}},"amp_enabled":true,"_links":{"self":[{"href":"https:\/\/expressometro.mx\/index.php\/wp-json\/wp\/v2\/posts\/2173","targetHints":{"allow":["GET"]}}],"collection":[{"href":"https:\/\/expressometro.mx\/index.php\/wp-json\/wp\/v2\/posts"}],"about":[{"href":"https:\/\/expressometro.mx\/index.php\/wp-json\/wp\/v2\/types\/post"}],"author":[{"embeddable":true,"href":"https:\/\/expressometro.mx\/index.php\/wp-json\/wp\/v2\/users\/1"}],"replies":[{"embeddable":true,"href":"https:\/\/expressometro.mx\/index.php\/wp-json\/wp\/v2\/comments?post=2173"}],"version-history":[{"count":1,"href":"https:\/\/expressometro.mx\/index.php\/wp-json\/wp\/v2\/posts\/2173\/revisions"}],"predecessor-version":[{"id":2175,"href":"https:\/\/expressometro.mx\/index.php\/wp-json\/wp\/v2\/posts\/2173\/revisions\/2175"}],"wp:featuredmedia":[{"embeddable":true,"href":"https:\/\/expressometro.mx\/index.php\/wp-json\/wp\/v2\/media\/2174"}],"wp:attachment":[{"href":"https:\/\/expressometro.mx\/index.php\/wp-json\/wp\/v2\/media?parent=2173"}],"wp:term":[{"taxonomy":"category","embeddable":true,"href":"https:\/\/expressometro.mx\/index.php\/wp-json\/wp\/v2\/categories?post=2173"},{"taxonomy":"post_tag","embeddable":true,"href":"https:\/\/expressometro.mx\/index.php\/wp-json\/wp\/v2\/tags?post=2173"}],"curies":[{"name":"wp","href":"https:\/\/api.w.org\/{rel}","templated":true}]}}