{"id":2167,"date":"2021-01-27T17:58:20","date_gmt":"2021-01-27T23:58:20","guid":{"rendered":"http:\/\/expressometro.mx\/?p=2167"},"modified":"2021-01-27T17:58:24","modified_gmt":"2021-01-27T23:58:24","slug":"llama-raymundo-martinez-a-la-unidad-priista","status":"publish","type":"post","link":"https:\/\/expressometro.mx\/index.php\/2021\/01\/27\/llama-raymundo-martinez-a-la-unidad-priista\/","title":{"rendered":"LLAMA RAYMUNDO MART\u00cdNEZ A LA UNIDAD PRI\u00cdSTA"},"content":{"rendered":"\n<p>Raymundo Mart\u00ednez Carbajal se registr\u00f3 como aspirante a la candidatura del PRI a la presidencia municipal de Toluca.<\/p>\n\n\n\n<p>Ante un vuelco que provoca la pandemia sobre la manera tradicional de hacer campa\u00f1as, dijo estar convencido que una elecci\u00f3n se gana con los votos que se depositan en las urnas y se debe trabajar para alcanzar ese objetivo.<\/p>\n\n\n\n<p>Entrevistado al t\u00e9rmino de entregar sus documentos en el PRI estatal, se\u00f1al\u00f3 que es importante encontrar los mecanismos para que se cumpla con la premisa del sufragio al que tienen derecho los ciudadanos.<\/p>\n\n\n\n<p>En ese sentido, hay que cuidar la salud de los ciudadanos pues es lo que m\u00e1s importa en este momento.<\/p>\n\n\n\n<p>En Toluca tenemos un equipo pri\u00edsta amplio con una militancia probada y \u201ctrabajamos en unidad para integrarnos en los equipos para encontrar oportunidades y a todos nos vaya bien\u201d.<\/p>\n\n\n\n<p>Nuestra postura es mantener la unidad de la militancia y sus l\u00edderes para consolidar el<br>Proyecto.<\/p>\n","protected":false},"excerpt":{"rendered":"<p>Raymundo Mart\u00ednez Carbajal se registr\u00f3 como aspirante a la candidatura del PRI a la presidencia municipal de Toluca.<\/p>\n","protected":false},"author":1,"featured_media":2168,"comment_status":"open","ping_status":"open","sticky":false,"template":"","format":"standard","meta":{"footnotes":""},"categories":[3,5],"tags":[158,219,78],"class_list":["post-2167","post","type-post","status-publish","format-standard","has-post-thumbnail","hentry","category-gobierno","category-salud","tag-pri","tag-raymundo-martinez","tag-toluca"],"yoast_head":"<!-- This site is optimized with the Yoast SEO plugin v27.4 - https:\/\/yoast.com\/product\/yoast-seo-wordpress\/ -->\n<title>LLAMA RAYMUNDO MART\u00cdNEZ A LA UNIDAD PRI\u00cdSTA - Expresso Metropolitano<\/title>\n<meta name=\"robots\" content=\"index, follow, max-snippet:-1, max-image-preview:large, max-video-preview:-1\" \/>\n<link rel=\"canonical\" href=\"https:\/\/expressometro.mx\/index.php\/2021\/01\/27\/llama-raymundo-martinez-a-la-unidad-priista\/\" \/>\n<meta property=\"og:locale\" content=\"es_MX\" \/>\n<meta property=\"og:type\" content=\"article\" \/>\n<meta property=\"og:title\" content=\"LLAMA RAYMUNDO MART\u00cdNEZ A LA UNIDAD PRI\u00cdSTA - Expresso Metropolitano\" \/>\n<meta property=\"og:description\" content=\"Raymundo Mart\u00ednez Carbajal se registr\u00f3 como aspirante a la candidatura del PRI a la presidencia municipal de Toluca.\" \/>\n<meta property=\"og:url\" content=\"https:\/\/expressometro.mx\/index.php\/2021\/01\/27\/llama-raymundo-martinez-a-la-unidad-priista\/\" \/>\n<meta property=\"og:site_name\" content=\"Expresso Metropolitano\" \/>\n<meta property=\"article:published_time\" content=\"2021-01-27T23:58:20+00:00\" \/>\n<meta property=\"article:modified_time\" content=\"2021-01-27T23:58:24+00:00\" \/>\n<meta property=\"og:image\" content=\"https:\/\/expressometro.mx\/wp-content\/uploads\/2021\/01\/WhatsApp-Image-2021-01-27-at-17.49.42.jpeg\" \/>\n\t<meta property=\"og:image:width\" content=\"632\" \/>\n\t<meta property=\"og:image:height\" content=\"1280\" \/>\n\t<meta property=\"og:image:type\" content=\"image\/jpeg\" \/>\n<meta name=\"author\" content=\"Expresso Metropolitano\" \/>\n<meta name=\"twitter:label1\" content=\"Escrito por\" \/>\n\t<meta name=\"twitter:data1\" content=\"Expresso Metropolitano\" \/>\n\t<meta name=\"twitter:label2\" content=\"Tiempo de lectura\" \/>\n\t<meta name=\"twitter:data2\" content=\"1 minuto\" \/>\n<script type=\"application\/ld+json\" class=\"yoast-schema-graph\">{\"@context\":\"https:\\\/\\\/schema.org\",\"@graph\":[{\"@type\":\"Article\",\"@id\":\"https:\\\/\\\/expressometro.mx\\\/index.php\\\/2021\\\/01\\\/27\\\/llama-raymundo-martinez-a-la-unidad-priista\\\/#article\",\"isPartOf\":{\"@id\":\"https:\\\/\\\/expressometro.mx\\\/index.php\\\/2021\\\/01\\\/27\\\/llama-raymundo-martinez-a-la-unidad-priista\\\/\"},\"author\":{\"name\":\"Expresso Metropolitano\",\"@id\":\"https:\\\/\\\/expressometro.mx\\\/#\\\/schema\\\/person\\\/efa971b4a0664db8ed5c22b1b0dd2f5d\"},\"headline\":\"LLAMA RAYMUNDO MART\u00cdNEZ A LA UNIDAD PRI\u00cdSTA\",\"datePublished\":\"2021-01-27T23:58:20+00:00\",\"dateModified\":\"2021-01-27T23:58:24+00:00\",\"mainEntityOfPage\":{\"@id\":\"https:\\\/\\\/expressometro.mx\\\/index.php\\\/2021\\\/01\\\/27\\\/llama-raymundo-martinez-a-la-unidad-priista\\\/\"},\"wordCount\":171,\"commentCount\":0,\"publisher\":{\"@id\":\"https:\\\/\\\/expressometro.mx\\\/#organization\"},\"image\":{\"@id\":\"https:\\\/\\\/expressometro.mx\\\/index.php\\\/2021\\\/01\\\/27\\\/llama-raymundo-martinez-a-la-unidad-priista\\\/#primaryimage\"},\"thumbnailUrl\":\"https:\\\/\\\/expressometro.mx\\\/wp-content\\\/uploads\\\/2021\\\/01\\\/WhatsApp-Image-2021-01-27-at-17.49.42.jpeg\",\"keywords\":[\"PRI\",\"Raymundo Mart\u00ednez\",\"toluca\"],\"articleSection\":[\"Gobierno\",\"Salud\"],\"inLanguage\":\"es\",\"potentialAction\":[{\"@type\":\"CommentAction\",\"name\":\"Comment\",\"target\":[\"https:\\\/\\\/expressometro.mx\\\/index.php\\\/2021\\\/01\\\/27\\\/llama-raymundo-martinez-a-la-unidad-priista\\\/#respond\"]}]},{\"@type\":\"WebPage\",\"@id\":\"https:\\\/\\\/expressometro.mx\\\/index.php\\\/2021\\\/01\\\/27\\\/llama-raymundo-martinez-a-la-unidad-priista\\\/\",\"url\":\"https:\\\/\\\/expressometro.mx\\\/index.php\\\/2021\\\/01\\\/27\\\/llama-raymundo-martinez-a-la-unidad-priista\\\/\",\"name\":\"LLAMA RAYMUNDO MART\u00cdNEZ A LA UNIDAD PRI\u00cdSTA - Expresso Metropolitano\",\"isPartOf\":{\"@id\":\"https:\\\/\\\/expressometro.mx\\\/#website\"},\"primaryImageOfPage\":{\"@id\":\"https:\\\/\\\/expressometro.mx\\\/index.php\\\/2021\\\/01\\\/27\\\/llama-raymundo-martinez-a-la-unidad-priista\\\/#primaryimage\"},\"image\":{\"@id\":\"https:\\\/\\\/expressometro.mx\\\/index.php\\\/2021\\\/01\\\/27\\\/llama-raymundo-martinez-a-la-unidad-priista\\\/#primaryimage\"},\"thumbnailUrl\":\"https:\\\/\\\/expressometro.mx\\\/wp-content\\\/uploads\\\/2021\\\/01\\\/WhatsApp-Image-2021-01-27-at-17.49.42.jpeg\",\"datePublished\":\"2021-01-27T23:58:20+00:00\",\"dateModified\":\"2021-01-27T23:58:24+00:00\",\"breadcrumb\":{\"@id\":\"https:\\\/\\\/expressometro.mx\\\/index.php\\\/2021\\\/01\\\/27\\\/llama-raymundo-martinez-a-la-unidad-priista\\\/#breadcrumb\"},\"inLanguage\":\"es\",\"potentialAction\":[{\"@type\":\"ReadAction\",\"target\":[\"https:\\\/\\\/expressometro.mx\\\/index.php\\\/2021\\\/01\\\/27\\\/llama-raymundo-martinez-a-la-unidad-priista\\\/\"]}]},{\"@type\":\"ImageObject\",\"inLanguage\":\"es\",\"@id\":\"https:\\\/\\\/expressometro.mx\\\/index.php\\\/2021\\\/01\\\/27\\\/llama-raymundo-martinez-a-la-unidad-priista\\\/#primaryimage\",\"url\":\"https:\\\/\\\/expressometro.mx\\\/wp-content\\\/uploads\\\/2021\\\/01\\\/WhatsApp-Image-2021-01-27-at-17.49.42.jpeg\",\"contentUrl\":\"https:\\\/\\\/expressometro.mx\\\/wp-content\\\/uploads\\\/2021\\\/01\\\/WhatsApp-Image-2021-01-27-at-17.49.42.jpeg\",\"width\":632,\"height\":1280},{\"@type\":\"BreadcrumbList\",\"@id\":\"https:\\\/\\\/expressometro.mx\\\/index.php\\\/2021\\\/01\\\/27\\\/llama-raymundo-martinez-a-la-unidad-priista\\\/#breadcrumb\",\"itemListElement\":[{\"@type\":\"ListItem\",\"position\":1,\"name\":\"Inicio\",\"item\":\"https:\\\/\\\/expressometro.mx\\\/\"},{\"@type\":\"ListItem\",\"position\":2,\"name\":\"LLAMA RAYMUNDO MART\u00cdNEZ A LA UNIDAD PRI\u00cdSTA\"}]},{\"@type\":\"WebSite\",\"@id\":\"https:\\\/\\\/expressometro.mx\\\/#website\",\"url\":\"https:\\\/\\\/expressometro.mx\\\/\",\"name\":\"Expresso Metropolitano\",\"description\":\"Periodismo comprometido, informaci\u00f3n, investigaci\u00f3n y an\u00e1lisis\",\"publisher\":{\"@id\":\"https:\\\/\\\/expressometro.mx\\\/#organization\"},\"potentialAction\":[{\"@type\":\"SearchAction\",\"target\":{\"@type\":\"EntryPoint\",\"urlTemplate\":\"https:\\\/\\\/expressometro.mx\\\/?s={search_term_string}\"},\"query-input\":{\"@type\":\"PropertyValueSpecification\",\"valueRequired\":true,\"valueName\":\"search_term_string\"}}],\"inLanguage\":\"es\"},{\"@type\":\"Organization\",\"@id\":\"https:\\\/\\\/expressometro.mx\\\/#organization\",\"name\":\"Expresso Metropolitano\",\"url\":\"https:\\\/\\\/expressometro.mx\\\/\",\"logo\":{\"@type\":\"ImageObject\",\"inLanguage\":\"es\",\"@id\":\"https:\\\/\\\/expressometro.mx\\\/#\\\/schema\\\/logo\\\/image\\\/\",\"url\":\"https:\\\/\\\/expressometro.mx\\\/wp-content\\\/uploads\\\/2019\\\/07\\\/cropped-Logo-Expresso-Metropolitano-1-1.jpeg\",\"contentUrl\":\"https:\\\/\\\/expressometro.mx\\\/wp-content\\\/uploads\\\/2019\\\/07\\\/cropped-Logo-Expresso-Metropolitano-1-1.jpeg\",\"width\":290,\"height\":73,\"caption\":\"Expresso Metropolitano\"},\"image\":{\"@id\":\"https:\\\/\\\/expressometro.mx\\\/#\\\/schema\\\/logo\\\/image\\\/\"}},{\"@type\":\"Person\",\"@id\":\"https:\\\/\\\/expressometro.mx\\\/#\\\/schema\\\/person\\\/efa971b4a0664db8ed5c22b1b0dd2f5d\",\"name\":\"Expresso Metropolitano\",\"image\":{\"@type\":\"ImageObject\",\"inLanguage\":\"es\",\"@id\":\"https:\\\/\\\/secure.gravatar.com\\\/avatar\\\/a89f802b8de18c6952f223c88d3d106e9e3679839f4e25a02f4a6cc2ae6ba3b3?s=96&d=mm&r=g\",\"url\":\"https:\\\/\\\/secure.gravatar.com\\\/avatar\\\/a89f802b8de18c6952f223c88d3d106e9e3679839f4e25a02f4a6cc2ae6ba3b3?s=96&d=mm&r=g\",\"contentUrl\":\"https:\\\/\\\/secure.gravatar.com\\\/avatar\\\/a89f802b8de18c6952f223c88d3d106e9e3679839f4e25a02f4a6cc2ae6ba3b3?s=96&d=mm&r=g\",\"caption\":\"Expresso Metropolitano\"},\"url\":\"https:\\\/\\\/expressometro.mx\\\/index.php\\\/author\\\/diego\\\/\"}]}<\/script>\n<!-- \/ Yoast SEO plugin. -->","yoast_head_json":{"title":"LLAMA RAYMUNDO MART\u00cdNEZ A LA UNIDAD PRI\u00cdSTA - Expresso Metropolitano","robots":{"index":"index","follow":"follow","max-snippet":"max-snippet:-1","max-image-preview":"max-image-preview:large","max-video-preview":"max-video-preview:-1"},"canonical":"https:\/\/expressometro.mx\/index.php\/2021\/01\/27\/llama-raymundo-martinez-a-la-unidad-priista\/","og_locale":"es_MX","og_type":"article","og_title":"LLAMA RAYMUNDO MART\u00cdNEZ A LA UNIDAD PRI\u00cdSTA - Expresso Metropolitano","og_description":"Raymundo Mart\u00ednez Carbajal se registr\u00f3 como aspirante a la candidatura del PRI a la presidencia municipal de Toluca.","og_url":"https:\/\/expressometro.mx\/index.php\/2021\/01\/27\/llama-raymundo-martinez-a-la-unidad-priista\/","og_site_name":"Expresso Metropolitano","article_published_time":"2021-01-27T23:58:20+00:00","article_modified_time":"2021-01-27T23:58:24+00:00","og_image":[{"width":632,"height":1280,"url":"https:\/\/expressometro.mx\/wp-content\/uploads\/2021\/01\/WhatsApp-Image-2021-01-27-at-17.49.42.jpeg","type":"image\/jpeg"}],"author":"Expresso Metropolitano","twitter_misc":{"Escrito por":"Expresso Metropolitano","Tiempo de lectura":"1 minuto"},"schema":{"@context":"https:\/\/schema.org","@graph":[{"@type":"Article","@id":"https:\/\/expressometro.mx\/index.php\/2021\/01\/27\/llama-raymundo-martinez-a-la-unidad-priista\/#article","isPartOf":{"@id":"https:\/\/expressometro.mx\/index.php\/2021\/01\/27\/llama-raymundo-martinez-a-la-unidad-priista\/"},"author":{"name":"Expresso Metropolitano","@id":"https:\/\/expressometro.mx\/#\/schema\/person\/efa971b4a0664db8ed5c22b1b0dd2f5d"},"headline":"LLAMA RAYMUNDO MART\u00cdNEZ A LA UNIDAD PRI\u00cdSTA","datePublished":"2021-01-27T23:58:20+00:00","dateModified":"2021-01-27T23:58:24+00:00","mainEntityOfPage":{"@id":"https:\/\/expressometro.mx\/index.php\/2021\/01\/27\/llama-raymundo-martinez-a-la-unidad-priista\/"},"wordCount":171,"commentCount":0,"publisher":{"@id":"https:\/\/expressometro.mx\/#organization"},"image":{"@id":"https:\/\/expressometro.mx\/index.php\/2021\/01\/27\/llama-raymundo-martinez-a-la-unidad-priista\/#primaryimage"},"thumbnailUrl":"https:\/\/expressometro.mx\/wp-content\/uploads\/2021\/01\/WhatsApp-Image-2021-01-27-at-17.49.42.jpeg","keywords":["PRI","Raymundo Mart\u00ednez","toluca"],"articleSection":["Gobierno","Salud"],"inLanguage":"es","potentialAction":[{"@type":"CommentAction","name":"Comment","target":["https:\/\/expressometro.mx\/index.php\/2021\/01\/27\/llama-raymundo-martinez-a-la-unidad-priista\/#respond"]}]},{"@type":"WebPage","@id":"https:\/\/expressometro.mx\/index.php\/2021\/01\/27\/llama-raymundo-martinez-a-la-unidad-priista\/","url":"https:\/\/expressometro.mx\/index.php\/2021\/01\/27\/llama-raymundo-martinez-a-la-unidad-priista\/","name":"LLAMA RAYMUNDO MART\u00cdNEZ A LA UNIDAD PRI\u00cdSTA - Expresso Metropolitano","isPartOf":{"@id":"https:\/\/expressometro.mx\/#website"},"primaryImageOfPage":{"@id":"https:\/\/expressometro.mx\/index.php\/2021\/01\/27\/llama-raymundo-martinez-a-la-unidad-priista\/#primaryimage"},"image":{"@id":"https:\/\/expressometro.mx\/index.php\/2021\/01\/27\/llama-raymundo-martinez-a-la-unidad-priista\/#primaryimage"},"thumbnailUrl":"https:\/\/expressometro.mx\/wp-content\/uploads\/2021\/01\/WhatsApp-Image-2021-01-27-at-17.49.42.jpeg","datePublished":"2021-01-27T23:58:20+00:00","dateModified":"2021-01-27T23:58:24+00:00","breadcrumb":{"@id":"https:\/\/expressometro.mx\/index.php\/2021\/01\/27\/llama-raymundo-martinez-a-la-unidad-priista\/#breadcrumb"},"inLanguage":"es","potentialAction":[{"@type":"ReadAction","target":["https:\/\/expressometro.mx\/index.php\/2021\/01\/27\/llama-raymundo-martinez-a-la-unidad-priista\/"]}]},{"@type":"ImageObject","inLanguage":"es","@id":"https:\/\/expressometro.mx\/index.php\/2021\/01\/27\/llama-raymundo-martinez-a-la-unidad-priista\/#primaryimage","url":"https:\/\/expressometro.mx\/wp-content\/uploads\/2021\/01\/WhatsApp-Image-2021-01-27-at-17.49.42.jpeg","contentUrl":"https:\/\/expressometro.mx\/wp-content\/uploads\/2021\/01\/WhatsApp-Image-2021-01-27-at-17.49.42.jpeg","width":632,"height":1280},{"@type":"BreadcrumbList","@id":"https:\/\/expressometro.mx\/index.php\/2021\/01\/27\/llama-raymundo-martinez-a-la-unidad-priista\/#breadcrumb","itemListElement":[{"@type":"ListItem","position":1,"name":"Inicio","item":"https:\/\/expressometro.mx\/"},{"@type":"ListItem","position":2,"name":"LLAMA RAYMUNDO MART\u00cdNEZ A LA UNIDAD PRI\u00cdSTA"}]},{"@type":"WebSite","@id":"https:\/\/expressometro.mx\/#website","url":"https:\/\/expressometro.mx\/","name":"Expresso Metropolitano","description":"Periodismo comprometido, informaci\u00f3n, investigaci\u00f3n y an\u00e1lisis","publisher":{"@id":"https:\/\/expressometro.mx\/#organization"},"potentialAction":[{"@type":"SearchAction","target":{"@type":"EntryPoint","urlTemplate":"https:\/\/expressometro.mx\/?s={search_term_string}"},"query-input":{"@type":"PropertyValueSpecification","valueRequired":true,"valueName":"search_term_string"}}],"inLanguage":"es"},{"@type":"Organization","@id":"https:\/\/expressometro.mx\/#organization","name":"Expresso Metropolitano","url":"https:\/\/expressometro.mx\/","logo":{"@type":"ImageObject","inLanguage":"es","@id":"https:\/\/expressometro.mx\/#\/schema\/logo\/image\/","url":"https:\/\/expressometro.mx\/wp-content\/uploads\/2019\/07\/cropped-Logo-Expresso-Metropolitano-1-1.jpeg","contentUrl":"https:\/\/expressometro.mx\/wp-content\/uploads\/2019\/07\/cropped-Logo-Expresso-Metropolitano-1-1.jpeg","width":290,"height":73,"caption":"Expresso Metropolitano"},"image":{"@id":"https:\/\/expressometro.mx\/#\/schema\/logo\/image\/"}},{"@type":"Person","@id":"https:\/\/expressometro.mx\/#\/schema\/person\/efa971b4a0664db8ed5c22b1b0dd2f5d","name":"Expresso Metropolitano","image":{"@type":"ImageObject","inLanguage":"es","@id":"https:\/\/secure.gravatar.com\/avatar\/a89f802b8de18c6952f223c88d3d106e9e3679839f4e25a02f4a6cc2ae6ba3b3?s=96&d=mm&r=g","url":"https:\/\/secure.gravatar.com\/avatar\/a89f802b8de18c6952f223c88d3d106e9e3679839f4e25a02f4a6cc2ae6ba3b3?s=96&d=mm&r=g","contentUrl":"https:\/\/secure.gravatar.com\/avatar\/a89f802b8de18c6952f223c88d3d106e9e3679839f4e25a02f4a6cc2ae6ba3b3?s=96&d=mm&r=g","caption":"Expresso Metropolitano"},"url":"https:\/\/expressometro.mx\/index.php\/author\/diego\/"}]}},"amp_enabled":true,"_links":{"self":[{"href":"https:\/\/expressometro.mx\/index.php\/wp-json\/wp\/v2\/posts\/2167","targetHints":{"allow":["GET"]}}],"collection":[{"href":"https:\/\/expressometro.mx\/index.php\/wp-json\/wp\/v2\/posts"}],"about":[{"href":"https:\/\/expressometro.mx\/index.php\/wp-json\/wp\/v2\/types\/post"}],"author":[{"embeddable":true,"href":"https:\/\/expressometro.mx\/index.php\/wp-json\/wp\/v2\/users\/1"}],"replies":[{"embeddable":true,"href":"https:\/\/expressometro.mx\/index.php\/wp-json\/wp\/v2\/comments?post=2167"}],"version-history":[{"count":1,"href":"https:\/\/expressometro.mx\/index.php\/wp-json\/wp\/v2\/posts\/2167\/revisions"}],"predecessor-version":[{"id":2170,"href":"https:\/\/expressometro.mx\/index.php\/wp-json\/wp\/v2\/posts\/2167\/revisions\/2170"}],"wp:featuredmedia":[{"embeddable":true,"href":"https:\/\/expressometro.mx\/index.php\/wp-json\/wp\/v2\/media\/2168"}],"wp:attachment":[{"href":"https:\/\/expressometro.mx\/index.php\/wp-json\/wp\/v2\/media?parent=2167"}],"wp:term":[{"taxonomy":"category","embeddable":true,"href":"https:\/\/expressometro.mx\/index.php\/wp-json\/wp\/v2\/categories?post=2167"},{"taxonomy":"post_tag","embeddable":true,"href":"https:\/\/expressometro.mx\/index.php\/wp-json\/wp\/v2\/tags?post=2167"}],"curies":[{"name":"wp","href":"https:\/\/api.w.org\/{rel}","templated":true}]}}