{"id":2121,"date":"2021-01-20T14:08:08","date_gmt":"2021-01-20T20:08:08","guid":{"rendered":"http:\/\/expressometro.mx\/?p=2121"},"modified":"2021-01-20T14:08:22","modified_gmt":"2021-01-20T20:08:22","slug":"marcial-franco-presenta-carta-de-intencion-para-la-alcaldia-de-jiiquipilco","status":"publish","type":"post","link":"https:\/\/expressometro.mx\/index.php\/2021\/01\/20\/marcial-franco-presenta-carta-de-intencion-para-la-alcaldia-de-jiiquipilco\/","title":{"rendered":"MARCIAL FRANCO PRESENTA CARTA DE INTENCI\u00d3N PARA LA ALCALD\u00cdA DE JIIQUIPILCO"},"content":{"rendered":"\n<p>Con el pueblo a su favor y la empat\u00eda que llega a tener con cada vecino de las diferentes comunidades de Jiquipilco se puede hablar que es el \u00fanico que tiene las tablas para haberse presentado en el directivo estatal del PRI, para pedir su registro como aspirante a la alcald\u00eda.<\/p>\n\n\n\n<p>Esa carta de intenci\u00f3n de participar de un proceso interno que recibi\u00f3 es muestra clara de la unidad a la que est\u00e1n llamados los priistas de hueso colorado y la que se sumar\u00e1n en torno al candidato que salga electo de este proceso interno.<\/p>\n\n\n\n<p>Marcial Franco Hernandez es sin lugar a dudas el priista que recorre la calle y atiende las demandas de la gente y asume esa bandera social para ser la cabeza de un proyecto alentador que le genere mejores condiciones de vida a su pueblo.<\/p>\n\n\n\n<p>Los dem\u00e1s aspirantes seguramente ya tuvieron su tiempo y otros m\u00e1s que pretenden perpetuarse en el<br>Poder deben entender que ese tipo de actitudes no lo tolerar\u00e1 m\u00e1s el pueblo que de origen tiene en su idiosincrasia la necesidad que sea uno de los suyos quien los represente en la presidencia municipal.<\/p>\n","protected":false},"excerpt":{"rendered":"<p>Marcial Franco Hernandez es sin lugar a dudas el priista que recorre la calle y atiende las demandas de la gente y asume esa bandera social para ser la cabeza de un proyecto alentador que le genere mejores condiciones de vida a su pueblo.<\/p>\n","protected":false},"author":1,"featured_media":2122,"comment_status":"open","ping_status":"open","sticky":false,"template":"","format":"standard","meta":{"footnotes":""},"categories":[3],"tags":[196,197],"class_list":["post-2121","post","type-post","status-publish","format-standard","has-post-thumbnail","hentry","category-gobierno","tag-jiquipilco","tag-marcial-franco"],"yoast_head":"<!-- This site is optimized with the Yoast SEO plugin v27.4 - https:\/\/yoast.com\/product\/yoast-seo-wordpress\/ -->\n<title>MARCIAL FRANCO PRESENTA CARTA DE INTENCI\u00d3N PARA LA ALCALD\u00cdA DE JIIQUIPILCO - Expresso Metropolitano<\/title>\n<meta name=\"robots\" content=\"index, follow, max-snippet:-1, max-image-preview:large, max-video-preview:-1\" \/>\n<link rel=\"canonical\" href=\"https:\/\/expressometro.mx\/index.php\/2021\/01\/20\/marcial-franco-presenta-carta-de-intencion-para-la-alcaldia-de-jiiquipilco\/\" \/>\n<meta property=\"og:locale\" content=\"es_MX\" \/>\n<meta property=\"og:type\" content=\"article\" \/>\n<meta property=\"og:title\" content=\"MARCIAL FRANCO PRESENTA CARTA DE INTENCI\u00d3N PARA LA ALCALD\u00cdA DE JIIQUIPILCO - Expresso Metropolitano\" \/>\n<meta property=\"og:description\" content=\"Marcial Franco Hernandez es sin lugar a dudas el priista que recorre la calle y atiende las demandas de la gente y asume esa bandera social para ser la cabeza de un proyecto alentador que le genere mejores condiciones de vida a su pueblo.\" \/>\n<meta property=\"og:url\" content=\"https:\/\/expressometro.mx\/index.php\/2021\/01\/20\/marcial-franco-presenta-carta-de-intencion-para-la-alcaldia-de-jiiquipilco\/\" \/>\n<meta property=\"og:site_name\" content=\"Expresso Metropolitano\" \/>\n<meta property=\"article:published_time\" content=\"2021-01-20T20:08:08+00:00\" \/>\n<meta property=\"article:modified_time\" content=\"2021-01-20T20:08:22+00:00\" \/>\n<meta property=\"og:image\" content=\"https:\/\/expressometro.mx\/wp-content\/uploads\/2021\/01\/D7C20376-2F13-4E46-9795-BE5538751841.jpeg\" \/>\n\t<meta property=\"og:image:width\" content=\"1215\" \/>\n\t<meta property=\"og:image:height\" content=\"1280\" \/>\n\t<meta property=\"og:image:type\" content=\"image\/jpeg\" \/>\n<meta name=\"author\" content=\"Expresso Metropolitano\" \/>\n<meta name=\"twitter:label1\" content=\"Escrito por\" \/>\n\t<meta name=\"twitter:data1\" content=\"Expresso Metropolitano\" \/>\n\t<meta name=\"twitter:label2\" content=\"Tiempo de lectura\" \/>\n\t<meta name=\"twitter:data2\" content=\"1 minuto\" \/>\n<script type=\"application\/ld+json\" class=\"yoast-schema-graph\">{\"@context\":\"https:\\\/\\\/schema.org\",\"@graph\":[{\"@type\":\"Article\",\"@id\":\"https:\\\/\\\/expressometro.mx\\\/index.php\\\/2021\\\/01\\\/20\\\/marcial-franco-presenta-carta-de-intencion-para-la-alcaldia-de-jiiquipilco\\\/#article\",\"isPartOf\":{\"@id\":\"https:\\\/\\\/expressometro.mx\\\/index.php\\\/2021\\\/01\\\/20\\\/marcial-franco-presenta-carta-de-intencion-para-la-alcaldia-de-jiiquipilco\\\/\"},\"author\":{\"name\":\"Expresso Metropolitano\",\"@id\":\"https:\\\/\\\/expressometro.mx\\\/#\\\/schema\\\/person\\\/efa971b4a0664db8ed5c22b1b0dd2f5d\"},\"headline\":\"MARCIAL FRANCO PRESENTA CARTA DE INTENCI\u00d3N PARA LA ALCALD\u00cdA DE JIIQUIPILCO\",\"datePublished\":\"2021-01-20T20:08:08+00:00\",\"dateModified\":\"2021-01-20T20:08:22+00:00\",\"mainEntityOfPage\":{\"@id\":\"https:\\\/\\\/expressometro.mx\\\/index.php\\\/2021\\\/01\\\/20\\\/marcial-franco-presenta-carta-de-intencion-para-la-alcaldia-de-jiiquipilco\\\/\"},\"wordCount\":211,\"commentCount\":0,\"publisher\":{\"@id\":\"https:\\\/\\\/expressometro.mx\\\/#organization\"},\"image\":{\"@id\":\"https:\\\/\\\/expressometro.mx\\\/index.php\\\/2021\\\/01\\\/20\\\/marcial-franco-presenta-carta-de-intencion-para-la-alcaldia-de-jiiquipilco\\\/#primaryimage\"},\"thumbnailUrl\":\"https:\\\/\\\/expressometro.mx\\\/wp-content\\\/uploads\\\/2021\\\/01\\\/D7C20376-2F13-4E46-9795-BE5538751841.jpeg\",\"keywords\":[\"Jiquipilco\",\"Marcial Franco\"],\"articleSection\":[\"Gobierno\"],\"inLanguage\":\"es\",\"potentialAction\":[{\"@type\":\"CommentAction\",\"name\":\"Comment\",\"target\":[\"https:\\\/\\\/expressometro.mx\\\/index.php\\\/2021\\\/01\\\/20\\\/marcial-franco-presenta-carta-de-intencion-para-la-alcaldia-de-jiiquipilco\\\/#respond\"]}]},{\"@type\":\"WebPage\",\"@id\":\"https:\\\/\\\/expressometro.mx\\\/index.php\\\/2021\\\/01\\\/20\\\/marcial-franco-presenta-carta-de-intencion-para-la-alcaldia-de-jiiquipilco\\\/\",\"url\":\"https:\\\/\\\/expressometro.mx\\\/index.php\\\/2021\\\/01\\\/20\\\/marcial-franco-presenta-carta-de-intencion-para-la-alcaldia-de-jiiquipilco\\\/\",\"name\":\"MARCIAL FRANCO PRESENTA CARTA DE INTENCI\u00d3N PARA LA ALCALD\u00cdA DE JIIQUIPILCO - Expresso Metropolitano\",\"isPartOf\":{\"@id\":\"https:\\\/\\\/expressometro.mx\\\/#website\"},\"primaryImageOfPage\":{\"@id\":\"https:\\\/\\\/expressometro.mx\\\/index.php\\\/2021\\\/01\\\/20\\\/marcial-franco-presenta-carta-de-intencion-para-la-alcaldia-de-jiiquipilco\\\/#primaryimage\"},\"image\":{\"@id\":\"https:\\\/\\\/expressometro.mx\\\/index.php\\\/2021\\\/01\\\/20\\\/marcial-franco-presenta-carta-de-intencion-para-la-alcaldia-de-jiiquipilco\\\/#primaryimage\"},\"thumbnailUrl\":\"https:\\\/\\\/expressometro.mx\\\/wp-content\\\/uploads\\\/2021\\\/01\\\/D7C20376-2F13-4E46-9795-BE5538751841.jpeg\",\"datePublished\":\"2021-01-20T20:08:08+00:00\",\"dateModified\":\"2021-01-20T20:08:22+00:00\",\"breadcrumb\":{\"@id\":\"https:\\\/\\\/expressometro.mx\\\/index.php\\\/2021\\\/01\\\/20\\\/marcial-franco-presenta-carta-de-intencion-para-la-alcaldia-de-jiiquipilco\\\/#breadcrumb\"},\"inLanguage\":\"es\",\"potentialAction\":[{\"@type\":\"ReadAction\",\"target\":[\"https:\\\/\\\/expressometro.mx\\\/index.php\\\/2021\\\/01\\\/20\\\/marcial-franco-presenta-carta-de-intencion-para-la-alcaldia-de-jiiquipilco\\\/\"]}]},{\"@type\":\"ImageObject\",\"inLanguage\":\"es\",\"@id\":\"https:\\\/\\\/expressometro.mx\\\/index.php\\\/2021\\\/01\\\/20\\\/marcial-franco-presenta-carta-de-intencion-para-la-alcaldia-de-jiiquipilco\\\/#primaryimage\",\"url\":\"https:\\\/\\\/expressometro.mx\\\/wp-content\\\/uploads\\\/2021\\\/01\\\/D7C20376-2F13-4E46-9795-BE5538751841.jpeg\",\"contentUrl\":\"https:\\\/\\\/expressometro.mx\\\/wp-content\\\/uploads\\\/2021\\\/01\\\/D7C20376-2F13-4E46-9795-BE5538751841.jpeg\",\"width\":1215,\"height\":1280},{\"@type\":\"BreadcrumbList\",\"@id\":\"https:\\\/\\\/expressometro.mx\\\/index.php\\\/2021\\\/01\\\/20\\\/marcial-franco-presenta-carta-de-intencion-para-la-alcaldia-de-jiiquipilco\\\/#breadcrumb\",\"itemListElement\":[{\"@type\":\"ListItem\",\"position\":1,\"name\":\"Inicio\",\"item\":\"https:\\\/\\\/expressometro.mx\\\/\"},{\"@type\":\"ListItem\",\"position\":2,\"name\":\"MARCIAL FRANCO PRESENTA CARTA DE INTENCI\u00d3N PARA LA ALCALD\u00cdA DE JIIQUIPILCO\"}]},{\"@type\":\"WebSite\",\"@id\":\"https:\\\/\\\/expressometro.mx\\\/#website\",\"url\":\"https:\\\/\\\/expressometro.mx\\\/\",\"name\":\"Expresso Metropolitano\",\"description\":\"Periodismo comprometido, informaci\u00f3n, investigaci\u00f3n y an\u00e1lisis\",\"publisher\":{\"@id\":\"https:\\\/\\\/expressometro.mx\\\/#organization\"},\"potentialAction\":[{\"@type\":\"SearchAction\",\"target\":{\"@type\":\"EntryPoint\",\"urlTemplate\":\"https:\\\/\\\/expressometro.mx\\\/?s={search_term_string}\"},\"query-input\":{\"@type\":\"PropertyValueSpecification\",\"valueRequired\":true,\"valueName\":\"search_term_string\"}}],\"inLanguage\":\"es\"},{\"@type\":\"Organization\",\"@id\":\"https:\\\/\\\/expressometro.mx\\\/#organization\",\"name\":\"Expresso Metropolitano\",\"url\":\"https:\\\/\\\/expressometro.mx\\\/\",\"logo\":{\"@type\":\"ImageObject\",\"inLanguage\":\"es\",\"@id\":\"https:\\\/\\\/expressometro.mx\\\/#\\\/schema\\\/logo\\\/image\\\/\",\"url\":\"https:\\\/\\\/expressometro.mx\\\/wp-content\\\/uploads\\\/2019\\\/07\\\/cropped-Logo-Expresso-Metropolitano-1-1.jpeg\",\"contentUrl\":\"https:\\\/\\\/expressometro.mx\\\/wp-content\\\/uploads\\\/2019\\\/07\\\/cropped-Logo-Expresso-Metropolitano-1-1.jpeg\",\"width\":290,\"height\":73,\"caption\":\"Expresso Metropolitano\"},\"image\":{\"@id\":\"https:\\\/\\\/expressometro.mx\\\/#\\\/schema\\\/logo\\\/image\\\/\"}},{\"@type\":\"Person\",\"@id\":\"https:\\\/\\\/expressometro.mx\\\/#\\\/schema\\\/person\\\/efa971b4a0664db8ed5c22b1b0dd2f5d\",\"name\":\"Expresso Metropolitano\",\"image\":{\"@type\":\"ImageObject\",\"inLanguage\":\"es\",\"@id\":\"https:\\\/\\\/secure.gravatar.com\\\/avatar\\\/a89f802b8de18c6952f223c88d3d106e9e3679839f4e25a02f4a6cc2ae6ba3b3?s=96&d=mm&r=g\",\"url\":\"https:\\\/\\\/secure.gravatar.com\\\/avatar\\\/a89f802b8de18c6952f223c88d3d106e9e3679839f4e25a02f4a6cc2ae6ba3b3?s=96&d=mm&r=g\",\"contentUrl\":\"https:\\\/\\\/secure.gravatar.com\\\/avatar\\\/a89f802b8de18c6952f223c88d3d106e9e3679839f4e25a02f4a6cc2ae6ba3b3?s=96&d=mm&r=g\",\"caption\":\"Expresso Metropolitano\"},\"url\":\"https:\\\/\\\/expressometro.mx\\\/index.php\\\/author\\\/diego\\\/\"}]}<\/script>\n<!-- \/ Yoast SEO plugin. -->","yoast_head_json":{"title":"MARCIAL FRANCO PRESENTA CARTA DE INTENCI\u00d3N PARA LA ALCALD\u00cdA DE JIIQUIPILCO - Expresso Metropolitano","robots":{"index":"index","follow":"follow","max-snippet":"max-snippet:-1","max-image-preview":"max-image-preview:large","max-video-preview":"max-video-preview:-1"},"canonical":"https:\/\/expressometro.mx\/index.php\/2021\/01\/20\/marcial-franco-presenta-carta-de-intencion-para-la-alcaldia-de-jiiquipilco\/","og_locale":"es_MX","og_type":"article","og_title":"MARCIAL FRANCO PRESENTA CARTA DE INTENCI\u00d3N PARA LA ALCALD\u00cdA DE JIIQUIPILCO - Expresso Metropolitano","og_description":"Marcial Franco Hernandez es sin lugar a dudas el priista que recorre la calle y atiende las demandas de la gente y asume esa bandera social para ser la cabeza de un proyecto alentador que le genere mejores condiciones de vida a su pueblo.","og_url":"https:\/\/expressometro.mx\/index.php\/2021\/01\/20\/marcial-franco-presenta-carta-de-intencion-para-la-alcaldia-de-jiiquipilco\/","og_site_name":"Expresso Metropolitano","article_published_time":"2021-01-20T20:08:08+00:00","article_modified_time":"2021-01-20T20:08:22+00:00","og_image":[{"width":1215,"height":1280,"url":"https:\/\/expressometro.mx\/wp-content\/uploads\/2021\/01\/D7C20376-2F13-4E46-9795-BE5538751841.jpeg","type":"image\/jpeg"}],"author":"Expresso Metropolitano","twitter_misc":{"Escrito por":"Expresso Metropolitano","Tiempo de lectura":"1 minuto"},"schema":{"@context":"https:\/\/schema.org","@graph":[{"@type":"Article","@id":"https:\/\/expressometro.mx\/index.php\/2021\/01\/20\/marcial-franco-presenta-carta-de-intencion-para-la-alcaldia-de-jiiquipilco\/#article","isPartOf":{"@id":"https:\/\/expressometro.mx\/index.php\/2021\/01\/20\/marcial-franco-presenta-carta-de-intencion-para-la-alcaldia-de-jiiquipilco\/"},"author":{"name":"Expresso Metropolitano","@id":"https:\/\/expressometro.mx\/#\/schema\/person\/efa971b4a0664db8ed5c22b1b0dd2f5d"},"headline":"MARCIAL FRANCO PRESENTA CARTA DE INTENCI\u00d3N PARA LA ALCALD\u00cdA DE JIIQUIPILCO","datePublished":"2021-01-20T20:08:08+00:00","dateModified":"2021-01-20T20:08:22+00:00","mainEntityOfPage":{"@id":"https:\/\/expressometro.mx\/index.php\/2021\/01\/20\/marcial-franco-presenta-carta-de-intencion-para-la-alcaldia-de-jiiquipilco\/"},"wordCount":211,"commentCount":0,"publisher":{"@id":"https:\/\/expressometro.mx\/#organization"},"image":{"@id":"https:\/\/expressometro.mx\/index.php\/2021\/01\/20\/marcial-franco-presenta-carta-de-intencion-para-la-alcaldia-de-jiiquipilco\/#primaryimage"},"thumbnailUrl":"https:\/\/expressometro.mx\/wp-content\/uploads\/2021\/01\/D7C20376-2F13-4E46-9795-BE5538751841.jpeg","keywords":["Jiquipilco","Marcial Franco"],"articleSection":["Gobierno"],"inLanguage":"es","potentialAction":[{"@type":"CommentAction","name":"Comment","target":["https:\/\/expressometro.mx\/index.php\/2021\/01\/20\/marcial-franco-presenta-carta-de-intencion-para-la-alcaldia-de-jiiquipilco\/#respond"]}]},{"@type":"WebPage","@id":"https:\/\/expressometro.mx\/index.php\/2021\/01\/20\/marcial-franco-presenta-carta-de-intencion-para-la-alcaldia-de-jiiquipilco\/","url":"https:\/\/expressometro.mx\/index.php\/2021\/01\/20\/marcial-franco-presenta-carta-de-intencion-para-la-alcaldia-de-jiiquipilco\/","name":"MARCIAL FRANCO PRESENTA CARTA DE INTENCI\u00d3N PARA LA ALCALD\u00cdA DE JIIQUIPILCO - Expresso Metropolitano","isPartOf":{"@id":"https:\/\/expressometro.mx\/#website"},"primaryImageOfPage":{"@id":"https:\/\/expressometro.mx\/index.php\/2021\/01\/20\/marcial-franco-presenta-carta-de-intencion-para-la-alcaldia-de-jiiquipilco\/#primaryimage"},"image":{"@id":"https:\/\/expressometro.mx\/index.php\/2021\/01\/20\/marcial-franco-presenta-carta-de-intencion-para-la-alcaldia-de-jiiquipilco\/#primaryimage"},"thumbnailUrl":"https:\/\/expressometro.mx\/wp-content\/uploads\/2021\/01\/D7C20376-2F13-4E46-9795-BE5538751841.jpeg","datePublished":"2021-01-20T20:08:08+00:00","dateModified":"2021-01-20T20:08:22+00:00","breadcrumb":{"@id":"https:\/\/expressometro.mx\/index.php\/2021\/01\/20\/marcial-franco-presenta-carta-de-intencion-para-la-alcaldia-de-jiiquipilco\/#breadcrumb"},"inLanguage":"es","potentialAction":[{"@type":"ReadAction","target":["https:\/\/expressometro.mx\/index.php\/2021\/01\/20\/marcial-franco-presenta-carta-de-intencion-para-la-alcaldia-de-jiiquipilco\/"]}]},{"@type":"ImageObject","inLanguage":"es","@id":"https:\/\/expressometro.mx\/index.php\/2021\/01\/20\/marcial-franco-presenta-carta-de-intencion-para-la-alcaldia-de-jiiquipilco\/#primaryimage","url":"https:\/\/expressometro.mx\/wp-content\/uploads\/2021\/01\/D7C20376-2F13-4E46-9795-BE5538751841.jpeg","contentUrl":"https:\/\/expressometro.mx\/wp-content\/uploads\/2021\/01\/D7C20376-2F13-4E46-9795-BE5538751841.jpeg","width":1215,"height":1280},{"@type":"BreadcrumbList","@id":"https:\/\/expressometro.mx\/index.php\/2021\/01\/20\/marcial-franco-presenta-carta-de-intencion-para-la-alcaldia-de-jiiquipilco\/#breadcrumb","itemListElement":[{"@type":"ListItem","position":1,"name":"Inicio","item":"https:\/\/expressometro.mx\/"},{"@type":"ListItem","position":2,"name":"MARCIAL FRANCO PRESENTA CARTA DE INTENCI\u00d3N PARA LA ALCALD\u00cdA DE JIIQUIPILCO"}]},{"@type":"WebSite","@id":"https:\/\/expressometro.mx\/#website","url":"https:\/\/expressometro.mx\/","name":"Expresso Metropolitano","description":"Periodismo comprometido, informaci\u00f3n, investigaci\u00f3n y an\u00e1lisis","publisher":{"@id":"https:\/\/expressometro.mx\/#organization"},"potentialAction":[{"@type":"SearchAction","target":{"@type":"EntryPoint","urlTemplate":"https:\/\/expressometro.mx\/?s={search_term_string}"},"query-input":{"@type":"PropertyValueSpecification","valueRequired":true,"valueName":"search_term_string"}}],"inLanguage":"es"},{"@type":"Organization","@id":"https:\/\/expressometro.mx\/#organization","name":"Expresso Metropolitano","url":"https:\/\/expressometro.mx\/","logo":{"@type":"ImageObject","inLanguage":"es","@id":"https:\/\/expressometro.mx\/#\/schema\/logo\/image\/","url":"https:\/\/expressometro.mx\/wp-content\/uploads\/2019\/07\/cropped-Logo-Expresso-Metropolitano-1-1.jpeg","contentUrl":"https:\/\/expressometro.mx\/wp-content\/uploads\/2019\/07\/cropped-Logo-Expresso-Metropolitano-1-1.jpeg","width":290,"height":73,"caption":"Expresso Metropolitano"},"image":{"@id":"https:\/\/expressometro.mx\/#\/schema\/logo\/image\/"}},{"@type":"Person","@id":"https:\/\/expressometro.mx\/#\/schema\/person\/efa971b4a0664db8ed5c22b1b0dd2f5d","name":"Expresso Metropolitano","image":{"@type":"ImageObject","inLanguage":"es","@id":"https:\/\/secure.gravatar.com\/avatar\/a89f802b8de18c6952f223c88d3d106e9e3679839f4e25a02f4a6cc2ae6ba3b3?s=96&d=mm&r=g","url":"https:\/\/secure.gravatar.com\/avatar\/a89f802b8de18c6952f223c88d3d106e9e3679839f4e25a02f4a6cc2ae6ba3b3?s=96&d=mm&r=g","contentUrl":"https:\/\/secure.gravatar.com\/avatar\/a89f802b8de18c6952f223c88d3d106e9e3679839f4e25a02f4a6cc2ae6ba3b3?s=96&d=mm&r=g","caption":"Expresso Metropolitano"},"url":"https:\/\/expressometro.mx\/index.php\/author\/diego\/"}]}},"amp_enabled":true,"_links":{"self":[{"href":"https:\/\/expressometro.mx\/index.php\/wp-json\/wp\/v2\/posts\/2121","targetHints":{"allow":["GET"]}}],"collection":[{"href":"https:\/\/expressometro.mx\/index.php\/wp-json\/wp\/v2\/posts"}],"about":[{"href":"https:\/\/expressometro.mx\/index.php\/wp-json\/wp\/v2\/types\/post"}],"author":[{"embeddable":true,"href":"https:\/\/expressometro.mx\/index.php\/wp-json\/wp\/v2\/users\/1"}],"replies":[{"embeddable":true,"href":"https:\/\/expressometro.mx\/index.php\/wp-json\/wp\/v2\/comments?post=2121"}],"version-history":[{"count":1,"href":"https:\/\/expressometro.mx\/index.php\/wp-json\/wp\/v2\/posts\/2121\/revisions"}],"predecessor-version":[{"id":2123,"href":"https:\/\/expressometro.mx\/index.php\/wp-json\/wp\/v2\/posts\/2121\/revisions\/2123"}],"wp:featuredmedia":[{"embeddable":true,"href":"https:\/\/expressometro.mx\/index.php\/wp-json\/wp\/v2\/media\/2122"}],"wp:attachment":[{"href":"https:\/\/expressometro.mx\/index.php\/wp-json\/wp\/v2\/media?parent=2121"}],"wp:term":[{"taxonomy":"category","embeddable":true,"href":"https:\/\/expressometro.mx\/index.php\/wp-json\/wp\/v2\/categories?post=2121"},{"taxonomy":"post_tag","embeddable":true,"href":"https:\/\/expressometro.mx\/index.php\/wp-json\/wp\/v2\/tags?post=2121"}],"curies":[{"name":"wp","href":"https:\/\/api.w.org\/{rel}","templated":true}]}}