{"id":2108,"date":"2020-12-30T14:55:34","date_gmt":"2020-12-30T20:55:34","guid":{"rendered":"http:\/\/expressometro.mx\/?p=2108"},"modified":"2020-12-30T14:55:37","modified_gmt":"2020-12-30T20:55:37","slug":"sancionara-salud-edomex-a-directivo-que-promovio-la-vacunacion-contra-covid-19-a-sus-familiares","status":"publish","type":"post","link":"https:\/\/expressometro.mx\/index.php\/2020\/12\/30\/sancionara-salud-edomex-a-directivo-que-promovio-la-vacunacion-contra-covid-19-a-sus-familiares\/","title":{"rendered":"SANCIONAR\u00c1 SALUD EDOMEX A DIRECTIVO QUE PROMOVI\u00d3 LA VACUNACI\u00d3N CONTRA COVID-19 A SUS FAMILIARES"},"content":{"rendered":"\n<p>La Secretar\u00eda de Salud del Estado de M\u00e9xico sancionar\u00e1 al director del Centro M\u00e9dico \u201cLic. Adolfo L\u00f3pez Mateos\u201d por haber promovido la aplicaci\u00f3n de la vacuna contra el COVID-19 a dos de sus familiares.<\/p>\n\n\n\n<p>Esta conducta ser\u00e1 sancionada primero por el \u00f3rgano interno de control de la Secretar\u00eda de Salud y se le dar\u00e1 vista a la Contraloria General del Estado de M\u00e9xico.<\/p>\n\n\n\n<p>La Secretaria de Salud reforzar\u00e1 el filtro de registro de candidatos a recibir la vacuna, con la finalidad de evitar que estas pr\u00e1cticas se repitan.<\/p>\n\n\n\n<p>Se advierte que toda conducta irregular por parte del sector m\u00e9dico y administrativo, sin importar el rango, ser\u00e1 sancionado en caso de incurrir en la violaci\u00f3n de los protocolos y aplicaci\u00f3n de vacunas a personas que a\u00fan no les corresponde.<\/p>\n\n\n\n<p>Es necesario resaltar que la vacuna en esta primera etapa de su aplicaci\u00f3n, solo se le proporcionar\u00e1 al personal m\u00e9dico del Estado de M\u00e9xico, que se encuentra en la primera l\u00ednea de atenci\u00f3n a pacientes afectados por el Covid-19.<\/p>\n\n\n\n<p>Como parte del filtro de seguridad que aplicar\u00e1 la Secretar\u00eda de Salud estatal, destaca la identificaci\u00f3n precisa de cada uno de los m\u00e9dicos y su lugar de adscripci\u00f3n.<\/p>\n\n\n\n<p><\/p>\n","protected":false},"excerpt":{"rendered":"<p>Refuerza filtro de selecci\u00f3n de candidatos para aplicar vacunas y garantizar la inmunizaci\u00f3n a personal de la primera l\u00ednea de atenci\u00f3n.<\/p>\n","protected":false},"author":1,"featured_media":2109,"comment_status":"open","ping_status":"open","sticky":false,"template":"","format":"standard","meta":{"footnotes":""},"categories":[5],"tags":[],"class_list":["post-2108","post","type-post","status-publish","format-standard","has-post-thumbnail","hentry","category-salud"],"yoast_head":"<!-- This site is optimized with the Yoast SEO plugin v27.4 - https:\/\/yoast.com\/product\/yoast-seo-wordpress\/ -->\n<title>SANCIONAR\u00c1 SALUD EDOMEX A DIRECTIVO QUE PROMOVI\u00d3 LA VACUNACI\u00d3N CONTRA COVID-19 A SUS FAMILIARES - Expresso Metropolitano<\/title>\n<meta name=\"robots\" content=\"index, follow, max-snippet:-1, max-image-preview:large, max-video-preview:-1\" \/>\n<link rel=\"canonical\" href=\"https:\/\/expressometro.mx\/index.php\/2020\/12\/30\/sancionara-salud-edomex-a-directivo-que-promovio-la-vacunacion-contra-covid-19-a-sus-familiares\/\" \/>\n<meta property=\"og:locale\" content=\"es_MX\" \/>\n<meta property=\"og:type\" content=\"article\" \/>\n<meta property=\"og:title\" content=\"SANCIONAR\u00c1 SALUD EDOMEX A DIRECTIVO QUE PROMOVI\u00d3 LA VACUNACI\u00d3N CONTRA COVID-19 A SUS FAMILIARES - Expresso Metropolitano\" \/>\n<meta property=\"og:description\" content=\"Refuerza filtro de selecci\u00f3n de candidatos para aplicar vacunas y garantizar la inmunizaci\u00f3n a personal de la primera l\u00ednea de atenci\u00f3n.\" \/>\n<meta property=\"og:url\" content=\"https:\/\/expressometro.mx\/index.php\/2020\/12\/30\/sancionara-salud-edomex-a-directivo-que-promovio-la-vacunacion-contra-covid-19-a-sus-familiares\/\" \/>\n<meta property=\"og:site_name\" content=\"Expresso Metropolitano\" \/>\n<meta property=\"article:published_time\" content=\"2020-12-30T20:55:34+00:00\" \/>\n<meta property=\"article:modified_time\" content=\"2020-12-30T20:55:37+00:00\" \/>\n<meta property=\"og:image\" content=\"https:\/\/expressometro.mx\/wp-content\/uploads\/2020\/12\/27A77637-C2FF-4D14-BDCD-0045B44F1F0A.jpeg\" \/>\n\t<meta property=\"og:image:width\" content=\"739\" \/>\n\t<meta property=\"og:image:height\" content=\"415\" \/>\n\t<meta property=\"og:image:type\" content=\"image\/jpeg\" \/>\n<meta name=\"author\" content=\"Expresso Metropolitano\" \/>\n<meta name=\"twitter:label1\" content=\"Escrito por\" \/>\n\t<meta name=\"twitter:data1\" content=\"Expresso Metropolitano\" \/>\n\t<meta name=\"twitter:label2\" content=\"Tiempo de lectura\" \/>\n\t<meta name=\"twitter:data2\" content=\"1 minuto\" \/>\n<script type=\"application\/ld+json\" class=\"yoast-schema-graph\">{\"@context\":\"https:\\\/\\\/schema.org\",\"@graph\":[{\"@type\":\"Article\",\"@id\":\"https:\\\/\\\/expressometro.mx\\\/index.php\\\/2020\\\/12\\\/30\\\/sancionara-salud-edomex-a-directivo-que-promovio-la-vacunacion-contra-covid-19-a-sus-familiares\\\/#article\",\"isPartOf\":{\"@id\":\"https:\\\/\\\/expressometro.mx\\\/index.php\\\/2020\\\/12\\\/30\\\/sancionara-salud-edomex-a-directivo-que-promovio-la-vacunacion-contra-covid-19-a-sus-familiares\\\/\"},\"author\":{\"name\":\"Expresso Metropolitano\",\"@id\":\"https:\\\/\\\/expressometro.mx\\\/#\\\/schema\\\/person\\\/efa971b4a0664db8ed5c22b1b0dd2f5d\"},\"headline\":\"SANCIONAR\u00c1 SALUD EDOMEX A DIRECTIVO QUE PROMOVI\u00d3 LA VACUNACI\u00d3N CONTRA COVID-19 A SUS FAMILIARES\",\"datePublished\":\"2020-12-30T20:55:34+00:00\",\"dateModified\":\"2020-12-30T20:55:37+00:00\",\"mainEntityOfPage\":{\"@id\":\"https:\\\/\\\/expressometro.mx\\\/index.php\\\/2020\\\/12\\\/30\\\/sancionara-salud-edomex-a-directivo-que-promovio-la-vacunacion-contra-covid-19-a-sus-familiares\\\/\"},\"wordCount\":231,\"commentCount\":0,\"publisher\":{\"@id\":\"https:\\\/\\\/expressometro.mx\\\/#organization\"},\"image\":{\"@id\":\"https:\\\/\\\/expressometro.mx\\\/index.php\\\/2020\\\/12\\\/30\\\/sancionara-salud-edomex-a-directivo-que-promovio-la-vacunacion-contra-covid-19-a-sus-familiares\\\/#primaryimage\"},\"thumbnailUrl\":\"https:\\\/\\\/expressometro.mx\\\/wp-content\\\/uploads\\\/2020\\\/12\\\/27A77637-C2FF-4D14-BDCD-0045B44F1F0A.jpeg\",\"articleSection\":[\"Salud\"],\"inLanguage\":\"es\",\"potentialAction\":[{\"@type\":\"CommentAction\",\"name\":\"Comment\",\"target\":[\"https:\\\/\\\/expressometro.mx\\\/index.php\\\/2020\\\/12\\\/30\\\/sancionara-salud-edomex-a-directivo-que-promovio-la-vacunacion-contra-covid-19-a-sus-familiares\\\/#respond\"]}]},{\"@type\":\"WebPage\",\"@id\":\"https:\\\/\\\/expressometro.mx\\\/index.php\\\/2020\\\/12\\\/30\\\/sancionara-salud-edomex-a-directivo-que-promovio-la-vacunacion-contra-covid-19-a-sus-familiares\\\/\",\"url\":\"https:\\\/\\\/expressometro.mx\\\/index.php\\\/2020\\\/12\\\/30\\\/sancionara-salud-edomex-a-directivo-que-promovio-la-vacunacion-contra-covid-19-a-sus-familiares\\\/\",\"name\":\"SANCIONAR\u00c1 SALUD EDOMEX A DIRECTIVO QUE PROMOVI\u00d3 LA VACUNACI\u00d3N CONTRA COVID-19 A SUS FAMILIARES - Expresso Metropolitano\",\"isPartOf\":{\"@id\":\"https:\\\/\\\/expressometro.mx\\\/#website\"},\"primaryImageOfPage\":{\"@id\":\"https:\\\/\\\/expressometro.mx\\\/index.php\\\/2020\\\/12\\\/30\\\/sancionara-salud-edomex-a-directivo-que-promovio-la-vacunacion-contra-covid-19-a-sus-familiares\\\/#primaryimage\"},\"image\":{\"@id\":\"https:\\\/\\\/expressometro.mx\\\/index.php\\\/2020\\\/12\\\/30\\\/sancionara-salud-edomex-a-directivo-que-promovio-la-vacunacion-contra-covid-19-a-sus-familiares\\\/#primaryimage\"},\"thumbnailUrl\":\"https:\\\/\\\/expressometro.mx\\\/wp-content\\\/uploads\\\/2020\\\/12\\\/27A77637-C2FF-4D14-BDCD-0045B44F1F0A.jpeg\",\"datePublished\":\"2020-12-30T20:55:34+00:00\",\"dateModified\":\"2020-12-30T20:55:37+00:00\",\"breadcrumb\":{\"@id\":\"https:\\\/\\\/expressometro.mx\\\/index.php\\\/2020\\\/12\\\/30\\\/sancionara-salud-edomex-a-directivo-que-promovio-la-vacunacion-contra-covid-19-a-sus-familiares\\\/#breadcrumb\"},\"inLanguage\":\"es\",\"potentialAction\":[{\"@type\":\"ReadAction\",\"target\":[\"https:\\\/\\\/expressometro.mx\\\/index.php\\\/2020\\\/12\\\/30\\\/sancionara-salud-edomex-a-directivo-que-promovio-la-vacunacion-contra-covid-19-a-sus-familiares\\\/\"]}]},{\"@type\":\"ImageObject\",\"inLanguage\":\"es\",\"@id\":\"https:\\\/\\\/expressometro.mx\\\/index.php\\\/2020\\\/12\\\/30\\\/sancionara-salud-edomex-a-directivo-que-promovio-la-vacunacion-contra-covid-19-a-sus-familiares\\\/#primaryimage\",\"url\":\"https:\\\/\\\/expressometro.mx\\\/wp-content\\\/uploads\\\/2020\\\/12\\\/27A77637-C2FF-4D14-BDCD-0045B44F1F0A.jpeg\",\"contentUrl\":\"https:\\\/\\\/expressometro.mx\\\/wp-content\\\/uploads\\\/2020\\\/12\\\/27A77637-C2FF-4D14-BDCD-0045B44F1F0A.jpeg\",\"width\":739,\"height\":415},{\"@type\":\"BreadcrumbList\",\"@id\":\"https:\\\/\\\/expressometro.mx\\\/index.php\\\/2020\\\/12\\\/30\\\/sancionara-salud-edomex-a-directivo-que-promovio-la-vacunacion-contra-covid-19-a-sus-familiares\\\/#breadcrumb\",\"itemListElement\":[{\"@type\":\"ListItem\",\"position\":1,\"name\":\"Inicio\",\"item\":\"https:\\\/\\\/expressometro.mx\\\/\"},{\"@type\":\"ListItem\",\"position\":2,\"name\":\"SANCIONAR\u00c1 SALUD EDOMEX A DIRECTIVO QUE PROMOVI\u00d3 LA VACUNACI\u00d3N CONTRA COVID-19 A SUS FAMILIARES\"}]},{\"@type\":\"WebSite\",\"@id\":\"https:\\\/\\\/expressometro.mx\\\/#website\",\"url\":\"https:\\\/\\\/expressometro.mx\\\/\",\"name\":\"Expresso Metropolitano\",\"description\":\"Periodismo comprometido, informaci\u00f3n, investigaci\u00f3n y an\u00e1lisis\",\"publisher\":{\"@id\":\"https:\\\/\\\/expressometro.mx\\\/#organization\"},\"potentialAction\":[{\"@type\":\"SearchAction\",\"target\":{\"@type\":\"EntryPoint\",\"urlTemplate\":\"https:\\\/\\\/expressometro.mx\\\/?s={search_term_string}\"},\"query-input\":{\"@type\":\"PropertyValueSpecification\",\"valueRequired\":true,\"valueName\":\"search_term_string\"}}],\"inLanguage\":\"es\"},{\"@type\":\"Organization\",\"@id\":\"https:\\\/\\\/expressometro.mx\\\/#organization\",\"name\":\"Expresso Metropolitano\",\"url\":\"https:\\\/\\\/expressometro.mx\\\/\",\"logo\":{\"@type\":\"ImageObject\",\"inLanguage\":\"es\",\"@id\":\"https:\\\/\\\/expressometro.mx\\\/#\\\/schema\\\/logo\\\/image\\\/\",\"url\":\"https:\\\/\\\/expressometro.mx\\\/wp-content\\\/uploads\\\/2019\\\/07\\\/cropped-Logo-Expresso-Metropolitano-1-1.jpeg\",\"contentUrl\":\"https:\\\/\\\/expressometro.mx\\\/wp-content\\\/uploads\\\/2019\\\/07\\\/cropped-Logo-Expresso-Metropolitano-1-1.jpeg\",\"width\":290,\"height\":73,\"caption\":\"Expresso Metropolitano\"},\"image\":{\"@id\":\"https:\\\/\\\/expressometro.mx\\\/#\\\/schema\\\/logo\\\/image\\\/\"}},{\"@type\":\"Person\",\"@id\":\"https:\\\/\\\/expressometro.mx\\\/#\\\/schema\\\/person\\\/efa971b4a0664db8ed5c22b1b0dd2f5d\",\"name\":\"Expresso Metropolitano\",\"image\":{\"@type\":\"ImageObject\",\"inLanguage\":\"es\",\"@id\":\"https:\\\/\\\/secure.gravatar.com\\\/avatar\\\/a89f802b8de18c6952f223c88d3d106e9e3679839f4e25a02f4a6cc2ae6ba3b3?s=96&d=mm&r=g\",\"url\":\"https:\\\/\\\/secure.gravatar.com\\\/avatar\\\/a89f802b8de18c6952f223c88d3d106e9e3679839f4e25a02f4a6cc2ae6ba3b3?s=96&d=mm&r=g\",\"contentUrl\":\"https:\\\/\\\/secure.gravatar.com\\\/avatar\\\/a89f802b8de18c6952f223c88d3d106e9e3679839f4e25a02f4a6cc2ae6ba3b3?s=96&d=mm&r=g\",\"caption\":\"Expresso Metropolitano\"},\"url\":\"https:\\\/\\\/expressometro.mx\\\/index.php\\\/author\\\/diego\\\/\"}]}<\/script>\n<!-- \/ Yoast SEO plugin. -->","yoast_head_json":{"title":"SANCIONAR\u00c1 SALUD EDOMEX A DIRECTIVO QUE PROMOVI\u00d3 LA VACUNACI\u00d3N CONTRA COVID-19 A SUS FAMILIARES - Expresso Metropolitano","robots":{"index":"index","follow":"follow","max-snippet":"max-snippet:-1","max-image-preview":"max-image-preview:large","max-video-preview":"max-video-preview:-1"},"canonical":"https:\/\/expressometro.mx\/index.php\/2020\/12\/30\/sancionara-salud-edomex-a-directivo-que-promovio-la-vacunacion-contra-covid-19-a-sus-familiares\/","og_locale":"es_MX","og_type":"article","og_title":"SANCIONAR\u00c1 SALUD EDOMEX A DIRECTIVO QUE PROMOVI\u00d3 LA VACUNACI\u00d3N CONTRA COVID-19 A SUS FAMILIARES - Expresso Metropolitano","og_description":"Refuerza filtro de selecci\u00f3n de candidatos para aplicar vacunas y garantizar la inmunizaci\u00f3n a personal de la primera l\u00ednea de atenci\u00f3n.","og_url":"https:\/\/expressometro.mx\/index.php\/2020\/12\/30\/sancionara-salud-edomex-a-directivo-que-promovio-la-vacunacion-contra-covid-19-a-sus-familiares\/","og_site_name":"Expresso Metropolitano","article_published_time":"2020-12-30T20:55:34+00:00","article_modified_time":"2020-12-30T20:55:37+00:00","og_image":[{"width":739,"height":415,"url":"https:\/\/expressometro.mx\/wp-content\/uploads\/2020\/12\/27A77637-C2FF-4D14-BDCD-0045B44F1F0A.jpeg","type":"image\/jpeg"}],"author":"Expresso Metropolitano","twitter_misc":{"Escrito por":"Expresso Metropolitano","Tiempo de lectura":"1 minuto"},"schema":{"@context":"https:\/\/schema.org","@graph":[{"@type":"Article","@id":"https:\/\/expressometro.mx\/index.php\/2020\/12\/30\/sancionara-salud-edomex-a-directivo-que-promovio-la-vacunacion-contra-covid-19-a-sus-familiares\/#article","isPartOf":{"@id":"https:\/\/expressometro.mx\/index.php\/2020\/12\/30\/sancionara-salud-edomex-a-directivo-que-promovio-la-vacunacion-contra-covid-19-a-sus-familiares\/"},"author":{"name":"Expresso Metropolitano","@id":"https:\/\/expressometro.mx\/#\/schema\/person\/efa971b4a0664db8ed5c22b1b0dd2f5d"},"headline":"SANCIONAR\u00c1 SALUD EDOMEX A DIRECTIVO QUE PROMOVI\u00d3 LA VACUNACI\u00d3N CONTRA COVID-19 A SUS FAMILIARES","datePublished":"2020-12-30T20:55:34+00:00","dateModified":"2020-12-30T20:55:37+00:00","mainEntityOfPage":{"@id":"https:\/\/expressometro.mx\/index.php\/2020\/12\/30\/sancionara-salud-edomex-a-directivo-que-promovio-la-vacunacion-contra-covid-19-a-sus-familiares\/"},"wordCount":231,"commentCount":0,"publisher":{"@id":"https:\/\/expressometro.mx\/#organization"},"image":{"@id":"https:\/\/expressometro.mx\/index.php\/2020\/12\/30\/sancionara-salud-edomex-a-directivo-que-promovio-la-vacunacion-contra-covid-19-a-sus-familiares\/#primaryimage"},"thumbnailUrl":"https:\/\/expressometro.mx\/wp-content\/uploads\/2020\/12\/27A77637-C2FF-4D14-BDCD-0045B44F1F0A.jpeg","articleSection":["Salud"],"inLanguage":"es","potentialAction":[{"@type":"CommentAction","name":"Comment","target":["https:\/\/expressometro.mx\/index.php\/2020\/12\/30\/sancionara-salud-edomex-a-directivo-que-promovio-la-vacunacion-contra-covid-19-a-sus-familiares\/#respond"]}]},{"@type":"WebPage","@id":"https:\/\/expressometro.mx\/index.php\/2020\/12\/30\/sancionara-salud-edomex-a-directivo-que-promovio-la-vacunacion-contra-covid-19-a-sus-familiares\/","url":"https:\/\/expressometro.mx\/index.php\/2020\/12\/30\/sancionara-salud-edomex-a-directivo-que-promovio-la-vacunacion-contra-covid-19-a-sus-familiares\/","name":"SANCIONAR\u00c1 SALUD EDOMEX A DIRECTIVO QUE PROMOVI\u00d3 LA VACUNACI\u00d3N CONTRA COVID-19 A SUS FAMILIARES - Expresso Metropolitano","isPartOf":{"@id":"https:\/\/expressometro.mx\/#website"},"primaryImageOfPage":{"@id":"https:\/\/expressometro.mx\/index.php\/2020\/12\/30\/sancionara-salud-edomex-a-directivo-que-promovio-la-vacunacion-contra-covid-19-a-sus-familiares\/#primaryimage"},"image":{"@id":"https:\/\/expressometro.mx\/index.php\/2020\/12\/30\/sancionara-salud-edomex-a-directivo-que-promovio-la-vacunacion-contra-covid-19-a-sus-familiares\/#primaryimage"},"thumbnailUrl":"https:\/\/expressometro.mx\/wp-content\/uploads\/2020\/12\/27A77637-C2FF-4D14-BDCD-0045B44F1F0A.jpeg","datePublished":"2020-12-30T20:55:34+00:00","dateModified":"2020-12-30T20:55:37+00:00","breadcrumb":{"@id":"https:\/\/expressometro.mx\/index.php\/2020\/12\/30\/sancionara-salud-edomex-a-directivo-que-promovio-la-vacunacion-contra-covid-19-a-sus-familiares\/#breadcrumb"},"inLanguage":"es","potentialAction":[{"@type":"ReadAction","target":["https:\/\/expressometro.mx\/index.php\/2020\/12\/30\/sancionara-salud-edomex-a-directivo-que-promovio-la-vacunacion-contra-covid-19-a-sus-familiares\/"]}]},{"@type":"ImageObject","inLanguage":"es","@id":"https:\/\/expressometro.mx\/index.php\/2020\/12\/30\/sancionara-salud-edomex-a-directivo-que-promovio-la-vacunacion-contra-covid-19-a-sus-familiares\/#primaryimage","url":"https:\/\/expressometro.mx\/wp-content\/uploads\/2020\/12\/27A77637-C2FF-4D14-BDCD-0045B44F1F0A.jpeg","contentUrl":"https:\/\/expressometro.mx\/wp-content\/uploads\/2020\/12\/27A77637-C2FF-4D14-BDCD-0045B44F1F0A.jpeg","width":739,"height":415},{"@type":"BreadcrumbList","@id":"https:\/\/expressometro.mx\/index.php\/2020\/12\/30\/sancionara-salud-edomex-a-directivo-que-promovio-la-vacunacion-contra-covid-19-a-sus-familiares\/#breadcrumb","itemListElement":[{"@type":"ListItem","position":1,"name":"Inicio","item":"https:\/\/expressometro.mx\/"},{"@type":"ListItem","position":2,"name":"SANCIONAR\u00c1 SALUD EDOMEX A DIRECTIVO QUE PROMOVI\u00d3 LA VACUNACI\u00d3N CONTRA COVID-19 A SUS FAMILIARES"}]},{"@type":"WebSite","@id":"https:\/\/expressometro.mx\/#website","url":"https:\/\/expressometro.mx\/","name":"Expresso Metropolitano","description":"Periodismo comprometido, informaci\u00f3n, investigaci\u00f3n y an\u00e1lisis","publisher":{"@id":"https:\/\/expressometro.mx\/#organization"},"potentialAction":[{"@type":"SearchAction","target":{"@type":"EntryPoint","urlTemplate":"https:\/\/expressometro.mx\/?s={search_term_string}"},"query-input":{"@type":"PropertyValueSpecification","valueRequired":true,"valueName":"search_term_string"}}],"inLanguage":"es"},{"@type":"Organization","@id":"https:\/\/expressometro.mx\/#organization","name":"Expresso Metropolitano","url":"https:\/\/expressometro.mx\/","logo":{"@type":"ImageObject","inLanguage":"es","@id":"https:\/\/expressometro.mx\/#\/schema\/logo\/image\/","url":"https:\/\/expressometro.mx\/wp-content\/uploads\/2019\/07\/cropped-Logo-Expresso-Metropolitano-1-1.jpeg","contentUrl":"https:\/\/expressometro.mx\/wp-content\/uploads\/2019\/07\/cropped-Logo-Expresso-Metropolitano-1-1.jpeg","width":290,"height":73,"caption":"Expresso Metropolitano"},"image":{"@id":"https:\/\/expressometro.mx\/#\/schema\/logo\/image\/"}},{"@type":"Person","@id":"https:\/\/expressometro.mx\/#\/schema\/person\/efa971b4a0664db8ed5c22b1b0dd2f5d","name":"Expresso Metropolitano","image":{"@type":"ImageObject","inLanguage":"es","@id":"https:\/\/secure.gravatar.com\/avatar\/a89f802b8de18c6952f223c88d3d106e9e3679839f4e25a02f4a6cc2ae6ba3b3?s=96&d=mm&r=g","url":"https:\/\/secure.gravatar.com\/avatar\/a89f802b8de18c6952f223c88d3d106e9e3679839f4e25a02f4a6cc2ae6ba3b3?s=96&d=mm&r=g","contentUrl":"https:\/\/secure.gravatar.com\/avatar\/a89f802b8de18c6952f223c88d3d106e9e3679839f4e25a02f4a6cc2ae6ba3b3?s=96&d=mm&r=g","caption":"Expresso Metropolitano"},"url":"https:\/\/expressometro.mx\/index.php\/author\/diego\/"}]}},"amp_enabled":true,"_links":{"self":[{"href":"https:\/\/expressometro.mx\/index.php\/wp-json\/wp\/v2\/posts\/2108","targetHints":{"allow":["GET"]}}],"collection":[{"href":"https:\/\/expressometro.mx\/index.php\/wp-json\/wp\/v2\/posts"}],"about":[{"href":"https:\/\/expressometro.mx\/index.php\/wp-json\/wp\/v2\/types\/post"}],"author":[{"embeddable":true,"href":"https:\/\/expressometro.mx\/index.php\/wp-json\/wp\/v2\/users\/1"}],"replies":[{"embeddable":true,"href":"https:\/\/expressometro.mx\/index.php\/wp-json\/wp\/v2\/comments?post=2108"}],"version-history":[{"count":1,"href":"https:\/\/expressometro.mx\/index.php\/wp-json\/wp\/v2\/posts\/2108\/revisions"}],"predecessor-version":[{"id":2110,"href":"https:\/\/expressometro.mx\/index.php\/wp-json\/wp\/v2\/posts\/2108\/revisions\/2110"}],"wp:featuredmedia":[{"embeddable":true,"href":"https:\/\/expressometro.mx\/index.php\/wp-json\/wp\/v2\/media\/2109"}],"wp:attachment":[{"href":"https:\/\/expressometro.mx\/index.php\/wp-json\/wp\/v2\/media?parent=2108"}],"wp:term":[{"taxonomy":"category","embeddable":true,"href":"https:\/\/expressometro.mx\/index.php\/wp-json\/wp\/v2\/categories?post=2108"},{"taxonomy":"post_tag","embeddable":true,"href":"https:\/\/expressometro.mx\/index.php\/wp-json\/wp\/v2\/tags?post=2108"}],"curies":[{"name":"wp","href":"https:\/\/api.w.org\/{rel}","templated":true}]}}