{"id":209,"date":"2019-08-21T11:11:10","date_gmt":"2019-08-21T16:11:10","guid":{"rendered":"http:\/\/expressometro.mx\/?p=209"},"modified":"2019-09-25T10:41:01","modified_gmt":"2019-09-25T15:41:01","slug":"pacta-fiscalia-regional-y-comerciantes-tultitlenses-por-combate-a-la-venta-de-celulares-robados","status":"publish","type":"post","link":"https:\/\/expressometro.mx\/index.php\/2019\/08\/21\/pacta-fiscalia-regional-y-comerciantes-tultitlenses-por-combate-a-la-venta-de-celulares-robados\/","title":{"rendered":"Pacta Fiscal\u00eda Regional y comerciantes tultitlenses por combate a la venta de celulares robados."},"content":{"rendered":"\n<p>Con el prop\u00f3sito de establecer los mecanismos necesarios para inhibir el robo de celulares en transporte p\u00fablico y estos sean comercializados ilegalmente en&nbsp; tianguis de la demarcaci\u00f3n, la actual administraci\u00f3n encabezada por la alcaldesa Elena Garc\u00eda Mart\u00ednez en coordinaci\u00f3n con la Direcci\u00f3n de Seguridad Ciudadana, Vialidad y Protecci\u00f3n Civil y la Fiscal\u00eda Regional de Cuautitl\u00e1n llevaron a cabo una reuni\u00f3n con delegados y l\u00edderes tianguistas para prohibir la venta de celulares de dudosa procedencia.<br>Dicha reuni\u00f3n tuvo lugar en el auditorio Mariano Escobedo del Palacio Municipal de Tultitl\u00e1n, donde decenas de l\u00edderes tianguistas de las tres zonas del municipio pactaron con los tres \u00f3rdenes de gobierno para prohibir a comerciantes que vendan celulares de dudosa procedencia.<br>En su mensaje, el Fiscal Regional de Cuautitl\u00e1n, Juan Minutti L\u00f3pez coment\u00f3 que \u201ceste tema es de suma importancia porque el trabajo en conjunto con cada delegado y autoridades competentes har\u00e1 que la ciudadan\u00eda no compre objetos robados y bajar la incidencia delictiva en estos establecimientos semi-fijos&#8221;.<br>Abund\u00f3 tambi\u00e9n que al comercio que incumpla con estas disposiciones se le decomisar\u00e1 la mercanc\u00eda y ser\u00e1n sancionados ante la ley y a\u00f1adi\u00f3 que la idea es que el ciudadano que sufra un robo pueda bloquear su tel\u00e9fono para que no pueda ser usado en il\u00edcitos.<br>Se\u00f1al\u00f3 la importancia de concientizar a la poblaci\u00f3n de la necesidad guardar el IMEI en un lugar seguro y accesible para, en caso de requerirlo, proporcionarlo en el portal hacer el bloqueo.<\/p>\n\n\n\n<p>Finalmente, la mun\u00edcipe Elena Garc\u00eda exhort\u00f3 a la ciudadan\u00eda a realizar sus denuncias; existen 13 fiscal\u00edas en el estado de M\u00e9xico y nos compete la regi\u00f3n de Cuautitl\u00e1n por lo que buscamos&nbsp; fortalecer el trabajo preventivo para evitar robo de tel\u00e9fonos m\u00f3viles.<\/p>\n","protected":false},"excerpt":{"rendered":"<p>Con el prop\u00f3sito de establecer los mecanismos necesarios para inhibir el robo de celulares en transporte p\u00fablico y estos sean comercializados ilegalmente en&nbsp; tianguis de la demarcaci\u00f3n, la actual administraci\u00f3n encabezada por la alcaldesa Elena Garc\u00eda Mart\u00ednez en coordinaci\u00f3n con la Direcci\u00f3n de Seguridad Ciudadana, Vialidad y Protecci\u00f3n Civil y la Fiscal\u00eda Regional de Cuautitl\u00e1n llevaron a cabo una reuni\u00f3n con delegados y l\u00edderes tianguistas para prohibir la venta de celulares de dudosa procedencia.Dicha reuni\u00f3n tuvo lugar en el auditorio Mariano Escobedo del Palacio Municipal de Tultitl\u00e1n, donde decenas de&hellip;<\/p>\n","protected":false},"author":1,"featured_media":0,"comment_status":"open","ping_status":"open","sticky":false,"template":"","format":"standard","meta":{"footnotes":""},"categories":[11,4,3],"tags":[],"class_list":["post-209","post","type-post","status-publish","format-standard","hentry","category-cultura","category-finanzas","category-gobierno"],"yoast_head":"<!-- This site is optimized with the Yoast SEO plugin v27.4 - https:\/\/yoast.com\/product\/yoast-seo-wordpress\/ -->\n<title>Pacta Fiscal\u00eda Regional y comerciantes tultitlenses por combate a la venta de celulares robados. - Expresso Metropolitano<\/title>\n<meta name=\"robots\" content=\"index, follow, max-snippet:-1, max-image-preview:large, max-video-preview:-1\" \/>\n<link rel=\"canonical\" href=\"https:\/\/expressometro.mx\/index.php\/2019\/08\/21\/pacta-fiscalia-regional-y-comerciantes-tultitlenses-por-combate-a-la-venta-de-celulares-robados\/\" \/>\n<meta property=\"og:locale\" content=\"es_MX\" \/>\n<meta property=\"og:type\" content=\"article\" \/>\n<meta property=\"og:title\" content=\"Pacta Fiscal\u00eda Regional y comerciantes tultitlenses por combate a la venta de celulares robados. - Expresso Metropolitano\" \/>\n<meta property=\"og:description\" content=\"Con el prop\u00f3sito de establecer los mecanismos necesarios para inhibir el robo de celulares en transporte p\u00fablico y estos sean comercializados ilegalmente en&nbsp; tianguis de la demarcaci\u00f3n, la actual administraci\u00f3n encabezada por la alcaldesa Elena Garc\u00eda Mart\u00ednez en coordinaci\u00f3n con la Direcci\u00f3n de Seguridad Ciudadana, Vialidad y Protecci\u00f3n Civil y la Fiscal\u00eda Regional de Cuautitl\u00e1n llevaron a cabo una reuni\u00f3n con delegados y l\u00edderes tianguistas para prohibir la venta de celulares de dudosa procedencia.Dicha reuni\u00f3n tuvo lugar en el auditorio Mariano Escobedo del Palacio Municipal de Tultitl\u00e1n, donde decenas de&hellip;\" \/>\n<meta property=\"og:url\" content=\"https:\/\/expressometro.mx\/index.php\/2019\/08\/21\/pacta-fiscalia-regional-y-comerciantes-tultitlenses-por-combate-a-la-venta-de-celulares-robados\/\" \/>\n<meta property=\"og:site_name\" content=\"Expresso Metropolitano\" \/>\n<meta property=\"article:published_time\" content=\"2019-08-21T16:11:10+00:00\" \/>\n<meta property=\"article:modified_time\" content=\"2019-09-25T15:41:01+00:00\" \/>\n<meta property=\"og:image\" content=\"https:\/\/expressometro.mx\/wp-content\/uploads\/2019\/08\/56730651-3ccb-4c40-8d52-a12283e71d27.jpg\" \/>\n\t<meta property=\"og:image:width\" content=\"1080\" \/>\n\t<meta property=\"og:image:height\" content=\"720\" \/>\n\t<meta property=\"og:image:type\" content=\"image\/jpeg\" \/>\n<meta name=\"author\" content=\"Expresso Metropolitano\" \/>\n<meta name=\"twitter:label1\" content=\"Escrito por\" \/>\n\t<meta name=\"twitter:data1\" content=\"Expresso Metropolitano\" \/>\n\t<meta name=\"twitter:label2\" content=\"Tiempo de lectura\" \/>\n\t<meta name=\"twitter:data2\" content=\"2 minutos\" \/>\n<script type=\"application\/ld+json\" class=\"yoast-schema-graph\">{\"@context\":\"https:\\\/\\\/schema.org\",\"@graph\":[{\"@type\":\"Article\",\"@id\":\"https:\\\/\\\/expressometro.mx\\\/index.php\\\/2019\\\/08\\\/21\\\/pacta-fiscalia-regional-y-comerciantes-tultitlenses-por-combate-a-la-venta-de-celulares-robados\\\/#article\",\"isPartOf\":{\"@id\":\"https:\\\/\\\/expressometro.mx\\\/index.php\\\/2019\\\/08\\\/21\\\/pacta-fiscalia-regional-y-comerciantes-tultitlenses-por-combate-a-la-venta-de-celulares-robados\\\/\"},\"author\":{\"name\":\"Expresso Metropolitano\",\"@id\":\"https:\\\/\\\/expressometro.mx\\\/#\\\/schema\\\/person\\\/efa971b4a0664db8ed5c22b1b0dd2f5d\"},\"headline\":\"Pacta Fiscal\u00eda Regional y comerciantes tultitlenses por combate a la venta de celulares robados.\",\"datePublished\":\"2019-08-21T16:11:10+00:00\",\"dateModified\":\"2019-09-25T15:41:01+00:00\",\"mainEntityOfPage\":{\"@id\":\"https:\\\/\\\/expressometro.mx\\\/index.php\\\/2019\\\/08\\\/21\\\/pacta-fiscalia-regional-y-comerciantes-tultitlenses-por-combate-a-la-venta-de-celulares-robados\\\/\"},\"wordCount\":335,\"commentCount\":0,\"publisher\":{\"@id\":\"https:\\\/\\\/expressometro.mx\\\/#organization\"},\"articleSection\":[\"Cultura\",\"Finanzas\",\"Gobierno\"],\"inLanguage\":\"es\",\"potentialAction\":[{\"@type\":\"CommentAction\",\"name\":\"Comment\",\"target\":[\"https:\\\/\\\/expressometro.mx\\\/index.php\\\/2019\\\/08\\\/21\\\/pacta-fiscalia-regional-y-comerciantes-tultitlenses-por-combate-a-la-venta-de-celulares-robados\\\/#respond\"]}]},{\"@type\":\"WebPage\",\"@id\":\"https:\\\/\\\/expressometro.mx\\\/index.php\\\/2019\\\/08\\\/21\\\/pacta-fiscalia-regional-y-comerciantes-tultitlenses-por-combate-a-la-venta-de-celulares-robados\\\/\",\"url\":\"https:\\\/\\\/expressometro.mx\\\/index.php\\\/2019\\\/08\\\/21\\\/pacta-fiscalia-regional-y-comerciantes-tultitlenses-por-combate-a-la-venta-de-celulares-robados\\\/\",\"name\":\"Pacta Fiscal\u00eda Regional y comerciantes tultitlenses por combate a la venta de celulares robados. - Expresso Metropolitano\",\"isPartOf\":{\"@id\":\"https:\\\/\\\/expressometro.mx\\\/#website\"},\"datePublished\":\"2019-08-21T16:11:10+00:00\",\"dateModified\":\"2019-09-25T15:41:01+00:00\",\"breadcrumb\":{\"@id\":\"https:\\\/\\\/expressometro.mx\\\/index.php\\\/2019\\\/08\\\/21\\\/pacta-fiscalia-regional-y-comerciantes-tultitlenses-por-combate-a-la-venta-de-celulares-robados\\\/#breadcrumb\"},\"inLanguage\":\"es\",\"potentialAction\":[{\"@type\":\"ReadAction\",\"target\":[\"https:\\\/\\\/expressometro.mx\\\/index.php\\\/2019\\\/08\\\/21\\\/pacta-fiscalia-regional-y-comerciantes-tultitlenses-por-combate-a-la-venta-de-celulares-robados\\\/\"]}]},{\"@type\":\"BreadcrumbList\",\"@id\":\"https:\\\/\\\/expressometro.mx\\\/index.php\\\/2019\\\/08\\\/21\\\/pacta-fiscalia-regional-y-comerciantes-tultitlenses-por-combate-a-la-venta-de-celulares-robados\\\/#breadcrumb\",\"itemListElement\":[{\"@type\":\"ListItem\",\"position\":1,\"name\":\"Inicio\",\"item\":\"https:\\\/\\\/expressometro.mx\\\/\"},{\"@type\":\"ListItem\",\"position\":2,\"name\":\"Pacta Fiscal\u00eda Regional y comerciantes tultitlenses por combate a la venta de celulares robados.\"}]},{\"@type\":\"WebSite\",\"@id\":\"https:\\\/\\\/expressometro.mx\\\/#website\",\"url\":\"https:\\\/\\\/expressometro.mx\\\/\",\"name\":\"Expresso Metropolitano\",\"description\":\"Periodismo comprometido, informaci\u00f3n, investigaci\u00f3n y an\u00e1lisis\",\"publisher\":{\"@id\":\"https:\\\/\\\/expressometro.mx\\\/#organization\"},\"potentialAction\":[{\"@type\":\"SearchAction\",\"target\":{\"@type\":\"EntryPoint\",\"urlTemplate\":\"https:\\\/\\\/expressometro.mx\\\/?s={search_term_string}\"},\"query-input\":{\"@type\":\"PropertyValueSpecification\",\"valueRequired\":true,\"valueName\":\"search_term_string\"}}],\"inLanguage\":\"es\"},{\"@type\":\"Organization\",\"@id\":\"https:\\\/\\\/expressometro.mx\\\/#organization\",\"name\":\"Expresso Metropolitano\",\"url\":\"https:\\\/\\\/expressometro.mx\\\/\",\"logo\":{\"@type\":\"ImageObject\",\"inLanguage\":\"es\",\"@id\":\"https:\\\/\\\/expressometro.mx\\\/#\\\/schema\\\/logo\\\/image\\\/\",\"url\":\"https:\\\/\\\/expressometro.mx\\\/wp-content\\\/uploads\\\/2019\\\/07\\\/cropped-Logo-Expresso-Metropolitano-1-1.jpeg\",\"contentUrl\":\"https:\\\/\\\/expressometro.mx\\\/wp-content\\\/uploads\\\/2019\\\/07\\\/cropped-Logo-Expresso-Metropolitano-1-1.jpeg\",\"width\":290,\"height\":73,\"caption\":\"Expresso Metropolitano\"},\"image\":{\"@id\":\"https:\\\/\\\/expressometro.mx\\\/#\\\/schema\\\/logo\\\/image\\\/\"}},{\"@type\":\"Person\",\"@id\":\"https:\\\/\\\/expressometro.mx\\\/#\\\/schema\\\/person\\\/efa971b4a0664db8ed5c22b1b0dd2f5d\",\"name\":\"Expresso Metropolitano\",\"image\":{\"@type\":\"ImageObject\",\"inLanguage\":\"es\",\"@id\":\"https:\\\/\\\/secure.gravatar.com\\\/avatar\\\/a89f802b8de18c6952f223c88d3d106e9e3679839f4e25a02f4a6cc2ae6ba3b3?s=96&d=mm&r=g\",\"url\":\"https:\\\/\\\/secure.gravatar.com\\\/avatar\\\/a89f802b8de18c6952f223c88d3d106e9e3679839f4e25a02f4a6cc2ae6ba3b3?s=96&d=mm&r=g\",\"contentUrl\":\"https:\\\/\\\/secure.gravatar.com\\\/avatar\\\/a89f802b8de18c6952f223c88d3d106e9e3679839f4e25a02f4a6cc2ae6ba3b3?s=96&d=mm&r=g\",\"caption\":\"Expresso Metropolitano\"},\"url\":\"https:\\\/\\\/expressometro.mx\\\/index.php\\\/author\\\/diego\\\/\"}]}<\/script>\n<!-- \/ Yoast SEO plugin. -->","yoast_head_json":{"title":"Pacta Fiscal\u00eda Regional y comerciantes tultitlenses por combate a la venta de celulares robados. - Expresso Metropolitano","robots":{"index":"index","follow":"follow","max-snippet":"max-snippet:-1","max-image-preview":"max-image-preview:large","max-video-preview":"max-video-preview:-1"},"canonical":"https:\/\/expressometro.mx\/index.php\/2019\/08\/21\/pacta-fiscalia-regional-y-comerciantes-tultitlenses-por-combate-a-la-venta-de-celulares-robados\/","og_locale":"es_MX","og_type":"article","og_title":"Pacta Fiscal\u00eda Regional y comerciantes tultitlenses por combate a la venta de celulares robados. - Expresso Metropolitano","og_description":"Con el prop\u00f3sito de establecer los mecanismos necesarios para inhibir el robo de celulares en transporte p\u00fablico y estos sean comercializados ilegalmente en&nbsp; tianguis de la demarcaci\u00f3n, la actual administraci\u00f3n encabezada por la alcaldesa Elena Garc\u00eda Mart\u00ednez en coordinaci\u00f3n con la Direcci\u00f3n de Seguridad Ciudadana, Vialidad y Protecci\u00f3n Civil y la Fiscal\u00eda Regional de Cuautitl\u00e1n llevaron a cabo una reuni\u00f3n con delegados y l\u00edderes tianguistas para prohibir la venta de celulares de dudosa procedencia.Dicha reuni\u00f3n tuvo lugar en el auditorio Mariano Escobedo del Palacio Municipal de Tultitl\u00e1n, donde decenas de&hellip;","og_url":"https:\/\/expressometro.mx\/index.php\/2019\/08\/21\/pacta-fiscalia-regional-y-comerciantes-tultitlenses-por-combate-a-la-venta-de-celulares-robados\/","og_site_name":"Expresso Metropolitano","article_published_time":"2019-08-21T16:11:10+00:00","article_modified_time":"2019-09-25T15:41:01+00:00","og_image":[{"width":1080,"height":720,"url":"https:\/\/expressometro.mx\/wp-content\/uploads\/2019\/08\/56730651-3ccb-4c40-8d52-a12283e71d27.jpg","type":"image\/jpeg"}],"author":"Expresso Metropolitano","twitter_misc":{"Escrito por":"Expresso Metropolitano","Tiempo de lectura":"2 minutos"},"schema":{"@context":"https:\/\/schema.org","@graph":[{"@type":"Article","@id":"https:\/\/expressometro.mx\/index.php\/2019\/08\/21\/pacta-fiscalia-regional-y-comerciantes-tultitlenses-por-combate-a-la-venta-de-celulares-robados\/#article","isPartOf":{"@id":"https:\/\/expressometro.mx\/index.php\/2019\/08\/21\/pacta-fiscalia-regional-y-comerciantes-tultitlenses-por-combate-a-la-venta-de-celulares-robados\/"},"author":{"name":"Expresso Metropolitano","@id":"https:\/\/expressometro.mx\/#\/schema\/person\/efa971b4a0664db8ed5c22b1b0dd2f5d"},"headline":"Pacta Fiscal\u00eda Regional y comerciantes tultitlenses por combate a la venta de celulares robados.","datePublished":"2019-08-21T16:11:10+00:00","dateModified":"2019-09-25T15:41:01+00:00","mainEntityOfPage":{"@id":"https:\/\/expressometro.mx\/index.php\/2019\/08\/21\/pacta-fiscalia-regional-y-comerciantes-tultitlenses-por-combate-a-la-venta-de-celulares-robados\/"},"wordCount":335,"commentCount":0,"publisher":{"@id":"https:\/\/expressometro.mx\/#organization"},"articleSection":["Cultura","Finanzas","Gobierno"],"inLanguage":"es","potentialAction":[{"@type":"CommentAction","name":"Comment","target":["https:\/\/expressometro.mx\/index.php\/2019\/08\/21\/pacta-fiscalia-regional-y-comerciantes-tultitlenses-por-combate-a-la-venta-de-celulares-robados\/#respond"]}]},{"@type":"WebPage","@id":"https:\/\/expressometro.mx\/index.php\/2019\/08\/21\/pacta-fiscalia-regional-y-comerciantes-tultitlenses-por-combate-a-la-venta-de-celulares-robados\/","url":"https:\/\/expressometro.mx\/index.php\/2019\/08\/21\/pacta-fiscalia-regional-y-comerciantes-tultitlenses-por-combate-a-la-venta-de-celulares-robados\/","name":"Pacta Fiscal\u00eda Regional y comerciantes tultitlenses por combate a la venta de celulares robados. - Expresso Metropolitano","isPartOf":{"@id":"https:\/\/expressometro.mx\/#website"},"datePublished":"2019-08-21T16:11:10+00:00","dateModified":"2019-09-25T15:41:01+00:00","breadcrumb":{"@id":"https:\/\/expressometro.mx\/index.php\/2019\/08\/21\/pacta-fiscalia-regional-y-comerciantes-tultitlenses-por-combate-a-la-venta-de-celulares-robados\/#breadcrumb"},"inLanguage":"es","potentialAction":[{"@type":"ReadAction","target":["https:\/\/expressometro.mx\/index.php\/2019\/08\/21\/pacta-fiscalia-regional-y-comerciantes-tultitlenses-por-combate-a-la-venta-de-celulares-robados\/"]}]},{"@type":"BreadcrumbList","@id":"https:\/\/expressometro.mx\/index.php\/2019\/08\/21\/pacta-fiscalia-regional-y-comerciantes-tultitlenses-por-combate-a-la-venta-de-celulares-robados\/#breadcrumb","itemListElement":[{"@type":"ListItem","position":1,"name":"Inicio","item":"https:\/\/expressometro.mx\/"},{"@type":"ListItem","position":2,"name":"Pacta Fiscal\u00eda Regional y comerciantes tultitlenses por combate a la venta de celulares robados."}]},{"@type":"WebSite","@id":"https:\/\/expressometro.mx\/#website","url":"https:\/\/expressometro.mx\/","name":"Expresso Metropolitano","description":"Periodismo comprometido, informaci\u00f3n, investigaci\u00f3n y an\u00e1lisis","publisher":{"@id":"https:\/\/expressometro.mx\/#organization"},"potentialAction":[{"@type":"SearchAction","target":{"@type":"EntryPoint","urlTemplate":"https:\/\/expressometro.mx\/?s={search_term_string}"},"query-input":{"@type":"PropertyValueSpecification","valueRequired":true,"valueName":"search_term_string"}}],"inLanguage":"es"},{"@type":"Organization","@id":"https:\/\/expressometro.mx\/#organization","name":"Expresso Metropolitano","url":"https:\/\/expressometro.mx\/","logo":{"@type":"ImageObject","inLanguage":"es","@id":"https:\/\/expressometro.mx\/#\/schema\/logo\/image\/","url":"https:\/\/expressometro.mx\/wp-content\/uploads\/2019\/07\/cropped-Logo-Expresso-Metropolitano-1-1.jpeg","contentUrl":"https:\/\/expressometro.mx\/wp-content\/uploads\/2019\/07\/cropped-Logo-Expresso-Metropolitano-1-1.jpeg","width":290,"height":73,"caption":"Expresso Metropolitano"},"image":{"@id":"https:\/\/expressometro.mx\/#\/schema\/logo\/image\/"}},{"@type":"Person","@id":"https:\/\/expressometro.mx\/#\/schema\/person\/efa971b4a0664db8ed5c22b1b0dd2f5d","name":"Expresso Metropolitano","image":{"@type":"ImageObject","inLanguage":"es","@id":"https:\/\/secure.gravatar.com\/avatar\/a89f802b8de18c6952f223c88d3d106e9e3679839f4e25a02f4a6cc2ae6ba3b3?s=96&d=mm&r=g","url":"https:\/\/secure.gravatar.com\/avatar\/a89f802b8de18c6952f223c88d3d106e9e3679839f4e25a02f4a6cc2ae6ba3b3?s=96&d=mm&r=g","contentUrl":"https:\/\/secure.gravatar.com\/avatar\/a89f802b8de18c6952f223c88d3d106e9e3679839f4e25a02f4a6cc2ae6ba3b3?s=96&d=mm&r=g","caption":"Expresso Metropolitano"},"url":"https:\/\/expressometro.mx\/index.php\/author\/diego\/"}]}},"amp_enabled":true,"_links":{"self":[{"href":"https:\/\/expressometro.mx\/index.php\/wp-json\/wp\/v2\/posts\/209","targetHints":{"allow":["GET"]}}],"collection":[{"href":"https:\/\/expressometro.mx\/index.php\/wp-json\/wp\/v2\/posts"}],"about":[{"href":"https:\/\/expressometro.mx\/index.php\/wp-json\/wp\/v2\/types\/post"}],"author":[{"embeddable":true,"href":"https:\/\/expressometro.mx\/index.php\/wp-json\/wp\/v2\/users\/1"}],"replies":[{"embeddable":true,"href":"https:\/\/expressometro.mx\/index.php\/wp-json\/wp\/v2\/comments?post=209"}],"version-history":[{"count":1,"href":"https:\/\/expressometro.mx\/index.php\/wp-json\/wp\/v2\/posts\/209\/revisions"}],"predecessor-version":[{"id":211,"href":"https:\/\/expressometro.mx\/index.php\/wp-json\/wp\/v2\/posts\/209\/revisions\/211"}],"wp:attachment":[{"href":"https:\/\/expressometro.mx\/index.php\/wp-json\/wp\/v2\/media?parent=209"}],"wp:term":[{"taxonomy":"category","embeddable":true,"href":"https:\/\/expressometro.mx\/index.php\/wp-json\/wp\/v2\/categories?post=209"},{"taxonomy":"post_tag","embeddable":true,"href":"https:\/\/expressometro.mx\/index.php\/wp-json\/wp\/v2\/tags?post=209"}],"curies":[{"name":"wp","href":"https:\/\/api.w.org\/{rel}","templated":true}]}}