{"id":206,"date":"2019-08-20T23:07:52","date_gmt":"2019-08-21T04:07:52","guid":{"rendered":"http:\/\/expressometro.mx\/?p=206"},"modified":"2019-09-25T10:41:18","modified_gmt":"2019-09-25T15:41:18","slug":"continuan-las-capacitaciones-al-cuerpo-policial-izcallense","status":"publish","type":"post","link":"https:\/\/expressometro.mx\/index.php\/2019\/08\/20\/continuan-las-capacitaciones-al-cuerpo-policial-izcallense\/","title":{"rendered":"Contin\u00faan las capacitaciones al cuerpo policial izcallense"},"content":{"rendered":"\n<p>Elementos de la Comisar\u00eda de Seguridad P\u00fablica y Tr\u00e1nsito Municipal, que encabeza Juan DanielR\u00edos Garrido, obtuvieron constancia que los acredita de haber tomado el Curso de Formaci\u00f3nInicial para Personal en Activo, y de esta manera, poder tramitar el Certificado \u00danico Policial (CUP).<\/p>\n\n\n\n<p>El curso fue impartido a 40 elementos de seguridad p\u00fablica del municipio, por el Instituto Estatal de Ciencias Penales y Seguridad P\u00fablica de Sinaloa, y pronto trabajar\u00e1n para acreditar a 90 polic\u00edas m\u00e1s, buscando los perfiles \u00f3ptimos para conformar el nuevo modelo policial.<\/p>\n\n\n\n<p>El presidente municipal, Ricardo N\u00fa\u00f1ez Ayala, acudi\u00f3 a felicitarlos de manera personal. Pidi\u00f3 a los elementos colaborar con la restauraci\u00f3n de la seguridad en la sociedad y reafirm\u00f3 el compromiso que sostiene con el cuerpo polic\u00edaco, para brindarles mejores oportunidades de desarrollo laboral y personal.<\/p>\n\n\n\n<p>Uno de los objetivos, adem\u00e1s de actualizar al cuerpo de seguridad en diferentes protocolos, es coadyuvar al objetivo nacional de que todos los polic\u00edas tomen el curso para tramitar el CUP. Cabe destacar el trabajo que desempe\u00f1a la Coordinadora de Formaci\u00f3n Policial, Elizabeth Barr\u00f3n Urbina, quien con m\u00e1s de 19 a\u00f1os dentro de la Polic\u00eda Federal y poseedora de diferentes acreditaciones nacionales e internacionales, trabaja de manera cercana con la Comisar\u00eda de Seguridad.<br><\/p>\n","protected":false},"excerpt":{"rendered":"<p>Elementos de la Comisar\u00eda de Seguridad P\u00fablica y Tr\u00e1nsito Municipal, que encabeza Juan DanielR\u00edos Garrido, obtuvieron constancia que los acredita de haber tomado el Curso de Formaci\u00f3nInicial para Personal en Activo, y de esta manera, poder tramitar el Certificado \u00danico Policial (CUP). El curso fue impartido a 40 elementos de seguridad p\u00fablica del municipio, por el Instituto Estatal de Ciencias Penales y Seguridad P\u00fablica de Sinaloa, y pronto trabajar\u00e1n para acreditar a 90 polic\u00edas m\u00e1s, buscando los perfiles \u00f3ptimos para conformar el nuevo modelo policial. El presidente municipal, Ricardo N\u00fa\u00f1ez&hellip;<\/p>\n","protected":false},"author":1,"featured_media":0,"comment_status":"open","ping_status":"open","sticky":false,"template":"","format":"standard","meta":{"footnotes":""},"categories":[4,3,6],"tags":[],"class_list":["post-206","post","type-post","status-publish","format-standard","hentry","category-finanzas","category-gobierno","category-seguridad"],"yoast_head":"<!-- This site is optimized with the Yoast SEO plugin v27.5 - https:\/\/yoast.com\/product\/yoast-seo-wordpress\/ -->\n<title>Contin\u00faan las capacitaciones al cuerpo policial izcallense - Expresso Metropolitano<\/title>\n<meta name=\"robots\" content=\"index, follow, max-snippet:-1, max-image-preview:large, max-video-preview:-1\" \/>\n<link rel=\"canonical\" href=\"https:\/\/expressometro.mx\/index.php\/2019\/08\/20\/continuan-las-capacitaciones-al-cuerpo-policial-izcallense\/\" \/>\n<meta property=\"og:locale\" content=\"es_MX\" \/>\n<meta property=\"og:type\" content=\"article\" \/>\n<meta property=\"og:title\" content=\"Contin\u00faan las capacitaciones al cuerpo policial izcallense - Expresso Metropolitano\" \/>\n<meta property=\"og:description\" content=\"Elementos de la Comisar\u00eda de Seguridad P\u00fablica y Tr\u00e1nsito Municipal, que encabeza Juan DanielR\u00edos Garrido, obtuvieron constancia que los acredita de haber tomado el Curso de Formaci\u00f3nInicial para Personal en Activo, y de esta manera, poder tramitar el Certificado \u00danico Policial (CUP). El curso fue impartido a 40 elementos de seguridad p\u00fablica del municipio, por el Instituto Estatal de Ciencias Penales y Seguridad P\u00fablica de Sinaloa, y pronto trabajar\u00e1n para acreditar a 90 polic\u00edas m\u00e1s, buscando los perfiles \u00f3ptimos para conformar el nuevo modelo policial. El presidente municipal, Ricardo N\u00fa\u00f1ez&hellip;\" \/>\n<meta property=\"og:url\" content=\"https:\/\/expressometro.mx\/index.php\/2019\/08\/20\/continuan-las-capacitaciones-al-cuerpo-policial-izcallense\/\" \/>\n<meta property=\"og:site_name\" content=\"Expresso Metropolitano\" \/>\n<meta property=\"article:published_time\" content=\"2019-08-21T04:07:52+00:00\" \/>\n<meta property=\"article:modified_time\" content=\"2019-09-25T15:41:18+00:00\" \/>\n<meta property=\"og:image\" content=\"https:\/\/expressometro.mx\/wp-content\/uploads\/2019\/08\/B265_01.jpeg\" \/>\n\t<meta property=\"og:image:width\" content=\"1024\" \/>\n\t<meta property=\"og:image:height\" content=\"612\" \/>\n\t<meta property=\"og:image:type\" content=\"image\/jpeg\" \/>\n<meta name=\"author\" content=\"Expresso Metropolitano\" \/>\n<meta name=\"twitter:label1\" content=\"Escrito por\" \/>\n\t<meta name=\"twitter:data1\" content=\"Expresso Metropolitano\" \/>\n\t<meta name=\"twitter:label2\" content=\"Tiempo de lectura\" \/>\n\t<meta name=\"twitter:data2\" content=\"1 minuto\" \/>\n<script type=\"application\/ld+json\" class=\"yoast-schema-graph\">{\"@context\":\"https:\\\/\\\/schema.org\",\"@graph\":[{\"@type\":\"Article\",\"@id\":\"https:\\\/\\\/expressometro.mx\\\/index.php\\\/2019\\\/08\\\/20\\\/continuan-las-capacitaciones-al-cuerpo-policial-izcallense\\\/#article\",\"isPartOf\":{\"@id\":\"https:\\\/\\\/expressometro.mx\\\/index.php\\\/2019\\\/08\\\/20\\\/continuan-las-capacitaciones-al-cuerpo-policial-izcallense\\\/\"},\"author\":{\"name\":\"Expresso Metropolitano\",\"@id\":\"https:\\\/\\\/expressometro.mx\\\/#\\\/schema\\\/person\\\/efa971b4a0664db8ed5c22b1b0dd2f5d\"},\"headline\":\"Contin\u00faan las capacitaciones al cuerpo policial izcallense\",\"datePublished\":\"2019-08-21T04:07:52+00:00\",\"dateModified\":\"2019-09-25T15:41:18+00:00\",\"mainEntityOfPage\":{\"@id\":\"https:\\\/\\\/expressometro.mx\\\/index.php\\\/2019\\\/08\\\/20\\\/continuan-las-capacitaciones-al-cuerpo-policial-izcallense\\\/\"},\"wordCount\":230,\"commentCount\":0,\"publisher\":{\"@id\":\"https:\\\/\\\/expressometro.mx\\\/#organization\"},\"articleSection\":[\"Finanzas\",\"Gobierno\",\"Seguridad\"],\"inLanguage\":\"es\",\"potentialAction\":[{\"@type\":\"CommentAction\",\"name\":\"Comment\",\"target\":[\"https:\\\/\\\/expressometro.mx\\\/index.php\\\/2019\\\/08\\\/20\\\/continuan-las-capacitaciones-al-cuerpo-policial-izcallense\\\/#respond\"]}]},{\"@type\":\"WebPage\",\"@id\":\"https:\\\/\\\/expressometro.mx\\\/index.php\\\/2019\\\/08\\\/20\\\/continuan-las-capacitaciones-al-cuerpo-policial-izcallense\\\/\",\"url\":\"https:\\\/\\\/expressometro.mx\\\/index.php\\\/2019\\\/08\\\/20\\\/continuan-las-capacitaciones-al-cuerpo-policial-izcallense\\\/\",\"name\":\"Contin\u00faan las capacitaciones al cuerpo policial izcallense - Expresso Metropolitano\",\"isPartOf\":{\"@id\":\"https:\\\/\\\/expressometro.mx\\\/#website\"},\"datePublished\":\"2019-08-21T04:07:52+00:00\",\"dateModified\":\"2019-09-25T15:41:18+00:00\",\"breadcrumb\":{\"@id\":\"https:\\\/\\\/expressometro.mx\\\/index.php\\\/2019\\\/08\\\/20\\\/continuan-las-capacitaciones-al-cuerpo-policial-izcallense\\\/#breadcrumb\"},\"inLanguage\":\"es\",\"potentialAction\":[{\"@type\":\"ReadAction\",\"target\":[\"https:\\\/\\\/expressometro.mx\\\/index.php\\\/2019\\\/08\\\/20\\\/continuan-las-capacitaciones-al-cuerpo-policial-izcallense\\\/\"]}]},{\"@type\":\"BreadcrumbList\",\"@id\":\"https:\\\/\\\/expressometro.mx\\\/index.php\\\/2019\\\/08\\\/20\\\/continuan-las-capacitaciones-al-cuerpo-policial-izcallense\\\/#breadcrumb\",\"itemListElement\":[{\"@type\":\"ListItem\",\"position\":1,\"name\":\"Inicio\",\"item\":\"https:\\\/\\\/expressometro.mx\\\/\"},{\"@type\":\"ListItem\",\"position\":2,\"name\":\"Contin\u00faan las capacitaciones al cuerpo policial izcallense\"}]},{\"@type\":\"WebSite\",\"@id\":\"https:\\\/\\\/expressometro.mx\\\/#website\",\"url\":\"https:\\\/\\\/expressometro.mx\\\/\",\"name\":\"Expresso Metropolitano\",\"description\":\"Periodismo comprometido, informaci\u00f3n, investigaci\u00f3n y an\u00e1lisis\",\"publisher\":{\"@id\":\"https:\\\/\\\/expressometro.mx\\\/#organization\"},\"potentialAction\":[{\"@type\":\"SearchAction\",\"target\":{\"@type\":\"EntryPoint\",\"urlTemplate\":\"https:\\\/\\\/expressometro.mx\\\/?s={search_term_string}\"},\"query-input\":{\"@type\":\"PropertyValueSpecification\",\"valueRequired\":true,\"valueName\":\"search_term_string\"}}],\"inLanguage\":\"es\"},{\"@type\":\"Organization\",\"@id\":\"https:\\\/\\\/expressometro.mx\\\/#organization\",\"name\":\"Expresso Metropolitano\",\"url\":\"https:\\\/\\\/expressometro.mx\\\/\",\"logo\":{\"@type\":\"ImageObject\",\"inLanguage\":\"es\",\"@id\":\"https:\\\/\\\/expressometro.mx\\\/#\\\/schema\\\/logo\\\/image\\\/\",\"url\":\"https:\\\/\\\/expressometro.mx\\\/wp-content\\\/uploads\\\/2019\\\/07\\\/cropped-Logo-Expresso-Metropolitano-1-1.jpeg\",\"contentUrl\":\"https:\\\/\\\/expressometro.mx\\\/wp-content\\\/uploads\\\/2019\\\/07\\\/cropped-Logo-Expresso-Metropolitano-1-1.jpeg\",\"width\":290,\"height\":73,\"caption\":\"Expresso Metropolitano\"},\"image\":{\"@id\":\"https:\\\/\\\/expressometro.mx\\\/#\\\/schema\\\/logo\\\/image\\\/\"}},{\"@type\":\"Person\",\"@id\":\"https:\\\/\\\/expressometro.mx\\\/#\\\/schema\\\/person\\\/efa971b4a0664db8ed5c22b1b0dd2f5d\",\"name\":\"Expresso Metropolitano\",\"image\":{\"@type\":\"ImageObject\",\"inLanguage\":\"es\",\"@id\":\"https:\\\/\\\/secure.gravatar.com\\\/avatar\\\/a89f802b8de18c6952f223c88d3d106e9e3679839f4e25a02f4a6cc2ae6ba3b3?s=96&d=mm&r=g\",\"url\":\"https:\\\/\\\/secure.gravatar.com\\\/avatar\\\/a89f802b8de18c6952f223c88d3d106e9e3679839f4e25a02f4a6cc2ae6ba3b3?s=96&d=mm&r=g\",\"contentUrl\":\"https:\\\/\\\/secure.gravatar.com\\\/avatar\\\/a89f802b8de18c6952f223c88d3d106e9e3679839f4e25a02f4a6cc2ae6ba3b3?s=96&d=mm&r=g\",\"caption\":\"Expresso Metropolitano\"},\"url\":\"https:\\\/\\\/expressometro.mx\\\/index.php\\\/author\\\/diego\\\/\"}]}<\/script>\n<!-- \/ Yoast SEO plugin. -->","yoast_head_json":{"title":"Contin\u00faan las capacitaciones al cuerpo policial izcallense - Expresso Metropolitano","robots":{"index":"index","follow":"follow","max-snippet":"max-snippet:-1","max-image-preview":"max-image-preview:large","max-video-preview":"max-video-preview:-1"},"canonical":"https:\/\/expressometro.mx\/index.php\/2019\/08\/20\/continuan-las-capacitaciones-al-cuerpo-policial-izcallense\/","og_locale":"es_MX","og_type":"article","og_title":"Contin\u00faan las capacitaciones al cuerpo policial izcallense - Expresso Metropolitano","og_description":"Elementos de la Comisar\u00eda de Seguridad P\u00fablica y Tr\u00e1nsito Municipal, que encabeza Juan DanielR\u00edos Garrido, obtuvieron constancia que los acredita de haber tomado el Curso de Formaci\u00f3nInicial para Personal en Activo, y de esta manera, poder tramitar el Certificado \u00danico Policial (CUP). El curso fue impartido a 40 elementos de seguridad p\u00fablica del municipio, por el Instituto Estatal de Ciencias Penales y Seguridad P\u00fablica de Sinaloa, y pronto trabajar\u00e1n para acreditar a 90 polic\u00edas m\u00e1s, buscando los perfiles \u00f3ptimos para conformar el nuevo modelo policial. El presidente municipal, Ricardo N\u00fa\u00f1ez&hellip;","og_url":"https:\/\/expressometro.mx\/index.php\/2019\/08\/20\/continuan-las-capacitaciones-al-cuerpo-policial-izcallense\/","og_site_name":"Expresso Metropolitano","article_published_time":"2019-08-21T04:07:52+00:00","article_modified_time":"2019-09-25T15:41:18+00:00","og_image":[{"width":1024,"height":612,"url":"https:\/\/expressometro.mx\/wp-content\/uploads\/2019\/08\/B265_01.jpeg","type":"image\/jpeg"}],"author":"Expresso Metropolitano","twitter_misc":{"Escrito por":"Expresso Metropolitano","Tiempo de lectura":"1 minuto"},"schema":{"@context":"https:\/\/schema.org","@graph":[{"@type":"Article","@id":"https:\/\/expressometro.mx\/index.php\/2019\/08\/20\/continuan-las-capacitaciones-al-cuerpo-policial-izcallense\/#article","isPartOf":{"@id":"https:\/\/expressometro.mx\/index.php\/2019\/08\/20\/continuan-las-capacitaciones-al-cuerpo-policial-izcallense\/"},"author":{"name":"Expresso Metropolitano","@id":"https:\/\/expressometro.mx\/#\/schema\/person\/efa971b4a0664db8ed5c22b1b0dd2f5d"},"headline":"Contin\u00faan las capacitaciones al cuerpo policial izcallense","datePublished":"2019-08-21T04:07:52+00:00","dateModified":"2019-09-25T15:41:18+00:00","mainEntityOfPage":{"@id":"https:\/\/expressometro.mx\/index.php\/2019\/08\/20\/continuan-las-capacitaciones-al-cuerpo-policial-izcallense\/"},"wordCount":230,"commentCount":0,"publisher":{"@id":"https:\/\/expressometro.mx\/#organization"},"articleSection":["Finanzas","Gobierno","Seguridad"],"inLanguage":"es","potentialAction":[{"@type":"CommentAction","name":"Comment","target":["https:\/\/expressometro.mx\/index.php\/2019\/08\/20\/continuan-las-capacitaciones-al-cuerpo-policial-izcallense\/#respond"]}]},{"@type":"WebPage","@id":"https:\/\/expressometro.mx\/index.php\/2019\/08\/20\/continuan-las-capacitaciones-al-cuerpo-policial-izcallense\/","url":"https:\/\/expressometro.mx\/index.php\/2019\/08\/20\/continuan-las-capacitaciones-al-cuerpo-policial-izcallense\/","name":"Contin\u00faan las capacitaciones al cuerpo policial izcallense - Expresso Metropolitano","isPartOf":{"@id":"https:\/\/expressometro.mx\/#website"},"datePublished":"2019-08-21T04:07:52+00:00","dateModified":"2019-09-25T15:41:18+00:00","breadcrumb":{"@id":"https:\/\/expressometro.mx\/index.php\/2019\/08\/20\/continuan-las-capacitaciones-al-cuerpo-policial-izcallense\/#breadcrumb"},"inLanguage":"es","potentialAction":[{"@type":"ReadAction","target":["https:\/\/expressometro.mx\/index.php\/2019\/08\/20\/continuan-las-capacitaciones-al-cuerpo-policial-izcallense\/"]}]},{"@type":"BreadcrumbList","@id":"https:\/\/expressometro.mx\/index.php\/2019\/08\/20\/continuan-las-capacitaciones-al-cuerpo-policial-izcallense\/#breadcrumb","itemListElement":[{"@type":"ListItem","position":1,"name":"Inicio","item":"https:\/\/expressometro.mx\/"},{"@type":"ListItem","position":2,"name":"Contin\u00faan las capacitaciones al cuerpo policial izcallense"}]},{"@type":"WebSite","@id":"https:\/\/expressometro.mx\/#website","url":"https:\/\/expressometro.mx\/","name":"Expresso Metropolitano","description":"Periodismo comprometido, informaci\u00f3n, investigaci\u00f3n y an\u00e1lisis","publisher":{"@id":"https:\/\/expressometro.mx\/#organization"},"potentialAction":[{"@type":"SearchAction","target":{"@type":"EntryPoint","urlTemplate":"https:\/\/expressometro.mx\/?s={search_term_string}"},"query-input":{"@type":"PropertyValueSpecification","valueRequired":true,"valueName":"search_term_string"}}],"inLanguage":"es"},{"@type":"Organization","@id":"https:\/\/expressometro.mx\/#organization","name":"Expresso Metropolitano","url":"https:\/\/expressometro.mx\/","logo":{"@type":"ImageObject","inLanguage":"es","@id":"https:\/\/expressometro.mx\/#\/schema\/logo\/image\/","url":"https:\/\/expressometro.mx\/wp-content\/uploads\/2019\/07\/cropped-Logo-Expresso-Metropolitano-1-1.jpeg","contentUrl":"https:\/\/expressometro.mx\/wp-content\/uploads\/2019\/07\/cropped-Logo-Expresso-Metropolitano-1-1.jpeg","width":290,"height":73,"caption":"Expresso Metropolitano"},"image":{"@id":"https:\/\/expressometro.mx\/#\/schema\/logo\/image\/"}},{"@type":"Person","@id":"https:\/\/expressometro.mx\/#\/schema\/person\/efa971b4a0664db8ed5c22b1b0dd2f5d","name":"Expresso Metropolitano","image":{"@type":"ImageObject","inLanguage":"es","@id":"https:\/\/secure.gravatar.com\/avatar\/a89f802b8de18c6952f223c88d3d106e9e3679839f4e25a02f4a6cc2ae6ba3b3?s=96&d=mm&r=g","url":"https:\/\/secure.gravatar.com\/avatar\/a89f802b8de18c6952f223c88d3d106e9e3679839f4e25a02f4a6cc2ae6ba3b3?s=96&d=mm&r=g","contentUrl":"https:\/\/secure.gravatar.com\/avatar\/a89f802b8de18c6952f223c88d3d106e9e3679839f4e25a02f4a6cc2ae6ba3b3?s=96&d=mm&r=g","caption":"Expresso Metropolitano"},"url":"https:\/\/expressometro.mx\/index.php\/author\/diego\/"}]}},"amp_enabled":true,"_links":{"self":[{"href":"https:\/\/expressometro.mx\/index.php\/wp-json\/wp\/v2\/posts\/206","targetHints":{"allow":["GET"]}}],"collection":[{"href":"https:\/\/expressometro.mx\/index.php\/wp-json\/wp\/v2\/posts"}],"about":[{"href":"https:\/\/expressometro.mx\/index.php\/wp-json\/wp\/v2\/types\/post"}],"author":[{"embeddable":true,"href":"https:\/\/expressometro.mx\/index.php\/wp-json\/wp\/v2\/users\/1"}],"replies":[{"embeddable":true,"href":"https:\/\/expressometro.mx\/index.php\/wp-json\/wp\/v2\/comments?post=206"}],"version-history":[{"count":1,"href":"https:\/\/expressometro.mx\/index.php\/wp-json\/wp\/v2\/posts\/206\/revisions"}],"predecessor-version":[{"id":208,"href":"https:\/\/expressometro.mx\/index.php\/wp-json\/wp\/v2\/posts\/206\/revisions\/208"}],"wp:attachment":[{"href":"https:\/\/expressometro.mx\/index.php\/wp-json\/wp\/v2\/media?parent=206"}],"wp:term":[{"taxonomy":"category","embeddable":true,"href":"https:\/\/expressometro.mx\/index.php\/wp-json\/wp\/v2\/categories?post=206"},{"taxonomy":"post_tag","embeddable":true,"href":"https:\/\/expressometro.mx\/index.php\/wp-json\/wp\/v2\/tags?post=206"}],"curies":[{"name":"wp","href":"https:\/\/api.w.org\/{rel}","templated":true}]}}