{"id":2031,"date":"2020-12-03T19:51:00","date_gmt":"2020-12-04T01:51:00","guid":{"rendered":"http:\/\/expressometro.mx\/?p=2031"},"modified":"2020-12-04T07:53:03","modified_gmt":"2020-12-04T13:53:03","slug":"realiza-difem-inversion-historica-para-atencion-a-la-discapacidad","status":"publish","type":"post","link":"https:\/\/expressometro.mx\/index.php\/2020\/12\/03\/realiza-difem-inversion-historica-para-atencion-a-la-discapacidad\/","title":{"rendered":"REALIZA DIFEM INVERSI\u00d3N HIST\u00d3RICA PARA ATENCI\u00d3N A LA DISCAPACIDAD"},"content":{"rendered":"\n<p>Al conmemorar el D\u00eda Internacional de la Discapacidad, Fernanda Castillo de Del Mazo, Presidenta Honoraria del DIF Estado de M\u00e9xico, inaugur\u00f3, con una inversi\u00f3n hist\u00f3rica de m\u00e1s de 100 millones de pesos, la construcci\u00f3n, ampliaci\u00f3n y remodelaci\u00f3n de 9 unidades de rehabilitaci\u00f3n, as\u00ed como la entrega de equipamiento para 64 municipios.<\/p>\n\n\n\n<p>\u201cEn el DIF Estado de M\u00e9xico nos sentimos muy contentos de inaugurar hoy tres nuevas unidades de rehabilitaci\u00f3n, y la remodelaci\u00f3n de seis m\u00e1s, lo que nos coloca como la entidad con la red m\u00e1s grande de atenci\u00f3n a la discapacidad, al operar 111 unidades de rehabilitaci\u00f3n en 98 municipios\u201d, dijo Fernanda Castillo de Del Mazo.<\/p>\n\n\n\n<p>Al inaugurar las nuevas instalaciones de la URIS de Tenango del Aire, y v\u00eda remota las de Jiquipilco y Naucalpan, as\u00ed como la remodelaci\u00f3n y ampliaci\u00f3n de las unidades de Nezahualc\u00f3yotl, Zinacantepec, Chalco, Cuautitl\u00e1n, Mexicaltzingo y Valle de Bravo, la titular del DIF mexiquense, expres\u00f3:<\/p>\n\n\n\n<p>\u201cHoy, en el D\u00eda internacional de la Discapacidad quiero reiterarles el gran compromiso que de manera personal he asumido con la atenci\u00f3n a la discapacidad, a trav\u00e9s del DIFEM, lograremos un estado m\u00e1s incluyente y con mayores oportunidades para que m\u00e1s mexiquenses en esta condici\u00f3n cuenten con una atenci\u00f3n profesional y de calidad\u201d.<\/p>\n\n\n\n<p>Castillo de Del Mazo, acompa\u00f1ada por Miguel \u00c1ngel Torres Cabello y Carlos Aguilar Ar\u00e9valo, Directores Generales del DIFEM y de Construcci\u00f3n de Obra de la Secretar\u00eda de Desarrollo Urbano y Obra estatal, respectivamente, as\u00ed como de Silvia Fern\u00e1ndez Mart\u00ednez, Directora de Atenci\u00f3n a la Discapacidad del DIFEM, destac\u00f3 que con una inversi\u00f3n superior a los 57 millones en construcci\u00f3n y remodelaci\u00f3n, cada centro cuenta con instalaciones dignas, incluyentes y seguras, para poder brindar una atenci\u00f3n de segundo y tercer nivel al contar con equipo de alta tecnolog\u00eda y especialistas en medicina, rehabilitaci\u00f3n y psicolog\u00eda, entre otros.<\/p>\n\n\n\n<p>\u201cAgradezco el respaldo de mi esposo, el Gobernador del Estado de M\u00e9xico, Alfredo Del Mazo y el compromiso de toda la gran Familia DIF que ha puesto el coraz\u00f3n para que, quienes viven con alguna discapacidad, tengan una vida digna e incluyente, por ello, estamos trabajando en el dise\u00f1o de protocolos de prevenci\u00f3n y seguridad sanitaria para que muy pronto las Unidades de Rehabilitaci\u00f3n, reabran sus puertas y reciban a quienes est\u00e9n, tengan discapacidad severa y as\u00ed ayudarlos con el avance en sus terapias\u201d, expuso.<\/p>\n\n\n\n<p>En este entorno, la Presidenta Honoraria del DIFEM, acompa\u00f1ada de Roberto \u00c1vila Ventura y Johanna Fern\u00e1ndez S\u00e1nchez, Presidente Municipal y Presidenta del DIF de Tenango del Aire, respectivamente, tambi\u00e9n hizo entrega de equipamiento para terapia f\u00edsica y ocupacional a 64 municipios, 18 de ellos, beneficiados con cuartos de estimulaci\u00f3n multisensorial, cuya inversi\u00f3n de 44 millones de pesos permiti\u00f3 optimizar la rehabilitaci\u00f3n f\u00edsica, ocupacional y de lenguaje de los usuarios.<\/p>\n\n\n\n<p>Asimismo, Castillo de Del Mazo hizo un reconocimiento a los titulares de los Sistemas Municipales DIF, a quienes les pidi\u00f3 con compromiso, cuidar y acompa\u00f1ar en estos tiempos dif\u00edciles, a las personas con discapacidad, logrando con ello la inclusi\u00f3n, sensibilizaci\u00f3n y asistencia para este sector de la sociedad, quienes, subray\u00f3, son guerreros que cuentan con el respaldo para seguir cumpliendo sus sue\u00f1os.<\/p>\n\n\n\n<p>Cabe destacar que, desde el inicio de la administraci\u00f3n a la fecha, se han equipado 87 unidades y centros de rehabilitaci\u00f3n que representan un 80 por ciento en todo el Estado de M\u00e9xico.<\/p>\n\n\n\n<p>Cada unidad y centro de rehabilitaci\u00f3n cuenta con espacios destinados a brindar consulta m\u00e9dica y psicol\u00f3gica, jard\u00edn terap\u00e9utico, terapias ocupacionales, de lenguaje, f\u00edsica, e hidroterapia.<\/p>\n","protected":false},"excerpt":{"rendered":"<p>En el DIF Estado de M\u00e9xico nos sentimos muy contentos de inaugurar hoy tres nuevas unidades de rehabilitaci\u00f3n. <\/p>\n","protected":false},"author":1,"featured_media":2032,"comment_status":"open","ping_status":"open","sticky":false,"template":"","format":"standard","meta":{"footnotes":""},"categories":[4,3,5],"tags":[172,86],"class_list":["post-2031","post","type-post","status-publish","format-standard","has-post-thumbnail","hentry","category-finanzas","category-gobierno","category-salud","tag-dif","tag-gem"],"yoast_head":"<!-- This site is optimized with the Yoast SEO plugin v27.5 - https:\/\/yoast.com\/product\/yoast-seo-wordpress\/ -->\n<title>REALIZA DIFEM INVERSI\u00d3N HIST\u00d3RICA PARA ATENCI\u00d3N A LA DISCAPACIDAD - Expresso Metropolitano<\/title>\n<meta name=\"robots\" content=\"index, follow, max-snippet:-1, max-image-preview:large, max-video-preview:-1\" \/>\n<link rel=\"canonical\" href=\"https:\/\/expressometro.mx\/index.php\/2020\/12\/03\/realiza-difem-inversion-historica-para-atencion-a-la-discapacidad\/\" \/>\n<meta property=\"og:locale\" content=\"es_MX\" \/>\n<meta property=\"og:type\" content=\"article\" \/>\n<meta property=\"og:title\" content=\"REALIZA DIFEM INVERSI\u00d3N HIST\u00d3RICA PARA ATENCI\u00d3N A LA DISCAPACIDAD - Expresso Metropolitano\" \/>\n<meta property=\"og:description\" content=\"En el DIF Estado de M\u00e9xico nos sentimos muy contentos de inaugurar hoy tres nuevas unidades de rehabilitaci\u00f3n.\" \/>\n<meta property=\"og:url\" content=\"https:\/\/expressometro.mx\/index.php\/2020\/12\/03\/realiza-difem-inversion-historica-para-atencion-a-la-discapacidad\/\" \/>\n<meta property=\"og:site_name\" content=\"Expresso Metropolitano\" \/>\n<meta property=\"article:published_time\" content=\"2020-12-04T01:51:00+00:00\" \/>\n<meta property=\"article:modified_time\" content=\"2020-12-04T13:53:03+00:00\" \/>\n<meta property=\"og:image\" content=\"https:\/\/expressometro.mx\/wp-content\/uploads\/2020\/12\/CED7D210-F251-48CB-8CC5-FA37F4951721.jpeg\" \/>\n\t<meta property=\"og:image:width\" content=\"1280\" \/>\n\t<meta property=\"og:image:height\" content=\"853\" \/>\n\t<meta property=\"og:image:type\" content=\"image\/jpeg\" \/>\n<meta name=\"author\" content=\"Expresso Metropolitano\" \/>\n<meta name=\"twitter:label1\" content=\"Escrito por\" \/>\n\t<meta name=\"twitter:data1\" content=\"Expresso Metropolitano\" \/>\n\t<meta name=\"twitter:label2\" content=\"Tiempo de lectura\" \/>\n\t<meta name=\"twitter:data2\" content=\"3 minutos\" \/>\n<script type=\"application\/ld+json\" class=\"yoast-schema-graph\">{\"@context\":\"https:\\\/\\\/schema.org\",\"@graph\":[{\"@type\":\"Article\",\"@id\":\"https:\\\/\\\/expressometro.mx\\\/index.php\\\/2020\\\/12\\\/03\\\/realiza-difem-inversion-historica-para-atencion-a-la-discapacidad\\\/#article\",\"isPartOf\":{\"@id\":\"https:\\\/\\\/expressometro.mx\\\/index.php\\\/2020\\\/12\\\/03\\\/realiza-difem-inversion-historica-para-atencion-a-la-discapacidad\\\/\"},\"author\":{\"name\":\"Expresso Metropolitano\",\"@id\":\"https:\\\/\\\/expressometro.mx\\\/#\\\/schema\\\/person\\\/efa971b4a0664db8ed5c22b1b0dd2f5d\"},\"headline\":\"REALIZA DIFEM INVERSI\u00d3N HIST\u00d3RICA PARA ATENCI\u00d3N A LA DISCAPACIDAD\",\"datePublished\":\"2020-12-04T01:51:00+00:00\",\"dateModified\":\"2020-12-04T13:53:03+00:00\",\"mainEntityOfPage\":{\"@id\":\"https:\\\/\\\/expressometro.mx\\\/index.php\\\/2020\\\/12\\\/03\\\/realiza-difem-inversion-historica-para-atencion-a-la-discapacidad\\\/\"},\"wordCount\":647,\"commentCount\":0,\"publisher\":{\"@id\":\"https:\\\/\\\/expressometro.mx\\\/#organization\"},\"image\":{\"@id\":\"https:\\\/\\\/expressometro.mx\\\/index.php\\\/2020\\\/12\\\/03\\\/realiza-difem-inversion-historica-para-atencion-a-la-discapacidad\\\/#primaryimage\"},\"thumbnailUrl\":\"https:\\\/\\\/expressometro.mx\\\/wp-content\\\/uploads\\\/2020\\\/12\\\/CED7D210-F251-48CB-8CC5-FA37F4951721.jpeg\",\"keywords\":[\"DIF\",\"GEM\"],\"articleSection\":[\"Finanzas\",\"Gobierno\",\"Salud\"],\"inLanguage\":\"es\",\"potentialAction\":[{\"@type\":\"CommentAction\",\"name\":\"Comment\",\"target\":[\"https:\\\/\\\/expressometro.mx\\\/index.php\\\/2020\\\/12\\\/03\\\/realiza-difem-inversion-historica-para-atencion-a-la-discapacidad\\\/#respond\"]}]},{\"@type\":\"WebPage\",\"@id\":\"https:\\\/\\\/expressometro.mx\\\/index.php\\\/2020\\\/12\\\/03\\\/realiza-difem-inversion-historica-para-atencion-a-la-discapacidad\\\/\",\"url\":\"https:\\\/\\\/expressometro.mx\\\/index.php\\\/2020\\\/12\\\/03\\\/realiza-difem-inversion-historica-para-atencion-a-la-discapacidad\\\/\",\"name\":\"REALIZA DIFEM INVERSI\u00d3N HIST\u00d3RICA PARA ATENCI\u00d3N A LA DISCAPACIDAD - Expresso Metropolitano\",\"isPartOf\":{\"@id\":\"https:\\\/\\\/expressometro.mx\\\/#website\"},\"primaryImageOfPage\":{\"@id\":\"https:\\\/\\\/expressometro.mx\\\/index.php\\\/2020\\\/12\\\/03\\\/realiza-difem-inversion-historica-para-atencion-a-la-discapacidad\\\/#primaryimage\"},\"image\":{\"@id\":\"https:\\\/\\\/expressometro.mx\\\/index.php\\\/2020\\\/12\\\/03\\\/realiza-difem-inversion-historica-para-atencion-a-la-discapacidad\\\/#primaryimage\"},\"thumbnailUrl\":\"https:\\\/\\\/expressometro.mx\\\/wp-content\\\/uploads\\\/2020\\\/12\\\/CED7D210-F251-48CB-8CC5-FA37F4951721.jpeg\",\"datePublished\":\"2020-12-04T01:51:00+00:00\",\"dateModified\":\"2020-12-04T13:53:03+00:00\",\"breadcrumb\":{\"@id\":\"https:\\\/\\\/expressometro.mx\\\/index.php\\\/2020\\\/12\\\/03\\\/realiza-difem-inversion-historica-para-atencion-a-la-discapacidad\\\/#breadcrumb\"},\"inLanguage\":\"es\",\"potentialAction\":[{\"@type\":\"ReadAction\",\"target\":[\"https:\\\/\\\/expressometro.mx\\\/index.php\\\/2020\\\/12\\\/03\\\/realiza-difem-inversion-historica-para-atencion-a-la-discapacidad\\\/\"]}]},{\"@type\":\"ImageObject\",\"inLanguage\":\"es\",\"@id\":\"https:\\\/\\\/expressometro.mx\\\/index.php\\\/2020\\\/12\\\/03\\\/realiza-difem-inversion-historica-para-atencion-a-la-discapacidad\\\/#primaryimage\",\"url\":\"https:\\\/\\\/expressometro.mx\\\/wp-content\\\/uploads\\\/2020\\\/12\\\/CED7D210-F251-48CB-8CC5-FA37F4951721.jpeg\",\"contentUrl\":\"https:\\\/\\\/expressometro.mx\\\/wp-content\\\/uploads\\\/2020\\\/12\\\/CED7D210-F251-48CB-8CC5-FA37F4951721.jpeg\",\"width\":1280,\"height\":853},{\"@type\":\"BreadcrumbList\",\"@id\":\"https:\\\/\\\/expressometro.mx\\\/index.php\\\/2020\\\/12\\\/03\\\/realiza-difem-inversion-historica-para-atencion-a-la-discapacidad\\\/#breadcrumb\",\"itemListElement\":[{\"@type\":\"ListItem\",\"position\":1,\"name\":\"Inicio\",\"item\":\"https:\\\/\\\/expressometro.mx\\\/\"},{\"@type\":\"ListItem\",\"position\":2,\"name\":\"REALIZA DIFEM INVERSI\u00d3N HIST\u00d3RICA PARA ATENCI\u00d3N A LA DISCAPACIDAD\"}]},{\"@type\":\"WebSite\",\"@id\":\"https:\\\/\\\/expressometro.mx\\\/#website\",\"url\":\"https:\\\/\\\/expressometro.mx\\\/\",\"name\":\"Expresso Metropolitano\",\"description\":\"Periodismo comprometido, informaci\u00f3n, investigaci\u00f3n y an\u00e1lisis\",\"publisher\":{\"@id\":\"https:\\\/\\\/expressometro.mx\\\/#organization\"},\"potentialAction\":[{\"@type\":\"SearchAction\",\"target\":{\"@type\":\"EntryPoint\",\"urlTemplate\":\"https:\\\/\\\/expressometro.mx\\\/?s={search_term_string}\"},\"query-input\":{\"@type\":\"PropertyValueSpecification\",\"valueRequired\":true,\"valueName\":\"search_term_string\"}}],\"inLanguage\":\"es\"},{\"@type\":\"Organization\",\"@id\":\"https:\\\/\\\/expressometro.mx\\\/#organization\",\"name\":\"Expresso Metropolitano\",\"url\":\"https:\\\/\\\/expressometro.mx\\\/\",\"logo\":{\"@type\":\"ImageObject\",\"inLanguage\":\"es\",\"@id\":\"https:\\\/\\\/expressometro.mx\\\/#\\\/schema\\\/logo\\\/image\\\/\",\"url\":\"https:\\\/\\\/expressometro.mx\\\/wp-content\\\/uploads\\\/2019\\\/07\\\/cropped-Logo-Expresso-Metropolitano-1-1.jpeg\",\"contentUrl\":\"https:\\\/\\\/expressometro.mx\\\/wp-content\\\/uploads\\\/2019\\\/07\\\/cropped-Logo-Expresso-Metropolitano-1-1.jpeg\",\"width\":290,\"height\":73,\"caption\":\"Expresso Metropolitano\"},\"image\":{\"@id\":\"https:\\\/\\\/expressometro.mx\\\/#\\\/schema\\\/logo\\\/image\\\/\"}},{\"@type\":\"Person\",\"@id\":\"https:\\\/\\\/expressometro.mx\\\/#\\\/schema\\\/person\\\/efa971b4a0664db8ed5c22b1b0dd2f5d\",\"name\":\"Expresso Metropolitano\",\"image\":{\"@type\":\"ImageObject\",\"inLanguage\":\"es\",\"@id\":\"https:\\\/\\\/secure.gravatar.com\\\/avatar\\\/a89f802b8de18c6952f223c88d3d106e9e3679839f4e25a02f4a6cc2ae6ba3b3?s=96&d=mm&r=g\",\"url\":\"https:\\\/\\\/secure.gravatar.com\\\/avatar\\\/a89f802b8de18c6952f223c88d3d106e9e3679839f4e25a02f4a6cc2ae6ba3b3?s=96&d=mm&r=g\",\"contentUrl\":\"https:\\\/\\\/secure.gravatar.com\\\/avatar\\\/a89f802b8de18c6952f223c88d3d106e9e3679839f4e25a02f4a6cc2ae6ba3b3?s=96&d=mm&r=g\",\"caption\":\"Expresso Metropolitano\"},\"url\":\"https:\\\/\\\/expressometro.mx\\\/index.php\\\/author\\\/diego\\\/\"}]}<\/script>\n<!-- \/ Yoast SEO plugin. -->","yoast_head_json":{"title":"REALIZA DIFEM INVERSI\u00d3N HIST\u00d3RICA PARA ATENCI\u00d3N A LA DISCAPACIDAD - Expresso Metropolitano","robots":{"index":"index","follow":"follow","max-snippet":"max-snippet:-1","max-image-preview":"max-image-preview:large","max-video-preview":"max-video-preview:-1"},"canonical":"https:\/\/expressometro.mx\/index.php\/2020\/12\/03\/realiza-difem-inversion-historica-para-atencion-a-la-discapacidad\/","og_locale":"es_MX","og_type":"article","og_title":"REALIZA DIFEM INVERSI\u00d3N HIST\u00d3RICA PARA ATENCI\u00d3N A LA DISCAPACIDAD - Expresso Metropolitano","og_description":"En el DIF Estado de M\u00e9xico nos sentimos muy contentos de inaugurar hoy tres nuevas unidades de rehabilitaci\u00f3n.","og_url":"https:\/\/expressometro.mx\/index.php\/2020\/12\/03\/realiza-difem-inversion-historica-para-atencion-a-la-discapacidad\/","og_site_name":"Expresso Metropolitano","article_published_time":"2020-12-04T01:51:00+00:00","article_modified_time":"2020-12-04T13:53:03+00:00","og_image":[{"width":1280,"height":853,"url":"https:\/\/expressometro.mx\/wp-content\/uploads\/2020\/12\/CED7D210-F251-48CB-8CC5-FA37F4951721.jpeg","type":"image\/jpeg"}],"author":"Expresso Metropolitano","twitter_misc":{"Escrito por":"Expresso Metropolitano","Tiempo de lectura":"3 minutos"},"schema":{"@context":"https:\/\/schema.org","@graph":[{"@type":"Article","@id":"https:\/\/expressometro.mx\/index.php\/2020\/12\/03\/realiza-difem-inversion-historica-para-atencion-a-la-discapacidad\/#article","isPartOf":{"@id":"https:\/\/expressometro.mx\/index.php\/2020\/12\/03\/realiza-difem-inversion-historica-para-atencion-a-la-discapacidad\/"},"author":{"name":"Expresso Metropolitano","@id":"https:\/\/expressometro.mx\/#\/schema\/person\/efa971b4a0664db8ed5c22b1b0dd2f5d"},"headline":"REALIZA DIFEM INVERSI\u00d3N HIST\u00d3RICA PARA ATENCI\u00d3N A LA DISCAPACIDAD","datePublished":"2020-12-04T01:51:00+00:00","dateModified":"2020-12-04T13:53:03+00:00","mainEntityOfPage":{"@id":"https:\/\/expressometro.mx\/index.php\/2020\/12\/03\/realiza-difem-inversion-historica-para-atencion-a-la-discapacidad\/"},"wordCount":647,"commentCount":0,"publisher":{"@id":"https:\/\/expressometro.mx\/#organization"},"image":{"@id":"https:\/\/expressometro.mx\/index.php\/2020\/12\/03\/realiza-difem-inversion-historica-para-atencion-a-la-discapacidad\/#primaryimage"},"thumbnailUrl":"https:\/\/expressometro.mx\/wp-content\/uploads\/2020\/12\/CED7D210-F251-48CB-8CC5-FA37F4951721.jpeg","keywords":["DIF","GEM"],"articleSection":["Finanzas","Gobierno","Salud"],"inLanguage":"es","potentialAction":[{"@type":"CommentAction","name":"Comment","target":["https:\/\/expressometro.mx\/index.php\/2020\/12\/03\/realiza-difem-inversion-historica-para-atencion-a-la-discapacidad\/#respond"]}]},{"@type":"WebPage","@id":"https:\/\/expressometro.mx\/index.php\/2020\/12\/03\/realiza-difem-inversion-historica-para-atencion-a-la-discapacidad\/","url":"https:\/\/expressometro.mx\/index.php\/2020\/12\/03\/realiza-difem-inversion-historica-para-atencion-a-la-discapacidad\/","name":"REALIZA DIFEM INVERSI\u00d3N HIST\u00d3RICA PARA ATENCI\u00d3N A LA DISCAPACIDAD - Expresso Metropolitano","isPartOf":{"@id":"https:\/\/expressometro.mx\/#website"},"primaryImageOfPage":{"@id":"https:\/\/expressometro.mx\/index.php\/2020\/12\/03\/realiza-difem-inversion-historica-para-atencion-a-la-discapacidad\/#primaryimage"},"image":{"@id":"https:\/\/expressometro.mx\/index.php\/2020\/12\/03\/realiza-difem-inversion-historica-para-atencion-a-la-discapacidad\/#primaryimage"},"thumbnailUrl":"https:\/\/expressometro.mx\/wp-content\/uploads\/2020\/12\/CED7D210-F251-48CB-8CC5-FA37F4951721.jpeg","datePublished":"2020-12-04T01:51:00+00:00","dateModified":"2020-12-04T13:53:03+00:00","breadcrumb":{"@id":"https:\/\/expressometro.mx\/index.php\/2020\/12\/03\/realiza-difem-inversion-historica-para-atencion-a-la-discapacidad\/#breadcrumb"},"inLanguage":"es","potentialAction":[{"@type":"ReadAction","target":["https:\/\/expressometro.mx\/index.php\/2020\/12\/03\/realiza-difem-inversion-historica-para-atencion-a-la-discapacidad\/"]}]},{"@type":"ImageObject","inLanguage":"es","@id":"https:\/\/expressometro.mx\/index.php\/2020\/12\/03\/realiza-difem-inversion-historica-para-atencion-a-la-discapacidad\/#primaryimage","url":"https:\/\/expressometro.mx\/wp-content\/uploads\/2020\/12\/CED7D210-F251-48CB-8CC5-FA37F4951721.jpeg","contentUrl":"https:\/\/expressometro.mx\/wp-content\/uploads\/2020\/12\/CED7D210-F251-48CB-8CC5-FA37F4951721.jpeg","width":1280,"height":853},{"@type":"BreadcrumbList","@id":"https:\/\/expressometro.mx\/index.php\/2020\/12\/03\/realiza-difem-inversion-historica-para-atencion-a-la-discapacidad\/#breadcrumb","itemListElement":[{"@type":"ListItem","position":1,"name":"Inicio","item":"https:\/\/expressometro.mx\/"},{"@type":"ListItem","position":2,"name":"REALIZA DIFEM INVERSI\u00d3N HIST\u00d3RICA PARA ATENCI\u00d3N A LA DISCAPACIDAD"}]},{"@type":"WebSite","@id":"https:\/\/expressometro.mx\/#website","url":"https:\/\/expressometro.mx\/","name":"Expresso Metropolitano","description":"Periodismo comprometido, informaci\u00f3n, investigaci\u00f3n y an\u00e1lisis","publisher":{"@id":"https:\/\/expressometro.mx\/#organization"},"potentialAction":[{"@type":"SearchAction","target":{"@type":"EntryPoint","urlTemplate":"https:\/\/expressometro.mx\/?s={search_term_string}"},"query-input":{"@type":"PropertyValueSpecification","valueRequired":true,"valueName":"search_term_string"}}],"inLanguage":"es"},{"@type":"Organization","@id":"https:\/\/expressometro.mx\/#organization","name":"Expresso Metropolitano","url":"https:\/\/expressometro.mx\/","logo":{"@type":"ImageObject","inLanguage":"es","@id":"https:\/\/expressometro.mx\/#\/schema\/logo\/image\/","url":"https:\/\/expressometro.mx\/wp-content\/uploads\/2019\/07\/cropped-Logo-Expresso-Metropolitano-1-1.jpeg","contentUrl":"https:\/\/expressometro.mx\/wp-content\/uploads\/2019\/07\/cropped-Logo-Expresso-Metropolitano-1-1.jpeg","width":290,"height":73,"caption":"Expresso Metropolitano"},"image":{"@id":"https:\/\/expressometro.mx\/#\/schema\/logo\/image\/"}},{"@type":"Person","@id":"https:\/\/expressometro.mx\/#\/schema\/person\/efa971b4a0664db8ed5c22b1b0dd2f5d","name":"Expresso Metropolitano","image":{"@type":"ImageObject","inLanguage":"es","@id":"https:\/\/secure.gravatar.com\/avatar\/a89f802b8de18c6952f223c88d3d106e9e3679839f4e25a02f4a6cc2ae6ba3b3?s=96&d=mm&r=g","url":"https:\/\/secure.gravatar.com\/avatar\/a89f802b8de18c6952f223c88d3d106e9e3679839f4e25a02f4a6cc2ae6ba3b3?s=96&d=mm&r=g","contentUrl":"https:\/\/secure.gravatar.com\/avatar\/a89f802b8de18c6952f223c88d3d106e9e3679839f4e25a02f4a6cc2ae6ba3b3?s=96&d=mm&r=g","caption":"Expresso Metropolitano"},"url":"https:\/\/expressometro.mx\/index.php\/author\/diego\/"}]}},"amp_enabled":true,"_links":{"self":[{"href":"https:\/\/expressometro.mx\/index.php\/wp-json\/wp\/v2\/posts\/2031","targetHints":{"allow":["GET"]}}],"collection":[{"href":"https:\/\/expressometro.mx\/index.php\/wp-json\/wp\/v2\/posts"}],"about":[{"href":"https:\/\/expressometro.mx\/index.php\/wp-json\/wp\/v2\/types\/post"}],"author":[{"embeddable":true,"href":"https:\/\/expressometro.mx\/index.php\/wp-json\/wp\/v2\/users\/1"}],"replies":[{"embeddable":true,"href":"https:\/\/expressometro.mx\/index.php\/wp-json\/wp\/v2\/comments?post=2031"}],"version-history":[{"count":1,"href":"https:\/\/expressometro.mx\/index.php\/wp-json\/wp\/v2\/posts\/2031\/revisions"}],"predecessor-version":[{"id":2033,"href":"https:\/\/expressometro.mx\/index.php\/wp-json\/wp\/v2\/posts\/2031\/revisions\/2033"}],"wp:featuredmedia":[{"embeddable":true,"href":"https:\/\/expressometro.mx\/index.php\/wp-json\/wp\/v2\/media\/2032"}],"wp:attachment":[{"href":"https:\/\/expressometro.mx\/index.php\/wp-json\/wp\/v2\/media?parent=2031"}],"wp:term":[{"taxonomy":"category","embeddable":true,"href":"https:\/\/expressometro.mx\/index.php\/wp-json\/wp\/v2\/categories?post=2031"},{"taxonomy":"post_tag","embeddable":true,"href":"https:\/\/expressometro.mx\/index.php\/wp-json\/wp\/v2\/tags?post=2031"}],"curies":[{"name":"wp","href":"https:\/\/api.w.org\/{rel}","templated":true}]}}