{"id":203,"date":"2019-08-21T11:01:20","date_gmt":"2019-08-21T16:01:20","guid":{"rendered":"http:\/\/expressometro.mx\/?p=203"},"modified":"2019-09-25T10:41:05","modified_gmt":"2019-09-25T15:41:05","slug":"reciben-reconocimiento-de-validez-oficial-de-estudios-instituciones-privadas-de-educacion-media-superior","status":"publish","type":"post","link":"https:\/\/expressometro.mx\/index.php\/2019\/08\/21\/reciben-reconocimiento-de-validez-oficial-de-estudios-instituciones-privadas-de-educacion-media-superior\/","title":{"rendered":"RECIBEN RECONOCIMIENTO DE VALIDEZ OFICIAL DE ESTUDIOS INSTITUCIONES PRIVADAS DE EDUCACI\u00d3N MEDIA SUPERIOR"},"content":{"rendered":"\n<p>Crear, promover y fomentar mayores oportunidades educativas para los mexiquenses es una prioridad para el Gobernador del Estado de M\u00e9xico, Alfredo Del Mazo Maza, refiri\u00f3 Israel Jer\u00f3nimo L\u00f3pez, Subsecretario de Educaci\u00f3n Media Superior, durante la entrega de Reconocimientos de Validez Oficial de Estudios (RVOE) a 12 instituciones privadas del nivel medio superior.<\/p>\n\n\n\n<p>En representaci\u00f3n de Alejandro Fern\u00e1ndez Campillo, Secretario de Educaci\u00f3n, Jer\u00f3nimo L\u00f3pez se\u00f1al\u00f3 dos puntos sobre los que trabaja la actual administraci\u00f3n: ampliar la cobertura educativa y disminuir los \u00edndices del abandono escolar.<\/p>\n\n\n\n<p>Por tal motivo, ratific\u00f3 la importancia de que las instituciones privadas cumplan cabalmente con todos los requisitos que les permitan obtener el RVOE, documento que es otorgado a las escuelas que acrediten planes y programas de estudio, adem\u00e1s de contar con una infraestructura capaz de solventar las necesidades acad\u00e9micas, de seguridad e higiene para sus estudiantes.<\/p>\n\n\n\n<p>En la modalidad Bachillerato General, recibieron su RVOE la Preparatoria Ateneo Mexicano, el Colegio Conrad Gessner Bachillerato, la Preparatoria CADI Jilotepec, el Centro de Estudios Naucalpan (CEN), la Preparatoria Pierre Faure, el Instituto Preparatoriano UNSA y la Preparatoria John F. Kennedy.<\/p>\n\n\n\n<p>En la modalidad Bachillerato Tecnol\u00f3gico, lo obtuvieron la Unidad Educativa Ernesto Peralta Q., Irvichz Bachillerato Tecnol\u00f3gico, el Centro Universitario Los \u00c1ngeles y la Preparatoria del Centro Universitario Metropolitano.<\/p>\n\n\n\n<p>Asimismo, en la modalidad Profesional Medio Superior recibi\u00f3 el documento el ISES Bravo.<\/p>\n","protected":false},"excerpt":{"rendered":"<p>Crear, promover y fomentar mayores oportunidades educativas para los mexiquenses es una prioridad para el Gobernador del Estado de M\u00e9xico, Alfredo Del Mazo Maza, refiri\u00f3 Israel Jer\u00f3nimo L\u00f3pez, Subsecretario de Educaci\u00f3n Media Superior, durante la entrega de Reconocimientos de Validez Oficial de Estudios (RVOE) a 12 instituciones privadas del nivel medio superior. En representaci\u00f3n de Alejandro Fern\u00e1ndez Campillo, Secretario de Educaci\u00f3n, Jer\u00f3nimo L\u00f3pez se\u00f1al\u00f3 dos puntos sobre los que trabaja la actual administraci\u00f3n: ampliar la cobertura educativa y disminuir los \u00edndices del abandono escolar. Por tal motivo, ratific\u00f3 la importancia&hellip;<\/p>\n","protected":false},"author":1,"featured_media":0,"comment_status":"open","ping_status":"open","sticky":false,"template":"","format":"standard","meta":{"footnotes":""},"categories":[11,3],"tags":[],"class_list":["post-203","post","type-post","status-publish","format-standard","hentry","category-cultura","category-gobierno"],"yoast_head":"<!-- This site is optimized with the Yoast SEO plugin v27.4 - https:\/\/yoast.com\/product\/yoast-seo-wordpress\/ -->\n<title>RECIBEN RECONOCIMIENTO DE VALIDEZ OFICIAL DE ESTUDIOS INSTITUCIONES PRIVADAS DE EDUCACI\u00d3N MEDIA SUPERIOR - Expresso Metropolitano<\/title>\n<meta name=\"robots\" content=\"index, follow, max-snippet:-1, max-image-preview:large, max-video-preview:-1\" \/>\n<link rel=\"canonical\" href=\"https:\/\/expressometro.mx\/index.php\/2019\/08\/21\/reciben-reconocimiento-de-validez-oficial-de-estudios-instituciones-privadas-de-educacion-media-superior\/\" \/>\n<meta property=\"og:locale\" content=\"es_MX\" \/>\n<meta property=\"og:type\" content=\"article\" \/>\n<meta property=\"og:title\" content=\"RECIBEN RECONOCIMIENTO DE VALIDEZ OFICIAL DE ESTUDIOS INSTITUCIONES PRIVADAS DE EDUCACI\u00d3N MEDIA SUPERIOR - Expresso Metropolitano\" \/>\n<meta property=\"og:description\" content=\"Crear, promover y fomentar mayores oportunidades educativas para los mexiquenses es una prioridad para el Gobernador del Estado de M\u00e9xico, Alfredo Del Mazo Maza, refiri\u00f3 Israel Jer\u00f3nimo L\u00f3pez, Subsecretario de Educaci\u00f3n Media Superior, durante la entrega de Reconocimientos de Validez Oficial de Estudios (RVOE) a 12 instituciones privadas del nivel medio superior. En representaci\u00f3n de Alejandro Fern\u00e1ndez Campillo, Secretario de Educaci\u00f3n, Jer\u00f3nimo L\u00f3pez se\u00f1al\u00f3 dos puntos sobre los que trabaja la actual administraci\u00f3n: ampliar la cobertura educativa y disminuir los \u00edndices del abandono escolar. Por tal motivo, ratific\u00f3 la importancia&hellip;\" \/>\n<meta property=\"og:url\" content=\"https:\/\/expressometro.mx\/index.php\/2019\/08\/21\/reciben-reconocimiento-de-validez-oficial-de-estudios-instituciones-privadas-de-educacion-media-superior\/\" \/>\n<meta property=\"og:site_name\" content=\"Expresso Metropolitano\" \/>\n<meta property=\"article:published_time\" content=\"2019-08-21T16:01:20+00:00\" \/>\n<meta property=\"article:modified_time\" content=\"2019-09-25T15:41:05+00:00\" \/>\n<meta property=\"og:image\" content=\"https:\/\/expressometro.mx\/wp-content\/uploads\/2019\/08\/w2_8640_4.jpg\" \/>\n\t<meta property=\"og:image:width\" content=\"1406\" \/>\n\t<meta property=\"og:image:height\" content=\"577\" \/>\n\t<meta property=\"og:image:type\" content=\"image\/jpeg\" \/>\n<meta name=\"author\" content=\"Expresso Metropolitano\" \/>\n<meta name=\"twitter:label1\" content=\"Escrito por\" \/>\n\t<meta name=\"twitter:data1\" content=\"Expresso Metropolitano\" \/>\n\t<meta name=\"twitter:label2\" content=\"Tiempo de lectura\" \/>\n\t<meta name=\"twitter:data2\" content=\"1 minuto\" \/>\n<script type=\"application\/ld+json\" class=\"yoast-schema-graph\">{\"@context\":\"https:\\\/\\\/schema.org\",\"@graph\":[{\"@type\":\"Article\",\"@id\":\"https:\\\/\\\/expressometro.mx\\\/index.php\\\/2019\\\/08\\\/21\\\/reciben-reconocimiento-de-validez-oficial-de-estudios-instituciones-privadas-de-educacion-media-superior\\\/#article\",\"isPartOf\":{\"@id\":\"https:\\\/\\\/expressometro.mx\\\/index.php\\\/2019\\\/08\\\/21\\\/reciben-reconocimiento-de-validez-oficial-de-estudios-instituciones-privadas-de-educacion-media-superior\\\/\"},\"author\":{\"name\":\"Expresso Metropolitano\",\"@id\":\"https:\\\/\\\/expressometro.mx\\\/#\\\/schema\\\/person\\\/efa971b4a0664db8ed5c22b1b0dd2f5d\"},\"headline\":\"RECIBEN RECONOCIMIENTO DE VALIDEZ OFICIAL DE ESTUDIOS INSTITUCIONES PRIVADAS DE EDUCACI\u00d3N MEDIA SUPERIOR\",\"datePublished\":\"2019-08-21T16:01:20+00:00\",\"dateModified\":\"2019-09-25T15:41:05+00:00\",\"mainEntityOfPage\":{\"@id\":\"https:\\\/\\\/expressometro.mx\\\/index.php\\\/2019\\\/08\\\/21\\\/reciben-reconocimiento-de-validez-oficial-de-estudios-instituciones-privadas-de-educacion-media-superior\\\/\"},\"wordCount\":250,\"commentCount\":0,\"publisher\":{\"@id\":\"https:\\\/\\\/expressometro.mx\\\/#organization\"},\"articleSection\":[\"Cultura\",\"Gobierno\"],\"inLanguage\":\"es\",\"potentialAction\":[{\"@type\":\"CommentAction\",\"name\":\"Comment\",\"target\":[\"https:\\\/\\\/expressometro.mx\\\/index.php\\\/2019\\\/08\\\/21\\\/reciben-reconocimiento-de-validez-oficial-de-estudios-instituciones-privadas-de-educacion-media-superior\\\/#respond\"]}]},{\"@type\":\"WebPage\",\"@id\":\"https:\\\/\\\/expressometro.mx\\\/index.php\\\/2019\\\/08\\\/21\\\/reciben-reconocimiento-de-validez-oficial-de-estudios-instituciones-privadas-de-educacion-media-superior\\\/\",\"url\":\"https:\\\/\\\/expressometro.mx\\\/index.php\\\/2019\\\/08\\\/21\\\/reciben-reconocimiento-de-validez-oficial-de-estudios-instituciones-privadas-de-educacion-media-superior\\\/\",\"name\":\"RECIBEN RECONOCIMIENTO DE VALIDEZ OFICIAL DE ESTUDIOS INSTITUCIONES PRIVADAS DE EDUCACI\u00d3N MEDIA SUPERIOR - Expresso Metropolitano\",\"isPartOf\":{\"@id\":\"https:\\\/\\\/expressometro.mx\\\/#website\"},\"datePublished\":\"2019-08-21T16:01:20+00:00\",\"dateModified\":\"2019-09-25T15:41:05+00:00\",\"breadcrumb\":{\"@id\":\"https:\\\/\\\/expressometro.mx\\\/index.php\\\/2019\\\/08\\\/21\\\/reciben-reconocimiento-de-validez-oficial-de-estudios-instituciones-privadas-de-educacion-media-superior\\\/#breadcrumb\"},\"inLanguage\":\"es\",\"potentialAction\":[{\"@type\":\"ReadAction\",\"target\":[\"https:\\\/\\\/expressometro.mx\\\/index.php\\\/2019\\\/08\\\/21\\\/reciben-reconocimiento-de-validez-oficial-de-estudios-instituciones-privadas-de-educacion-media-superior\\\/\"]}]},{\"@type\":\"BreadcrumbList\",\"@id\":\"https:\\\/\\\/expressometro.mx\\\/index.php\\\/2019\\\/08\\\/21\\\/reciben-reconocimiento-de-validez-oficial-de-estudios-instituciones-privadas-de-educacion-media-superior\\\/#breadcrumb\",\"itemListElement\":[{\"@type\":\"ListItem\",\"position\":1,\"name\":\"Inicio\",\"item\":\"https:\\\/\\\/expressometro.mx\\\/\"},{\"@type\":\"ListItem\",\"position\":2,\"name\":\"RECIBEN RECONOCIMIENTO DE VALIDEZ OFICIAL DE ESTUDIOS INSTITUCIONES PRIVADAS DE EDUCACI\u00d3N MEDIA SUPERIOR\"}]},{\"@type\":\"WebSite\",\"@id\":\"https:\\\/\\\/expressometro.mx\\\/#website\",\"url\":\"https:\\\/\\\/expressometro.mx\\\/\",\"name\":\"Expresso Metropolitano\",\"description\":\"Periodismo comprometido, informaci\u00f3n, investigaci\u00f3n y an\u00e1lisis\",\"publisher\":{\"@id\":\"https:\\\/\\\/expressometro.mx\\\/#organization\"},\"potentialAction\":[{\"@type\":\"SearchAction\",\"target\":{\"@type\":\"EntryPoint\",\"urlTemplate\":\"https:\\\/\\\/expressometro.mx\\\/?s={search_term_string}\"},\"query-input\":{\"@type\":\"PropertyValueSpecification\",\"valueRequired\":true,\"valueName\":\"search_term_string\"}}],\"inLanguage\":\"es\"},{\"@type\":\"Organization\",\"@id\":\"https:\\\/\\\/expressometro.mx\\\/#organization\",\"name\":\"Expresso Metropolitano\",\"url\":\"https:\\\/\\\/expressometro.mx\\\/\",\"logo\":{\"@type\":\"ImageObject\",\"inLanguage\":\"es\",\"@id\":\"https:\\\/\\\/expressometro.mx\\\/#\\\/schema\\\/logo\\\/image\\\/\",\"url\":\"https:\\\/\\\/expressometro.mx\\\/wp-content\\\/uploads\\\/2019\\\/07\\\/cropped-Logo-Expresso-Metropolitano-1-1.jpeg\",\"contentUrl\":\"https:\\\/\\\/expressometro.mx\\\/wp-content\\\/uploads\\\/2019\\\/07\\\/cropped-Logo-Expresso-Metropolitano-1-1.jpeg\",\"width\":290,\"height\":73,\"caption\":\"Expresso Metropolitano\"},\"image\":{\"@id\":\"https:\\\/\\\/expressometro.mx\\\/#\\\/schema\\\/logo\\\/image\\\/\"}},{\"@type\":\"Person\",\"@id\":\"https:\\\/\\\/expressometro.mx\\\/#\\\/schema\\\/person\\\/efa971b4a0664db8ed5c22b1b0dd2f5d\",\"name\":\"Expresso Metropolitano\",\"image\":{\"@type\":\"ImageObject\",\"inLanguage\":\"es\",\"@id\":\"https:\\\/\\\/secure.gravatar.com\\\/avatar\\\/a89f802b8de18c6952f223c88d3d106e9e3679839f4e25a02f4a6cc2ae6ba3b3?s=96&d=mm&r=g\",\"url\":\"https:\\\/\\\/secure.gravatar.com\\\/avatar\\\/a89f802b8de18c6952f223c88d3d106e9e3679839f4e25a02f4a6cc2ae6ba3b3?s=96&d=mm&r=g\",\"contentUrl\":\"https:\\\/\\\/secure.gravatar.com\\\/avatar\\\/a89f802b8de18c6952f223c88d3d106e9e3679839f4e25a02f4a6cc2ae6ba3b3?s=96&d=mm&r=g\",\"caption\":\"Expresso Metropolitano\"},\"url\":\"https:\\\/\\\/expressometro.mx\\\/index.php\\\/author\\\/diego\\\/\"}]}<\/script>\n<!-- \/ Yoast SEO plugin. -->","yoast_head_json":{"title":"RECIBEN RECONOCIMIENTO DE VALIDEZ OFICIAL DE ESTUDIOS INSTITUCIONES PRIVADAS DE EDUCACI\u00d3N MEDIA SUPERIOR - Expresso Metropolitano","robots":{"index":"index","follow":"follow","max-snippet":"max-snippet:-1","max-image-preview":"max-image-preview:large","max-video-preview":"max-video-preview:-1"},"canonical":"https:\/\/expressometro.mx\/index.php\/2019\/08\/21\/reciben-reconocimiento-de-validez-oficial-de-estudios-instituciones-privadas-de-educacion-media-superior\/","og_locale":"es_MX","og_type":"article","og_title":"RECIBEN RECONOCIMIENTO DE VALIDEZ OFICIAL DE ESTUDIOS INSTITUCIONES PRIVADAS DE EDUCACI\u00d3N MEDIA SUPERIOR - Expresso Metropolitano","og_description":"Crear, promover y fomentar mayores oportunidades educativas para los mexiquenses es una prioridad para el Gobernador del Estado de M\u00e9xico, Alfredo Del Mazo Maza, refiri\u00f3 Israel Jer\u00f3nimo L\u00f3pez, Subsecretario de Educaci\u00f3n Media Superior, durante la entrega de Reconocimientos de Validez Oficial de Estudios (RVOE) a 12 instituciones privadas del nivel medio superior. En representaci\u00f3n de Alejandro Fern\u00e1ndez Campillo, Secretario de Educaci\u00f3n, Jer\u00f3nimo L\u00f3pez se\u00f1al\u00f3 dos puntos sobre los que trabaja la actual administraci\u00f3n: ampliar la cobertura educativa y disminuir los \u00edndices del abandono escolar. Por tal motivo, ratific\u00f3 la importancia&hellip;","og_url":"https:\/\/expressometro.mx\/index.php\/2019\/08\/21\/reciben-reconocimiento-de-validez-oficial-de-estudios-instituciones-privadas-de-educacion-media-superior\/","og_site_name":"Expresso Metropolitano","article_published_time":"2019-08-21T16:01:20+00:00","article_modified_time":"2019-09-25T15:41:05+00:00","og_image":[{"width":1406,"height":577,"url":"https:\/\/expressometro.mx\/wp-content\/uploads\/2019\/08\/w2_8640_4.jpg","type":"image\/jpeg"}],"author":"Expresso Metropolitano","twitter_misc":{"Escrito por":"Expresso Metropolitano","Tiempo de lectura":"1 minuto"},"schema":{"@context":"https:\/\/schema.org","@graph":[{"@type":"Article","@id":"https:\/\/expressometro.mx\/index.php\/2019\/08\/21\/reciben-reconocimiento-de-validez-oficial-de-estudios-instituciones-privadas-de-educacion-media-superior\/#article","isPartOf":{"@id":"https:\/\/expressometro.mx\/index.php\/2019\/08\/21\/reciben-reconocimiento-de-validez-oficial-de-estudios-instituciones-privadas-de-educacion-media-superior\/"},"author":{"name":"Expresso Metropolitano","@id":"https:\/\/expressometro.mx\/#\/schema\/person\/efa971b4a0664db8ed5c22b1b0dd2f5d"},"headline":"RECIBEN RECONOCIMIENTO DE VALIDEZ OFICIAL DE ESTUDIOS INSTITUCIONES PRIVADAS DE EDUCACI\u00d3N MEDIA SUPERIOR","datePublished":"2019-08-21T16:01:20+00:00","dateModified":"2019-09-25T15:41:05+00:00","mainEntityOfPage":{"@id":"https:\/\/expressometro.mx\/index.php\/2019\/08\/21\/reciben-reconocimiento-de-validez-oficial-de-estudios-instituciones-privadas-de-educacion-media-superior\/"},"wordCount":250,"commentCount":0,"publisher":{"@id":"https:\/\/expressometro.mx\/#organization"},"articleSection":["Cultura","Gobierno"],"inLanguage":"es","potentialAction":[{"@type":"CommentAction","name":"Comment","target":["https:\/\/expressometro.mx\/index.php\/2019\/08\/21\/reciben-reconocimiento-de-validez-oficial-de-estudios-instituciones-privadas-de-educacion-media-superior\/#respond"]}]},{"@type":"WebPage","@id":"https:\/\/expressometro.mx\/index.php\/2019\/08\/21\/reciben-reconocimiento-de-validez-oficial-de-estudios-instituciones-privadas-de-educacion-media-superior\/","url":"https:\/\/expressometro.mx\/index.php\/2019\/08\/21\/reciben-reconocimiento-de-validez-oficial-de-estudios-instituciones-privadas-de-educacion-media-superior\/","name":"RECIBEN RECONOCIMIENTO DE VALIDEZ OFICIAL DE ESTUDIOS INSTITUCIONES PRIVADAS DE EDUCACI\u00d3N MEDIA SUPERIOR - Expresso Metropolitano","isPartOf":{"@id":"https:\/\/expressometro.mx\/#website"},"datePublished":"2019-08-21T16:01:20+00:00","dateModified":"2019-09-25T15:41:05+00:00","breadcrumb":{"@id":"https:\/\/expressometro.mx\/index.php\/2019\/08\/21\/reciben-reconocimiento-de-validez-oficial-de-estudios-instituciones-privadas-de-educacion-media-superior\/#breadcrumb"},"inLanguage":"es","potentialAction":[{"@type":"ReadAction","target":["https:\/\/expressometro.mx\/index.php\/2019\/08\/21\/reciben-reconocimiento-de-validez-oficial-de-estudios-instituciones-privadas-de-educacion-media-superior\/"]}]},{"@type":"BreadcrumbList","@id":"https:\/\/expressometro.mx\/index.php\/2019\/08\/21\/reciben-reconocimiento-de-validez-oficial-de-estudios-instituciones-privadas-de-educacion-media-superior\/#breadcrumb","itemListElement":[{"@type":"ListItem","position":1,"name":"Inicio","item":"https:\/\/expressometro.mx\/"},{"@type":"ListItem","position":2,"name":"RECIBEN RECONOCIMIENTO DE VALIDEZ OFICIAL DE ESTUDIOS INSTITUCIONES PRIVADAS DE EDUCACI\u00d3N MEDIA SUPERIOR"}]},{"@type":"WebSite","@id":"https:\/\/expressometro.mx\/#website","url":"https:\/\/expressometro.mx\/","name":"Expresso Metropolitano","description":"Periodismo comprometido, informaci\u00f3n, investigaci\u00f3n y an\u00e1lisis","publisher":{"@id":"https:\/\/expressometro.mx\/#organization"},"potentialAction":[{"@type":"SearchAction","target":{"@type":"EntryPoint","urlTemplate":"https:\/\/expressometro.mx\/?s={search_term_string}"},"query-input":{"@type":"PropertyValueSpecification","valueRequired":true,"valueName":"search_term_string"}}],"inLanguage":"es"},{"@type":"Organization","@id":"https:\/\/expressometro.mx\/#organization","name":"Expresso Metropolitano","url":"https:\/\/expressometro.mx\/","logo":{"@type":"ImageObject","inLanguage":"es","@id":"https:\/\/expressometro.mx\/#\/schema\/logo\/image\/","url":"https:\/\/expressometro.mx\/wp-content\/uploads\/2019\/07\/cropped-Logo-Expresso-Metropolitano-1-1.jpeg","contentUrl":"https:\/\/expressometro.mx\/wp-content\/uploads\/2019\/07\/cropped-Logo-Expresso-Metropolitano-1-1.jpeg","width":290,"height":73,"caption":"Expresso Metropolitano"},"image":{"@id":"https:\/\/expressometro.mx\/#\/schema\/logo\/image\/"}},{"@type":"Person","@id":"https:\/\/expressometro.mx\/#\/schema\/person\/efa971b4a0664db8ed5c22b1b0dd2f5d","name":"Expresso Metropolitano","image":{"@type":"ImageObject","inLanguage":"es","@id":"https:\/\/secure.gravatar.com\/avatar\/a89f802b8de18c6952f223c88d3d106e9e3679839f4e25a02f4a6cc2ae6ba3b3?s=96&d=mm&r=g","url":"https:\/\/secure.gravatar.com\/avatar\/a89f802b8de18c6952f223c88d3d106e9e3679839f4e25a02f4a6cc2ae6ba3b3?s=96&d=mm&r=g","contentUrl":"https:\/\/secure.gravatar.com\/avatar\/a89f802b8de18c6952f223c88d3d106e9e3679839f4e25a02f4a6cc2ae6ba3b3?s=96&d=mm&r=g","caption":"Expresso Metropolitano"},"url":"https:\/\/expressometro.mx\/index.php\/author\/diego\/"}]}},"amp_enabled":true,"_links":{"self":[{"href":"https:\/\/expressometro.mx\/index.php\/wp-json\/wp\/v2\/posts\/203","targetHints":{"allow":["GET"]}}],"collection":[{"href":"https:\/\/expressometro.mx\/index.php\/wp-json\/wp\/v2\/posts"}],"about":[{"href":"https:\/\/expressometro.mx\/index.php\/wp-json\/wp\/v2\/types\/post"}],"author":[{"embeddable":true,"href":"https:\/\/expressometro.mx\/index.php\/wp-json\/wp\/v2\/users\/1"}],"replies":[{"embeddable":true,"href":"https:\/\/expressometro.mx\/index.php\/wp-json\/wp\/v2\/comments?post=203"}],"version-history":[{"count":1,"href":"https:\/\/expressometro.mx\/index.php\/wp-json\/wp\/v2\/posts\/203\/revisions"}],"predecessor-version":[{"id":205,"href":"https:\/\/expressometro.mx\/index.php\/wp-json\/wp\/v2\/posts\/203\/revisions\/205"}],"wp:attachment":[{"href":"https:\/\/expressometro.mx\/index.php\/wp-json\/wp\/v2\/media?parent=203"}],"wp:term":[{"taxonomy":"category","embeddable":true,"href":"https:\/\/expressometro.mx\/index.php\/wp-json\/wp\/v2\/categories?post=203"},{"taxonomy":"post_tag","embeddable":true,"href":"https:\/\/expressometro.mx\/index.php\/wp-json\/wp\/v2\/tags?post=203"}],"curies":[{"name":"wp","href":"https:\/\/api.w.org\/{rel}","templated":true}]}}