{"id":2008,"date":"2020-11-19T13:51:39","date_gmt":"2020-11-19T19:51:39","guid":{"rendered":"http:\/\/expressometro.mx\/?p=2008"},"modified":"2020-11-19T13:51:43","modified_gmt":"2020-11-19T19:51:43","slug":"senala-alfredo-del-mazo-que-edomex-respalda-la-reforma-laboral-para-fortalecer-el-bienestar-desarrollo-y-las-oportunidades-de-los-trabajadores","status":"publish","type":"post","link":"https:\/\/expressometro.mx\/index.php\/2020\/11\/19\/senala-alfredo-del-mazo-que-edomex-respalda-la-reforma-laboral-para-fortalecer-el-bienestar-desarrollo-y-las-oportunidades-de-los-trabajadores\/","title":{"rendered":"SE\u00d1ALA ALFREDO DEL MAZO QUE EDOM\u00c9X RESPALDA LA REFORMA LABORAL PARA FORTALECER EL BIENESTAR, DESARROLLO Y LAS OPORTUNIDADES DE LOS TRABAJADORES"},"content":{"rendered":"\n<p><em>Xonacatl\u00e1n, Estado de M\u00e9xico, 19 de noviembre de 2020.<\/em> En el Estado de M\u00e9xico se respalda la reforma laboral que impulsa el Gobierno de M\u00e9xico, por lo que la administraci\u00f3n estatal est\u00e1 comprometida para que cumpla con su objetivo principal que es fortalecer el bienestar, el desarrollo y las oportunidades de los trabajadores, por ello, la entidad mexiquense es de los primeros estados en poner en marcha el nuevo Sistema de Justicia Laboral, afirm\u00f3 el Gobernador Alfredo Del Mazo Maza.<\/p>\n\n\n\n<p>En este sentido, indic\u00f3 que las instituciones del Estado de M\u00e9xico tienen el compromiso de hacer de la entidad una tierra justa y de oportunidades, por lo que la renovaci\u00f3n de la justicia laboral obliga a cumplir con las expectativas de la reforma laboral, para que su avance sea favorable.<\/p>\n\n\n\n<p>\u201cQue las instituciones mexiquenses respaldemos la reforma laboral, que concretemos sus beneficios y nos comprometamos a que cumpla con su meta de fortalecer el bienestar, el desarrollo y las oportunidades de las familias mexiquenses\u201d, se\u00f1al\u00f3.<\/p>\n\n\n\n<p>Acompa\u00f1ado por la Secretaria del Trabajo y Previsi\u00f3n Social del Gobierno de M\u00e9xico, Luisa Mar\u00eda Alcalde Luj\u00e1n, el Gobernador mexiquense destac\u00f3 que el Estado de M\u00e9xico es uno de los ocho estados de la Rep\u00fablica que ya pusieron en marcha el nuevo Sistema de Justicia Laboral.<\/p>\n\n\n\n<p>Explic\u00f3 que resultado de esta acci\u00f3n, entraron en operaci\u00f3n Centros de Conciliaci\u00f3n Laboral y Tribunales Laborales federales y estatales.<\/p>\n\n\n\n<p>\u201cEn materia de justicia laboral, las reformas buscan que los conflictos obrero-patronales se resuelvan con mayor transparencia y rapidez, por medio del di\u00e1logo, el entendimiento, y el acuerdo entre las partes.<\/p>\n\n\n\n<p>\u201cLa creaci\u00f3n de los Centros de Conciliaci\u00f3n Laboral y de los Tribunales Laborales Federales y Estatales, ambos en sustituci\u00f3n de las Juntas de Conciliaci\u00f3n y Arbitraje, responde a este prop\u00f3sito, fortaleciendo y modernizando la impartici\u00f3n de justicia laboral\u201d, detall\u00f3.<\/p>\n\n\n\n<p>Al respecto, precis\u00f3 que en el Estado de M\u00e9xico ya inici\u00f3 operaciones el Centro de Conciliaci\u00f3n Laboral, el cual ya tuvo sus primeras audiencias, espacio donde trabajadores y empresas podr\u00e1n resolver sus diferencias sin abogados ni intermediarios, sino a trav\u00e9s del apoyo de un conciliador laboral especializado en la mediaci\u00f3n de conflictos, dando agilidad y certeza al proceso, para tomar decisiones objetivas y alcanzar acuerdos justos.<\/p>\n\n\n\n<p>Puntualiz\u00f3 que la entidad cuenta con 100 conciliadores y el 65 por ciento son mujeres, adem\u00e1s de que con la puesta en marcha de los Tribunales de Justica Laboral, en las regiones de Toluca, Tlalnepantla, Ecatepec y Texcoco, el Estado de M\u00e9xico da un paso decisivo en la transformaci\u00f3n de la justicia mexiquense y en la consolidaci\u00f3n de medios alternativos de soluci\u00f3n de conflicto.<\/p>\n\n\n\n<p>El titular del Ejecutivo estatal reconoci\u00f3 el trabajo y compromiso por hacer de la justicia mexiquense una justicia moderna y cotidiana, que ha sido realizado por el Poder Judicial de la entidad, que preside Ricardo Sodi Cu\u00e9llar, para que el Estado de M\u00e9xico pueda implementar este sistema, el cual, dijo, dar\u00e1 transparencia a la justicia laboral.<\/p>\n\n\n\n<p>Manifest\u00f3 que el personal que estar\u00e1 a cargo de la conducci\u00f3n de los casos de resoluci\u00f3n de conflictos obrero-patronales, desde los cargos administrativos y jueces, fueron seleccionados mediante un proceso de examinaci\u00f3n y capacitaci\u00f3n.<\/p>\n\n\n\n<p>Asimismo, manifest\u00f3 que resultado del trabajo que se llev\u00f3 a cabo en la Legislatura local, el Estado de M\u00e9xico fue la primera entidad del pa\u00eds en aprobar la reforma laboral a nivel local.<\/p>\n\n\n\n<p>Agreg\u00f3 que en la entidad se trabaja para construir una justicia confiable, igualitaria, cercana y accesible, que refrende la credibilidad en las instituciones, para construir un futuro justo y de oportunidades.<\/p>\n\n\n\n<p>\u201cLos mexiquenses hemos asumido el desaf\u00edo de construir una justicia confiable, igualitaria, cercana y accesible, que refrende la credibilidad en nuestras instituciones y la confianza que la sociedad deposita en ellas, responder oportunamente a estos desaf\u00edos es fundamental para construir el futuro justo y de oportunidades al que aspiramos los mexiquenses.<\/p>\n\n\n\n<p>\u201cEn esta tarea los poderes Legislativo, Judicial, Ejecutivo del Estado de M\u00e9xico, hemos unido esfuerzos y juntos dimos inicio al proceso de transformaci\u00f3n institucional de nuestro sistema de justicia\u201d, sostuvo.<\/p>\n\n\n\n<p>Del Mazo Maza indic\u00f3 que la reforma laboral de 2017 y sus leyes secundarias de 2019, son las m\u00e1s importantes de los \u00faltimos 100 a\u00f1os, ya que plante\u00f3 un cambio al sistema de protecci\u00f3n de derechos laborales, con base en tres ejes: la democracia sindical, el fortalecimiento a la conciliaci\u00f3n previa y la justicia laboral en sede judicial.<\/p>\n\n\n\n<p>Estas acciones, apunt\u00f3, permiten fortalecer derechos humanos como la negociaci\u00f3n colectiva, la libertad sindical y el acceso a una justicia pronta y expedita.<\/p>\n\n\n\n<p>Se\u00f1al\u00f3 que los Tribunales federales y el Centro Federal de Conciliaci\u00f3n y Registro Laboral tendr\u00e1n la responsabilidad de hacer valer la libertad sindical y de preservar la justicia en conflictos derivados de la negociaci\u00f3n en contratos colectivos de trabajo.<\/p>\n\n\n\n<p>Mientras que en los Tribunales estatales, trabajadores y empresas tendr\u00e1n la oportunidad de resolver conflictos individuales a trav\u00e9s de juicios orales \u00e1giles, expeditos y en presencia de un juez.<\/p>\n\n\n\n<p>A\u00f1adi\u00f3 que la reforma laboral establece que las instituciones de impartici\u00f3n de justicia laboral, as\u00ed como las partes en disputa, necesitan conocer en forma oportuna y simult\u00e1nea las notificaciones y resoluciones que genera el proceso, por lo que el uso de las nuevas tecnolog\u00edas garantiza la simetr\u00eda de informaci\u00f3n entre las partes y asegura el cumplimiento de los principios de celeridad, inmediatez, transparencia y equidad que deben de caracterizar a las resoluciones de la justicia laboral.<\/p>\n\n\n\n<p>En esta tarea, dijo, el Poder Judicial ser\u00e1 un aliado fundamental, con base en su experiencia y conocimiento acumulado durante su proceso de digitalizaci\u00f3n e interconectividad entre las instituciones.<\/p>\n\n\n\n<p>El Gobernador Alfredo Del Mazo enfatiz\u00f3 tambi\u00e9n que los avances en la implementaci\u00f3n de la Reforma Laboral en la entidad mexiquense han contado con el apoyo del Presidente de M\u00e9xico, Andr\u00e9s Manuel L\u00f3pez Obrador, por lo que agradeci\u00f3 su confianza en el Estado de M\u00e9xico para contribuir en el fortalecimiento de los trabajadores y los derechos laborales, con el impulso de la independencia sindical y con el aumento de sus ingresos.<\/p>\n\n\n\n<p>Por su parte, la Secretaria Luisa Mar\u00eda Alcalde puntualiz\u00f3 que el nuevo modelo apuesta por la conciliaci\u00f3n, convencidos de que la forma id\u00f3nea para resolver conflictos es sentar a ambas partes y escucharlos, y reconoci\u00f3 al Estado de M\u00e9xico por los avances que lleva en la materia.<\/p>\n\n\n\n<p>\u201cYo debo reconocer, y no lo digo por estar aqu\u00ed, que el Estado de M\u00e9xico ha sido el m\u00e1s avanzado, pionero en esta reforma, el compromiso es evidente, siempre se lo hemos reconocido y los ponemos como ejemplo, porque realmente ha sido por convicci\u00f3n, el estar ah\u00ed, el poder construir.<\/p>\n\n\n\n<p>\u201cNo solo es el poder tener a los jueces hoy en funciones, capacitados, la infraestructura, la tecnolog\u00eda, el di\u00e1logo con las organizaciones para que empiecen con la modificaci\u00f3n de sus estatutos, y no es una tarea sencilla, y menos para el Estado de M\u00e9xico que es un estado muy grande\u201d, expres\u00f3.<\/p>\n\n\n\n<p>Por su parte, Ricardo Sodi Cu\u00e9llar, Presidente del Poder Judicial del Estado de M\u00e9xico, destac\u00f3 que con la implementaci\u00f3n de la reforma laboral los mexiquenses contar\u00e1n con mayor rapidez y eficiencia al resolver cuestiones laborales, tanto colectivas como individuales, mientras que a los empresarios e inversionistas les permitir\u00e1 contar m\u00e1s certeza jur\u00eddica sobre su capital, adem\u00e1s se brinda transparencia en los procesos al contar con un tribunal 100 por ciento electr\u00f3nico.<\/p>\n\n\n\n<p>A\u00f1adi\u00f3 que para poder otorgar la justicia laboral que los mexiquenses merecen, estos tribunales cuentan con 100 colaboradores judiciales, que incorporan a 14 jueces, personal que pas\u00f3 por un proceso de selecci\u00f3n y formaci\u00f3n que garantiza un capital humano adecuado y profesional.<\/p>\n","protected":false},"excerpt":{"rendered":"<p>Afirma Luisa Mar\u00eda Alcalde Luj\u00e1n, Secretaria del Trabajo y Previsi\u00f3n Social, que el Estado de M\u00e9xico es pionero en la aplicaci\u00f3n de la reforma laboral.<\/p>\n","protected":false},"author":1,"featured_media":2009,"comment_status":"open","ping_status":"open","sticky":false,"template":"","format":"standard","meta":{"footnotes":""},"categories":[3],"tags":[86],"class_list":["post-2008","post","type-post","status-publish","format-standard","has-post-thumbnail","hentry","category-gobierno","tag-gem"],"yoast_head":"<!-- This site is optimized with the Yoast SEO plugin v27.5 - https:\/\/yoast.com\/product\/yoast-seo-wordpress\/ -->\n<title>SE\u00d1ALA ALFREDO DEL MAZO QUE EDOM\u00c9X RESPALDA LA REFORMA LABORAL PARA FORTALECER EL BIENESTAR, DESARROLLO Y LAS OPORTUNIDADES DE LOS TRABAJADORES - Expresso Metropolitano<\/title>\n<meta name=\"robots\" content=\"index, follow, max-snippet:-1, max-image-preview:large, max-video-preview:-1\" \/>\n<link rel=\"canonical\" href=\"https:\/\/expressometro.mx\/index.php\/2020\/11\/19\/senala-alfredo-del-mazo-que-edomex-respalda-la-reforma-laboral-para-fortalecer-el-bienestar-desarrollo-y-las-oportunidades-de-los-trabajadores\/\" \/>\n<meta property=\"og:locale\" content=\"es_MX\" \/>\n<meta property=\"og:type\" content=\"article\" \/>\n<meta property=\"og:title\" content=\"SE\u00d1ALA ALFREDO DEL MAZO QUE EDOM\u00c9X RESPALDA LA REFORMA LABORAL PARA FORTALECER EL BIENESTAR, DESARROLLO Y LAS OPORTUNIDADES DE LOS TRABAJADORES - Expresso Metropolitano\" \/>\n<meta property=\"og:description\" content=\"Afirma Luisa Mar\u00eda Alcalde Luj\u00e1n, Secretaria del Trabajo y Previsi\u00f3n Social, que el Estado de M\u00e9xico es pionero en la aplicaci\u00f3n de la reforma laboral.\" \/>\n<meta property=\"og:url\" content=\"https:\/\/expressometro.mx\/index.php\/2020\/11\/19\/senala-alfredo-del-mazo-que-edomex-respalda-la-reforma-laboral-para-fortalecer-el-bienestar-desarrollo-y-las-oportunidades-de-los-trabajadores\/\" \/>\n<meta property=\"og:site_name\" content=\"Expresso Metropolitano\" \/>\n<meta property=\"article:published_time\" content=\"2020-11-19T19:51:39+00:00\" \/>\n<meta property=\"article:modified_time\" content=\"2020-11-19T19:51:43+00:00\" \/>\n<meta property=\"og:image\" content=\"https:\/\/expressometro.mx\/wp-content\/uploads\/2020\/11\/951FBE95-382D-45C5-BAAB-1CCB1DDFABA8.jpeg\" \/>\n\t<meta property=\"og:image:width\" content=\"738\" \/>\n\t<meta property=\"og:image:height\" content=\"1024\" \/>\n\t<meta property=\"og:image:type\" content=\"image\/jpeg\" \/>\n<meta name=\"author\" content=\"Expresso Metropolitano\" \/>\n<meta name=\"twitter:label1\" content=\"Escrito por\" \/>\n\t<meta name=\"twitter:data1\" content=\"Expresso Metropolitano\" \/>\n\t<meta name=\"twitter:label2\" content=\"Tiempo de lectura\" \/>\n\t<meta name=\"twitter:data2\" content=\"7 minutos\" \/>\n<script type=\"application\/ld+json\" class=\"yoast-schema-graph\">{\"@context\":\"https:\\\/\\\/schema.org\",\"@graph\":[{\"@type\":\"Article\",\"@id\":\"https:\\\/\\\/expressometro.mx\\\/index.php\\\/2020\\\/11\\\/19\\\/senala-alfredo-del-mazo-que-edomex-respalda-la-reforma-laboral-para-fortalecer-el-bienestar-desarrollo-y-las-oportunidades-de-los-trabajadores\\\/#article\",\"isPartOf\":{\"@id\":\"https:\\\/\\\/expressometro.mx\\\/index.php\\\/2020\\\/11\\\/19\\\/senala-alfredo-del-mazo-que-edomex-respalda-la-reforma-laboral-para-fortalecer-el-bienestar-desarrollo-y-las-oportunidades-de-los-trabajadores\\\/\"},\"author\":{\"name\":\"Expresso Metropolitano\",\"@id\":\"https:\\\/\\\/expressometro.mx\\\/#\\\/schema\\\/person\\\/efa971b4a0664db8ed5c22b1b0dd2f5d\"},\"headline\":\"SE\u00d1ALA ALFREDO DEL MAZO QUE EDOM\u00c9X RESPALDA LA REFORMA LABORAL PARA FORTALECER EL BIENESTAR, DESARROLLO Y LAS OPORTUNIDADES DE LOS TRABAJADORES\",\"datePublished\":\"2020-11-19T19:51:39+00:00\",\"dateModified\":\"2020-11-19T19:51:43+00:00\",\"mainEntityOfPage\":{\"@id\":\"https:\\\/\\\/expressometro.mx\\\/index.php\\\/2020\\\/11\\\/19\\\/senala-alfredo-del-mazo-que-edomex-respalda-la-reforma-laboral-para-fortalecer-el-bienestar-desarrollo-y-las-oportunidades-de-los-trabajadores\\\/\"},\"wordCount\":1357,\"commentCount\":0,\"publisher\":{\"@id\":\"https:\\\/\\\/expressometro.mx\\\/#organization\"},\"image\":{\"@id\":\"https:\\\/\\\/expressometro.mx\\\/index.php\\\/2020\\\/11\\\/19\\\/senala-alfredo-del-mazo-que-edomex-respalda-la-reforma-laboral-para-fortalecer-el-bienestar-desarrollo-y-las-oportunidades-de-los-trabajadores\\\/#primaryimage\"},\"thumbnailUrl\":\"https:\\\/\\\/expressometro.mx\\\/wp-content\\\/uploads\\\/2020\\\/11\\\/951FBE95-382D-45C5-BAAB-1CCB1DDFABA8.jpeg\",\"keywords\":[\"GEM\"],\"articleSection\":[\"Gobierno\"],\"inLanguage\":\"es\",\"potentialAction\":[{\"@type\":\"CommentAction\",\"name\":\"Comment\",\"target\":[\"https:\\\/\\\/expressometro.mx\\\/index.php\\\/2020\\\/11\\\/19\\\/senala-alfredo-del-mazo-que-edomex-respalda-la-reforma-laboral-para-fortalecer-el-bienestar-desarrollo-y-las-oportunidades-de-los-trabajadores\\\/#respond\"]}]},{\"@type\":\"WebPage\",\"@id\":\"https:\\\/\\\/expressometro.mx\\\/index.php\\\/2020\\\/11\\\/19\\\/senala-alfredo-del-mazo-que-edomex-respalda-la-reforma-laboral-para-fortalecer-el-bienestar-desarrollo-y-las-oportunidades-de-los-trabajadores\\\/\",\"url\":\"https:\\\/\\\/expressometro.mx\\\/index.php\\\/2020\\\/11\\\/19\\\/senala-alfredo-del-mazo-que-edomex-respalda-la-reforma-laboral-para-fortalecer-el-bienestar-desarrollo-y-las-oportunidades-de-los-trabajadores\\\/\",\"name\":\"SE\u00d1ALA ALFREDO DEL MAZO QUE EDOM\u00c9X RESPALDA LA REFORMA LABORAL PARA FORTALECER EL BIENESTAR, DESARROLLO Y LAS OPORTUNIDADES DE LOS TRABAJADORES - Expresso Metropolitano\",\"isPartOf\":{\"@id\":\"https:\\\/\\\/expressometro.mx\\\/#website\"},\"primaryImageOfPage\":{\"@id\":\"https:\\\/\\\/expressometro.mx\\\/index.php\\\/2020\\\/11\\\/19\\\/senala-alfredo-del-mazo-que-edomex-respalda-la-reforma-laboral-para-fortalecer-el-bienestar-desarrollo-y-las-oportunidades-de-los-trabajadores\\\/#primaryimage\"},\"image\":{\"@id\":\"https:\\\/\\\/expressometro.mx\\\/index.php\\\/2020\\\/11\\\/19\\\/senala-alfredo-del-mazo-que-edomex-respalda-la-reforma-laboral-para-fortalecer-el-bienestar-desarrollo-y-las-oportunidades-de-los-trabajadores\\\/#primaryimage\"},\"thumbnailUrl\":\"https:\\\/\\\/expressometro.mx\\\/wp-content\\\/uploads\\\/2020\\\/11\\\/951FBE95-382D-45C5-BAAB-1CCB1DDFABA8.jpeg\",\"datePublished\":\"2020-11-19T19:51:39+00:00\",\"dateModified\":\"2020-11-19T19:51:43+00:00\",\"breadcrumb\":{\"@id\":\"https:\\\/\\\/expressometro.mx\\\/index.php\\\/2020\\\/11\\\/19\\\/senala-alfredo-del-mazo-que-edomex-respalda-la-reforma-laboral-para-fortalecer-el-bienestar-desarrollo-y-las-oportunidades-de-los-trabajadores\\\/#breadcrumb\"},\"inLanguage\":\"es\",\"potentialAction\":[{\"@type\":\"ReadAction\",\"target\":[\"https:\\\/\\\/expressometro.mx\\\/index.php\\\/2020\\\/11\\\/19\\\/senala-alfredo-del-mazo-que-edomex-respalda-la-reforma-laboral-para-fortalecer-el-bienestar-desarrollo-y-las-oportunidades-de-los-trabajadores\\\/\"]}]},{\"@type\":\"ImageObject\",\"inLanguage\":\"es\",\"@id\":\"https:\\\/\\\/expressometro.mx\\\/index.php\\\/2020\\\/11\\\/19\\\/senala-alfredo-del-mazo-que-edomex-respalda-la-reforma-laboral-para-fortalecer-el-bienestar-desarrollo-y-las-oportunidades-de-los-trabajadores\\\/#primaryimage\",\"url\":\"https:\\\/\\\/expressometro.mx\\\/wp-content\\\/uploads\\\/2020\\\/11\\\/951FBE95-382D-45C5-BAAB-1CCB1DDFABA8.jpeg\",\"contentUrl\":\"https:\\\/\\\/expressometro.mx\\\/wp-content\\\/uploads\\\/2020\\\/11\\\/951FBE95-382D-45C5-BAAB-1CCB1DDFABA8.jpeg\",\"width\":738,\"height\":1024},{\"@type\":\"BreadcrumbList\",\"@id\":\"https:\\\/\\\/expressometro.mx\\\/index.php\\\/2020\\\/11\\\/19\\\/senala-alfredo-del-mazo-que-edomex-respalda-la-reforma-laboral-para-fortalecer-el-bienestar-desarrollo-y-las-oportunidades-de-los-trabajadores\\\/#breadcrumb\",\"itemListElement\":[{\"@type\":\"ListItem\",\"position\":1,\"name\":\"Inicio\",\"item\":\"https:\\\/\\\/expressometro.mx\\\/\"},{\"@type\":\"ListItem\",\"position\":2,\"name\":\"SE\u00d1ALA ALFREDO DEL MAZO QUE EDOM\u00c9X RESPALDA LA REFORMA LABORAL PARA FORTALECER EL BIENESTAR, DESARROLLO Y LAS OPORTUNIDADES DE LOS TRABAJADORES\"}]},{\"@type\":\"WebSite\",\"@id\":\"https:\\\/\\\/expressometro.mx\\\/#website\",\"url\":\"https:\\\/\\\/expressometro.mx\\\/\",\"name\":\"Expresso Metropolitano\",\"description\":\"Periodismo comprometido, informaci\u00f3n, investigaci\u00f3n y an\u00e1lisis\",\"publisher\":{\"@id\":\"https:\\\/\\\/expressometro.mx\\\/#organization\"},\"potentialAction\":[{\"@type\":\"SearchAction\",\"target\":{\"@type\":\"EntryPoint\",\"urlTemplate\":\"https:\\\/\\\/expressometro.mx\\\/?s={search_term_string}\"},\"query-input\":{\"@type\":\"PropertyValueSpecification\",\"valueRequired\":true,\"valueName\":\"search_term_string\"}}],\"inLanguage\":\"es\"},{\"@type\":\"Organization\",\"@id\":\"https:\\\/\\\/expressometro.mx\\\/#organization\",\"name\":\"Expresso Metropolitano\",\"url\":\"https:\\\/\\\/expressometro.mx\\\/\",\"logo\":{\"@type\":\"ImageObject\",\"inLanguage\":\"es\",\"@id\":\"https:\\\/\\\/expressometro.mx\\\/#\\\/schema\\\/logo\\\/image\\\/\",\"url\":\"https:\\\/\\\/expressometro.mx\\\/wp-content\\\/uploads\\\/2019\\\/07\\\/cropped-Logo-Expresso-Metropolitano-1-1.jpeg\",\"contentUrl\":\"https:\\\/\\\/expressometro.mx\\\/wp-content\\\/uploads\\\/2019\\\/07\\\/cropped-Logo-Expresso-Metropolitano-1-1.jpeg\",\"width\":290,\"height\":73,\"caption\":\"Expresso Metropolitano\"},\"image\":{\"@id\":\"https:\\\/\\\/expressometro.mx\\\/#\\\/schema\\\/logo\\\/image\\\/\"}},{\"@type\":\"Person\",\"@id\":\"https:\\\/\\\/expressometro.mx\\\/#\\\/schema\\\/person\\\/efa971b4a0664db8ed5c22b1b0dd2f5d\",\"name\":\"Expresso Metropolitano\",\"image\":{\"@type\":\"ImageObject\",\"inLanguage\":\"es\",\"@id\":\"https:\\\/\\\/secure.gravatar.com\\\/avatar\\\/a89f802b8de18c6952f223c88d3d106e9e3679839f4e25a02f4a6cc2ae6ba3b3?s=96&d=mm&r=g\",\"url\":\"https:\\\/\\\/secure.gravatar.com\\\/avatar\\\/a89f802b8de18c6952f223c88d3d106e9e3679839f4e25a02f4a6cc2ae6ba3b3?s=96&d=mm&r=g\",\"contentUrl\":\"https:\\\/\\\/secure.gravatar.com\\\/avatar\\\/a89f802b8de18c6952f223c88d3d106e9e3679839f4e25a02f4a6cc2ae6ba3b3?s=96&d=mm&r=g\",\"caption\":\"Expresso Metropolitano\"},\"url\":\"https:\\\/\\\/expressometro.mx\\\/index.php\\\/author\\\/diego\\\/\"}]}<\/script>\n<!-- \/ Yoast SEO plugin. -->","yoast_head_json":{"title":"SE\u00d1ALA ALFREDO DEL MAZO QUE EDOM\u00c9X RESPALDA LA REFORMA LABORAL PARA FORTALECER EL BIENESTAR, DESARROLLO Y LAS OPORTUNIDADES DE LOS TRABAJADORES - Expresso Metropolitano","robots":{"index":"index","follow":"follow","max-snippet":"max-snippet:-1","max-image-preview":"max-image-preview:large","max-video-preview":"max-video-preview:-1"},"canonical":"https:\/\/expressometro.mx\/index.php\/2020\/11\/19\/senala-alfredo-del-mazo-que-edomex-respalda-la-reforma-laboral-para-fortalecer-el-bienestar-desarrollo-y-las-oportunidades-de-los-trabajadores\/","og_locale":"es_MX","og_type":"article","og_title":"SE\u00d1ALA ALFREDO DEL MAZO QUE EDOM\u00c9X RESPALDA LA REFORMA LABORAL PARA FORTALECER EL BIENESTAR, DESARROLLO Y LAS OPORTUNIDADES DE LOS TRABAJADORES - Expresso Metropolitano","og_description":"Afirma Luisa Mar\u00eda Alcalde Luj\u00e1n, Secretaria del Trabajo y Previsi\u00f3n Social, que el Estado de M\u00e9xico es pionero en la aplicaci\u00f3n de la reforma laboral.","og_url":"https:\/\/expressometro.mx\/index.php\/2020\/11\/19\/senala-alfredo-del-mazo-que-edomex-respalda-la-reforma-laboral-para-fortalecer-el-bienestar-desarrollo-y-las-oportunidades-de-los-trabajadores\/","og_site_name":"Expresso Metropolitano","article_published_time":"2020-11-19T19:51:39+00:00","article_modified_time":"2020-11-19T19:51:43+00:00","og_image":[{"width":738,"height":1024,"url":"https:\/\/expressometro.mx\/wp-content\/uploads\/2020\/11\/951FBE95-382D-45C5-BAAB-1CCB1DDFABA8.jpeg","type":"image\/jpeg"}],"author":"Expresso Metropolitano","twitter_misc":{"Escrito por":"Expresso Metropolitano","Tiempo de lectura":"7 minutos"},"schema":{"@context":"https:\/\/schema.org","@graph":[{"@type":"Article","@id":"https:\/\/expressometro.mx\/index.php\/2020\/11\/19\/senala-alfredo-del-mazo-que-edomex-respalda-la-reforma-laboral-para-fortalecer-el-bienestar-desarrollo-y-las-oportunidades-de-los-trabajadores\/#article","isPartOf":{"@id":"https:\/\/expressometro.mx\/index.php\/2020\/11\/19\/senala-alfredo-del-mazo-que-edomex-respalda-la-reforma-laboral-para-fortalecer-el-bienestar-desarrollo-y-las-oportunidades-de-los-trabajadores\/"},"author":{"name":"Expresso Metropolitano","@id":"https:\/\/expressometro.mx\/#\/schema\/person\/efa971b4a0664db8ed5c22b1b0dd2f5d"},"headline":"SE\u00d1ALA ALFREDO DEL MAZO QUE EDOM\u00c9X RESPALDA LA REFORMA LABORAL PARA FORTALECER EL BIENESTAR, DESARROLLO Y LAS OPORTUNIDADES DE LOS TRABAJADORES","datePublished":"2020-11-19T19:51:39+00:00","dateModified":"2020-11-19T19:51:43+00:00","mainEntityOfPage":{"@id":"https:\/\/expressometro.mx\/index.php\/2020\/11\/19\/senala-alfredo-del-mazo-que-edomex-respalda-la-reforma-laboral-para-fortalecer-el-bienestar-desarrollo-y-las-oportunidades-de-los-trabajadores\/"},"wordCount":1357,"commentCount":0,"publisher":{"@id":"https:\/\/expressometro.mx\/#organization"},"image":{"@id":"https:\/\/expressometro.mx\/index.php\/2020\/11\/19\/senala-alfredo-del-mazo-que-edomex-respalda-la-reforma-laboral-para-fortalecer-el-bienestar-desarrollo-y-las-oportunidades-de-los-trabajadores\/#primaryimage"},"thumbnailUrl":"https:\/\/expressometro.mx\/wp-content\/uploads\/2020\/11\/951FBE95-382D-45C5-BAAB-1CCB1DDFABA8.jpeg","keywords":["GEM"],"articleSection":["Gobierno"],"inLanguage":"es","potentialAction":[{"@type":"CommentAction","name":"Comment","target":["https:\/\/expressometro.mx\/index.php\/2020\/11\/19\/senala-alfredo-del-mazo-que-edomex-respalda-la-reforma-laboral-para-fortalecer-el-bienestar-desarrollo-y-las-oportunidades-de-los-trabajadores\/#respond"]}]},{"@type":"WebPage","@id":"https:\/\/expressometro.mx\/index.php\/2020\/11\/19\/senala-alfredo-del-mazo-que-edomex-respalda-la-reforma-laboral-para-fortalecer-el-bienestar-desarrollo-y-las-oportunidades-de-los-trabajadores\/","url":"https:\/\/expressometro.mx\/index.php\/2020\/11\/19\/senala-alfredo-del-mazo-que-edomex-respalda-la-reforma-laboral-para-fortalecer-el-bienestar-desarrollo-y-las-oportunidades-de-los-trabajadores\/","name":"SE\u00d1ALA ALFREDO DEL MAZO QUE EDOM\u00c9X RESPALDA LA REFORMA LABORAL PARA FORTALECER EL BIENESTAR, DESARROLLO Y LAS OPORTUNIDADES DE LOS TRABAJADORES - Expresso Metropolitano","isPartOf":{"@id":"https:\/\/expressometro.mx\/#website"},"primaryImageOfPage":{"@id":"https:\/\/expressometro.mx\/index.php\/2020\/11\/19\/senala-alfredo-del-mazo-que-edomex-respalda-la-reforma-laboral-para-fortalecer-el-bienestar-desarrollo-y-las-oportunidades-de-los-trabajadores\/#primaryimage"},"image":{"@id":"https:\/\/expressometro.mx\/index.php\/2020\/11\/19\/senala-alfredo-del-mazo-que-edomex-respalda-la-reforma-laboral-para-fortalecer-el-bienestar-desarrollo-y-las-oportunidades-de-los-trabajadores\/#primaryimage"},"thumbnailUrl":"https:\/\/expressometro.mx\/wp-content\/uploads\/2020\/11\/951FBE95-382D-45C5-BAAB-1CCB1DDFABA8.jpeg","datePublished":"2020-11-19T19:51:39+00:00","dateModified":"2020-11-19T19:51:43+00:00","breadcrumb":{"@id":"https:\/\/expressometro.mx\/index.php\/2020\/11\/19\/senala-alfredo-del-mazo-que-edomex-respalda-la-reforma-laboral-para-fortalecer-el-bienestar-desarrollo-y-las-oportunidades-de-los-trabajadores\/#breadcrumb"},"inLanguage":"es","potentialAction":[{"@type":"ReadAction","target":["https:\/\/expressometro.mx\/index.php\/2020\/11\/19\/senala-alfredo-del-mazo-que-edomex-respalda-la-reforma-laboral-para-fortalecer-el-bienestar-desarrollo-y-las-oportunidades-de-los-trabajadores\/"]}]},{"@type":"ImageObject","inLanguage":"es","@id":"https:\/\/expressometro.mx\/index.php\/2020\/11\/19\/senala-alfredo-del-mazo-que-edomex-respalda-la-reforma-laboral-para-fortalecer-el-bienestar-desarrollo-y-las-oportunidades-de-los-trabajadores\/#primaryimage","url":"https:\/\/expressometro.mx\/wp-content\/uploads\/2020\/11\/951FBE95-382D-45C5-BAAB-1CCB1DDFABA8.jpeg","contentUrl":"https:\/\/expressometro.mx\/wp-content\/uploads\/2020\/11\/951FBE95-382D-45C5-BAAB-1CCB1DDFABA8.jpeg","width":738,"height":1024},{"@type":"BreadcrumbList","@id":"https:\/\/expressometro.mx\/index.php\/2020\/11\/19\/senala-alfredo-del-mazo-que-edomex-respalda-la-reforma-laboral-para-fortalecer-el-bienestar-desarrollo-y-las-oportunidades-de-los-trabajadores\/#breadcrumb","itemListElement":[{"@type":"ListItem","position":1,"name":"Inicio","item":"https:\/\/expressometro.mx\/"},{"@type":"ListItem","position":2,"name":"SE\u00d1ALA ALFREDO DEL MAZO QUE EDOM\u00c9X RESPALDA LA REFORMA LABORAL PARA FORTALECER EL BIENESTAR, DESARROLLO Y LAS OPORTUNIDADES DE LOS TRABAJADORES"}]},{"@type":"WebSite","@id":"https:\/\/expressometro.mx\/#website","url":"https:\/\/expressometro.mx\/","name":"Expresso Metropolitano","description":"Periodismo comprometido, informaci\u00f3n, investigaci\u00f3n y an\u00e1lisis","publisher":{"@id":"https:\/\/expressometro.mx\/#organization"},"potentialAction":[{"@type":"SearchAction","target":{"@type":"EntryPoint","urlTemplate":"https:\/\/expressometro.mx\/?s={search_term_string}"},"query-input":{"@type":"PropertyValueSpecification","valueRequired":true,"valueName":"search_term_string"}}],"inLanguage":"es"},{"@type":"Organization","@id":"https:\/\/expressometro.mx\/#organization","name":"Expresso Metropolitano","url":"https:\/\/expressometro.mx\/","logo":{"@type":"ImageObject","inLanguage":"es","@id":"https:\/\/expressometro.mx\/#\/schema\/logo\/image\/","url":"https:\/\/expressometro.mx\/wp-content\/uploads\/2019\/07\/cropped-Logo-Expresso-Metropolitano-1-1.jpeg","contentUrl":"https:\/\/expressometro.mx\/wp-content\/uploads\/2019\/07\/cropped-Logo-Expresso-Metropolitano-1-1.jpeg","width":290,"height":73,"caption":"Expresso Metropolitano"},"image":{"@id":"https:\/\/expressometro.mx\/#\/schema\/logo\/image\/"}},{"@type":"Person","@id":"https:\/\/expressometro.mx\/#\/schema\/person\/efa971b4a0664db8ed5c22b1b0dd2f5d","name":"Expresso Metropolitano","image":{"@type":"ImageObject","inLanguage":"es","@id":"https:\/\/secure.gravatar.com\/avatar\/a89f802b8de18c6952f223c88d3d106e9e3679839f4e25a02f4a6cc2ae6ba3b3?s=96&d=mm&r=g","url":"https:\/\/secure.gravatar.com\/avatar\/a89f802b8de18c6952f223c88d3d106e9e3679839f4e25a02f4a6cc2ae6ba3b3?s=96&d=mm&r=g","contentUrl":"https:\/\/secure.gravatar.com\/avatar\/a89f802b8de18c6952f223c88d3d106e9e3679839f4e25a02f4a6cc2ae6ba3b3?s=96&d=mm&r=g","caption":"Expresso Metropolitano"},"url":"https:\/\/expressometro.mx\/index.php\/author\/diego\/"}]}},"amp_enabled":true,"_links":{"self":[{"href":"https:\/\/expressometro.mx\/index.php\/wp-json\/wp\/v2\/posts\/2008","targetHints":{"allow":["GET"]}}],"collection":[{"href":"https:\/\/expressometro.mx\/index.php\/wp-json\/wp\/v2\/posts"}],"about":[{"href":"https:\/\/expressometro.mx\/index.php\/wp-json\/wp\/v2\/types\/post"}],"author":[{"embeddable":true,"href":"https:\/\/expressometro.mx\/index.php\/wp-json\/wp\/v2\/users\/1"}],"replies":[{"embeddable":true,"href":"https:\/\/expressometro.mx\/index.php\/wp-json\/wp\/v2\/comments?post=2008"}],"version-history":[{"count":1,"href":"https:\/\/expressometro.mx\/index.php\/wp-json\/wp\/v2\/posts\/2008\/revisions"}],"predecessor-version":[{"id":2010,"href":"https:\/\/expressometro.mx\/index.php\/wp-json\/wp\/v2\/posts\/2008\/revisions\/2010"}],"wp:featuredmedia":[{"embeddable":true,"href":"https:\/\/expressometro.mx\/index.php\/wp-json\/wp\/v2\/media\/2009"}],"wp:attachment":[{"href":"https:\/\/expressometro.mx\/index.php\/wp-json\/wp\/v2\/media?parent=2008"}],"wp:term":[{"taxonomy":"category","embeddable":true,"href":"https:\/\/expressometro.mx\/index.php\/wp-json\/wp\/v2\/categories?post=2008"},{"taxonomy":"post_tag","embeddable":true,"href":"https:\/\/expressometro.mx\/index.php\/wp-json\/wp\/v2\/tags?post=2008"}],"curies":[{"name":"wp","href":"https:\/\/api.w.org\/{rel}","templated":true}]}}