{"id":2002,"date":"2020-11-12T09:05:00","date_gmt":"2020-11-12T15:05:00","guid":{"rendered":"http:\/\/expressometro.mx\/?p=2002"},"modified":"2020-11-13T09:10:30","modified_gmt":"2020-11-13T15:10:30","slug":"propone-el-pri-capacitar-a-docentes-para-erradicar-el-acoso-escolar","status":"publish","type":"post","link":"https:\/\/expressometro.mx\/index.php\/2020\/11\/12\/propone-el-pri-capacitar-a-docentes-para-erradicar-el-acoso-escolar\/","title":{"rendered":"Propone el PRI capacitar a docentes para erradicar el acoso escolar"},"content":{"rendered":"\n<p>A nombre del grupo parlamentario del PRI en la LX Legislatura, el diputado Marlon Mart\u00ednez Mart\u00ednez propuso reformas a la Ley de Educaci\u00f3n del Estado de M\u00e9xico para que la autoridad educativa estatal brinde a los y las docentes, desde su formaci\u00f3n, las competencias necesarias para prevenir, detectar, atender y erradicar el acoso escolar, as\u00ed como para implementar de manera eficiente el Protocolo de Actuaci\u00f3n conforme a lo estipulado en la ley.<br>En sesi\u00f3n deliberante, el diputado Marlon Mart\u00ednez explic\u00f3 que la iniciativa busca contribuir a la construcci\u00f3n de ambientes escolares libres de violencia y discriminaci\u00f3n, y consider\u00f3 imprescindible que el personal docente reciban una instrucci\u00f3n adecuada sobre el acoso escolar, pues existen distintos tipos que pueden presentarse aislados o en conjunto en un mismo momento, por lo que subray\u00f3 la importancia de identificarlos para atender cada caso.<br>Entre los distintos tipos de acoso se\u00f1al\u00f3 el verbal, el no verbal, el f\u00edsico, los da\u00f1os materiales, el ciberacoso y el acoso sexual, los cuales generan, indic\u00f3, terribles consecuencias en las ni\u00f1as, ni\u00f1os y adolescentes, como baja autoestima, aislamiento, ansiedad, aparici\u00f3n de neurosis, fobias al entorno escolar, fracaso acad\u00e9mico, autolesiones y suicidio, entre otras.<br>El legislador enfatiz\u00f3 que el acoso escolar es un reto social y que en 2018 la Organizaci\u00f3n para la Cooperaci\u00f3n y el Desarrollo Econ\u00f3micos (OCDE) ubic\u00f3 a M\u00e9xico en el primer lugar internacional de casos de bullying en la educaci\u00f3n b\u00e1sica, afectando en ese momento a casi 19 millones de alumnos de primaria y de secundaria.<br>La iniciativa se remiti\u00f3 para su dictamen a la Comisi\u00f3n de Educaci\u00f3n, Cultura, Ciencia y Tecnolog\u00eda<\/p>\n","protected":false},"excerpt":{"rendered":"<p>Entre los distintos tipos de acoso se\u00f1al\u00f3 el verbal, el no verbal, el f\u00edsico, los da\u00f1os materiales, el ciberacoso y el acoso sexual, los cuales generan, indic\u00f3, terribles consecuencias. <\/p>\n","protected":false},"author":1,"featured_media":2003,"comment_status":"open","ping_status":"open","sticky":false,"template":"","format":"standard","meta":{"footnotes":""},"categories":[108,6],"tags":[90,160,158],"class_list":["post-2002","post","type-post","status-publish","format-standard","has-post-thumbnail","hentry","category-educacion","category-seguridad","tag-lx-legislatura","tag-marlon-martinez","tag-pri"],"yoast_head":"<!-- This site is optimized with the Yoast SEO plugin v27.5 - https:\/\/yoast.com\/product\/yoast-seo-wordpress\/ -->\n<title>Propone el PRI capacitar a docentes para erradicar el acoso escolar - Expresso Metropolitano<\/title>\n<meta name=\"robots\" content=\"index, follow, max-snippet:-1, max-image-preview:large, max-video-preview:-1\" \/>\n<link rel=\"canonical\" href=\"https:\/\/expressometro.mx\/index.php\/2020\/11\/12\/propone-el-pri-capacitar-a-docentes-para-erradicar-el-acoso-escolar\/\" \/>\n<meta property=\"og:locale\" content=\"es_MX\" \/>\n<meta property=\"og:type\" content=\"article\" \/>\n<meta property=\"og:title\" content=\"Propone el PRI capacitar a docentes para erradicar el acoso escolar - Expresso Metropolitano\" \/>\n<meta property=\"og:description\" content=\"Entre los distintos tipos de acoso se\u00f1al\u00f3 el verbal, el no verbal, el f\u00edsico, los da\u00f1os materiales, el ciberacoso y el acoso sexual, los cuales generan, indic\u00f3, terribles consecuencias.\" \/>\n<meta property=\"og:url\" content=\"https:\/\/expressometro.mx\/index.php\/2020\/11\/12\/propone-el-pri-capacitar-a-docentes-para-erradicar-el-acoso-escolar\/\" \/>\n<meta property=\"og:site_name\" content=\"Expresso Metropolitano\" \/>\n<meta property=\"article:published_time\" content=\"2020-11-12T15:05:00+00:00\" \/>\n<meta property=\"article:modified_time\" content=\"2020-11-13T15:10:30+00:00\" \/>\n<meta property=\"og:image\" content=\"https:\/\/expressometro.mx\/wp-content\/uploads\/2020\/11\/41D615F3-599A-49E9-88FC-B4288DD97AB7.jpeg\" \/>\n\t<meta property=\"og:image:width\" content=\"1024\" \/>\n\t<meta property=\"og:image:height\" content=\"683\" \/>\n\t<meta property=\"og:image:type\" content=\"image\/jpeg\" \/>\n<meta name=\"author\" content=\"Expresso Metropolitano\" \/>\n<meta name=\"twitter:label1\" content=\"Escrito por\" \/>\n\t<meta name=\"twitter:data1\" content=\"Expresso Metropolitano\" \/>\n\t<meta name=\"twitter:label2\" content=\"Tiempo de lectura\" \/>\n\t<meta name=\"twitter:data2\" content=\"1 minuto\" \/>\n<script type=\"application\/ld+json\" class=\"yoast-schema-graph\">{\"@context\":\"https:\\\/\\\/schema.org\",\"@graph\":[{\"@type\":\"Article\",\"@id\":\"https:\\\/\\\/expressometro.mx\\\/index.php\\\/2020\\\/11\\\/12\\\/propone-el-pri-capacitar-a-docentes-para-erradicar-el-acoso-escolar\\\/#article\",\"isPartOf\":{\"@id\":\"https:\\\/\\\/expressometro.mx\\\/index.php\\\/2020\\\/11\\\/12\\\/propone-el-pri-capacitar-a-docentes-para-erradicar-el-acoso-escolar\\\/\"},\"author\":{\"name\":\"Expresso Metropolitano\",\"@id\":\"https:\\\/\\\/expressometro.mx\\\/#\\\/schema\\\/person\\\/efa971b4a0664db8ed5c22b1b0dd2f5d\"},\"headline\":\"Propone el PRI capacitar a docentes para erradicar el acoso escolar\",\"datePublished\":\"2020-11-12T15:05:00+00:00\",\"dateModified\":\"2020-11-13T15:10:30+00:00\",\"mainEntityOfPage\":{\"@id\":\"https:\\\/\\\/expressometro.mx\\\/index.php\\\/2020\\\/11\\\/12\\\/propone-el-pri-capacitar-a-docentes-para-erradicar-el-acoso-escolar\\\/\"},\"wordCount\":300,\"commentCount\":0,\"publisher\":{\"@id\":\"https:\\\/\\\/expressometro.mx\\\/#organization\"},\"image\":{\"@id\":\"https:\\\/\\\/expressometro.mx\\\/index.php\\\/2020\\\/11\\\/12\\\/propone-el-pri-capacitar-a-docentes-para-erradicar-el-acoso-escolar\\\/#primaryimage\"},\"thumbnailUrl\":\"https:\\\/\\\/expressometro.mx\\\/wp-content\\\/uploads\\\/2020\\\/11\\\/41D615F3-599A-49E9-88FC-B4288DD97AB7.jpeg\",\"keywords\":[\"LX Legislatura\",\"Marlon Mart\u00ednez\",\"PRI\"],\"articleSection\":[\"Educaci\u00f3n\",\"Seguridad\"],\"inLanguage\":\"es\",\"potentialAction\":[{\"@type\":\"CommentAction\",\"name\":\"Comment\",\"target\":[\"https:\\\/\\\/expressometro.mx\\\/index.php\\\/2020\\\/11\\\/12\\\/propone-el-pri-capacitar-a-docentes-para-erradicar-el-acoso-escolar\\\/#respond\"]}]},{\"@type\":\"WebPage\",\"@id\":\"https:\\\/\\\/expressometro.mx\\\/index.php\\\/2020\\\/11\\\/12\\\/propone-el-pri-capacitar-a-docentes-para-erradicar-el-acoso-escolar\\\/\",\"url\":\"https:\\\/\\\/expressometro.mx\\\/index.php\\\/2020\\\/11\\\/12\\\/propone-el-pri-capacitar-a-docentes-para-erradicar-el-acoso-escolar\\\/\",\"name\":\"Propone el PRI capacitar a docentes para erradicar el acoso escolar - Expresso Metropolitano\",\"isPartOf\":{\"@id\":\"https:\\\/\\\/expressometro.mx\\\/#website\"},\"primaryImageOfPage\":{\"@id\":\"https:\\\/\\\/expressometro.mx\\\/index.php\\\/2020\\\/11\\\/12\\\/propone-el-pri-capacitar-a-docentes-para-erradicar-el-acoso-escolar\\\/#primaryimage\"},\"image\":{\"@id\":\"https:\\\/\\\/expressometro.mx\\\/index.php\\\/2020\\\/11\\\/12\\\/propone-el-pri-capacitar-a-docentes-para-erradicar-el-acoso-escolar\\\/#primaryimage\"},\"thumbnailUrl\":\"https:\\\/\\\/expressometro.mx\\\/wp-content\\\/uploads\\\/2020\\\/11\\\/41D615F3-599A-49E9-88FC-B4288DD97AB7.jpeg\",\"datePublished\":\"2020-11-12T15:05:00+00:00\",\"dateModified\":\"2020-11-13T15:10:30+00:00\",\"breadcrumb\":{\"@id\":\"https:\\\/\\\/expressometro.mx\\\/index.php\\\/2020\\\/11\\\/12\\\/propone-el-pri-capacitar-a-docentes-para-erradicar-el-acoso-escolar\\\/#breadcrumb\"},\"inLanguage\":\"es\",\"potentialAction\":[{\"@type\":\"ReadAction\",\"target\":[\"https:\\\/\\\/expressometro.mx\\\/index.php\\\/2020\\\/11\\\/12\\\/propone-el-pri-capacitar-a-docentes-para-erradicar-el-acoso-escolar\\\/\"]}]},{\"@type\":\"ImageObject\",\"inLanguage\":\"es\",\"@id\":\"https:\\\/\\\/expressometro.mx\\\/index.php\\\/2020\\\/11\\\/12\\\/propone-el-pri-capacitar-a-docentes-para-erradicar-el-acoso-escolar\\\/#primaryimage\",\"url\":\"https:\\\/\\\/expressometro.mx\\\/wp-content\\\/uploads\\\/2020\\\/11\\\/41D615F3-599A-49E9-88FC-B4288DD97AB7.jpeg\",\"contentUrl\":\"https:\\\/\\\/expressometro.mx\\\/wp-content\\\/uploads\\\/2020\\\/11\\\/41D615F3-599A-49E9-88FC-B4288DD97AB7.jpeg\",\"width\":1024,\"height\":683},{\"@type\":\"BreadcrumbList\",\"@id\":\"https:\\\/\\\/expressometro.mx\\\/index.php\\\/2020\\\/11\\\/12\\\/propone-el-pri-capacitar-a-docentes-para-erradicar-el-acoso-escolar\\\/#breadcrumb\",\"itemListElement\":[{\"@type\":\"ListItem\",\"position\":1,\"name\":\"Inicio\",\"item\":\"https:\\\/\\\/expressometro.mx\\\/\"},{\"@type\":\"ListItem\",\"position\":2,\"name\":\"Propone el PRI capacitar a docentes para erradicar el acoso escolar\"}]},{\"@type\":\"WebSite\",\"@id\":\"https:\\\/\\\/expressometro.mx\\\/#website\",\"url\":\"https:\\\/\\\/expressometro.mx\\\/\",\"name\":\"Expresso Metropolitano\",\"description\":\"Periodismo comprometido, informaci\u00f3n, investigaci\u00f3n y an\u00e1lisis\",\"publisher\":{\"@id\":\"https:\\\/\\\/expressometro.mx\\\/#organization\"},\"potentialAction\":[{\"@type\":\"SearchAction\",\"target\":{\"@type\":\"EntryPoint\",\"urlTemplate\":\"https:\\\/\\\/expressometro.mx\\\/?s={search_term_string}\"},\"query-input\":{\"@type\":\"PropertyValueSpecification\",\"valueRequired\":true,\"valueName\":\"search_term_string\"}}],\"inLanguage\":\"es\"},{\"@type\":\"Organization\",\"@id\":\"https:\\\/\\\/expressometro.mx\\\/#organization\",\"name\":\"Expresso Metropolitano\",\"url\":\"https:\\\/\\\/expressometro.mx\\\/\",\"logo\":{\"@type\":\"ImageObject\",\"inLanguage\":\"es\",\"@id\":\"https:\\\/\\\/expressometro.mx\\\/#\\\/schema\\\/logo\\\/image\\\/\",\"url\":\"https:\\\/\\\/expressometro.mx\\\/wp-content\\\/uploads\\\/2019\\\/07\\\/cropped-Logo-Expresso-Metropolitano-1-1.jpeg\",\"contentUrl\":\"https:\\\/\\\/expressometro.mx\\\/wp-content\\\/uploads\\\/2019\\\/07\\\/cropped-Logo-Expresso-Metropolitano-1-1.jpeg\",\"width\":290,\"height\":73,\"caption\":\"Expresso Metropolitano\"},\"image\":{\"@id\":\"https:\\\/\\\/expressometro.mx\\\/#\\\/schema\\\/logo\\\/image\\\/\"}},{\"@type\":\"Person\",\"@id\":\"https:\\\/\\\/expressometro.mx\\\/#\\\/schema\\\/person\\\/efa971b4a0664db8ed5c22b1b0dd2f5d\",\"name\":\"Expresso Metropolitano\",\"image\":{\"@type\":\"ImageObject\",\"inLanguage\":\"es\",\"@id\":\"https:\\\/\\\/secure.gravatar.com\\\/avatar\\\/a89f802b8de18c6952f223c88d3d106e9e3679839f4e25a02f4a6cc2ae6ba3b3?s=96&d=mm&r=g\",\"url\":\"https:\\\/\\\/secure.gravatar.com\\\/avatar\\\/a89f802b8de18c6952f223c88d3d106e9e3679839f4e25a02f4a6cc2ae6ba3b3?s=96&d=mm&r=g\",\"contentUrl\":\"https:\\\/\\\/secure.gravatar.com\\\/avatar\\\/a89f802b8de18c6952f223c88d3d106e9e3679839f4e25a02f4a6cc2ae6ba3b3?s=96&d=mm&r=g\",\"caption\":\"Expresso Metropolitano\"},\"url\":\"https:\\\/\\\/expressometro.mx\\\/index.php\\\/author\\\/diego\\\/\"}]}<\/script>\n<!-- \/ Yoast SEO plugin. -->","yoast_head_json":{"title":"Propone el PRI capacitar a docentes para erradicar el acoso escolar - Expresso Metropolitano","robots":{"index":"index","follow":"follow","max-snippet":"max-snippet:-1","max-image-preview":"max-image-preview:large","max-video-preview":"max-video-preview:-1"},"canonical":"https:\/\/expressometro.mx\/index.php\/2020\/11\/12\/propone-el-pri-capacitar-a-docentes-para-erradicar-el-acoso-escolar\/","og_locale":"es_MX","og_type":"article","og_title":"Propone el PRI capacitar a docentes para erradicar el acoso escolar - Expresso Metropolitano","og_description":"Entre los distintos tipos de acoso se\u00f1al\u00f3 el verbal, el no verbal, el f\u00edsico, los da\u00f1os materiales, el ciberacoso y el acoso sexual, los cuales generan, indic\u00f3, terribles consecuencias.","og_url":"https:\/\/expressometro.mx\/index.php\/2020\/11\/12\/propone-el-pri-capacitar-a-docentes-para-erradicar-el-acoso-escolar\/","og_site_name":"Expresso Metropolitano","article_published_time":"2020-11-12T15:05:00+00:00","article_modified_time":"2020-11-13T15:10:30+00:00","og_image":[{"width":1024,"height":683,"url":"https:\/\/expressometro.mx\/wp-content\/uploads\/2020\/11\/41D615F3-599A-49E9-88FC-B4288DD97AB7.jpeg","type":"image\/jpeg"}],"author":"Expresso Metropolitano","twitter_misc":{"Escrito por":"Expresso Metropolitano","Tiempo de lectura":"1 minuto"},"schema":{"@context":"https:\/\/schema.org","@graph":[{"@type":"Article","@id":"https:\/\/expressometro.mx\/index.php\/2020\/11\/12\/propone-el-pri-capacitar-a-docentes-para-erradicar-el-acoso-escolar\/#article","isPartOf":{"@id":"https:\/\/expressometro.mx\/index.php\/2020\/11\/12\/propone-el-pri-capacitar-a-docentes-para-erradicar-el-acoso-escolar\/"},"author":{"name":"Expresso Metropolitano","@id":"https:\/\/expressometro.mx\/#\/schema\/person\/efa971b4a0664db8ed5c22b1b0dd2f5d"},"headline":"Propone el PRI capacitar a docentes para erradicar el acoso escolar","datePublished":"2020-11-12T15:05:00+00:00","dateModified":"2020-11-13T15:10:30+00:00","mainEntityOfPage":{"@id":"https:\/\/expressometro.mx\/index.php\/2020\/11\/12\/propone-el-pri-capacitar-a-docentes-para-erradicar-el-acoso-escolar\/"},"wordCount":300,"commentCount":0,"publisher":{"@id":"https:\/\/expressometro.mx\/#organization"},"image":{"@id":"https:\/\/expressometro.mx\/index.php\/2020\/11\/12\/propone-el-pri-capacitar-a-docentes-para-erradicar-el-acoso-escolar\/#primaryimage"},"thumbnailUrl":"https:\/\/expressometro.mx\/wp-content\/uploads\/2020\/11\/41D615F3-599A-49E9-88FC-B4288DD97AB7.jpeg","keywords":["LX Legislatura","Marlon Mart\u00ednez","PRI"],"articleSection":["Educaci\u00f3n","Seguridad"],"inLanguage":"es","potentialAction":[{"@type":"CommentAction","name":"Comment","target":["https:\/\/expressometro.mx\/index.php\/2020\/11\/12\/propone-el-pri-capacitar-a-docentes-para-erradicar-el-acoso-escolar\/#respond"]}]},{"@type":"WebPage","@id":"https:\/\/expressometro.mx\/index.php\/2020\/11\/12\/propone-el-pri-capacitar-a-docentes-para-erradicar-el-acoso-escolar\/","url":"https:\/\/expressometro.mx\/index.php\/2020\/11\/12\/propone-el-pri-capacitar-a-docentes-para-erradicar-el-acoso-escolar\/","name":"Propone el PRI capacitar a docentes para erradicar el acoso escolar - Expresso Metropolitano","isPartOf":{"@id":"https:\/\/expressometro.mx\/#website"},"primaryImageOfPage":{"@id":"https:\/\/expressometro.mx\/index.php\/2020\/11\/12\/propone-el-pri-capacitar-a-docentes-para-erradicar-el-acoso-escolar\/#primaryimage"},"image":{"@id":"https:\/\/expressometro.mx\/index.php\/2020\/11\/12\/propone-el-pri-capacitar-a-docentes-para-erradicar-el-acoso-escolar\/#primaryimage"},"thumbnailUrl":"https:\/\/expressometro.mx\/wp-content\/uploads\/2020\/11\/41D615F3-599A-49E9-88FC-B4288DD97AB7.jpeg","datePublished":"2020-11-12T15:05:00+00:00","dateModified":"2020-11-13T15:10:30+00:00","breadcrumb":{"@id":"https:\/\/expressometro.mx\/index.php\/2020\/11\/12\/propone-el-pri-capacitar-a-docentes-para-erradicar-el-acoso-escolar\/#breadcrumb"},"inLanguage":"es","potentialAction":[{"@type":"ReadAction","target":["https:\/\/expressometro.mx\/index.php\/2020\/11\/12\/propone-el-pri-capacitar-a-docentes-para-erradicar-el-acoso-escolar\/"]}]},{"@type":"ImageObject","inLanguage":"es","@id":"https:\/\/expressometro.mx\/index.php\/2020\/11\/12\/propone-el-pri-capacitar-a-docentes-para-erradicar-el-acoso-escolar\/#primaryimage","url":"https:\/\/expressometro.mx\/wp-content\/uploads\/2020\/11\/41D615F3-599A-49E9-88FC-B4288DD97AB7.jpeg","contentUrl":"https:\/\/expressometro.mx\/wp-content\/uploads\/2020\/11\/41D615F3-599A-49E9-88FC-B4288DD97AB7.jpeg","width":1024,"height":683},{"@type":"BreadcrumbList","@id":"https:\/\/expressometro.mx\/index.php\/2020\/11\/12\/propone-el-pri-capacitar-a-docentes-para-erradicar-el-acoso-escolar\/#breadcrumb","itemListElement":[{"@type":"ListItem","position":1,"name":"Inicio","item":"https:\/\/expressometro.mx\/"},{"@type":"ListItem","position":2,"name":"Propone el PRI capacitar a docentes para erradicar el acoso escolar"}]},{"@type":"WebSite","@id":"https:\/\/expressometro.mx\/#website","url":"https:\/\/expressometro.mx\/","name":"Expresso Metropolitano","description":"Periodismo comprometido, informaci\u00f3n, investigaci\u00f3n y an\u00e1lisis","publisher":{"@id":"https:\/\/expressometro.mx\/#organization"},"potentialAction":[{"@type":"SearchAction","target":{"@type":"EntryPoint","urlTemplate":"https:\/\/expressometro.mx\/?s={search_term_string}"},"query-input":{"@type":"PropertyValueSpecification","valueRequired":true,"valueName":"search_term_string"}}],"inLanguage":"es"},{"@type":"Organization","@id":"https:\/\/expressometro.mx\/#organization","name":"Expresso Metropolitano","url":"https:\/\/expressometro.mx\/","logo":{"@type":"ImageObject","inLanguage":"es","@id":"https:\/\/expressometro.mx\/#\/schema\/logo\/image\/","url":"https:\/\/expressometro.mx\/wp-content\/uploads\/2019\/07\/cropped-Logo-Expresso-Metropolitano-1-1.jpeg","contentUrl":"https:\/\/expressometro.mx\/wp-content\/uploads\/2019\/07\/cropped-Logo-Expresso-Metropolitano-1-1.jpeg","width":290,"height":73,"caption":"Expresso Metropolitano"},"image":{"@id":"https:\/\/expressometro.mx\/#\/schema\/logo\/image\/"}},{"@type":"Person","@id":"https:\/\/expressometro.mx\/#\/schema\/person\/efa971b4a0664db8ed5c22b1b0dd2f5d","name":"Expresso Metropolitano","image":{"@type":"ImageObject","inLanguage":"es","@id":"https:\/\/secure.gravatar.com\/avatar\/a89f802b8de18c6952f223c88d3d106e9e3679839f4e25a02f4a6cc2ae6ba3b3?s=96&d=mm&r=g","url":"https:\/\/secure.gravatar.com\/avatar\/a89f802b8de18c6952f223c88d3d106e9e3679839f4e25a02f4a6cc2ae6ba3b3?s=96&d=mm&r=g","contentUrl":"https:\/\/secure.gravatar.com\/avatar\/a89f802b8de18c6952f223c88d3d106e9e3679839f4e25a02f4a6cc2ae6ba3b3?s=96&d=mm&r=g","caption":"Expresso Metropolitano"},"url":"https:\/\/expressometro.mx\/index.php\/author\/diego\/"}]}},"amp_enabled":true,"_links":{"self":[{"href":"https:\/\/expressometro.mx\/index.php\/wp-json\/wp\/v2\/posts\/2002","targetHints":{"allow":["GET"]}}],"collection":[{"href":"https:\/\/expressometro.mx\/index.php\/wp-json\/wp\/v2\/posts"}],"about":[{"href":"https:\/\/expressometro.mx\/index.php\/wp-json\/wp\/v2\/types\/post"}],"author":[{"embeddable":true,"href":"https:\/\/expressometro.mx\/index.php\/wp-json\/wp\/v2\/users\/1"}],"replies":[{"embeddable":true,"href":"https:\/\/expressometro.mx\/index.php\/wp-json\/wp\/v2\/comments?post=2002"}],"version-history":[{"count":2,"href":"https:\/\/expressometro.mx\/index.php\/wp-json\/wp\/v2\/posts\/2002\/revisions"}],"predecessor-version":[{"id":2006,"href":"https:\/\/expressometro.mx\/index.php\/wp-json\/wp\/v2\/posts\/2002\/revisions\/2006"}],"wp:featuredmedia":[{"embeddable":true,"href":"https:\/\/expressometro.mx\/index.php\/wp-json\/wp\/v2\/media\/2003"}],"wp:attachment":[{"href":"https:\/\/expressometro.mx\/index.php\/wp-json\/wp\/v2\/media?parent=2002"}],"wp:term":[{"taxonomy":"category","embeddable":true,"href":"https:\/\/expressometro.mx\/index.php\/wp-json\/wp\/v2\/categories?post=2002"},{"taxonomy":"post_tag","embeddable":true,"href":"https:\/\/expressometro.mx\/index.php\/wp-json\/wp\/v2\/tags?post=2002"}],"curies":[{"name":"wp","href":"https:\/\/api.w.org\/{rel}","templated":true}]}}