{"id":200,"date":"2019-08-21T10:55:35","date_gmt":"2019-08-21T15:55:35","guid":{"rendered":"http:\/\/expressometro.mx\/?p=200"},"modified":"2019-09-25T10:41:09","modified_gmt":"2019-09-25T15:41:09","slug":"realiza-gem-taller-de-actualizacion-del-programa-de-manejo-del-parque-estatal-sierra-de-tepotzotlan","status":"publish","type":"post","link":"https:\/\/expressometro.mx\/index.php\/2019\/08\/21\/realiza-gem-taller-de-actualizacion-del-programa-de-manejo-del-parque-estatal-sierra-de-tepotzotlan\/","title":{"rendered":"REALIZA GEM TALLER DE ACTUALIZACI\u00d3N DEL PROGRAMA DE MANEJO DEL PARQUE ESTATAL SIERRA DE TEPOTZOTL\u00c1N"},"content":{"rendered":"\n<p>Con el objetivo de establecer un di\u00e1logo con la ciudadan\u00eda y autoridades sobre los Programas de Manejo de las \u00c1reas Naturales Protegidas (ANP), el Gobierno del Estado de M\u00e9xico a trav\u00e9s de la Secretar\u00eda del Medio Ambiente, llev\u00f3 a cabo el taller para la actualizaci\u00f3n del Manejo del Parque Estatal Sierra de Tepotzotl\u00e1n, como parte de las acciones que establece el Reglamento del C\u00f3digo para la Biodiversidad del Estado de M\u00e9xico.<\/p>\n\n\n\n<p>El Programa de Manejo de las \u00c1reas Naturales Protegidas (ANP) define los instrumentos que determinan las estrategias de conservaci\u00f3n y uso de las mismas, adem\u00e1s de establecer las actividades, acciones y lineamientos b\u00e1sicos para el manejo y administraci\u00f3n de los Parques en el Estado de M\u00e9xico.<\/p>\n\n\n\n<p>El taller, organizado por la Coordinaci\u00f3n General de Conservaci\u00f3n Ecol\u00f3gica (CGCE) de la Secretar\u00eda del Medio Ambiente, se imparti\u00f3 a representantes de los tres \u00f3rdenes de Gobierno, as\u00ed como a propietarios de la tierra, instituciones educativas y organizaciones de la sociedad civil, generando un di\u00e1logo que permiti\u00f3 mejorar y adaptar los programas de manejo de las ANP en la entidad mexiquense.<\/p>\n\n\n\n<p>El Parque Estatal Sierra de Tepotzotl\u00e1n es una \u00c1rea Natural Protegida dentro del Estado de M\u00e9xico que cuenta con una superficie total de 9 mil 768.20 hect\u00e1reas.&nbsp;<\/p>\n\n\n\n<p>Las caracter\u00edsticas f\u00edsicas, biol\u00f3gicas, socioecon\u00f3micas, culturales, el uso actual del suelo, as\u00ed como los aspectos legales, zonificaci\u00f3n del parque, reglas administrativas y operativas, son parte de las actualizaciones que se contemplar\u00e1n dentro del programa para el correcto funcionamiento del Parque Estatal Sierra de Tepotzotl\u00e1n.<\/p>\n\n\n\n<p>Estas actualizaciones contribuir\u00e1n a proteger y conservar los ecosistemas y biodiversidad en la Sierra de Tepotzotl\u00e1n, importante proveedor de servicios ambientales a la Zona Metropolitana del Valle de M\u00e9xico.<\/p>\n\n\n\n<p>Durante el desarrollo del taller, los asistentes se pronunciaron a favor de realizar trabajos de reforestaci\u00f3n y mantenimiento, as\u00ed como la prevenci\u00f3n y combate de incendios forestales, para la conservaci\u00f3n y restauraci\u00f3n del parque.<\/p>\n\n\n\n<p>Asimismo, se promovi\u00f3 ampliar la informaci\u00f3n sobre las actividades que est\u00e1n permitidas dentro de esta \u00c1rea Natural Protegida.<\/p>\n\n\n\n<p>Estos parques ayudan en la preservaci\u00f3n del medio ambiente, adem\u00e1s de mejorar la calidad del aire ya que producen ox\u00edgeno y mitigan la contaminaci\u00f3n en la entidad.<\/p>\n\n\n\n<p>El Gobierno del Estado de M\u00e9xico, a trav\u00e9s de la Secretar\u00eda del Medio Ambiente, refrenda el compromiso con el cuidado y preservaci\u00f3n de los recursos naturales contribuyendo a tener un estado fuerte y sustentable en beneficio de los mexiquenses.<\/p>\n","protected":false},"excerpt":{"rendered":"<p>Con el objetivo de establecer un di\u00e1logo con la ciudadan\u00eda y autoridades sobre los Programas de Manejo de las \u00c1reas Naturales Protegidas (ANP), el Gobierno del Estado de M\u00e9xico a trav\u00e9s de la Secretar\u00eda del Medio Ambiente, llev\u00f3 a cabo el taller para la actualizaci\u00f3n del Manejo del Parque Estatal Sierra de Tepotzotl\u00e1n, como parte de las acciones que establece el Reglamento del C\u00f3digo para la Biodiversidad del Estado de M\u00e9xico. El Programa de Manejo de las \u00c1reas Naturales Protegidas (ANP) define los instrumentos que determinan las estrategias de conservaci\u00f3n&hellip;<\/p>\n","protected":false},"author":1,"featured_media":0,"comment_status":"open","ping_status":"open","sticky":false,"template":"","format":"standard","meta":{"footnotes":""},"categories":[8],"tags":[],"class_list":["post-200","post","type-post","status-publish","format-standard","hentry","category-medio-ambiente"],"yoast_head":"<!-- This site is optimized with the Yoast SEO plugin v27.4 - https:\/\/yoast.com\/product\/yoast-seo-wordpress\/ -->\n<title>REALIZA GEM TALLER DE ACTUALIZACI\u00d3N DEL PROGRAMA DE MANEJO DEL PARQUE ESTATAL SIERRA DE TEPOTZOTL\u00c1N - Expresso Metropolitano<\/title>\n<meta name=\"robots\" content=\"index, follow, max-snippet:-1, max-image-preview:large, max-video-preview:-1\" \/>\n<link rel=\"canonical\" href=\"https:\/\/expressometro.mx\/index.php\/2019\/08\/21\/realiza-gem-taller-de-actualizacion-del-programa-de-manejo-del-parque-estatal-sierra-de-tepotzotlan\/\" \/>\n<meta property=\"og:locale\" content=\"es_MX\" \/>\n<meta property=\"og:type\" content=\"article\" \/>\n<meta property=\"og:title\" content=\"REALIZA GEM TALLER DE ACTUALIZACI\u00d3N DEL PROGRAMA DE MANEJO DEL PARQUE ESTATAL SIERRA DE TEPOTZOTL\u00c1N - Expresso Metropolitano\" \/>\n<meta property=\"og:description\" content=\"Con el objetivo de establecer un di\u00e1logo con la ciudadan\u00eda y autoridades sobre los Programas de Manejo de las \u00c1reas Naturales Protegidas (ANP), el Gobierno del Estado de M\u00e9xico a trav\u00e9s de la Secretar\u00eda del Medio Ambiente, llev\u00f3 a cabo el taller para la actualizaci\u00f3n del Manejo del Parque Estatal Sierra de Tepotzotl\u00e1n, como parte de las acciones que establece el Reglamento del C\u00f3digo para la Biodiversidad del Estado de M\u00e9xico. El Programa de Manejo de las \u00c1reas Naturales Protegidas (ANP) define los instrumentos que determinan las estrategias de conservaci\u00f3n&hellip;\" \/>\n<meta property=\"og:url\" content=\"https:\/\/expressometro.mx\/index.php\/2019\/08\/21\/realiza-gem-taller-de-actualizacion-del-programa-de-manejo-del-parque-estatal-sierra-de-tepotzotlan\/\" \/>\n<meta property=\"og:site_name\" content=\"Expresso Metropolitano\" \/>\n<meta property=\"article:published_time\" content=\"2019-08-21T15:55:35+00:00\" \/>\n<meta property=\"article:modified_time\" content=\"2019-09-25T15:41:09+00:00\" \/>\n<meta property=\"og:image\" content=\"https:\/\/expressometro.mx\/wp-content\/uploads\/2019\/08\/w2_8633_2.jpg\" \/>\n\t<meta property=\"og:image:width\" content=\"1613\" \/>\n\t<meta property=\"og:image:height\" content=\"1210\" \/>\n\t<meta property=\"og:image:type\" content=\"image\/jpeg\" \/>\n<meta name=\"author\" content=\"Expresso Metropolitano\" \/>\n<meta name=\"twitter:label1\" content=\"Escrito por\" \/>\n\t<meta name=\"twitter:data1\" content=\"Expresso Metropolitano\" \/>\n\t<meta name=\"twitter:label2\" content=\"Tiempo de lectura\" \/>\n\t<meta name=\"twitter:data2\" content=\"2 minutos\" \/>\n<script type=\"application\/ld+json\" class=\"yoast-schema-graph\">{\"@context\":\"https:\\\/\\\/schema.org\",\"@graph\":[{\"@type\":\"Article\",\"@id\":\"https:\\\/\\\/expressometro.mx\\\/index.php\\\/2019\\\/08\\\/21\\\/realiza-gem-taller-de-actualizacion-del-programa-de-manejo-del-parque-estatal-sierra-de-tepotzotlan\\\/#article\",\"isPartOf\":{\"@id\":\"https:\\\/\\\/expressometro.mx\\\/index.php\\\/2019\\\/08\\\/21\\\/realiza-gem-taller-de-actualizacion-del-programa-de-manejo-del-parque-estatal-sierra-de-tepotzotlan\\\/\"},\"author\":{\"name\":\"Expresso Metropolitano\",\"@id\":\"https:\\\/\\\/expressometro.mx\\\/#\\\/schema\\\/person\\\/efa971b4a0664db8ed5c22b1b0dd2f5d\"},\"headline\":\"REALIZA GEM TALLER DE ACTUALIZACI\u00d3N DEL PROGRAMA DE MANEJO DEL PARQUE ESTATAL SIERRA DE TEPOTZOTL\u00c1N\",\"datePublished\":\"2019-08-21T15:55:35+00:00\",\"dateModified\":\"2019-09-25T15:41:09+00:00\",\"mainEntityOfPage\":{\"@id\":\"https:\\\/\\\/expressometro.mx\\\/index.php\\\/2019\\\/08\\\/21\\\/realiza-gem-taller-de-actualizacion-del-programa-de-manejo-del-parque-estatal-sierra-de-tepotzotlan\\\/\"},\"wordCount\":458,\"commentCount\":0,\"publisher\":{\"@id\":\"https:\\\/\\\/expressometro.mx\\\/#organization\"},\"articleSection\":[\"Medio ambiente\"],\"inLanguage\":\"es\",\"potentialAction\":[{\"@type\":\"CommentAction\",\"name\":\"Comment\",\"target\":[\"https:\\\/\\\/expressometro.mx\\\/index.php\\\/2019\\\/08\\\/21\\\/realiza-gem-taller-de-actualizacion-del-programa-de-manejo-del-parque-estatal-sierra-de-tepotzotlan\\\/#respond\"]}]},{\"@type\":\"WebPage\",\"@id\":\"https:\\\/\\\/expressometro.mx\\\/index.php\\\/2019\\\/08\\\/21\\\/realiza-gem-taller-de-actualizacion-del-programa-de-manejo-del-parque-estatal-sierra-de-tepotzotlan\\\/\",\"url\":\"https:\\\/\\\/expressometro.mx\\\/index.php\\\/2019\\\/08\\\/21\\\/realiza-gem-taller-de-actualizacion-del-programa-de-manejo-del-parque-estatal-sierra-de-tepotzotlan\\\/\",\"name\":\"REALIZA GEM TALLER DE ACTUALIZACI\u00d3N DEL PROGRAMA DE MANEJO DEL PARQUE ESTATAL SIERRA DE TEPOTZOTL\u00c1N - Expresso Metropolitano\",\"isPartOf\":{\"@id\":\"https:\\\/\\\/expressometro.mx\\\/#website\"},\"datePublished\":\"2019-08-21T15:55:35+00:00\",\"dateModified\":\"2019-09-25T15:41:09+00:00\",\"breadcrumb\":{\"@id\":\"https:\\\/\\\/expressometro.mx\\\/index.php\\\/2019\\\/08\\\/21\\\/realiza-gem-taller-de-actualizacion-del-programa-de-manejo-del-parque-estatal-sierra-de-tepotzotlan\\\/#breadcrumb\"},\"inLanguage\":\"es\",\"potentialAction\":[{\"@type\":\"ReadAction\",\"target\":[\"https:\\\/\\\/expressometro.mx\\\/index.php\\\/2019\\\/08\\\/21\\\/realiza-gem-taller-de-actualizacion-del-programa-de-manejo-del-parque-estatal-sierra-de-tepotzotlan\\\/\"]}]},{\"@type\":\"BreadcrumbList\",\"@id\":\"https:\\\/\\\/expressometro.mx\\\/index.php\\\/2019\\\/08\\\/21\\\/realiza-gem-taller-de-actualizacion-del-programa-de-manejo-del-parque-estatal-sierra-de-tepotzotlan\\\/#breadcrumb\",\"itemListElement\":[{\"@type\":\"ListItem\",\"position\":1,\"name\":\"Inicio\",\"item\":\"https:\\\/\\\/expressometro.mx\\\/\"},{\"@type\":\"ListItem\",\"position\":2,\"name\":\"REALIZA GEM TALLER DE ACTUALIZACI\u00d3N DEL PROGRAMA DE MANEJO DEL PARQUE ESTATAL SIERRA DE TEPOTZOTL\u00c1N\"}]},{\"@type\":\"WebSite\",\"@id\":\"https:\\\/\\\/expressometro.mx\\\/#website\",\"url\":\"https:\\\/\\\/expressometro.mx\\\/\",\"name\":\"Expresso Metropolitano\",\"description\":\"Periodismo comprometido, informaci\u00f3n, investigaci\u00f3n y an\u00e1lisis\",\"publisher\":{\"@id\":\"https:\\\/\\\/expressometro.mx\\\/#organization\"},\"potentialAction\":[{\"@type\":\"SearchAction\",\"target\":{\"@type\":\"EntryPoint\",\"urlTemplate\":\"https:\\\/\\\/expressometro.mx\\\/?s={search_term_string}\"},\"query-input\":{\"@type\":\"PropertyValueSpecification\",\"valueRequired\":true,\"valueName\":\"search_term_string\"}}],\"inLanguage\":\"es\"},{\"@type\":\"Organization\",\"@id\":\"https:\\\/\\\/expressometro.mx\\\/#organization\",\"name\":\"Expresso Metropolitano\",\"url\":\"https:\\\/\\\/expressometro.mx\\\/\",\"logo\":{\"@type\":\"ImageObject\",\"inLanguage\":\"es\",\"@id\":\"https:\\\/\\\/expressometro.mx\\\/#\\\/schema\\\/logo\\\/image\\\/\",\"url\":\"https:\\\/\\\/expressometro.mx\\\/wp-content\\\/uploads\\\/2019\\\/07\\\/cropped-Logo-Expresso-Metropolitano-1-1.jpeg\",\"contentUrl\":\"https:\\\/\\\/expressometro.mx\\\/wp-content\\\/uploads\\\/2019\\\/07\\\/cropped-Logo-Expresso-Metropolitano-1-1.jpeg\",\"width\":290,\"height\":73,\"caption\":\"Expresso Metropolitano\"},\"image\":{\"@id\":\"https:\\\/\\\/expressometro.mx\\\/#\\\/schema\\\/logo\\\/image\\\/\"}},{\"@type\":\"Person\",\"@id\":\"https:\\\/\\\/expressometro.mx\\\/#\\\/schema\\\/person\\\/efa971b4a0664db8ed5c22b1b0dd2f5d\",\"name\":\"Expresso Metropolitano\",\"image\":{\"@type\":\"ImageObject\",\"inLanguage\":\"es\",\"@id\":\"https:\\\/\\\/secure.gravatar.com\\\/avatar\\\/a89f802b8de18c6952f223c88d3d106e9e3679839f4e25a02f4a6cc2ae6ba3b3?s=96&d=mm&r=g\",\"url\":\"https:\\\/\\\/secure.gravatar.com\\\/avatar\\\/a89f802b8de18c6952f223c88d3d106e9e3679839f4e25a02f4a6cc2ae6ba3b3?s=96&d=mm&r=g\",\"contentUrl\":\"https:\\\/\\\/secure.gravatar.com\\\/avatar\\\/a89f802b8de18c6952f223c88d3d106e9e3679839f4e25a02f4a6cc2ae6ba3b3?s=96&d=mm&r=g\",\"caption\":\"Expresso Metropolitano\"},\"url\":\"https:\\\/\\\/expressometro.mx\\\/index.php\\\/author\\\/diego\\\/\"}]}<\/script>\n<!-- \/ Yoast SEO plugin. -->","yoast_head_json":{"title":"REALIZA GEM TALLER DE ACTUALIZACI\u00d3N DEL PROGRAMA DE MANEJO DEL PARQUE ESTATAL SIERRA DE TEPOTZOTL\u00c1N - Expresso Metropolitano","robots":{"index":"index","follow":"follow","max-snippet":"max-snippet:-1","max-image-preview":"max-image-preview:large","max-video-preview":"max-video-preview:-1"},"canonical":"https:\/\/expressometro.mx\/index.php\/2019\/08\/21\/realiza-gem-taller-de-actualizacion-del-programa-de-manejo-del-parque-estatal-sierra-de-tepotzotlan\/","og_locale":"es_MX","og_type":"article","og_title":"REALIZA GEM TALLER DE ACTUALIZACI\u00d3N DEL PROGRAMA DE MANEJO DEL PARQUE ESTATAL SIERRA DE TEPOTZOTL\u00c1N - Expresso Metropolitano","og_description":"Con el objetivo de establecer un di\u00e1logo con la ciudadan\u00eda y autoridades sobre los Programas de Manejo de las \u00c1reas Naturales Protegidas (ANP), el Gobierno del Estado de M\u00e9xico a trav\u00e9s de la Secretar\u00eda del Medio Ambiente, llev\u00f3 a cabo el taller para la actualizaci\u00f3n del Manejo del Parque Estatal Sierra de Tepotzotl\u00e1n, como parte de las acciones que establece el Reglamento del C\u00f3digo para la Biodiversidad del Estado de M\u00e9xico. El Programa de Manejo de las \u00c1reas Naturales Protegidas (ANP) define los instrumentos que determinan las estrategias de conservaci\u00f3n&hellip;","og_url":"https:\/\/expressometro.mx\/index.php\/2019\/08\/21\/realiza-gem-taller-de-actualizacion-del-programa-de-manejo-del-parque-estatal-sierra-de-tepotzotlan\/","og_site_name":"Expresso Metropolitano","article_published_time":"2019-08-21T15:55:35+00:00","article_modified_time":"2019-09-25T15:41:09+00:00","og_image":[{"width":1613,"height":1210,"url":"https:\/\/expressometro.mx\/wp-content\/uploads\/2019\/08\/w2_8633_2.jpg","type":"image\/jpeg"}],"author":"Expresso Metropolitano","twitter_misc":{"Escrito por":"Expresso Metropolitano","Tiempo de lectura":"2 minutos"},"schema":{"@context":"https:\/\/schema.org","@graph":[{"@type":"Article","@id":"https:\/\/expressometro.mx\/index.php\/2019\/08\/21\/realiza-gem-taller-de-actualizacion-del-programa-de-manejo-del-parque-estatal-sierra-de-tepotzotlan\/#article","isPartOf":{"@id":"https:\/\/expressometro.mx\/index.php\/2019\/08\/21\/realiza-gem-taller-de-actualizacion-del-programa-de-manejo-del-parque-estatal-sierra-de-tepotzotlan\/"},"author":{"name":"Expresso Metropolitano","@id":"https:\/\/expressometro.mx\/#\/schema\/person\/efa971b4a0664db8ed5c22b1b0dd2f5d"},"headline":"REALIZA GEM TALLER DE ACTUALIZACI\u00d3N DEL PROGRAMA DE MANEJO DEL PARQUE ESTATAL SIERRA DE TEPOTZOTL\u00c1N","datePublished":"2019-08-21T15:55:35+00:00","dateModified":"2019-09-25T15:41:09+00:00","mainEntityOfPage":{"@id":"https:\/\/expressometro.mx\/index.php\/2019\/08\/21\/realiza-gem-taller-de-actualizacion-del-programa-de-manejo-del-parque-estatal-sierra-de-tepotzotlan\/"},"wordCount":458,"commentCount":0,"publisher":{"@id":"https:\/\/expressometro.mx\/#organization"},"articleSection":["Medio ambiente"],"inLanguage":"es","potentialAction":[{"@type":"CommentAction","name":"Comment","target":["https:\/\/expressometro.mx\/index.php\/2019\/08\/21\/realiza-gem-taller-de-actualizacion-del-programa-de-manejo-del-parque-estatal-sierra-de-tepotzotlan\/#respond"]}]},{"@type":"WebPage","@id":"https:\/\/expressometro.mx\/index.php\/2019\/08\/21\/realiza-gem-taller-de-actualizacion-del-programa-de-manejo-del-parque-estatal-sierra-de-tepotzotlan\/","url":"https:\/\/expressometro.mx\/index.php\/2019\/08\/21\/realiza-gem-taller-de-actualizacion-del-programa-de-manejo-del-parque-estatal-sierra-de-tepotzotlan\/","name":"REALIZA GEM TALLER DE ACTUALIZACI\u00d3N DEL PROGRAMA DE MANEJO DEL PARQUE ESTATAL SIERRA DE TEPOTZOTL\u00c1N - Expresso Metropolitano","isPartOf":{"@id":"https:\/\/expressometro.mx\/#website"},"datePublished":"2019-08-21T15:55:35+00:00","dateModified":"2019-09-25T15:41:09+00:00","breadcrumb":{"@id":"https:\/\/expressometro.mx\/index.php\/2019\/08\/21\/realiza-gem-taller-de-actualizacion-del-programa-de-manejo-del-parque-estatal-sierra-de-tepotzotlan\/#breadcrumb"},"inLanguage":"es","potentialAction":[{"@type":"ReadAction","target":["https:\/\/expressometro.mx\/index.php\/2019\/08\/21\/realiza-gem-taller-de-actualizacion-del-programa-de-manejo-del-parque-estatal-sierra-de-tepotzotlan\/"]}]},{"@type":"BreadcrumbList","@id":"https:\/\/expressometro.mx\/index.php\/2019\/08\/21\/realiza-gem-taller-de-actualizacion-del-programa-de-manejo-del-parque-estatal-sierra-de-tepotzotlan\/#breadcrumb","itemListElement":[{"@type":"ListItem","position":1,"name":"Inicio","item":"https:\/\/expressometro.mx\/"},{"@type":"ListItem","position":2,"name":"REALIZA GEM TALLER DE ACTUALIZACI\u00d3N DEL PROGRAMA DE MANEJO DEL PARQUE ESTATAL SIERRA DE TEPOTZOTL\u00c1N"}]},{"@type":"WebSite","@id":"https:\/\/expressometro.mx\/#website","url":"https:\/\/expressometro.mx\/","name":"Expresso Metropolitano","description":"Periodismo comprometido, informaci\u00f3n, investigaci\u00f3n y an\u00e1lisis","publisher":{"@id":"https:\/\/expressometro.mx\/#organization"},"potentialAction":[{"@type":"SearchAction","target":{"@type":"EntryPoint","urlTemplate":"https:\/\/expressometro.mx\/?s={search_term_string}"},"query-input":{"@type":"PropertyValueSpecification","valueRequired":true,"valueName":"search_term_string"}}],"inLanguage":"es"},{"@type":"Organization","@id":"https:\/\/expressometro.mx\/#organization","name":"Expresso Metropolitano","url":"https:\/\/expressometro.mx\/","logo":{"@type":"ImageObject","inLanguage":"es","@id":"https:\/\/expressometro.mx\/#\/schema\/logo\/image\/","url":"https:\/\/expressometro.mx\/wp-content\/uploads\/2019\/07\/cropped-Logo-Expresso-Metropolitano-1-1.jpeg","contentUrl":"https:\/\/expressometro.mx\/wp-content\/uploads\/2019\/07\/cropped-Logo-Expresso-Metropolitano-1-1.jpeg","width":290,"height":73,"caption":"Expresso Metropolitano"},"image":{"@id":"https:\/\/expressometro.mx\/#\/schema\/logo\/image\/"}},{"@type":"Person","@id":"https:\/\/expressometro.mx\/#\/schema\/person\/efa971b4a0664db8ed5c22b1b0dd2f5d","name":"Expresso Metropolitano","image":{"@type":"ImageObject","inLanguage":"es","@id":"https:\/\/secure.gravatar.com\/avatar\/a89f802b8de18c6952f223c88d3d106e9e3679839f4e25a02f4a6cc2ae6ba3b3?s=96&d=mm&r=g","url":"https:\/\/secure.gravatar.com\/avatar\/a89f802b8de18c6952f223c88d3d106e9e3679839f4e25a02f4a6cc2ae6ba3b3?s=96&d=mm&r=g","contentUrl":"https:\/\/secure.gravatar.com\/avatar\/a89f802b8de18c6952f223c88d3d106e9e3679839f4e25a02f4a6cc2ae6ba3b3?s=96&d=mm&r=g","caption":"Expresso Metropolitano"},"url":"https:\/\/expressometro.mx\/index.php\/author\/diego\/"}]}},"amp_enabled":true,"_links":{"self":[{"href":"https:\/\/expressometro.mx\/index.php\/wp-json\/wp\/v2\/posts\/200","targetHints":{"allow":["GET"]}}],"collection":[{"href":"https:\/\/expressometro.mx\/index.php\/wp-json\/wp\/v2\/posts"}],"about":[{"href":"https:\/\/expressometro.mx\/index.php\/wp-json\/wp\/v2\/types\/post"}],"author":[{"embeddable":true,"href":"https:\/\/expressometro.mx\/index.php\/wp-json\/wp\/v2\/users\/1"}],"replies":[{"embeddable":true,"href":"https:\/\/expressometro.mx\/index.php\/wp-json\/wp\/v2\/comments?post=200"}],"version-history":[{"count":1,"href":"https:\/\/expressometro.mx\/index.php\/wp-json\/wp\/v2\/posts\/200\/revisions"}],"predecessor-version":[{"id":202,"href":"https:\/\/expressometro.mx\/index.php\/wp-json\/wp\/v2\/posts\/200\/revisions\/202"}],"wp:attachment":[{"href":"https:\/\/expressometro.mx\/index.php\/wp-json\/wp\/v2\/media?parent=200"}],"wp:term":[{"taxonomy":"category","embeddable":true,"href":"https:\/\/expressometro.mx\/index.php\/wp-json\/wp\/v2\/categories?post=200"},{"taxonomy":"post_tag","embeddable":true,"href":"https:\/\/expressometro.mx\/index.php\/wp-json\/wp\/v2\/tags?post=200"}],"curies":[{"name":"wp","href":"https:\/\/api.w.org\/{rel}","templated":true}]}}