{"id":1993,"date":"2020-11-10T10:11:00","date_gmt":"2020-11-10T16:11:00","guid":{"rendered":"http:\/\/expressometro.mx\/?p=1993"},"modified":"2020-11-11T10:13:49","modified_gmt":"2020-11-11T16:13:49","slug":"propone-el-prd-expedir-la-ley-de-ingreso-al-minimo-vital-de-emergencia-del-estado-de-mexico","status":"publish","type":"post","link":"https:\/\/expressometro.mx\/index.php\/2020\/11\/10\/propone-el-prd-expedir-la-ley-de-ingreso-al-minimo-vital-de-emergencia-del-estado-de-mexico\/","title":{"rendered":"Propone el PRD expedir la Ley de Ingreso al M\u00ednimo Vital de Emergencia del Estado de M\u00e9xico"},"content":{"rendered":"\n<p>El diputado Omar Ortega \u00c1lvarez, coordinador parlamentario del PRD en la LX Legislatura mexiquense, propuso expedir la Ley de Ingreso al M\u00ednimo Vital de Emergencia del Estado de M\u00e9xico, cuyo objetivo es reconocer el derecho de las personas a recibir una compensaci\u00f3n monetaria temporal ante una contingencia de este tipo.<br>En la tribuna legislativa, Omar Ortega explic\u00f3 que el Ingreso M\u00ednimo Vital ser\u00e1 un apoyo econ\u00f3mico que el gobierno estatal realice a favor de las personas, que, habi\u00e9ndolo solicitado, cumplan con los requisitos establecidos, que el monto ser\u00e1 el equivalente a 30 Unidades de Medida y Actualizaci\u00f3n (UMA), y que se entregar\u00e1 durante tres meses consecutivos. De existir recursos disponibles, la prestaci\u00f3n pudiera prorrogarse por otros tres meses.<br>\u200bLa propuesta establece que en casos de emergencia sanitaria declarada por el Consejo de Salubridad General y reconocida por las autoridades estatales en materia de salud, el Ejecutivo acordar\u00e1 la ejecuci\u00f3n del derecho al ingreso m\u00ednimo vital emergente hasta el restablecimiento de la normalidad, por lo que podr\u00e1 disponer de los recursos necesarios sin autorizaci\u00f3n previa de la Legislatura.<br>La aplicaci\u00f3n de la ley propuesta corresponder\u00e1 al Ejecutivo a trav\u00e9s de la Secretar\u00eda de Desarrollo Social, dependencia que emitir\u00e1 los lineamientos respectivos y levantar\u00e1 el padr\u00f3n de beneficiarios, que deber\u00e1 actualizarse de manera mensual.<br>La iniciativa, para reformar el art\u00edculo 9 de la Constituci\u00f3n Pol\u00edtica del Estado Libre y Soberano de M\u00e9xico y crear la Ley de Ingreso al M\u00ednimo Vital de Emergencia del Estado de M\u00e9xico, se envi\u00f3 a las comisiones de Gobernaci\u00f3n y Puntos Constitucionales y de Trabajo, Previsi\u00f3n y Seguridad Social, para su estudio y dictamen.<\/p>\n","protected":false},"excerpt":{"rendered":"<p>Propone que el gobierno estatal otorgue un apoyo monetario equivalente a 30 Unidades de Medida y Actualizaci\u00f3n y que se entregue durante tres meses consecutivos.<\/p>\n","protected":false},"author":1,"featured_media":1994,"comment_status":"open","ping_status":"open","sticky":false,"template":"","format":"standard","meta":{"footnotes":""},"categories":[4,3],"tags":[90,150],"class_list":["post-1993","post","type-post","status-publish","format-standard","has-post-thumbnail","hentry","category-finanzas","category-gobierno","tag-lx-legislatura","tag-omar-ortega"],"yoast_head":"<!-- This site is optimized with the Yoast SEO plugin v27.5 - https:\/\/yoast.com\/product\/yoast-seo-wordpress\/ -->\n<title>Propone el PRD expedir la Ley de Ingreso al M\u00ednimo Vital de Emergencia del Estado de M\u00e9xico - Expresso Metropolitano<\/title>\n<meta name=\"robots\" content=\"index, follow, max-snippet:-1, max-image-preview:large, max-video-preview:-1\" \/>\n<link rel=\"canonical\" href=\"https:\/\/expressometro.mx\/index.php\/2020\/11\/10\/propone-el-prd-expedir-la-ley-de-ingreso-al-minimo-vital-de-emergencia-del-estado-de-mexico\/\" \/>\n<meta property=\"og:locale\" content=\"es_MX\" \/>\n<meta property=\"og:type\" content=\"article\" \/>\n<meta property=\"og:title\" content=\"Propone el PRD expedir la Ley de Ingreso al M\u00ednimo Vital de Emergencia del Estado de M\u00e9xico - Expresso Metropolitano\" \/>\n<meta property=\"og:description\" content=\"Propone que el gobierno estatal otorgue un apoyo monetario equivalente a 30 Unidades de Medida y Actualizaci\u00f3n y que se entregue durante tres meses consecutivos.\" \/>\n<meta property=\"og:url\" content=\"https:\/\/expressometro.mx\/index.php\/2020\/11\/10\/propone-el-prd-expedir-la-ley-de-ingreso-al-minimo-vital-de-emergencia-del-estado-de-mexico\/\" \/>\n<meta property=\"og:site_name\" content=\"Expresso Metropolitano\" \/>\n<meta property=\"article:published_time\" content=\"2020-11-10T16:11:00+00:00\" \/>\n<meta property=\"article:modified_time\" content=\"2020-11-11T16:13:49+00:00\" \/>\n<meta property=\"og:image\" content=\"https:\/\/expressometro.mx\/wp-content\/uploads\/2020\/11\/D66EF7E5-C41A-41B3-B85E-06FC8E503D09.jpeg\" \/>\n\t<meta property=\"og:image:width\" content=\"1024\" \/>\n\t<meta property=\"og:image:height\" content=\"684\" \/>\n\t<meta property=\"og:image:type\" content=\"image\/jpeg\" \/>\n<meta name=\"author\" content=\"Expresso Metropolitano\" \/>\n<meta name=\"twitter:label1\" content=\"Escrito por\" \/>\n\t<meta name=\"twitter:data1\" content=\"Expresso Metropolitano\" \/>\n\t<meta name=\"twitter:label2\" content=\"Tiempo de lectura\" \/>\n\t<meta name=\"twitter:data2\" content=\"1 minuto\" \/>\n<script type=\"application\/ld+json\" class=\"yoast-schema-graph\">{\"@context\":\"https:\\\/\\\/schema.org\",\"@graph\":[{\"@type\":\"Article\",\"@id\":\"https:\\\/\\\/expressometro.mx\\\/index.php\\\/2020\\\/11\\\/10\\\/propone-el-prd-expedir-la-ley-de-ingreso-al-minimo-vital-de-emergencia-del-estado-de-mexico\\\/#article\",\"isPartOf\":{\"@id\":\"https:\\\/\\\/expressometro.mx\\\/index.php\\\/2020\\\/11\\\/10\\\/propone-el-prd-expedir-la-ley-de-ingreso-al-minimo-vital-de-emergencia-del-estado-de-mexico\\\/\"},\"author\":{\"name\":\"Expresso Metropolitano\",\"@id\":\"https:\\\/\\\/expressometro.mx\\\/#\\\/schema\\\/person\\\/efa971b4a0664db8ed5c22b1b0dd2f5d\"},\"headline\":\"Propone el PRD expedir la Ley de Ingreso al M\u00ednimo Vital de Emergencia del Estado de M\u00e9xico\",\"datePublished\":\"2020-11-10T16:11:00+00:00\",\"dateModified\":\"2020-11-11T16:13:49+00:00\",\"mainEntityOfPage\":{\"@id\":\"https:\\\/\\\/expressometro.mx\\\/index.php\\\/2020\\\/11\\\/10\\\/propone-el-prd-expedir-la-ley-de-ingreso-al-minimo-vital-de-emergencia-del-estado-de-mexico\\\/\"},\"wordCount\":307,\"commentCount\":0,\"publisher\":{\"@id\":\"https:\\\/\\\/expressometro.mx\\\/#organization\"},\"image\":{\"@id\":\"https:\\\/\\\/expressometro.mx\\\/index.php\\\/2020\\\/11\\\/10\\\/propone-el-prd-expedir-la-ley-de-ingreso-al-minimo-vital-de-emergencia-del-estado-de-mexico\\\/#primaryimage\"},\"thumbnailUrl\":\"https:\\\/\\\/expressometro.mx\\\/wp-content\\\/uploads\\\/2020\\\/11\\\/D66EF7E5-C41A-41B3-B85E-06FC8E503D09.jpeg\",\"keywords\":[\"LX Legislatura\",\"Omar Ortega\"],\"articleSection\":[\"Finanzas\",\"Gobierno\"],\"inLanguage\":\"es\",\"potentialAction\":[{\"@type\":\"CommentAction\",\"name\":\"Comment\",\"target\":[\"https:\\\/\\\/expressometro.mx\\\/index.php\\\/2020\\\/11\\\/10\\\/propone-el-prd-expedir-la-ley-de-ingreso-al-minimo-vital-de-emergencia-del-estado-de-mexico\\\/#respond\"]}]},{\"@type\":\"WebPage\",\"@id\":\"https:\\\/\\\/expressometro.mx\\\/index.php\\\/2020\\\/11\\\/10\\\/propone-el-prd-expedir-la-ley-de-ingreso-al-minimo-vital-de-emergencia-del-estado-de-mexico\\\/\",\"url\":\"https:\\\/\\\/expressometro.mx\\\/index.php\\\/2020\\\/11\\\/10\\\/propone-el-prd-expedir-la-ley-de-ingreso-al-minimo-vital-de-emergencia-del-estado-de-mexico\\\/\",\"name\":\"Propone el PRD expedir la Ley de Ingreso al M\u00ednimo Vital de Emergencia del Estado de M\u00e9xico - Expresso Metropolitano\",\"isPartOf\":{\"@id\":\"https:\\\/\\\/expressometro.mx\\\/#website\"},\"primaryImageOfPage\":{\"@id\":\"https:\\\/\\\/expressometro.mx\\\/index.php\\\/2020\\\/11\\\/10\\\/propone-el-prd-expedir-la-ley-de-ingreso-al-minimo-vital-de-emergencia-del-estado-de-mexico\\\/#primaryimage\"},\"image\":{\"@id\":\"https:\\\/\\\/expressometro.mx\\\/index.php\\\/2020\\\/11\\\/10\\\/propone-el-prd-expedir-la-ley-de-ingreso-al-minimo-vital-de-emergencia-del-estado-de-mexico\\\/#primaryimage\"},\"thumbnailUrl\":\"https:\\\/\\\/expressometro.mx\\\/wp-content\\\/uploads\\\/2020\\\/11\\\/D66EF7E5-C41A-41B3-B85E-06FC8E503D09.jpeg\",\"datePublished\":\"2020-11-10T16:11:00+00:00\",\"dateModified\":\"2020-11-11T16:13:49+00:00\",\"breadcrumb\":{\"@id\":\"https:\\\/\\\/expressometro.mx\\\/index.php\\\/2020\\\/11\\\/10\\\/propone-el-prd-expedir-la-ley-de-ingreso-al-minimo-vital-de-emergencia-del-estado-de-mexico\\\/#breadcrumb\"},\"inLanguage\":\"es\",\"potentialAction\":[{\"@type\":\"ReadAction\",\"target\":[\"https:\\\/\\\/expressometro.mx\\\/index.php\\\/2020\\\/11\\\/10\\\/propone-el-prd-expedir-la-ley-de-ingreso-al-minimo-vital-de-emergencia-del-estado-de-mexico\\\/\"]}]},{\"@type\":\"ImageObject\",\"inLanguage\":\"es\",\"@id\":\"https:\\\/\\\/expressometro.mx\\\/index.php\\\/2020\\\/11\\\/10\\\/propone-el-prd-expedir-la-ley-de-ingreso-al-minimo-vital-de-emergencia-del-estado-de-mexico\\\/#primaryimage\",\"url\":\"https:\\\/\\\/expressometro.mx\\\/wp-content\\\/uploads\\\/2020\\\/11\\\/D66EF7E5-C41A-41B3-B85E-06FC8E503D09.jpeg\",\"contentUrl\":\"https:\\\/\\\/expressometro.mx\\\/wp-content\\\/uploads\\\/2020\\\/11\\\/D66EF7E5-C41A-41B3-B85E-06FC8E503D09.jpeg\",\"width\":1024,\"height\":684},{\"@type\":\"BreadcrumbList\",\"@id\":\"https:\\\/\\\/expressometro.mx\\\/index.php\\\/2020\\\/11\\\/10\\\/propone-el-prd-expedir-la-ley-de-ingreso-al-minimo-vital-de-emergencia-del-estado-de-mexico\\\/#breadcrumb\",\"itemListElement\":[{\"@type\":\"ListItem\",\"position\":1,\"name\":\"Inicio\",\"item\":\"https:\\\/\\\/expressometro.mx\\\/\"},{\"@type\":\"ListItem\",\"position\":2,\"name\":\"Propone el PRD expedir la Ley de Ingreso al M\u00ednimo Vital de Emergencia del Estado de M\u00e9xico\"}]},{\"@type\":\"WebSite\",\"@id\":\"https:\\\/\\\/expressometro.mx\\\/#website\",\"url\":\"https:\\\/\\\/expressometro.mx\\\/\",\"name\":\"Expresso Metropolitano\",\"description\":\"Periodismo comprometido, informaci\u00f3n, investigaci\u00f3n y an\u00e1lisis\",\"publisher\":{\"@id\":\"https:\\\/\\\/expressometro.mx\\\/#organization\"},\"potentialAction\":[{\"@type\":\"SearchAction\",\"target\":{\"@type\":\"EntryPoint\",\"urlTemplate\":\"https:\\\/\\\/expressometro.mx\\\/?s={search_term_string}\"},\"query-input\":{\"@type\":\"PropertyValueSpecification\",\"valueRequired\":true,\"valueName\":\"search_term_string\"}}],\"inLanguage\":\"es\"},{\"@type\":\"Organization\",\"@id\":\"https:\\\/\\\/expressometro.mx\\\/#organization\",\"name\":\"Expresso Metropolitano\",\"url\":\"https:\\\/\\\/expressometro.mx\\\/\",\"logo\":{\"@type\":\"ImageObject\",\"inLanguage\":\"es\",\"@id\":\"https:\\\/\\\/expressometro.mx\\\/#\\\/schema\\\/logo\\\/image\\\/\",\"url\":\"https:\\\/\\\/expressometro.mx\\\/wp-content\\\/uploads\\\/2019\\\/07\\\/cropped-Logo-Expresso-Metropolitano-1-1.jpeg\",\"contentUrl\":\"https:\\\/\\\/expressometro.mx\\\/wp-content\\\/uploads\\\/2019\\\/07\\\/cropped-Logo-Expresso-Metropolitano-1-1.jpeg\",\"width\":290,\"height\":73,\"caption\":\"Expresso Metropolitano\"},\"image\":{\"@id\":\"https:\\\/\\\/expressometro.mx\\\/#\\\/schema\\\/logo\\\/image\\\/\"}},{\"@type\":\"Person\",\"@id\":\"https:\\\/\\\/expressometro.mx\\\/#\\\/schema\\\/person\\\/efa971b4a0664db8ed5c22b1b0dd2f5d\",\"name\":\"Expresso Metropolitano\",\"image\":{\"@type\":\"ImageObject\",\"inLanguage\":\"es\",\"@id\":\"https:\\\/\\\/secure.gravatar.com\\\/avatar\\\/a89f802b8de18c6952f223c88d3d106e9e3679839f4e25a02f4a6cc2ae6ba3b3?s=96&d=mm&r=g\",\"url\":\"https:\\\/\\\/secure.gravatar.com\\\/avatar\\\/a89f802b8de18c6952f223c88d3d106e9e3679839f4e25a02f4a6cc2ae6ba3b3?s=96&d=mm&r=g\",\"contentUrl\":\"https:\\\/\\\/secure.gravatar.com\\\/avatar\\\/a89f802b8de18c6952f223c88d3d106e9e3679839f4e25a02f4a6cc2ae6ba3b3?s=96&d=mm&r=g\",\"caption\":\"Expresso Metropolitano\"},\"url\":\"https:\\\/\\\/expressometro.mx\\\/index.php\\\/author\\\/diego\\\/\"}]}<\/script>\n<!-- \/ Yoast SEO plugin. -->","yoast_head_json":{"title":"Propone el PRD expedir la Ley de Ingreso al M\u00ednimo Vital de Emergencia del Estado de M\u00e9xico - Expresso Metropolitano","robots":{"index":"index","follow":"follow","max-snippet":"max-snippet:-1","max-image-preview":"max-image-preview:large","max-video-preview":"max-video-preview:-1"},"canonical":"https:\/\/expressometro.mx\/index.php\/2020\/11\/10\/propone-el-prd-expedir-la-ley-de-ingreso-al-minimo-vital-de-emergencia-del-estado-de-mexico\/","og_locale":"es_MX","og_type":"article","og_title":"Propone el PRD expedir la Ley de Ingreso al M\u00ednimo Vital de Emergencia del Estado de M\u00e9xico - Expresso Metropolitano","og_description":"Propone que el gobierno estatal otorgue un apoyo monetario equivalente a 30 Unidades de Medida y Actualizaci\u00f3n y que se entregue durante tres meses consecutivos.","og_url":"https:\/\/expressometro.mx\/index.php\/2020\/11\/10\/propone-el-prd-expedir-la-ley-de-ingreso-al-minimo-vital-de-emergencia-del-estado-de-mexico\/","og_site_name":"Expresso Metropolitano","article_published_time":"2020-11-10T16:11:00+00:00","article_modified_time":"2020-11-11T16:13:49+00:00","og_image":[{"width":1024,"height":684,"url":"https:\/\/expressometro.mx\/wp-content\/uploads\/2020\/11\/D66EF7E5-C41A-41B3-B85E-06FC8E503D09.jpeg","type":"image\/jpeg"}],"author":"Expresso Metropolitano","twitter_misc":{"Escrito por":"Expresso Metropolitano","Tiempo de lectura":"1 minuto"},"schema":{"@context":"https:\/\/schema.org","@graph":[{"@type":"Article","@id":"https:\/\/expressometro.mx\/index.php\/2020\/11\/10\/propone-el-prd-expedir-la-ley-de-ingreso-al-minimo-vital-de-emergencia-del-estado-de-mexico\/#article","isPartOf":{"@id":"https:\/\/expressometro.mx\/index.php\/2020\/11\/10\/propone-el-prd-expedir-la-ley-de-ingreso-al-minimo-vital-de-emergencia-del-estado-de-mexico\/"},"author":{"name":"Expresso Metropolitano","@id":"https:\/\/expressometro.mx\/#\/schema\/person\/efa971b4a0664db8ed5c22b1b0dd2f5d"},"headline":"Propone el PRD expedir la Ley de Ingreso al M\u00ednimo Vital de Emergencia del Estado de M\u00e9xico","datePublished":"2020-11-10T16:11:00+00:00","dateModified":"2020-11-11T16:13:49+00:00","mainEntityOfPage":{"@id":"https:\/\/expressometro.mx\/index.php\/2020\/11\/10\/propone-el-prd-expedir-la-ley-de-ingreso-al-minimo-vital-de-emergencia-del-estado-de-mexico\/"},"wordCount":307,"commentCount":0,"publisher":{"@id":"https:\/\/expressometro.mx\/#organization"},"image":{"@id":"https:\/\/expressometro.mx\/index.php\/2020\/11\/10\/propone-el-prd-expedir-la-ley-de-ingreso-al-minimo-vital-de-emergencia-del-estado-de-mexico\/#primaryimage"},"thumbnailUrl":"https:\/\/expressometro.mx\/wp-content\/uploads\/2020\/11\/D66EF7E5-C41A-41B3-B85E-06FC8E503D09.jpeg","keywords":["LX Legislatura","Omar Ortega"],"articleSection":["Finanzas","Gobierno"],"inLanguage":"es","potentialAction":[{"@type":"CommentAction","name":"Comment","target":["https:\/\/expressometro.mx\/index.php\/2020\/11\/10\/propone-el-prd-expedir-la-ley-de-ingreso-al-minimo-vital-de-emergencia-del-estado-de-mexico\/#respond"]}]},{"@type":"WebPage","@id":"https:\/\/expressometro.mx\/index.php\/2020\/11\/10\/propone-el-prd-expedir-la-ley-de-ingreso-al-minimo-vital-de-emergencia-del-estado-de-mexico\/","url":"https:\/\/expressometro.mx\/index.php\/2020\/11\/10\/propone-el-prd-expedir-la-ley-de-ingreso-al-minimo-vital-de-emergencia-del-estado-de-mexico\/","name":"Propone el PRD expedir la Ley de Ingreso al M\u00ednimo Vital de Emergencia del Estado de M\u00e9xico - Expresso Metropolitano","isPartOf":{"@id":"https:\/\/expressometro.mx\/#website"},"primaryImageOfPage":{"@id":"https:\/\/expressometro.mx\/index.php\/2020\/11\/10\/propone-el-prd-expedir-la-ley-de-ingreso-al-minimo-vital-de-emergencia-del-estado-de-mexico\/#primaryimage"},"image":{"@id":"https:\/\/expressometro.mx\/index.php\/2020\/11\/10\/propone-el-prd-expedir-la-ley-de-ingreso-al-minimo-vital-de-emergencia-del-estado-de-mexico\/#primaryimage"},"thumbnailUrl":"https:\/\/expressometro.mx\/wp-content\/uploads\/2020\/11\/D66EF7E5-C41A-41B3-B85E-06FC8E503D09.jpeg","datePublished":"2020-11-10T16:11:00+00:00","dateModified":"2020-11-11T16:13:49+00:00","breadcrumb":{"@id":"https:\/\/expressometro.mx\/index.php\/2020\/11\/10\/propone-el-prd-expedir-la-ley-de-ingreso-al-minimo-vital-de-emergencia-del-estado-de-mexico\/#breadcrumb"},"inLanguage":"es","potentialAction":[{"@type":"ReadAction","target":["https:\/\/expressometro.mx\/index.php\/2020\/11\/10\/propone-el-prd-expedir-la-ley-de-ingreso-al-minimo-vital-de-emergencia-del-estado-de-mexico\/"]}]},{"@type":"ImageObject","inLanguage":"es","@id":"https:\/\/expressometro.mx\/index.php\/2020\/11\/10\/propone-el-prd-expedir-la-ley-de-ingreso-al-minimo-vital-de-emergencia-del-estado-de-mexico\/#primaryimage","url":"https:\/\/expressometro.mx\/wp-content\/uploads\/2020\/11\/D66EF7E5-C41A-41B3-B85E-06FC8E503D09.jpeg","contentUrl":"https:\/\/expressometro.mx\/wp-content\/uploads\/2020\/11\/D66EF7E5-C41A-41B3-B85E-06FC8E503D09.jpeg","width":1024,"height":684},{"@type":"BreadcrumbList","@id":"https:\/\/expressometro.mx\/index.php\/2020\/11\/10\/propone-el-prd-expedir-la-ley-de-ingreso-al-minimo-vital-de-emergencia-del-estado-de-mexico\/#breadcrumb","itemListElement":[{"@type":"ListItem","position":1,"name":"Inicio","item":"https:\/\/expressometro.mx\/"},{"@type":"ListItem","position":2,"name":"Propone el PRD expedir la Ley de Ingreso al M\u00ednimo Vital de Emergencia del Estado de M\u00e9xico"}]},{"@type":"WebSite","@id":"https:\/\/expressometro.mx\/#website","url":"https:\/\/expressometro.mx\/","name":"Expresso Metropolitano","description":"Periodismo comprometido, informaci\u00f3n, investigaci\u00f3n y an\u00e1lisis","publisher":{"@id":"https:\/\/expressometro.mx\/#organization"},"potentialAction":[{"@type":"SearchAction","target":{"@type":"EntryPoint","urlTemplate":"https:\/\/expressometro.mx\/?s={search_term_string}"},"query-input":{"@type":"PropertyValueSpecification","valueRequired":true,"valueName":"search_term_string"}}],"inLanguage":"es"},{"@type":"Organization","@id":"https:\/\/expressometro.mx\/#organization","name":"Expresso Metropolitano","url":"https:\/\/expressometro.mx\/","logo":{"@type":"ImageObject","inLanguage":"es","@id":"https:\/\/expressometro.mx\/#\/schema\/logo\/image\/","url":"https:\/\/expressometro.mx\/wp-content\/uploads\/2019\/07\/cropped-Logo-Expresso-Metropolitano-1-1.jpeg","contentUrl":"https:\/\/expressometro.mx\/wp-content\/uploads\/2019\/07\/cropped-Logo-Expresso-Metropolitano-1-1.jpeg","width":290,"height":73,"caption":"Expresso Metropolitano"},"image":{"@id":"https:\/\/expressometro.mx\/#\/schema\/logo\/image\/"}},{"@type":"Person","@id":"https:\/\/expressometro.mx\/#\/schema\/person\/efa971b4a0664db8ed5c22b1b0dd2f5d","name":"Expresso Metropolitano","image":{"@type":"ImageObject","inLanguage":"es","@id":"https:\/\/secure.gravatar.com\/avatar\/a89f802b8de18c6952f223c88d3d106e9e3679839f4e25a02f4a6cc2ae6ba3b3?s=96&d=mm&r=g","url":"https:\/\/secure.gravatar.com\/avatar\/a89f802b8de18c6952f223c88d3d106e9e3679839f4e25a02f4a6cc2ae6ba3b3?s=96&d=mm&r=g","contentUrl":"https:\/\/secure.gravatar.com\/avatar\/a89f802b8de18c6952f223c88d3d106e9e3679839f4e25a02f4a6cc2ae6ba3b3?s=96&d=mm&r=g","caption":"Expresso Metropolitano"},"url":"https:\/\/expressometro.mx\/index.php\/author\/diego\/"}]}},"amp_enabled":true,"_links":{"self":[{"href":"https:\/\/expressometro.mx\/index.php\/wp-json\/wp\/v2\/posts\/1993","targetHints":{"allow":["GET"]}}],"collection":[{"href":"https:\/\/expressometro.mx\/index.php\/wp-json\/wp\/v2\/posts"}],"about":[{"href":"https:\/\/expressometro.mx\/index.php\/wp-json\/wp\/v2\/types\/post"}],"author":[{"embeddable":true,"href":"https:\/\/expressometro.mx\/index.php\/wp-json\/wp\/v2\/users\/1"}],"replies":[{"embeddable":true,"href":"https:\/\/expressometro.mx\/index.php\/wp-json\/wp\/v2\/comments?post=1993"}],"version-history":[{"count":1,"href":"https:\/\/expressometro.mx\/index.php\/wp-json\/wp\/v2\/posts\/1993\/revisions"}],"predecessor-version":[{"id":1995,"href":"https:\/\/expressometro.mx\/index.php\/wp-json\/wp\/v2\/posts\/1993\/revisions\/1995"}],"wp:featuredmedia":[{"embeddable":true,"href":"https:\/\/expressometro.mx\/index.php\/wp-json\/wp\/v2\/media\/1994"}],"wp:attachment":[{"href":"https:\/\/expressometro.mx\/index.php\/wp-json\/wp\/v2\/media?parent=1993"}],"wp:term":[{"taxonomy":"category","embeddable":true,"href":"https:\/\/expressometro.mx\/index.php\/wp-json\/wp\/v2\/categories?post=1993"},{"taxonomy":"post_tag","embeddable":true,"href":"https:\/\/expressometro.mx\/index.php\/wp-json\/wp\/v2\/tags?post=1993"}],"curies":[{"name":"wp","href":"https:\/\/api.w.org\/{rel}","templated":true}]}}