{"id":197,"date":"2019-08-21T10:53:21","date_gmt":"2019-08-21T15:53:21","guid":{"rendered":"http:\/\/expressometro.mx\/?p=197"},"modified":"2019-09-25T10:41:14","modified_gmt":"2019-09-25T15:41:14","slug":"firman-sedeco-y-ayuntamiento-de-ecatepec-convenio-de-colaboracion-para-el-fomento-de-la-inversion-en-el-municipio","status":"publish","type":"post","link":"https:\/\/expressometro.mx\/index.php\/2019\/08\/21\/firman-sedeco-y-ayuntamiento-de-ecatepec-convenio-de-colaboracion-para-el-fomento-de-la-inversion-en-el-municipio\/","title":{"rendered":"FIRMAN SEDECO Y AYUNTAMIENTO DE ECATEPEC CONVENIO DE COLABORACI\u00d3N PARA EL FOMENTO DE LA INVERSI\u00d3N EN EL MUNICIPIO"},"content":{"rendered":"\n<p>El Gobierno del Estado de M\u00e9xico, a trav\u00e9s de la Secretar\u00eda de Desarrollo Econ\u00f3mico (Sedeco), firm\u00f3 con el Gobierno municipal de Ecatepec, un convenio de colaboraci\u00f3n para el fomento de la inversi\u00f3n productiva, la instalaci\u00f3n y operaci\u00f3n de nuevas empresas en la regi\u00f3n, que garantice mayores oportunidades de bienestar, con la generaci\u00f3n de empleos formales para todas las personas.<\/p>\n\n\n\n<p>Ante representantes de c\u00e1maras y asociaciones empresariales de la entidad, como la Uni\u00f3n Industrial del Estado de M\u00e9xico (Unidem), el Consejo de C\u00e1maras y Asociaciones Empresariales del Estado de M\u00e9xico (Concaem), la Confederaci\u00f3n Patronal de la Rep\u00fablica Mexicana (Coparmex) y el Consejo Coordinador Empresarial Estado de M\u00e9xico (CCEM).<\/p>\n\n\n\n<p>As\u00ed como la C\u00e1mara Nacional de la Industria de Transformaci\u00f3n (Canacintra), la Confederaci\u00f3n de C\u00e1maras Nacionales de Comercio, Servicios y Turismo (Concanaco), la Asociaci\u00f3n Mexicana de Mujeres Jefas de Empresas (AMMJE), la Confederaci\u00f3n de C\u00e1maras Industriales (Concamin), y empresarios de este municipio, atestiguaron la colaboraci\u00f3n acordada entre ambos niveles de Gobierno.<\/p>\n\n\n\n<p>En compa\u00f1\u00eda del alcalde de Ecatepec, Fernando Vichis Contreras, el titular de la Sedeco, Enrique Jacob Rocha, reconoci\u00f3 que el Convenio tambi\u00e9n se encamina a generar un entorno apropiado que permita el desarrollo productivo y en promover importantes acciones en materia de mejora regulatoria.<\/p>\n\n\n\n<p>Refiri\u00f3 que esta uni\u00f3n y colaboraci\u00f3n manda un excelente mensaje a la comunidad empresarial y a todos aquellos que busquen invertir en la regi\u00f3n dado que el territorio mexiquense tiene un gran potencial productivo y empresarial.<\/p>\n\n\n\n<p>Indic\u00f3 que la Sedeco trabaja para favorecer la inversi\u00f3n a trav\u00e9s de un proceso de dise\u00f1o de una nueva Ley de Fomento Econ\u00f3mico, que empodere al empresario y facilite sus inversiones, elevando la competitividad de la entidad, adem\u00e1s de poner en marcha acciones para avanzar en mejores pr\u00e1cticas de Gobierno Digital.<\/p>\n\n\n\n<p>Jacob Rocha agreg\u00f3 que, en este municipio, la Sedeco tiene a disposici\u00f3n de los empresarios una ventanilla de gesti\u00f3n, a trav\u00e9s de la cual se brinda apoyo para los diversos tr\u00e1mites que requieren para sus negocios y, de septiembre de 2017 a junio de 2019, ha brindado casi 600 asesor\u00edas especializadas y ha gestionado 140 tr\u00e1mites para obtener el Dictamen \u00danico de Factibilidad (DUF), con lo cual se impulsa el crecimiento econ\u00f3mico de este importante municipio mexiquense.<\/p>\n\n\n\n<p>Con estas acciones se confirma que el trabajo coordinado del Estado de M\u00e9xico y los municipios, en este caso Ecatepec, es sin duda necesario para lograr mayor crecimiento econ\u00f3mico en la entidad.<\/p>\n","protected":false},"excerpt":{"rendered":"<p>El Gobierno del Estado de M\u00e9xico, a trav\u00e9s de la Secretar\u00eda de Desarrollo Econ\u00f3mico (Sedeco), firm\u00f3 con el Gobierno municipal de Ecatepec, un convenio de colaboraci\u00f3n para el fomento de la inversi\u00f3n productiva, la instalaci\u00f3n y operaci\u00f3n de nuevas empresas en la regi\u00f3n, que garantice mayores oportunidades de bienestar, con la generaci\u00f3n de empleos formales para todas las personas. Ante representantes de c\u00e1maras y asociaciones empresariales de la entidad, como la Uni\u00f3n Industrial del Estado de M\u00e9xico (Unidem), el Consejo de C\u00e1maras y Asociaciones Empresariales del Estado de M\u00e9xico (Concaem),&hellip;<\/p>\n","protected":false},"author":1,"featured_media":0,"comment_status":"open","ping_status":"open","sticky":false,"template":"","format":"standard","meta":{"footnotes":""},"categories":[4,3],"tags":[],"class_list":["post-197","post","type-post","status-publish","format-standard","hentry","category-finanzas","category-gobierno"],"yoast_head":"<!-- This site is optimized with the Yoast SEO plugin v27.5 - https:\/\/yoast.com\/product\/yoast-seo-wordpress\/ -->\n<title>FIRMAN SEDECO Y AYUNTAMIENTO DE ECATEPEC CONVENIO DE COLABORACI\u00d3N PARA EL FOMENTO DE LA INVERSI\u00d3N EN EL MUNICIPIO - Expresso Metropolitano<\/title>\n<meta name=\"robots\" content=\"index, follow, max-snippet:-1, max-image-preview:large, max-video-preview:-1\" \/>\n<link rel=\"canonical\" href=\"https:\/\/expressometro.mx\/index.php\/2019\/08\/21\/firman-sedeco-y-ayuntamiento-de-ecatepec-convenio-de-colaboracion-para-el-fomento-de-la-inversion-en-el-municipio\/\" \/>\n<meta property=\"og:locale\" content=\"es_MX\" \/>\n<meta property=\"og:type\" content=\"article\" \/>\n<meta property=\"og:title\" content=\"FIRMAN SEDECO Y AYUNTAMIENTO DE ECATEPEC CONVENIO DE COLABORACI\u00d3N PARA EL FOMENTO DE LA INVERSI\u00d3N EN EL MUNICIPIO - Expresso Metropolitano\" \/>\n<meta property=\"og:description\" content=\"El Gobierno del Estado de M\u00e9xico, a trav\u00e9s de la Secretar\u00eda de Desarrollo Econ\u00f3mico (Sedeco), firm\u00f3 con el Gobierno municipal de Ecatepec, un convenio de colaboraci\u00f3n para el fomento de la inversi\u00f3n productiva, la instalaci\u00f3n y operaci\u00f3n de nuevas empresas en la regi\u00f3n, que garantice mayores oportunidades de bienestar, con la generaci\u00f3n de empleos formales para todas las personas. Ante representantes de c\u00e1maras y asociaciones empresariales de la entidad, como la Uni\u00f3n Industrial del Estado de M\u00e9xico (Unidem), el Consejo de C\u00e1maras y Asociaciones Empresariales del Estado de M\u00e9xico (Concaem),&hellip;\" \/>\n<meta property=\"og:url\" content=\"https:\/\/expressometro.mx\/index.php\/2019\/08\/21\/firman-sedeco-y-ayuntamiento-de-ecatepec-convenio-de-colaboracion-para-el-fomento-de-la-inversion-en-el-municipio\/\" \/>\n<meta property=\"og:site_name\" content=\"Expresso Metropolitano\" \/>\n<meta property=\"article:published_time\" content=\"2019-08-21T15:53:21+00:00\" \/>\n<meta property=\"article:modified_time\" content=\"2019-09-25T15:41:14+00:00\" \/>\n<meta property=\"og:image\" content=\"https:\/\/expressometro.mx\/wp-content\/uploads\/2019\/08\/w2_8634_4.jpg\" \/>\n\t<meta property=\"og:image:width\" content=\"1332\" \/>\n\t<meta property=\"og:image:height\" content=\"1434\" \/>\n\t<meta property=\"og:image:type\" content=\"image\/jpeg\" \/>\n<meta name=\"author\" content=\"Expresso Metropolitano\" \/>\n<meta name=\"twitter:label1\" content=\"Escrito por\" \/>\n\t<meta name=\"twitter:data1\" content=\"Expresso Metropolitano\" \/>\n\t<meta name=\"twitter:label2\" content=\"Tiempo de lectura\" \/>\n\t<meta name=\"twitter:data2\" content=\"2 minutos\" \/>\n<script type=\"application\/ld+json\" class=\"yoast-schema-graph\">{\"@context\":\"https:\\\/\\\/schema.org\",\"@graph\":[{\"@type\":\"Article\",\"@id\":\"https:\\\/\\\/expressometro.mx\\\/index.php\\\/2019\\\/08\\\/21\\\/firman-sedeco-y-ayuntamiento-de-ecatepec-convenio-de-colaboracion-para-el-fomento-de-la-inversion-en-el-municipio\\\/#article\",\"isPartOf\":{\"@id\":\"https:\\\/\\\/expressometro.mx\\\/index.php\\\/2019\\\/08\\\/21\\\/firman-sedeco-y-ayuntamiento-de-ecatepec-convenio-de-colaboracion-para-el-fomento-de-la-inversion-en-el-municipio\\\/\"},\"author\":{\"name\":\"Expresso Metropolitano\",\"@id\":\"https:\\\/\\\/expressometro.mx\\\/#\\\/schema\\\/person\\\/efa971b4a0664db8ed5c22b1b0dd2f5d\"},\"headline\":\"FIRMAN SEDECO Y AYUNTAMIENTO DE ECATEPEC CONVENIO DE COLABORACI\u00d3N PARA EL FOMENTO DE LA INVERSI\u00d3N EN EL MUNICIPIO\",\"datePublished\":\"2019-08-21T15:53:21+00:00\",\"dateModified\":\"2019-09-25T15:41:14+00:00\",\"mainEntityOfPage\":{\"@id\":\"https:\\\/\\\/expressometro.mx\\\/index.php\\\/2019\\\/08\\\/21\\\/firman-sedeco-y-ayuntamiento-de-ecatepec-convenio-de-colaboracion-para-el-fomento-de-la-inversion-en-el-municipio\\\/\"},\"wordCount\":460,\"commentCount\":0,\"publisher\":{\"@id\":\"https:\\\/\\\/expressometro.mx\\\/#organization\"},\"articleSection\":[\"Finanzas\",\"Gobierno\"],\"inLanguage\":\"es\",\"potentialAction\":[{\"@type\":\"CommentAction\",\"name\":\"Comment\",\"target\":[\"https:\\\/\\\/expressometro.mx\\\/index.php\\\/2019\\\/08\\\/21\\\/firman-sedeco-y-ayuntamiento-de-ecatepec-convenio-de-colaboracion-para-el-fomento-de-la-inversion-en-el-municipio\\\/#respond\"]}]},{\"@type\":\"WebPage\",\"@id\":\"https:\\\/\\\/expressometro.mx\\\/index.php\\\/2019\\\/08\\\/21\\\/firman-sedeco-y-ayuntamiento-de-ecatepec-convenio-de-colaboracion-para-el-fomento-de-la-inversion-en-el-municipio\\\/\",\"url\":\"https:\\\/\\\/expressometro.mx\\\/index.php\\\/2019\\\/08\\\/21\\\/firman-sedeco-y-ayuntamiento-de-ecatepec-convenio-de-colaboracion-para-el-fomento-de-la-inversion-en-el-municipio\\\/\",\"name\":\"FIRMAN SEDECO Y AYUNTAMIENTO DE ECATEPEC CONVENIO DE COLABORACI\u00d3N PARA EL FOMENTO DE LA INVERSI\u00d3N EN EL MUNICIPIO - Expresso Metropolitano\",\"isPartOf\":{\"@id\":\"https:\\\/\\\/expressometro.mx\\\/#website\"},\"datePublished\":\"2019-08-21T15:53:21+00:00\",\"dateModified\":\"2019-09-25T15:41:14+00:00\",\"breadcrumb\":{\"@id\":\"https:\\\/\\\/expressometro.mx\\\/index.php\\\/2019\\\/08\\\/21\\\/firman-sedeco-y-ayuntamiento-de-ecatepec-convenio-de-colaboracion-para-el-fomento-de-la-inversion-en-el-municipio\\\/#breadcrumb\"},\"inLanguage\":\"es\",\"potentialAction\":[{\"@type\":\"ReadAction\",\"target\":[\"https:\\\/\\\/expressometro.mx\\\/index.php\\\/2019\\\/08\\\/21\\\/firman-sedeco-y-ayuntamiento-de-ecatepec-convenio-de-colaboracion-para-el-fomento-de-la-inversion-en-el-municipio\\\/\"]}]},{\"@type\":\"BreadcrumbList\",\"@id\":\"https:\\\/\\\/expressometro.mx\\\/index.php\\\/2019\\\/08\\\/21\\\/firman-sedeco-y-ayuntamiento-de-ecatepec-convenio-de-colaboracion-para-el-fomento-de-la-inversion-en-el-municipio\\\/#breadcrumb\",\"itemListElement\":[{\"@type\":\"ListItem\",\"position\":1,\"name\":\"Inicio\",\"item\":\"https:\\\/\\\/expressometro.mx\\\/\"},{\"@type\":\"ListItem\",\"position\":2,\"name\":\"FIRMAN SEDECO Y AYUNTAMIENTO DE ECATEPEC CONVENIO DE COLABORACI\u00d3N PARA EL FOMENTO DE LA INVERSI\u00d3N EN EL MUNICIPIO\"}]},{\"@type\":\"WebSite\",\"@id\":\"https:\\\/\\\/expressometro.mx\\\/#website\",\"url\":\"https:\\\/\\\/expressometro.mx\\\/\",\"name\":\"Expresso Metropolitano\",\"description\":\"Periodismo comprometido, informaci\u00f3n, investigaci\u00f3n y an\u00e1lisis\",\"publisher\":{\"@id\":\"https:\\\/\\\/expressometro.mx\\\/#organization\"},\"potentialAction\":[{\"@type\":\"SearchAction\",\"target\":{\"@type\":\"EntryPoint\",\"urlTemplate\":\"https:\\\/\\\/expressometro.mx\\\/?s={search_term_string}\"},\"query-input\":{\"@type\":\"PropertyValueSpecification\",\"valueRequired\":true,\"valueName\":\"search_term_string\"}}],\"inLanguage\":\"es\"},{\"@type\":\"Organization\",\"@id\":\"https:\\\/\\\/expressometro.mx\\\/#organization\",\"name\":\"Expresso Metropolitano\",\"url\":\"https:\\\/\\\/expressometro.mx\\\/\",\"logo\":{\"@type\":\"ImageObject\",\"inLanguage\":\"es\",\"@id\":\"https:\\\/\\\/expressometro.mx\\\/#\\\/schema\\\/logo\\\/image\\\/\",\"url\":\"https:\\\/\\\/expressometro.mx\\\/wp-content\\\/uploads\\\/2019\\\/07\\\/cropped-Logo-Expresso-Metropolitano-1-1.jpeg\",\"contentUrl\":\"https:\\\/\\\/expressometro.mx\\\/wp-content\\\/uploads\\\/2019\\\/07\\\/cropped-Logo-Expresso-Metropolitano-1-1.jpeg\",\"width\":290,\"height\":73,\"caption\":\"Expresso Metropolitano\"},\"image\":{\"@id\":\"https:\\\/\\\/expressometro.mx\\\/#\\\/schema\\\/logo\\\/image\\\/\"}},{\"@type\":\"Person\",\"@id\":\"https:\\\/\\\/expressometro.mx\\\/#\\\/schema\\\/person\\\/efa971b4a0664db8ed5c22b1b0dd2f5d\",\"name\":\"Expresso Metropolitano\",\"image\":{\"@type\":\"ImageObject\",\"inLanguage\":\"es\",\"@id\":\"https:\\\/\\\/secure.gravatar.com\\\/avatar\\\/a89f802b8de18c6952f223c88d3d106e9e3679839f4e25a02f4a6cc2ae6ba3b3?s=96&d=mm&r=g\",\"url\":\"https:\\\/\\\/secure.gravatar.com\\\/avatar\\\/a89f802b8de18c6952f223c88d3d106e9e3679839f4e25a02f4a6cc2ae6ba3b3?s=96&d=mm&r=g\",\"contentUrl\":\"https:\\\/\\\/secure.gravatar.com\\\/avatar\\\/a89f802b8de18c6952f223c88d3d106e9e3679839f4e25a02f4a6cc2ae6ba3b3?s=96&d=mm&r=g\",\"caption\":\"Expresso Metropolitano\"},\"url\":\"https:\\\/\\\/expressometro.mx\\\/index.php\\\/author\\\/diego\\\/\"}]}<\/script>\n<!-- \/ Yoast SEO plugin. -->","yoast_head_json":{"title":"FIRMAN SEDECO Y AYUNTAMIENTO DE ECATEPEC CONVENIO DE COLABORACI\u00d3N PARA EL FOMENTO DE LA INVERSI\u00d3N EN EL MUNICIPIO - Expresso Metropolitano","robots":{"index":"index","follow":"follow","max-snippet":"max-snippet:-1","max-image-preview":"max-image-preview:large","max-video-preview":"max-video-preview:-1"},"canonical":"https:\/\/expressometro.mx\/index.php\/2019\/08\/21\/firman-sedeco-y-ayuntamiento-de-ecatepec-convenio-de-colaboracion-para-el-fomento-de-la-inversion-en-el-municipio\/","og_locale":"es_MX","og_type":"article","og_title":"FIRMAN SEDECO Y AYUNTAMIENTO DE ECATEPEC CONVENIO DE COLABORACI\u00d3N PARA EL FOMENTO DE LA INVERSI\u00d3N EN EL MUNICIPIO - Expresso Metropolitano","og_description":"El Gobierno del Estado de M\u00e9xico, a trav\u00e9s de la Secretar\u00eda de Desarrollo Econ\u00f3mico (Sedeco), firm\u00f3 con el Gobierno municipal de Ecatepec, un convenio de colaboraci\u00f3n para el fomento de la inversi\u00f3n productiva, la instalaci\u00f3n y operaci\u00f3n de nuevas empresas en la regi\u00f3n, que garantice mayores oportunidades de bienestar, con la generaci\u00f3n de empleos formales para todas las personas. Ante representantes de c\u00e1maras y asociaciones empresariales de la entidad, como la Uni\u00f3n Industrial del Estado de M\u00e9xico (Unidem), el Consejo de C\u00e1maras y Asociaciones Empresariales del Estado de M\u00e9xico (Concaem),&hellip;","og_url":"https:\/\/expressometro.mx\/index.php\/2019\/08\/21\/firman-sedeco-y-ayuntamiento-de-ecatepec-convenio-de-colaboracion-para-el-fomento-de-la-inversion-en-el-municipio\/","og_site_name":"Expresso Metropolitano","article_published_time":"2019-08-21T15:53:21+00:00","article_modified_time":"2019-09-25T15:41:14+00:00","og_image":[{"width":1332,"height":1434,"url":"https:\/\/expressometro.mx\/wp-content\/uploads\/2019\/08\/w2_8634_4.jpg","type":"image\/jpeg"}],"author":"Expresso Metropolitano","twitter_misc":{"Escrito por":"Expresso Metropolitano","Tiempo de lectura":"2 minutos"},"schema":{"@context":"https:\/\/schema.org","@graph":[{"@type":"Article","@id":"https:\/\/expressometro.mx\/index.php\/2019\/08\/21\/firman-sedeco-y-ayuntamiento-de-ecatepec-convenio-de-colaboracion-para-el-fomento-de-la-inversion-en-el-municipio\/#article","isPartOf":{"@id":"https:\/\/expressometro.mx\/index.php\/2019\/08\/21\/firman-sedeco-y-ayuntamiento-de-ecatepec-convenio-de-colaboracion-para-el-fomento-de-la-inversion-en-el-municipio\/"},"author":{"name":"Expresso Metropolitano","@id":"https:\/\/expressometro.mx\/#\/schema\/person\/efa971b4a0664db8ed5c22b1b0dd2f5d"},"headline":"FIRMAN SEDECO Y AYUNTAMIENTO DE ECATEPEC CONVENIO DE COLABORACI\u00d3N PARA EL FOMENTO DE LA INVERSI\u00d3N EN EL MUNICIPIO","datePublished":"2019-08-21T15:53:21+00:00","dateModified":"2019-09-25T15:41:14+00:00","mainEntityOfPage":{"@id":"https:\/\/expressometro.mx\/index.php\/2019\/08\/21\/firman-sedeco-y-ayuntamiento-de-ecatepec-convenio-de-colaboracion-para-el-fomento-de-la-inversion-en-el-municipio\/"},"wordCount":460,"commentCount":0,"publisher":{"@id":"https:\/\/expressometro.mx\/#organization"},"articleSection":["Finanzas","Gobierno"],"inLanguage":"es","potentialAction":[{"@type":"CommentAction","name":"Comment","target":["https:\/\/expressometro.mx\/index.php\/2019\/08\/21\/firman-sedeco-y-ayuntamiento-de-ecatepec-convenio-de-colaboracion-para-el-fomento-de-la-inversion-en-el-municipio\/#respond"]}]},{"@type":"WebPage","@id":"https:\/\/expressometro.mx\/index.php\/2019\/08\/21\/firman-sedeco-y-ayuntamiento-de-ecatepec-convenio-de-colaboracion-para-el-fomento-de-la-inversion-en-el-municipio\/","url":"https:\/\/expressometro.mx\/index.php\/2019\/08\/21\/firman-sedeco-y-ayuntamiento-de-ecatepec-convenio-de-colaboracion-para-el-fomento-de-la-inversion-en-el-municipio\/","name":"FIRMAN SEDECO Y AYUNTAMIENTO DE ECATEPEC CONVENIO DE COLABORACI\u00d3N PARA EL FOMENTO DE LA INVERSI\u00d3N EN EL MUNICIPIO - Expresso Metropolitano","isPartOf":{"@id":"https:\/\/expressometro.mx\/#website"},"datePublished":"2019-08-21T15:53:21+00:00","dateModified":"2019-09-25T15:41:14+00:00","breadcrumb":{"@id":"https:\/\/expressometro.mx\/index.php\/2019\/08\/21\/firman-sedeco-y-ayuntamiento-de-ecatepec-convenio-de-colaboracion-para-el-fomento-de-la-inversion-en-el-municipio\/#breadcrumb"},"inLanguage":"es","potentialAction":[{"@type":"ReadAction","target":["https:\/\/expressometro.mx\/index.php\/2019\/08\/21\/firman-sedeco-y-ayuntamiento-de-ecatepec-convenio-de-colaboracion-para-el-fomento-de-la-inversion-en-el-municipio\/"]}]},{"@type":"BreadcrumbList","@id":"https:\/\/expressometro.mx\/index.php\/2019\/08\/21\/firman-sedeco-y-ayuntamiento-de-ecatepec-convenio-de-colaboracion-para-el-fomento-de-la-inversion-en-el-municipio\/#breadcrumb","itemListElement":[{"@type":"ListItem","position":1,"name":"Inicio","item":"https:\/\/expressometro.mx\/"},{"@type":"ListItem","position":2,"name":"FIRMAN SEDECO Y AYUNTAMIENTO DE ECATEPEC CONVENIO DE COLABORACI\u00d3N PARA EL FOMENTO DE LA INVERSI\u00d3N EN EL MUNICIPIO"}]},{"@type":"WebSite","@id":"https:\/\/expressometro.mx\/#website","url":"https:\/\/expressometro.mx\/","name":"Expresso Metropolitano","description":"Periodismo comprometido, informaci\u00f3n, investigaci\u00f3n y an\u00e1lisis","publisher":{"@id":"https:\/\/expressometro.mx\/#organization"},"potentialAction":[{"@type":"SearchAction","target":{"@type":"EntryPoint","urlTemplate":"https:\/\/expressometro.mx\/?s={search_term_string}"},"query-input":{"@type":"PropertyValueSpecification","valueRequired":true,"valueName":"search_term_string"}}],"inLanguage":"es"},{"@type":"Organization","@id":"https:\/\/expressometro.mx\/#organization","name":"Expresso Metropolitano","url":"https:\/\/expressometro.mx\/","logo":{"@type":"ImageObject","inLanguage":"es","@id":"https:\/\/expressometro.mx\/#\/schema\/logo\/image\/","url":"https:\/\/expressometro.mx\/wp-content\/uploads\/2019\/07\/cropped-Logo-Expresso-Metropolitano-1-1.jpeg","contentUrl":"https:\/\/expressometro.mx\/wp-content\/uploads\/2019\/07\/cropped-Logo-Expresso-Metropolitano-1-1.jpeg","width":290,"height":73,"caption":"Expresso Metropolitano"},"image":{"@id":"https:\/\/expressometro.mx\/#\/schema\/logo\/image\/"}},{"@type":"Person","@id":"https:\/\/expressometro.mx\/#\/schema\/person\/efa971b4a0664db8ed5c22b1b0dd2f5d","name":"Expresso Metropolitano","image":{"@type":"ImageObject","inLanguage":"es","@id":"https:\/\/secure.gravatar.com\/avatar\/a89f802b8de18c6952f223c88d3d106e9e3679839f4e25a02f4a6cc2ae6ba3b3?s=96&d=mm&r=g","url":"https:\/\/secure.gravatar.com\/avatar\/a89f802b8de18c6952f223c88d3d106e9e3679839f4e25a02f4a6cc2ae6ba3b3?s=96&d=mm&r=g","contentUrl":"https:\/\/secure.gravatar.com\/avatar\/a89f802b8de18c6952f223c88d3d106e9e3679839f4e25a02f4a6cc2ae6ba3b3?s=96&d=mm&r=g","caption":"Expresso Metropolitano"},"url":"https:\/\/expressometro.mx\/index.php\/author\/diego\/"}]}},"amp_enabled":true,"_links":{"self":[{"href":"https:\/\/expressometro.mx\/index.php\/wp-json\/wp\/v2\/posts\/197","targetHints":{"allow":["GET"]}}],"collection":[{"href":"https:\/\/expressometro.mx\/index.php\/wp-json\/wp\/v2\/posts"}],"about":[{"href":"https:\/\/expressometro.mx\/index.php\/wp-json\/wp\/v2\/types\/post"}],"author":[{"embeddable":true,"href":"https:\/\/expressometro.mx\/index.php\/wp-json\/wp\/v2\/users\/1"}],"replies":[{"embeddable":true,"href":"https:\/\/expressometro.mx\/index.php\/wp-json\/wp\/v2\/comments?post=197"}],"version-history":[{"count":1,"href":"https:\/\/expressometro.mx\/index.php\/wp-json\/wp\/v2\/posts\/197\/revisions"}],"predecessor-version":[{"id":199,"href":"https:\/\/expressometro.mx\/index.php\/wp-json\/wp\/v2\/posts\/197\/revisions\/199"}],"wp:attachment":[{"href":"https:\/\/expressometro.mx\/index.php\/wp-json\/wp\/v2\/media?parent=197"}],"wp:term":[{"taxonomy":"category","embeddable":true,"href":"https:\/\/expressometro.mx\/index.php\/wp-json\/wp\/v2\/categories?post=197"},{"taxonomy":"post_tag","embeddable":true,"href":"https:\/\/expressometro.mx\/index.php\/wp-json\/wp\/v2\/tags?post=197"}],"curies":[{"name":"wp","href":"https:\/\/api.w.org\/{rel}","templated":true}]}}