{"id":1967,"date":"2020-10-29T12:58:38","date_gmt":"2020-10-29T18:58:38","guid":{"rendered":"http:\/\/expressometro.mx\/?p=1967"},"modified":"2020-11-03T13:03:30","modified_gmt":"2020-11-03T19:03:30","slug":"tiempo-de-reconciliacion-en-morena","status":"publish","type":"post","link":"https:\/\/expressometro.mx\/index.php\/2020\/10\/29\/tiempo-de-reconciliacion-en-morena\/","title":{"rendered":"TIEMPO DE RECONCILIACI\u00d3N EN MORENA"},"content":{"rendered":"\n<p>Las elecciones de 2021 ser\u00e1n la consolidaci\u00f3n del Proyecto de Naci\u00f3n que impulsa el Presidente de M\u00e9xico, Andr\u00e9s Manuel L\u00f3pez Obrador, y de la Cuarta Transformaci\u00f3n, asever\u00f3 Edgard Huerta Pe\u00f1a, luego de ser designado como Coordinador Local de Morena en Tlalnepantla, por el Consejero Nacional, Emilio Ulloa P\u00e9rez.<br>\nAl poner en marcha la Gira por la Unidad, Inclusi\u00f3n y Apoyo Irrestricto al Presidente Andr\u00e9s Manuel L\u00f3pez Obrador, la cual inicialmente recorrer\u00e1 los 125 municipios del Estado de M\u00e9xico, y luego todo el pa\u00eds, para reagrupar a militantes y simpatizantes para ir juntos a las elecciones del pr\u00f3ximo a\u00f1o, el Consejero Nacional de Morena, Emilio Ulloa P\u00e9rez, advirti\u00f3 que \u201cdirigentes y gobernantes que no cumplen, simplemente no sirven\u201d.<br>\n\u201cA los que no cumplan hay que mandarlos al carajo, porque la confianza de los mexicanos no se puede ni se debe defraudar por sujetos que una vez que llegan a la presidencia municipal o a una diputaci\u00f3n se tiran a la hamaca y se olvidan del pueblo que confi\u00f3 en ellos\u201d, advirti\u00f3.<br>\nEn tanto, Edgard Huerta P3\u00f1a indic\u00f3 que \u201cla militancia de Morena trabajar\u00e1 con esmero, responsabilidad y sin descanso en todo el municipio de Tlalnepantla\u201d, y llam\u00f3 construir juntos un puente de di\u00e1logo y reconciliaci\u00f3n. <br>\n\u201cSeamos respetuosos con la disidencia y plurales en el ejercicio de la unidad e inclusi\u00f3n\u201d, pidi\u00f3, al tiempo que llam\u00f3 a \u201cno claudicar ni traicionar los ideales de la Cuarta Transformaci\u00f3n que est\u00e1n por encima de cualquier circunstancia\u201d.<br>\nBajo estrictas medidas de seguridad sanitaria y ante unos 500 l\u00edderes naturales de Tlalnepantla, Edgard Huerta convoc\u00f3 a la reflexi\u00f3n colectiva. \u201cEncontremos los acuerdos suficientes para aglutinar a todas las fuerzas de la izquierda, dem\u00f3cratas y progresistas\u201d, puntualiz\u00f3.<br>\n\u201cAlgunos radicales conservadores piensan que no hay unidad en nuestro partido. Y les decimos desde aqu\u00ed, desde Tlalnepantla: escuchen bien seudo oposici\u00f3n Prianista, en 2021 ganaremos nuevamente, junto con la voluntad del pueblo mexicano\u201d, advirti\u00f3.<br>\nPor \u00faltimo, Emilio Ulloa y Edgard Huerta hicieron un p\u00fablico reconocimiento a Mario Delgado, nuevo dirigente nacional del Movimiento de Regeneraci\u00f3n Nacional, producto del apoyo mayoritario de simpatizantes y militantes de la primera fuerza pol\u00edtica del pa\u00eds.<br>\n\u201cEs tiempo de reconciliaci\u00f3n, de sumar esfuerzos, de reconocimiento a nuestros liderazgos, de reconstruir y de replantear nuestros valores y nuestros principios que nos llevaron en 2018 a convencer a m\u00e1s de 20 millones de ciudadanos de que somos la mejor opci\u00f3n para M\u00e9xico\u201d, concluy\u00f3 Huerta Pe\u00f1a.<\/p>\n","protected":false},"excerpt":{"rendered":"<p> \u201cno claudicar ni traicionar los ideales de la Cuarta Transformaci\u00f3n que est\u00e1n por encima de cualquier circunstancia\u201d<\/p>\n","protected":false},"author":1,"featured_media":1968,"comment_status":"open","ping_status":"open","sticky":false,"template":"","format":"standard","meta":{"footnotes":""},"categories":[3],"tags":[106,84],"class_list":["post-1967","post","type-post","status-publish","format-standard","has-post-thumbnail","hentry","category-gobierno","tag-edgard-huerta-pena","tag-morena"],"yoast_head":"<!-- This site is optimized with the Yoast SEO plugin v27.5 - https:\/\/yoast.com\/product\/yoast-seo-wordpress\/ -->\n<title>TIEMPO DE RECONCILIACI\u00d3N EN MORENA - Expresso Metropolitano<\/title>\n<meta name=\"robots\" content=\"index, follow, max-snippet:-1, max-image-preview:large, max-video-preview:-1\" \/>\n<link rel=\"canonical\" href=\"https:\/\/expressometro.mx\/index.php\/2020\/10\/29\/tiempo-de-reconciliacion-en-morena\/\" \/>\n<meta property=\"og:locale\" content=\"es_MX\" \/>\n<meta property=\"og:type\" content=\"article\" \/>\n<meta property=\"og:title\" content=\"TIEMPO DE RECONCILIACI\u00d3N EN MORENA - Expresso Metropolitano\" \/>\n<meta property=\"og:description\" content=\"\u201cno claudicar ni traicionar los ideales de la Cuarta Transformaci\u00f3n que est\u00e1n por encima de cualquier circunstancia\u201d\" \/>\n<meta property=\"og:url\" content=\"https:\/\/expressometro.mx\/index.php\/2020\/10\/29\/tiempo-de-reconciliacion-en-morena\/\" \/>\n<meta property=\"og:site_name\" content=\"Expresso Metropolitano\" \/>\n<meta property=\"article:published_time\" content=\"2020-10-29T18:58:38+00:00\" \/>\n<meta property=\"article:modified_time\" content=\"2020-11-03T19:03:30+00:00\" \/>\n<meta property=\"og:image\" content=\"https:\/\/expressometro.mx\/wp-content\/uploads\/2020\/11\/a434bc63-26ce-4251-a5c3-979226478678.jpg\" \/>\n\t<meta property=\"og:image:width\" content=\"1032\" \/>\n\t<meta property=\"og:image:height\" content=\"774\" \/>\n\t<meta property=\"og:image:type\" content=\"image\/jpeg\" \/>\n<meta name=\"author\" content=\"Expresso Metropolitano\" \/>\n<meta name=\"twitter:label1\" content=\"Escrito por\" \/>\n\t<meta name=\"twitter:data1\" content=\"Expresso Metropolitano\" \/>\n\t<meta name=\"twitter:label2\" content=\"Tiempo de lectura\" \/>\n\t<meta name=\"twitter:data2\" content=\"2 minutos\" \/>\n<script type=\"application\/ld+json\" class=\"yoast-schema-graph\">{\"@context\":\"https:\\\/\\\/schema.org\",\"@graph\":[{\"@type\":\"Article\",\"@id\":\"https:\\\/\\\/expressometro.mx\\\/index.php\\\/2020\\\/10\\\/29\\\/tiempo-de-reconciliacion-en-morena\\\/#article\",\"isPartOf\":{\"@id\":\"https:\\\/\\\/expressometro.mx\\\/index.php\\\/2020\\\/10\\\/29\\\/tiempo-de-reconciliacion-en-morena\\\/\"},\"author\":{\"name\":\"Expresso Metropolitano\",\"@id\":\"https:\\\/\\\/expressometro.mx\\\/#\\\/schema\\\/person\\\/efa971b4a0664db8ed5c22b1b0dd2f5d\"},\"headline\":\"TIEMPO DE RECONCILIACI\u00d3N EN MORENA\",\"datePublished\":\"2020-10-29T18:58:38+00:00\",\"dateModified\":\"2020-11-03T19:03:30+00:00\",\"mainEntityOfPage\":{\"@id\":\"https:\\\/\\\/expressometro.mx\\\/index.php\\\/2020\\\/10\\\/29\\\/tiempo-de-reconciliacion-en-morena\\\/\"},\"wordCount\":436,\"commentCount\":0,\"publisher\":{\"@id\":\"https:\\\/\\\/expressometro.mx\\\/#organization\"},\"image\":{\"@id\":\"https:\\\/\\\/expressometro.mx\\\/index.php\\\/2020\\\/10\\\/29\\\/tiempo-de-reconciliacion-en-morena\\\/#primaryimage\"},\"thumbnailUrl\":\"https:\\\/\\\/expressometro.mx\\\/wp-content\\\/uploads\\\/2020\\\/11\\\/a434bc63-26ce-4251-a5c3-979226478678.jpg\",\"keywords\":[\"Edgard Huerta Pe\u00f1a\",\"Morena\"],\"articleSection\":[\"Gobierno\"],\"inLanguage\":\"es\",\"potentialAction\":[{\"@type\":\"CommentAction\",\"name\":\"Comment\",\"target\":[\"https:\\\/\\\/expressometro.mx\\\/index.php\\\/2020\\\/10\\\/29\\\/tiempo-de-reconciliacion-en-morena\\\/#respond\"]}]},{\"@type\":\"WebPage\",\"@id\":\"https:\\\/\\\/expressometro.mx\\\/index.php\\\/2020\\\/10\\\/29\\\/tiempo-de-reconciliacion-en-morena\\\/\",\"url\":\"https:\\\/\\\/expressometro.mx\\\/index.php\\\/2020\\\/10\\\/29\\\/tiempo-de-reconciliacion-en-morena\\\/\",\"name\":\"TIEMPO DE RECONCILIACI\u00d3N EN MORENA - Expresso Metropolitano\",\"isPartOf\":{\"@id\":\"https:\\\/\\\/expressometro.mx\\\/#website\"},\"primaryImageOfPage\":{\"@id\":\"https:\\\/\\\/expressometro.mx\\\/index.php\\\/2020\\\/10\\\/29\\\/tiempo-de-reconciliacion-en-morena\\\/#primaryimage\"},\"image\":{\"@id\":\"https:\\\/\\\/expressometro.mx\\\/index.php\\\/2020\\\/10\\\/29\\\/tiempo-de-reconciliacion-en-morena\\\/#primaryimage\"},\"thumbnailUrl\":\"https:\\\/\\\/expressometro.mx\\\/wp-content\\\/uploads\\\/2020\\\/11\\\/a434bc63-26ce-4251-a5c3-979226478678.jpg\",\"datePublished\":\"2020-10-29T18:58:38+00:00\",\"dateModified\":\"2020-11-03T19:03:30+00:00\",\"breadcrumb\":{\"@id\":\"https:\\\/\\\/expressometro.mx\\\/index.php\\\/2020\\\/10\\\/29\\\/tiempo-de-reconciliacion-en-morena\\\/#breadcrumb\"},\"inLanguage\":\"es\",\"potentialAction\":[{\"@type\":\"ReadAction\",\"target\":[\"https:\\\/\\\/expressometro.mx\\\/index.php\\\/2020\\\/10\\\/29\\\/tiempo-de-reconciliacion-en-morena\\\/\"]}]},{\"@type\":\"ImageObject\",\"inLanguage\":\"es\",\"@id\":\"https:\\\/\\\/expressometro.mx\\\/index.php\\\/2020\\\/10\\\/29\\\/tiempo-de-reconciliacion-en-morena\\\/#primaryimage\",\"url\":\"https:\\\/\\\/expressometro.mx\\\/wp-content\\\/uploads\\\/2020\\\/11\\\/a434bc63-26ce-4251-a5c3-979226478678.jpg\",\"contentUrl\":\"https:\\\/\\\/expressometro.mx\\\/wp-content\\\/uploads\\\/2020\\\/11\\\/a434bc63-26ce-4251-a5c3-979226478678.jpg\",\"width\":1032,\"height\":774},{\"@type\":\"BreadcrumbList\",\"@id\":\"https:\\\/\\\/expressometro.mx\\\/index.php\\\/2020\\\/10\\\/29\\\/tiempo-de-reconciliacion-en-morena\\\/#breadcrumb\",\"itemListElement\":[{\"@type\":\"ListItem\",\"position\":1,\"name\":\"Inicio\",\"item\":\"https:\\\/\\\/expressometro.mx\\\/\"},{\"@type\":\"ListItem\",\"position\":2,\"name\":\"TIEMPO DE RECONCILIACI\u00d3N EN MORENA\"}]},{\"@type\":\"WebSite\",\"@id\":\"https:\\\/\\\/expressometro.mx\\\/#website\",\"url\":\"https:\\\/\\\/expressometro.mx\\\/\",\"name\":\"Expresso Metropolitano\",\"description\":\"Periodismo comprometido, informaci\u00f3n, investigaci\u00f3n y an\u00e1lisis\",\"publisher\":{\"@id\":\"https:\\\/\\\/expressometro.mx\\\/#organization\"},\"potentialAction\":[{\"@type\":\"SearchAction\",\"target\":{\"@type\":\"EntryPoint\",\"urlTemplate\":\"https:\\\/\\\/expressometro.mx\\\/?s={search_term_string}\"},\"query-input\":{\"@type\":\"PropertyValueSpecification\",\"valueRequired\":true,\"valueName\":\"search_term_string\"}}],\"inLanguage\":\"es\"},{\"@type\":\"Organization\",\"@id\":\"https:\\\/\\\/expressometro.mx\\\/#organization\",\"name\":\"Expresso Metropolitano\",\"url\":\"https:\\\/\\\/expressometro.mx\\\/\",\"logo\":{\"@type\":\"ImageObject\",\"inLanguage\":\"es\",\"@id\":\"https:\\\/\\\/expressometro.mx\\\/#\\\/schema\\\/logo\\\/image\\\/\",\"url\":\"https:\\\/\\\/expressometro.mx\\\/wp-content\\\/uploads\\\/2019\\\/07\\\/cropped-Logo-Expresso-Metropolitano-1-1.jpeg\",\"contentUrl\":\"https:\\\/\\\/expressometro.mx\\\/wp-content\\\/uploads\\\/2019\\\/07\\\/cropped-Logo-Expresso-Metropolitano-1-1.jpeg\",\"width\":290,\"height\":73,\"caption\":\"Expresso Metropolitano\"},\"image\":{\"@id\":\"https:\\\/\\\/expressometro.mx\\\/#\\\/schema\\\/logo\\\/image\\\/\"}},{\"@type\":\"Person\",\"@id\":\"https:\\\/\\\/expressometro.mx\\\/#\\\/schema\\\/person\\\/efa971b4a0664db8ed5c22b1b0dd2f5d\",\"name\":\"Expresso Metropolitano\",\"image\":{\"@type\":\"ImageObject\",\"inLanguage\":\"es\",\"@id\":\"https:\\\/\\\/secure.gravatar.com\\\/avatar\\\/a89f802b8de18c6952f223c88d3d106e9e3679839f4e25a02f4a6cc2ae6ba3b3?s=96&d=mm&r=g\",\"url\":\"https:\\\/\\\/secure.gravatar.com\\\/avatar\\\/a89f802b8de18c6952f223c88d3d106e9e3679839f4e25a02f4a6cc2ae6ba3b3?s=96&d=mm&r=g\",\"contentUrl\":\"https:\\\/\\\/secure.gravatar.com\\\/avatar\\\/a89f802b8de18c6952f223c88d3d106e9e3679839f4e25a02f4a6cc2ae6ba3b3?s=96&d=mm&r=g\",\"caption\":\"Expresso Metropolitano\"},\"url\":\"https:\\\/\\\/expressometro.mx\\\/index.php\\\/author\\\/diego\\\/\"}]}<\/script>\n<!-- \/ Yoast SEO plugin. -->","yoast_head_json":{"title":"TIEMPO DE RECONCILIACI\u00d3N EN MORENA - Expresso Metropolitano","robots":{"index":"index","follow":"follow","max-snippet":"max-snippet:-1","max-image-preview":"max-image-preview:large","max-video-preview":"max-video-preview:-1"},"canonical":"https:\/\/expressometro.mx\/index.php\/2020\/10\/29\/tiempo-de-reconciliacion-en-morena\/","og_locale":"es_MX","og_type":"article","og_title":"TIEMPO DE RECONCILIACI\u00d3N EN MORENA - Expresso Metropolitano","og_description":"\u201cno claudicar ni traicionar los ideales de la Cuarta Transformaci\u00f3n que est\u00e1n por encima de cualquier circunstancia\u201d","og_url":"https:\/\/expressometro.mx\/index.php\/2020\/10\/29\/tiempo-de-reconciliacion-en-morena\/","og_site_name":"Expresso Metropolitano","article_published_time":"2020-10-29T18:58:38+00:00","article_modified_time":"2020-11-03T19:03:30+00:00","og_image":[{"width":1032,"height":774,"url":"https:\/\/expressometro.mx\/wp-content\/uploads\/2020\/11\/a434bc63-26ce-4251-a5c3-979226478678.jpg","type":"image\/jpeg"}],"author":"Expresso Metropolitano","twitter_misc":{"Escrito por":"Expresso Metropolitano","Tiempo de lectura":"2 minutos"},"schema":{"@context":"https:\/\/schema.org","@graph":[{"@type":"Article","@id":"https:\/\/expressometro.mx\/index.php\/2020\/10\/29\/tiempo-de-reconciliacion-en-morena\/#article","isPartOf":{"@id":"https:\/\/expressometro.mx\/index.php\/2020\/10\/29\/tiempo-de-reconciliacion-en-morena\/"},"author":{"name":"Expresso Metropolitano","@id":"https:\/\/expressometro.mx\/#\/schema\/person\/efa971b4a0664db8ed5c22b1b0dd2f5d"},"headline":"TIEMPO DE RECONCILIACI\u00d3N EN MORENA","datePublished":"2020-10-29T18:58:38+00:00","dateModified":"2020-11-03T19:03:30+00:00","mainEntityOfPage":{"@id":"https:\/\/expressometro.mx\/index.php\/2020\/10\/29\/tiempo-de-reconciliacion-en-morena\/"},"wordCount":436,"commentCount":0,"publisher":{"@id":"https:\/\/expressometro.mx\/#organization"},"image":{"@id":"https:\/\/expressometro.mx\/index.php\/2020\/10\/29\/tiempo-de-reconciliacion-en-morena\/#primaryimage"},"thumbnailUrl":"https:\/\/expressometro.mx\/wp-content\/uploads\/2020\/11\/a434bc63-26ce-4251-a5c3-979226478678.jpg","keywords":["Edgard Huerta Pe\u00f1a","Morena"],"articleSection":["Gobierno"],"inLanguage":"es","potentialAction":[{"@type":"CommentAction","name":"Comment","target":["https:\/\/expressometro.mx\/index.php\/2020\/10\/29\/tiempo-de-reconciliacion-en-morena\/#respond"]}]},{"@type":"WebPage","@id":"https:\/\/expressometro.mx\/index.php\/2020\/10\/29\/tiempo-de-reconciliacion-en-morena\/","url":"https:\/\/expressometro.mx\/index.php\/2020\/10\/29\/tiempo-de-reconciliacion-en-morena\/","name":"TIEMPO DE RECONCILIACI\u00d3N EN MORENA - Expresso Metropolitano","isPartOf":{"@id":"https:\/\/expressometro.mx\/#website"},"primaryImageOfPage":{"@id":"https:\/\/expressometro.mx\/index.php\/2020\/10\/29\/tiempo-de-reconciliacion-en-morena\/#primaryimage"},"image":{"@id":"https:\/\/expressometro.mx\/index.php\/2020\/10\/29\/tiempo-de-reconciliacion-en-morena\/#primaryimage"},"thumbnailUrl":"https:\/\/expressometro.mx\/wp-content\/uploads\/2020\/11\/a434bc63-26ce-4251-a5c3-979226478678.jpg","datePublished":"2020-10-29T18:58:38+00:00","dateModified":"2020-11-03T19:03:30+00:00","breadcrumb":{"@id":"https:\/\/expressometro.mx\/index.php\/2020\/10\/29\/tiempo-de-reconciliacion-en-morena\/#breadcrumb"},"inLanguage":"es","potentialAction":[{"@type":"ReadAction","target":["https:\/\/expressometro.mx\/index.php\/2020\/10\/29\/tiempo-de-reconciliacion-en-morena\/"]}]},{"@type":"ImageObject","inLanguage":"es","@id":"https:\/\/expressometro.mx\/index.php\/2020\/10\/29\/tiempo-de-reconciliacion-en-morena\/#primaryimage","url":"https:\/\/expressometro.mx\/wp-content\/uploads\/2020\/11\/a434bc63-26ce-4251-a5c3-979226478678.jpg","contentUrl":"https:\/\/expressometro.mx\/wp-content\/uploads\/2020\/11\/a434bc63-26ce-4251-a5c3-979226478678.jpg","width":1032,"height":774},{"@type":"BreadcrumbList","@id":"https:\/\/expressometro.mx\/index.php\/2020\/10\/29\/tiempo-de-reconciliacion-en-morena\/#breadcrumb","itemListElement":[{"@type":"ListItem","position":1,"name":"Inicio","item":"https:\/\/expressometro.mx\/"},{"@type":"ListItem","position":2,"name":"TIEMPO DE RECONCILIACI\u00d3N EN MORENA"}]},{"@type":"WebSite","@id":"https:\/\/expressometro.mx\/#website","url":"https:\/\/expressometro.mx\/","name":"Expresso Metropolitano","description":"Periodismo comprometido, informaci\u00f3n, investigaci\u00f3n y an\u00e1lisis","publisher":{"@id":"https:\/\/expressometro.mx\/#organization"},"potentialAction":[{"@type":"SearchAction","target":{"@type":"EntryPoint","urlTemplate":"https:\/\/expressometro.mx\/?s={search_term_string}"},"query-input":{"@type":"PropertyValueSpecification","valueRequired":true,"valueName":"search_term_string"}}],"inLanguage":"es"},{"@type":"Organization","@id":"https:\/\/expressometro.mx\/#organization","name":"Expresso Metropolitano","url":"https:\/\/expressometro.mx\/","logo":{"@type":"ImageObject","inLanguage":"es","@id":"https:\/\/expressometro.mx\/#\/schema\/logo\/image\/","url":"https:\/\/expressometro.mx\/wp-content\/uploads\/2019\/07\/cropped-Logo-Expresso-Metropolitano-1-1.jpeg","contentUrl":"https:\/\/expressometro.mx\/wp-content\/uploads\/2019\/07\/cropped-Logo-Expresso-Metropolitano-1-1.jpeg","width":290,"height":73,"caption":"Expresso Metropolitano"},"image":{"@id":"https:\/\/expressometro.mx\/#\/schema\/logo\/image\/"}},{"@type":"Person","@id":"https:\/\/expressometro.mx\/#\/schema\/person\/efa971b4a0664db8ed5c22b1b0dd2f5d","name":"Expresso Metropolitano","image":{"@type":"ImageObject","inLanguage":"es","@id":"https:\/\/secure.gravatar.com\/avatar\/a89f802b8de18c6952f223c88d3d106e9e3679839f4e25a02f4a6cc2ae6ba3b3?s=96&d=mm&r=g","url":"https:\/\/secure.gravatar.com\/avatar\/a89f802b8de18c6952f223c88d3d106e9e3679839f4e25a02f4a6cc2ae6ba3b3?s=96&d=mm&r=g","contentUrl":"https:\/\/secure.gravatar.com\/avatar\/a89f802b8de18c6952f223c88d3d106e9e3679839f4e25a02f4a6cc2ae6ba3b3?s=96&d=mm&r=g","caption":"Expresso Metropolitano"},"url":"https:\/\/expressometro.mx\/index.php\/author\/diego\/"}]}},"amp_enabled":true,"_links":{"self":[{"href":"https:\/\/expressometro.mx\/index.php\/wp-json\/wp\/v2\/posts\/1967","targetHints":{"allow":["GET"]}}],"collection":[{"href":"https:\/\/expressometro.mx\/index.php\/wp-json\/wp\/v2\/posts"}],"about":[{"href":"https:\/\/expressometro.mx\/index.php\/wp-json\/wp\/v2\/types\/post"}],"author":[{"embeddable":true,"href":"https:\/\/expressometro.mx\/index.php\/wp-json\/wp\/v2\/users\/1"}],"replies":[{"embeddable":true,"href":"https:\/\/expressometro.mx\/index.php\/wp-json\/wp\/v2\/comments?post=1967"}],"version-history":[{"count":1,"href":"https:\/\/expressometro.mx\/index.php\/wp-json\/wp\/v2\/posts\/1967\/revisions"}],"predecessor-version":[{"id":1969,"href":"https:\/\/expressometro.mx\/index.php\/wp-json\/wp\/v2\/posts\/1967\/revisions\/1969"}],"wp:featuredmedia":[{"embeddable":true,"href":"https:\/\/expressometro.mx\/index.php\/wp-json\/wp\/v2\/media\/1968"}],"wp:attachment":[{"href":"https:\/\/expressometro.mx\/index.php\/wp-json\/wp\/v2\/media?parent=1967"}],"wp:term":[{"taxonomy":"category","embeddable":true,"href":"https:\/\/expressometro.mx\/index.php\/wp-json\/wp\/v2\/categories?post=1967"},{"taxonomy":"post_tag","embeddable":true,"href":"https:\/\/expressometro.mx\/index.php\/wp-json\/wp\/v2\/tags?post=1967"}],"curies":[{"name":"wp","href":"https:\/\/api.w.org\/{rel}","templated":true}]}}