{"id":1955,"date":"2020-10-28T15:03:55","date_gmt":"2020-10-28T21:03:55","guid":{"rendered":"http:\/\/expressometro.mx\/?p=1955"},"modified":"2020-10-28T15:28:07","modified_gmt":"2020-10-28T21:28:07","slug":"apuesta-fundacion-inspira-a-la-inclusion-ciudadana","status":"publish","type":"post","link":"https:\/\/expressometro.mx\/index.php\/2020\/10\/28\/apuesta-fundacion-inspira-a-la-inclusion-ciudadana\/","title":{"rendered":"APUESTA FUNDACI\u00d3N INSPIRA A LA INCLUSION CIUDADANA"},"content":{"rendered":"\n<p>A partir de los valores del respeto, gratitud y compromiso es como Fundaci\u00f3n Inspira se dedica a promover las condiciones de una mejor vida para la gente que enfrenta alguna adversidad. <\/p>\n\n\n\n<p>Es como municipio por municipio se ha estructurado una idea de apoyar a la poblaci\u00f3n m\u00e1s necesitada que en estos tiempos de pandemia ve mermada su calidad de vida. <\/p>\n\n\n\n<p>Ayari Fern\u00e1ndez es presidenta de <br>\nFundaci\u00f3n Inspira, la cual fue constituida desde hace 8 a\u00f1os con <br>\nvalent\u00eda por hacer trabajo por Mexico y en apoyo a sus comunidades. <\/p>\n\n\n\n<p>En unos de sus actos m\u00e1s importantes donde canalizaron por lo menos cien toneladas de cemento para pobladores de Tultepec, Tultitlan y Cuautitlan, dijo que la fundaci\u00f3n tiene influencia en por lo menos 45 municipios.   <\/p>\n\n\n\n<p>Acompa\u00f1ada de los l\u00edderes sociales Leticia Col\u00edn, Salom\u00f3n Dumani, Pepe Rios y la Coordinadora de la fundaci\u00f3n en la zona, Sandra Villegas,  sostuvo a los beneficiados de las acciones de este organismo civil que ante la nueva normalidad Se abrir\u00e1n canales de comunicaci\u00f3n sobre los tr\u00e1mites de su gesti\u00f3n. <\/p>\n\n\n\n<p>Hay que Superar la crisis que nos sigue golpeando, apunt\u00f3 Ayari Fern\u00e1ndez al sostener que como fundaci\u00f3n se mantienen al Margen de la filiaci\u00f3n pol\u00edtica pero que Apostar\u00e1n a la inclusi\u00f3n ciudadana. <\/p>\n\n\n\n<p>Hay que superar el escenario que impone la pandemia y consolidar nuestros principios porque \u201cSomos so\u00f1adores que construyen un mejor ma\u00f1ana, seguimos de pie los que creen que es posible una mejor sociedad\u201d.  <\/p>\n\n\n\n<p>Necesitamos de todos para el<br>\nTrabajo en equipo para alcanzar nuestro Derecho a la dignidad humana por eso llam\u00f3 a ser emp\u00e1ticos con la gente, finaliz\u00f3.<\/p>\n","protected":false},"excerpt":{"rendered":"<p>Es como municipio por municipio se ha estructurado una idea de apoyar a la poblaci\u00f3n m\u00e1s necesitada.<\/p>\n","protected":false},"author":1,"featured_media":1956,"comment_status":"open","ping_status":"open","sticky":false,"template":"","format":"standard","meta":{"footnotes":""},"categories":[6],"tags":[103],"class_list":["post-1955","post","type-post","status-publish","format-standard","has-post-thumbnail","hentry","category-seguridad","tag-fundacion-inspira"],"yoast_head":"<!-- This site is optimized with the Yoast SEO plugin v27.5 - https:\/\/yoast.com\/product\/yoast-seo-wordpress\/ -->\n<title>APUESTA FUNDACI\u00d3N INSPIRA A LA INCLUSION CIUDADANA - Expresso Metropolitano<\/title>\n<meta name=\"robots\" content=\"index, follow, max-snippet:-1, max-image-preview:large, max-video-preview:-1\" \/>\n<link rel=\"canonical\" href=\"https:\/\/expressometro.mx\/index.php\/2020\/10\/28\/apuesta-fundacion-inspira-a-la-inclusion-ciudadana\/\" \/>\n<meta property=\"og:locale\" content=\"es_MX\" \/>\n<meta property=\"og:type\" content=\"article\" \/>\n<meta property=\"og:title\" content=\"APUESTA FUNDACI\u00d3N INSPIRA A LA INCLUSION CIUDADANA - Expresso Metropolitano\" \/>\n<meta property=\"og:description\" content=\"Es como municipio por municipio se ha estructurado una idea de apoyar a la poblaci\u00f3n m\u00e1s necesitada.\" \/>\n<meta property=\"og:url\" content=\"https:\/\/expressometro.mx\/index.php\/2020\/10\/28\/apuesta-fundacion-inspira-a-la-inclusion-ciudadana\/\" \/>\n<meta property=\"og:site_name\" content=\"Expresso Metropolitano\" \/>\n<meta property=\"article:published_time\" content=\"2020-10-28T21:03:55+00:00\" \/>\n<meta property=\"article:modified_time\" content=\"2020-10-28T21:28:07+00:00\" \/>\n<meta property=\"og:image\" content=\"https:\/\/expressometro.mx\/wp-content\/uploads\/2020\/10\/f831e06a-c5d9-497e-a671-66e7d9fea4d4.jpg\" \/>\n\t<meta property=\"og:image:width\" content=\"1280\" \/>\n\t<meta property=\"og:image:height\" content=\"960\" \/>\n\t<meta property=\"og:image:type\" content=\"image\/jpeg\" \/>\n<meta name=\"author\" content=\"Expresso Metropolitano\" \/>\n<meta name=\"twitter:label1\" content=\"Escrito por\" \/>\n\t<meta name=\"twitter:data1\" content=\"Expresso Metropolitano\" \/>\n\t<meta name=\"twitter:label2\" content=\"Tiempo de lectura\" \/>\n\t<meta name=\"twitter:data2\" content=\"1 minuto\" \/>\n<script type=\"application\/ld+json\" class=\"yoast-schema-graph\">{\"@context\":\"https:\\\/\\\/schema.org\",\"@graph\":[{\"@type\":\"Article\",\"@id\":\"https:\\\/\\\/expressometro.mx\\\/index.php\\\/2020\\\/10\\\/28\\\/apuesta-fundacion-inspira-a-la-inclusion-ciudadana\\\/#article\",\"isPartOf\":{\"@id\":\"https:\\\/\\\/expressometro.mx\\\/index.php\\\/2020\\\/10\\\/28\\\/apuesta-fundacion-inspira-a-la-inclusion-ciudadana\\\/\"},\"author\":{\"name\":\"Expresso Metropolitano\",\"@id\":\"https:\\\/\\\/expressometro.mx\\\/#\\\/schema\\\/person\\\/efa971b4a0664db8ed5c22b1b0dd2f5d\"},\"headline\":\"APUESTA FUNDACI\u00d3N INSPIRA A LA INCLUSION CIUDADANA\",\"datePublished\":\"2020-10-28T21:03:55+00:00\",\"dateModified\":\"2020-10-28T21:28:07+00:00\",\"mainEntityOfPage\":{\"@id\":\"https:\\\/\\\/expressometro.mx\\\/index.php\\\/2020\\\/10\\\/28\\\/apuesta-fundacion-inspira-a-la-inclusion-ciudadana\\\/\"},\"wordCount\":296,\"commentCount\":0,\"publisher\":{\"@id\":\"https:\\\/\\\/expressometro.mx\\\/#organization\"},\"image\":{\"@id\":\"https:\\\/\\\/expressometro.mx\\\/index.php\\\/2020\\\/10\\\/28\\\/apuesta-fundacion-inspira-a-la-inclusion-ciudadana\\\/#primaryimage\"},\"thumbnailUrl\":\"https:\\\/\\\/expressometro.mx\\\/wp-content\\\/uploads\\\/2020\\\/10\\\/f831e06a-c5d9-497e-a671-66e7d9fea4d4.jpg\",\"keywords\":[\"Fundaci\u00f3n Inspira\"],\"articleSection\":[\"Seguridad\"],\"inLanguage\":\"es\",\"potentialAction\":[{\"@type\":\"CommentAction\",\"name\":\"Comment\",\"target\":[\"https:\\\/\\\/expressometro.mx\\\/index.php\\\/2020\\\/10\\\/28\\\/apuesta-fundacion-inspira-a-la-inclusion-ciudadana\\\/#respond\"]}]},{\"@type\":\"WebPage\",\"@id\":\"https:\\\/\\\/expressometro.mx\\\/index.php\\\/2020\\\/10\\\/28\\\/apuesta-fundacion-inspira-a-la-inclusion-ciudadana\\\/\",\"url\":\"https:\\\/\\\/expressometro.mx\\\/index.php\\\/2020\\\/10\\\/28\\\/apuesta-fundacion-inspira-a-la-inclusion-ciudadana\\\/\",\"name\":\"APUESTA FUNDACI\u00d3N INSPIRA A LA INCLUSION CIUDADANA - Expresso Metropolitano\",\"isPartOf\":{\"@id\":\"https:\\\/\\\/expressometro.mx\\\/#website\"},\"primaryImageOfPage\":{\"@id\":\"https:\\\/\\\/expressometro.mx\\\/index.php\\\/2020\\\/10\\\/28\\\/apuesta-fundacion-inspira-a-la-inclusion-ciudadana\\\/#primaryimage\"},\"image\":{\"@id\":\"https:\\\/\\\/expressometro.mx\\\/index.php\\\/2020\\\/10\\\/28\\\/apuesta-fundacion-inspira-a-la-inclusion-ciudadana\\\/#primaryimage\"},\"thumbnailUrl\":\"https:\\\/\\\/expressometro.mx\\\/wp-content\\\/uploads\\\/2020\\\/10\\\/f831e06a-c5d9-497e-a671-66e7d9fea4d4.jpg\",\"datePublished\":\"2020-10-28T21:03:55+00:00\",\"dateModified\":\"2020-10-28T21:28:07+00:00\",\"breadcrumb\":{\"@id\":\"https:\\\/\\\/expressometro.mx\\\/index.php\\\/2020\\\/10\\\/28\\\/apuesta-fundacion-inspira-a-la-inclusion-ciudadana\\\/#breadcrumb\"},\"inLanguage\":\"es\",\"potentialAction\":[{\"@type\":\"ReadAction\",\"target\":[\"https:\\\/\\\/expressometro.mx\\\/index.php\\\/2020\\\/10\\\/28\\\/apuesta-fundacion-inspira-a-la-inclusion-ciudadana\\\/\"]}]},{\"@type\":\"ImageObject\",\"inLanguage\":\"es\",\"@id\":\"https:\\\/\\\/expressometro.mx\\\/index.php\\\/2020\\\/10\\\/28\\\/apuesta-fundacion-inspira-a-la-inclusion-ciudadana\\\/#primaryimage\",\"url\":\"https:\\\/\\\/expressometro.mx\\\/wp-content\\\/uploads\\\/2020\\\/10\\\/f831e06a-c5d9-497e-a671-66e7d9fea4d4.jpg\",\"contentUrl\":\"https:\\\/\\\/expressometro.mx\\\/wp-content\\\/uploads\\\/2020\\\/10\\\/f831e06a-c5d9-497e-a671-66e7d9fea4d4.jpg\",\"width\":1280,\"height\":960},{\"@type\":\"BreadcrumbList\",\"@id\":\"https:\\\/\\\/expressometro.mx\\\/index.php\\\/2020\\\/10\\\/28\\\/apuesta-fundacion-inspira-a-la-inclusion-ciudadana\\\/#breadcrumb\",\"itemListElement\":[{\"@type\":\"ListItem\",\"position\":1,\"name\":\"Inicio\",\"item\":\"https:\\\/\\\/expressometro.mx\\\/\"},{\"@type\":\"ListItem\",\"position\":2,\"name\":\"APUESTA FUNDACI\u00d3N INSPIRA A LA INCLUSION CIUDADANA\"}]},{\"@type\":\"WebSite\",\"@id\":\"https:\\\/\\\/expressometro.mx\\\/#website\",\"url\":\"https:\\\/\\\/expressometro.mx\\\/\",\"name\":\"Expresso Metropolitano\",\"description\":\"Periodismo comprometido, informaci\u00f3n, investigaci\u00f3n y an\u00e1lisis\",\"publisher\":{\"@id\":\"https:\\\/\\\/expressometro.mx\\\/#organization\"},\"potentialAction\":[{\"@type\":\"SearchAction\",\"target\":{\"@type\":\"EntryPoint\",\"urlTemplate\":\"https:\\\/\\\/expressometro.mx\\\/?s={search_term_string}\"},\"query-input\":{\"@type\":\"PropertyValueSpecification\",\"valueRequired\":true,\"valueName\":\"search_term_string\"}}],\"inLanguage\":\"es\"},{\"@type\":\"Organization\",\"@id\":\"https:\\\/\\\/expressometro.mx\\\/#organization\",\"name\":\"Expresso Metropolitano\",\"url\":\"https:\\\/\\\/expressometro.mx\\\/\",\"logo\":{\"@type\":\"ImageObject\",\"inLanguage\":\"es\",\"@id\":\"https:\\\/\\\/expressometro.mx\\\/#\\\/schema\\\/logo\\\/image\\\/\",\"url\":\"https:\\\/\\\/expressometro.mx\\\/wp-content\\\/uploads\\\/2019\\\/07\\\/cropped-Logo-Expresso-Metropolitano-1-1.jpeg\",\"contentUrl\":\"https:\\\/\\\/expressometro.mx\\\/wp-content\\\/uploads\\\/2019\\\/07\\\/cropped-Logo-Expresso-Metropolitano-1-1.jpeg\",\"width\":290,\"height\":73,\"caption\":\"Expresso Metropolitano\"},\"image\":{\"@id\":\"https:\\\/\\\/expressometro.mx\\\/#\\\/schema\\\/logo\\\/image\\\/\"}},{\"@type\":\"Person\",\"@id\":\"https:\\\/\\\/expressometro.mx\\\/#\\\/schema\\\/person\\\/efa971b4a0664db8ed5c22b1b0dd2f5d\",\"name\":\"Expresso Metropolitano\",\"image\":{\"@type\":\"ImageObject\",\"inLanguage\":\"es\",\"@id\":\"https:\\\/\\\/secure.gravatar.com\\\/avatar\\\/a89f802b8de18c6952f223c88d3d106e9e3679839f4e25a02f4a6cc2ae6ba3b3?s=96&d=mm&r=g\",\"url\":\"https:\\\/\\\/secure.gravatar.com\\\/avatar\\\/a89f802b8de18c6952f223c88d3d106e9e3679839f4e25a02f4a6cc2ae6ba3b3?s=96&d=mm&r=g\",\"contentUrl\":\"https:\\\/\\\/secure.gravatar.com\\\/avatar\\\/a89f802b8de18c6952f223c88d3d106e9e3679839f4e25a02f4a6cc2ae6ba3b3?s=96&d=mm&r=g\",\"caption\":\"Expresso Metropolitano\"},\"url\":\"https:\\\/\\\/expressometro.mx\\\/index.php\\\/author\\\/diego\\\/\"}]}<\/script>\n<!-- \/ Yoast SEO plugin. -->","yoast_head_json":{"title":"APUESTA FUNDACI\u00d3N INSPIRA A LA INCLUSION CIUDADANA - Expresso Metropolitano","robots":{"index":"index","follow":"follow","max-snippet":"max-snippet:-1","max-image-preview":"max-image-preview:large","max-video-preview":"max-video-preview:-1"},"canonical":"https:\/\/expressometro.mx\/index.php\/2020\/10\/28\/apuesta-fundacion-inspira-a-la-inclusion-ciudadana\/","og_locale":"es_MX","og_type":"article","og_title":"APUESTA FUNDACI\u00d3N INSPIRA A LA INCLUSION CIUDADANA - Expresso Metropolitano","og_description":"Es como municipio por municipio se ha estructurado una idea de apoyar a la poblaci\u00f3n m\u00e1s necesitada.","og_url":"https:\/\/expressometro.mx\/index.php\/2020\/10\/28\/apuesta-fundacion-inspira-a-la-inclusion-ciudadana\/","og_site_name":"Expresso Metropolitano","article_published_time":"2020-10-28T21:03:55+00:00","article_modified_time":"2020-10-28T21:28:07+00:00","og_image":[{"width":1280,"height":960,"url":"https:\/\/expressometro.mx\/wp-content\/uploads\/2020\/10\/f831e06a-c5d9-497e-a671-66e7d9fea4d4.jpg","type":"image\/jpeg"}],"author":"Expresso Metropolitano","twitter_misc":{"Escrito por":"Expresso Metropolitano","Tiempo de lectura":"1 minuto"},"schema":{"@context":"https:\/\/schema.org","@graph":[{"@type":"Article","@id":"https:\/\/expressometro.mx\/index.php\/2020\/10\/28\/apuesta-fundacion-inspira-a-la-inclusion-ciudadana\/#article","isPartOf":{"@id":"https:\/\/expressometro.mx\/index.php\/2020\/10\/28\/apuesta-fundacion-inspira-a-la-inclusion-ciudadana\/"},"author":{"name":"Expresso Metropolitano","@id":"https:\/\/expressometro.mx\/#\/schema\/person\/efa971b4a0664db8ed5c22b1b0dd2f5d"},"headline":"APUESTA FUNDACI\u00d3N INSPIRA A LA INCLUSION CIUDADANA","datePublished":"2020-10-28T21:03:55+00:00","dateModified":"2020-10-28T21:28:07+00:00","mainEntityOfPage":{"@id":"https:\/\/expressometro.mx\/index.php\/2020\/10\/28\/apuesta-fundacion-inspira-a-la-inclusion-ciudadana\/"},"wordCount":296,"commentCount":0,"publisher":{"@id":"https:\/\/expressometro.mx\/#organization"},"image":{"@id":"https:\/\/expressometro.mx\/index.php\/2020\/10\/28\/apuesta-fundacion-inspira-a-la-inclusion-ciudadana\/#primaryimage"},"thumbnailUrl":"https:\/\/expressometro.mx\/wp-content\/uploads\/2020\/10\/f831e06a-c5d9-497e-a671-66e7d9fea4d4.jpg","keywords":["Fundaci\u00f3n Inspira"],"articleSection":["Seguridad"],"inLanguage":"es","potentialAction":[{"@type":"CommentAction","name":"Comment","target":["https:\/\/expressometro.mx\/index.php\/2020\/10\/28\/apuesta-fundacion-inspira-a-la-inclusion-ciudadana\/#respond"]}]},{"@type":"WebPage","@id":"https:\/\/expressometro.mx\/index.php\/2020\/10\/28\/apuesta-fundacion-inspira-a-la-inclusion-ciudadana\/","url":"https:\/\/expressometro.mx\/index.php\/2020\/10\/28\/apuesta-fundacion-inspira-a-la-inclusion-ciudadana\/","name":"APUESTA FUNDACI\u00d3N INSPIRA A LA INCLUSION CIUDADANA - Expresso Metropolitano","isPartOf":{"@id":"https:\/\/expressometro.mx\/#website"},"primaryImageOfPage":{"@id":"https:\/\/expressometro.mx\/index.php\/2020\/10\/28\/apuesta-fundacion-inspira-a-la-inclusion-ciudadana\/#primaryimage"},"image":{"@id":"https:\/\/expressometro.mx\/index.php\/2020\/10\/28\/apuesta-fundacion-inspira-a-la-inclusion-ciudadana\/#primaryimage"},"thumbnailUrl":"https:\/\/expressometro.mx\/wp-content\/uploads\/2020\/10\/f831e06a-c5d9-497e-a671-66e7d9fea4d4.jpg","datePublished":"2020-10-28T21:03:55+00:00","dateModified":"2020-10-28T21:28:07+00:00","breadcrumb":{"@id":"https:\/\/expressometro.mx\/index.php\/2020\/10\/28\/apuesta-fundacion-inspira-a-la-inclusion-ciudadana\/#breadcrumb"},"inLanguage":"es","potentialAction":[{"@type":"ReadAction","target":["https:\/\/expressometro.mx\/index.php\/2020\/10\/28\/apuesta-fundacion-inspira-a-la-inclusion-ciudadana\/"]}]},{"@type":"ImageObject","inLanguage":"es","@id":"https:\/\/expressometro.mx\/index.php\/2020\/10\/28\/apuesta-fundacion-inspira-a-la-inclusion-ciudadana\/#primaryimage","url":"https:\/\/expressometro.mx\/wp-content\/uploads\/2020\/10\/f831e06a-c5d9-497e-a671-66e7d9fea4d4.jpg","contentUrl":"https:\/\/expressometro.mx\/wp-content\/uploads\/2020\/10\/f831e06a-c5d9-497e-a671-66e7d9fea4d4.jpg","width":1280,"height":960},{"@type":"BreadcrumbList","@id":"https:\/\/expressometro.mx\/index.php\/2020\/10\/28\/apuesta-fundacion-inspira-a-la-inclusion-ciudadana\/#breadcrumb","itemListElement":[{"@type":"ListItem","position":1,"name":"Inicio","item":"https:\/\/expressometro.mx\/"},{"@type":"ListItem","position":2,"name":"APUESTA FUNDACI\u00d3N INSPIRA A LA INCLUSION CIUDADANA"}]},{"@type":"WebSite","@id":"https:\/\/expressometro.mx\/#website","url":"https:\/\/expressometro.mx\/","name":"Expresso Metropolitano","description":"Periodismo comprometido, informaci\u00f3n, investigaci\u00f3n y an\u00e1lisis","publisher":{"@id":"https:\/\/expressometro.mx\/#organization"},"potentialAction":[{"@type":"SearchAction","target":{"@type":"EntryPoint","urlTemplate":"https:\/\/expressometro.mx\/?s={search_term_string}"},"query-input":{"@type":"PropertyValueSpecification","valueRequired":true,"valueName":"search_term_string"}}],"inLanguage":"es"},{"@type":"Organization","@id":"https:\/\/expressometro.mx\/#organization","name":"Expresso Metropolitano","url":"https:\/\/expressometro.mx\/","logo":{"@type":"ImageObject","inLanguage":"es","@id":"https:\/\/expressometro.mx\/#\/schema\/logo\/image\/","url":"https:\/\/expressometro.mx\/wp-content\/uploads\/2019\/07\/cropped-Logo-Expresso-Metropolitano-1-1.jpeg","contentUrl":"https:\/\/expressometro.mx\/wp-content\/uploads\/2019\/07\/cropped-Logo-Expresso-Metropolitano-1-1.jpeg","width":290,"height":73,"caption":"Expresso Metropolitano"},"image":{"@id":"https:\/\/expressometro.mx\/#\/schema\/logo\/image\/"}},{"@type":"Person","@id":"https:\/\/expressometro.mx\/#\/schema\/person\/efa971b4a0664db8ed5c22b1b0dd2f5d","name":"Expresso Metropolitano","image":{"@type":"ImageObject","inLanguage":"es","@id":"https:\/\/secure.gravatar.com\/avatar\/a89f802b8de18c6952f223c88d3d106e9e3679839f4e25a02f4a6cc2ae6ba3b3?s=96&d=mm&r=g","url":"https:\/\/secure.gravatar.com\/avatar\/a89f802b8de18c6952f223c88d3d106e9e3679839f4e25a02f4a6cc2ae6ba3b3?s=96&d=mm&r=g","contentUrl":"https:\/\/secure.gravatar.com\/avatar\/a89f802b8de18c6952f223c88d3d106e9e3679839f4e25a02f4a6cc2ae6ba3b3?s=96&d=mm&r=g","caption":"Expresso Metropolitano"},"url":"https:\/\/expressometro.mx\/index.php\/author\/diego\/"}]}},"amp_enabled":true,"_links":{"self":[{"href":"https:\/\/expressometro.mx\/index.php\/wp-json\/wp\/v2\/posts\/1955","targetHints":{"allow":["GET"]}}],"collection":[{"href":"https:\/\/expressometro.mx\/index.php\/wp-json\/wp\/v2\/posts"}],"about":[{"href":"https:\/\/expressometro.mx\/index.php\/wp-json\/wp\/v2\/types\/post"}],"author":[{"embeddable":true,"href":"https:\/\/expressometro.mx\/index.php\/wp-json\/wp\/v2\/users\/1"}],"replies":[{"embeddable":true,"href":"https:\/\/expressometro.mx\/index.php\/wp-json\/wp\/v2\/comments?post=1955"}],"version-history":[{"count":1,"href":"https:\/\/expressometro.mx\/index.php\/wp-json\/wp\/v2\/posts\/1955\/revisions"}],"predecessor-version":[{"id":1957,"href":"https:\/\/expressometro.mx\/index.php\/wp-json\/wp\/v2\/posts\/1955\/revisions\/1957"}],"wp:featuredmedia":[{"embeddable":true,"href":"https:\/\/expressometro.mx\/index.php\/wp-json\/wp\/v2\/media\/1956"}],"wp:attachment":[{"href":"https:\/\/expressometro.mx\/index.php\/wp-json\/wp\/v2\/media?parent=1955"}],"wp:term":[{"taxonomy":"category","embeddable":true,"href":"https:\/\/expressometro.mx\/index.php\/wp-json\/wp\/v2\/categories?post=1955"},{"taxonomy":"post_tag","embeddable":true,"href":"https:\/\/expressometro.mx\/index.php\/wp-json\/wp\/v2\/tags?post=1955"}],"curies":[{"name":"wp","href":"https:\/\/api.w.org\/{rel}","templated":true}]}}