{"id":1951,"date":"2020-10-27T15:05:06","date_gmt":"2020-10-27T21:05:06","guid":{"rendered":"http:\/\/expressometro.mx\/?p=1951"},"modified":"2020-10-27T15:05:08","modified_gmt":"2020-10-27T21:05:08","slug":"ecatepec-se-prepara-para-regresar-a-semaforo-rojo-ante-rebrote-de-covid-19","status":"publish","type":"post","link":"https:\/\/expressometro.mx\/index.php\/2020\/10\/27\/ecatepec-se-prepara-para-regresar-a-semaforo-rojo-ante-rebrote-de-covid-19\/","title":{"rendered":"Ecatepec se prepara para regresar a Sem\u00e1foro Rojo ante rebrote de Covid-19"},"content":{"rendered":"\n<p>El alcalde Fernando Vilchis Contreras orden\u00f3 reactivar el Plan Eh\u00e9catl, debido a que autoridades de salud estiman que podr\u00eda registrarse un rebrote contagios de Covid-19 a nivel nacional, por lo que el gobierno municipal eval\u00faa si Ecatepec regresa al Sem\u00e1foro Rojo en los pr\u00f3ximos d\u00edas.<\/p>\n\n\n\n<p>El Plan Eh\u00e9catl contempl\u00f3 m\u00e1s de 30 acciones de apoyo a los habitantes de Ecatepec durante la Fase 3 de la emergencia por coronavirus, entre ellas la campa\u00f1a Qu\u00e9date en Casa, el programa de internet gratuito Ecatepec en L\u00ednea y la sanitizaci\u00f3n de mercados, transporte colectivo, y espacios p\u00fablicos, adem\u00e1s de la suspensi\u00f3n de tianguis y de actividades en los casi 400 deportivos y 29 Centros C\u00edvicos del municipio.<\/p>\n\n\n\n<p>Otra de las acciones del Plan Eh\u00e9catl fue la entrega de ambulancias a Protecci\u00f3n Civil municipal, equipadas con tecnolog\u00eda de punta, una de ellas exclusiva para l traslado de pacientes Covid-19, unidad que contin\u00faa en funcionamiento y brinda servicio a las personas que lo requieran.<\/p>\n\n\n\n<p>Vilchis Contreras asegur\u00f3 que por las condiciones geogr\u00e1ficas y demogr\u00e1ficas de Ecatepec es necesario tomar medidas oportunas y el municipio se prepara para un eventual regreso al Sem\u00e1foro Rojo de la emergencia por Covid-19.<\/p>\n\n\n\n<p>Afirm\u00f3 que es necesario actuar con responsabilidad para proteger lo primordial, que es la salud e integridad de los habitantes del municipio, aunque ser\u00e1 el cabildo de Ecatepec el que determine en los pr\u00f3ximos d\u00edas si se regresa al Sem\u00e1foro Rojo, luego de analizar la situaci\u00f3n al respecto a nivel nacional, estatal y municipal.<\/p>\n\n\n\n<p>El edil orden\u00f3 a todas las \u00e1reas del gobierno municipal mantenerse en estado de alerta para retomar las acciones contempladas por el Plan Eh\u00e9catl, con el objetivo de evitar la propagaci\u00f3n de la enfermedad, lo que incluye reforzar operativos de supervisi\u00f3n en establecimientos para que empresas y clientes acaten las medidas sanitarias recomendadas e implementar nuevamente la campa\u00f1a Qu\u00e9date en Casa.<\/p>\n\n\n\n<p>Vilchis Contreras reiter\u00f3 que autoridades federales de salud determinar\u00e1n en los pr\u00f3ximos d\u00edas si se regresa al Sem\u00e1foro Rojo debido a que estiman que puede haber un rebrote importante del Covid-19.<\/p>\n\n\n\n<p>Ecatepec es el municipio m\u00e1s poblado del Estado de M\u00e9xico y es paso importante para habitantes de diversos municipios de la entidad que se dirigen a la Ciudad de M\u00e9xico, quienes en su mayor\u00eda utilizan transporte p\u00fablico.<br>\nEn Ecatepec se tiene un registro 11, 169 casos confirmados a la fecha y 1, 786 personas fallecidas, pero a partir del pasado 20 de octubre se detect\u00f3 un nuevo incremento en el promedio diario de casos positivos y decesos.<br>\nEn la semana del 2 al 9 de octubre, las autoridades de salud reportaron 36 decesos a consecuencia del coronavirus en Ecatepec, mientras que del 19 al 26 del mismo mes la cifra se increment\u00f3 a 49 defunciones.<\/p>\n","protected":false},"excerpt":{"rendered":"<p>El alcalde Fernando Vilchis Contreras orden\u00f3 reactivar el Plan Eh\u00e9catl, debido a que autoridades de salud estiman que podr\u00eda registrarse un rebrote contagios de Covid-19 a nivel nacional, por lo que el gobierno municipal eval\u00faa si Ecatepec regresa al Sem\u00e1foro Rojo en los pr\u00f3ximos d\u00edas. El Plan Eh\u00e9catl contempl\u00f3 m\u00e1s de 30 acciones de apoyo a los habitantes de Ecatepec durante la Fase 3 de la emergencia por coronavirus, entre ellas la campa\u00f1a Qu\u00e9date en Casa, el programa de internet gratuito Ecatepec en L\u00ednea y la sanitizaci\u00f3n de mercados, transporte&hellip;<\/p>\n","protected":false},"author":1,"featured_media":1952,"comment_status":"open","ping_status":"open","sticky":false,"template":"","format":"standard","meta":{"footnotes":""},"categories":[1],"tags":[101,100],"class_list":["post-1951","post","type-post","status-publish","format-standard","has-post-thumbnail","hentry","category-otros","tag-covid19","tag-ecatepec"],"yoast_head":"<!-- This site is optimized with the Yoast SEO plugin v27.5 - https:\/\/yoast.com\/product\/yoast-seo-wordpress\/ -->\n<title>Ecatepec se prepara para regresar a Sem\u00e1foro Rojo ante rebrote de Covid-19 - Expresso Metropolitano<\/title>\n<meta name=\"robots\" content=\"index, follow, max-snippet:-1, max-image-preview:large, max-video-preview:-1\" \/>\n<link rel=\"canonical\" href=\"https:\/\/expressometro.mx\/index.php\/2020\/10\/27\/ecatepec-se-prepara-para-regresar-a-semaforo-rojo-ante-rebrote-de-covid-19\/\" \/>\n<meta property=\"og:locale\" content=\"es_MX\" \/>\n<meta property=\"og:type\" content=\"article\" \/>\n<meta property=\"og:title\" content=\"Ecatepec se prepara para regresar a Sem\u00e1foro Rojo ante rebrote de Covid-19 - Expresso Metropolitano\" \/>\n<meta property=\"og:description\" content=\"El alcalde Fernando Vilchis Contreras orden\u00f3 reactivar el Plan Eh\u00e9catl, debido a que autoridades de salud estiman que podr\u00eda registrarse un rebrote contagios de Covid-19 a nivel nacional, por lo que el gobierno municipal eval\u00faa si Ecatepec regresa al Sem\u00e1foro Rojo en los pr\u00f3ximos d\u00edas. El Plan Eh\u00e9catl contempl\u00f3 m\u00e1s de 30 acciones de apoyo a los habitantes de Ecatepec durante la Fase 3 de la emergencia por coronavirus, entre ellas la campa\u00f1a Qu\u00e9date en Casa, el programa de internet gratuito Ecatepec en L\u00ednea y la sanitizaci\u00f3n de mercados, transporte&hellip;\" \/>\n<meta property=\"og:url\" content=\"https:\/\/expressometro.mx\/index.php\/2020\/10\/27\/ecatepec-se-prepara-para-regresar-a-semaforo-rojo-ante-rebrote-de-covid-19\/\" \/>\n<meta property=\"og:site_name\" content=\"Expresso Metropolitano\" \/>\n<meta property=\"article:published_time\" content=\"2020-10-27T21:05:06+00:00\" \/>\n<meta property=\"article:modified_time\" content=\"2020-10-27T21:05:08+00:00\" \/>\n<meta property=\"og:image\" content=\"https:\/\/expressometro.mx\/wp-content\/uploads\/2020\/10\/CBC8267B-D932-49DE-80C7-417C7D242380.jpeg\" \/>\n\t<meta property=\"og:image:width\" content=\"554\" \/>\n\t<meta property=\"og:image:height\" content=\"554\" \/>\n\t<meta property=\"og:image:type\" content=\"image\/jpeg\" \/>\n<meta name=\"author\" content=\"Expresso Metropolitano\" \/>\n<meta name=\"twitter:label1\" content=\"Escrito por\" \/>\n\t<meta name=\"twitter:data1\" content=\"Expresso Metropolitano\" \/>\n\t<meta name=\"twitter:label2\" content=\"Tiempo de lectura\" \/>\n\t<meta name=\"twitter:data2\" content=\"2 minutos\" \/>\n<script type=\"application\/ld+json\" class=\"yoast-schema-graph\">{\"@context\":\"https:\\\/\\\/schema.org\",\"@graph\":[{\"@type\":\"Article\",\"@id\":\"https:\\\/\\\/expressometro.mx\\\/index.php\\\/2020\\\/10\\\/27\\\/ecatepec-se-prepara-para-regresar-a-semaforo-rojo-ante-rebrote-de-covid-19\\\/#article\",\"isPartOf\":{\"@id\":\"https:\\\/\\\/expressometro.mx\\\/index.php\\\/2020\\\/10\\\/27\\\/ecatepec-se-prepara-para-regresar-a-semaforo-rojo-ante-rebrote-de-covid-19\\\/\"},\"author\":{\"name\":\"Expresso Metropolitano\",\"@id\":\"https:\\\/\\\/expressometro.mx\\\/#\\\/schema\\\/person\\\/efa971b4a0664db8ed5c22b1b0dd2f5d\"},\"headline\":\"Ecatepec se prepara para regresar a Sem\u00e1foro Rojo ante rebrote de Covid-19\",\"datePublished\":\"2020-10-27T21:05:06+00:00\",\"dateModified\":\"2020-10-27T21:05:08+00:00\",\"mainEntityOfPage\":{\"@id\":\"https:\\\/\\\/expressometro.mx\\\/index.php\\\/2020\\\/10\\\/27\\\/ecatepec-se-prepara-para-regresar-a-semaforo-rojo-ante-rebrote-de-covid-19\\\/\"},\"wordCount\":493,\"commentCount\":0,\"publisher\":{\"@id\":\"https:\\\/\\\/expressometro.mx\\\/#organization\"},\"image\":{\"@id\":\"https:\\\/\\\/expressometro.mx\\\/index.php\\\/2020\\\/10\\\/27\\\/ecatepec-se-prepara-para-regresar-a-semaforo-rojo-ante-rebrote-de-covid-19\\\/#primaryimage\"},\"thumbnailUrl\":\"https:\\\/\\\/expressometro.mx\\\/wp-content\\\/uploads\\\/2020\\\/10\\\/CBC8267B-D932-49DE-80C7-417C7D242380.jpeg\",\"keywords\":[\"COVID19\",\"Ecatepec\"],\"articleSection\":[\"Otros\"],\"inLanguage\":\"es\",\"potentialAction\":[{\"@type\":\"CommentAction\",\"name\":\"Comment\",\"target\":[\"https:\\\/\\\/expressometro.mx\\\/index.php\\\/2020\\\/10\\\/27\\\/ecatepec-se-prepara-para-regresar-a-semaforo-rojo-ante-rebrote-de-covid-19\\\/#respond\"]}]},{\"@type\":\"WebPage\",\"@id\":\"https:\\\/\\\/expressometro.mx\\\/index.php\\\/2020\\\/10\\\/27\\\/ecatepec-se-prepara-para-regresar-a-semaforo-rojo-ante-rebrote-de-covid-19\\\/\",\"url\":\"https:\\\/\\\/expressometro.mx\\\/index.php\\\/2020\\\/10\\\/27\\\/ecatepec-se-prepara-para-regresar-a-semaforo-rojo-ante-rebrote-de-covid-19\\\/\",\"name\":\"Ecatepec se prepara para regresar a Sem\u00e1foro Rojo ante rebrote de Covid-19 - Expresso Metropolitano\",\"isPartOf\":{\"@id\":\"https:\\\/\\\/expressometro.mx\\\/#website\"},\"primaryImageOfPage\":{\"@id\":\"https:\\\/\\\/expressometro.mx\\\/index.php\\\/2020\\\/10\\\/27\\\/ecatepec-se-prepara-para-regresar-a-semaforo-rojo-ante-rebrote-de-covid-19\\\/#primaryimage\"},\"image\":{\"@id\":\"https:\\\/\\\/expressometro.mx\\\/index.php\\\/2020\\\/10\\\/27\\\/ecatepec-se-prepara-para-regresar-a-semaforo-rojo-ante-rebrote-de-covid-19\\\/#primaryimage\"},\"thumbnailUrl\":\"https:\\\/\\\/expressometro.mx\\\/wp-content\\\/uploads\\\/2020\\\/10\\\/CBC8267B-D932-49DE-80C7-417C7D242380.jpeg\",\"datePublished\":\"2020-10-27T21:05:06+00:00\",\"dateModified\":\"2020-10-27T21:05:08+00:00\",\"breadcrumb\":{\"@id\":\"https:\\\/\\\/expressometro.mx\\\/index.php\\\/2020\\\/10\\\/27\\\/ecatepec-se-prepara-para-regresar-a-semaforo-rojo-ante-rebrote-de-covid-19\\\/#breadcrumb\"},\"inLanguage\":\"es\",\"potentialAction\":[{\"@type\":\"ReadAction\",\"target\":[\"https:\\\/\\\/expressometro.mx\\\/index.php\\\/2020\\\/10\\\/27\\\/ecatepec-se-prepara-para-regresar-a-semaforo-rojo-ante-rebrote-de-covid-19\\\/\"]}]},{\"@type\":\"ImageObject\",\"inLanguage\":\"es\",\"@id\":\"https:\\\/\\\/expressometro.mx\\\/index.php\\\/2020\\\/10\\\/27\\\/ecatepec-se-prepara-para-regresar-a-semaforo-rojo-ante-rebrote-de-covid-19\\\/#primaryimage\",\"url\":\"https:\\\/\\\/expressometro.mx\\\/wp-content\\\/uploads\\\/2020\\\/10\\\/CBC8267B-D932-49DE-80C7-417C7D242380.jpeg\",\"contentUrl\":\"https:\\\/\\\/expressometro.mx\\\/wp-content\\\/uploads\\\/2020\\\/10\\\/CBC8267B-D932-49DE-80C7-417C7D242380.jpeg\",\"width\":554,\"height\":554},{\"@type\":\"BreadcrumbList\",\"@id\":\"https:\\\/\\\/expressometro.mx\\\/index.php\\\/2020\\\/10\\\/27\\\/ecatepec-se-prepara-para-regresar-a-semaforo-rojo-ante-rebrote-de-covid-19\\\/#breadcrumb\",\"itemListElement\":[{\"@type\":\"ListItem\",\"position\":1,\"name\":\"Inicio\",\"item\":\"https:\\\/\\\/expressometro.mx\\\/\"},{\"@type\":\"ListItem\",\"position\":2,\"name\":\"Ecatepec se prepara para regresar a Sem\u00e1foro Rojo ante rebrote de Covid-19\"}]},{\"@type\":\"WebSite\",\"@id\":\"https:\\\/\\\/expressometro.mx\\\/#website\",\"url\":\"https:\\\/\\\/expressometro.mx\\\/\",\"name\":\"Expresso Metropolitano\",\"description\":\"Periodismo comprometido, informaci\u00f3n, investigaci\u00f3n y an\u00e1lisis\",\"publisher\":{\"@id\":\"https:\\\/\\\/expressometro.mx\\\/#organization\"},\"potentialAction\":[{\"@type\":\"SearchAction\",\"target\":{\"@type\":\"EntryPoint\",\"urlTemplate\":\"https:\\\/\\\/expressometro.mx\\\/?s={search_term_string}\"},\"query-input\":{\"@type\":\"PropertyValueSpecification\",\"valueRequired\":true,\"valueName\":\"search_term_string\"}}],\"inLanguage\":\"es\"},{\"@type\":\"Organization\",\"@id\":\"https:\\\/\\\/expressometro.mx\\\/#organization\",\"name\":\"Expresso Metropolitano\",\"url\":\"https:\\\/\\\/expressometro.mx\\\/\",\"logo\":{\"@type\":\"ImageObject\",\"inLanguage\":\"es\",\"@id\":\"https:\\\/\\\/expressometro.mx\\\/#\\\/schema\\\/logo\\\/image\\\/\",\"url\":\"https:\\\/\\\/expressometro.mx\\\/wp-content\\\/uploads\\\/2019\\\/07\\\/cropped-Logo-Expresso-Metropolitano-1-1.jpeg\",\"contentUrl\":\"https:\\\/\\\/expressometro.mx\\\/wp-content\\\/uploads\\\/2019\\\/07\\\/cropped-Logo-Expresso-Metropolitano-1-1.jpeg\",\"width\":290,\"height\":73,\"caption\":\"Expresso Metropolitano\"},\"image\":{\"@id\":\"https:\\\/\\\/expressometro.mx\\\/#\\\/schema\\\/logo\\\/image\\\/\"}},{\"@type\":\"Person\",\"@id\":\"https:\\\/\\\/expressometro.mx\\\/#\\\/schema\\\/person\\\/efa971b4a0664db8ed5c22b1b0dd2f5d\",\"name\":\"Expresso Metropolitano\",\"image\":{\"@type\":\"ImageObject\",\"inLanguage\":\"es\",\"@id\":\"https:\\\/\\\/secure.gravatar.com\\\/avatar\\\/a89f802b8de18c6952f223c88d3d106e9e3679839f4e25a02f4a6cc2ae6ba3b3?s=96&d=mm&r=g\",\"url\":\"https:\\\/\\\/secure.gravatar.com\\\/avatar\\\/a89f802b8de18c6952f223c88d3d106e9e3679839f4e25a02f4a6cc2ae6ba3b3?s=96&d=mm&r=g\",\"contentUrl\":\"https:\\\/\\\/secure.gravatar.com\\\/avatar\\\/a89f802b8de18c6952f223c88d3d106e9e3679839f4e25a02f4a6cc2ae6ba3b3?s=96&d=mm&r=g\",\"caption\":\"Expresso Metropolitano\"},\"url\":\"https:\\\/\\\/expressometro.mx\\\/index.php\\\/author\\\/diego\\\/\"}]}<\/script>\n<!-- \/ Yoast SEO plugin. -->","yoast_head_json":{"title":"Ecatepec se prepara para regresar a Sem\u00e1foro Rojo ante rebrote de Covid-19 - Expresso Metropolitano","robots":{"index":"index","follow":"follow","max-snippet":"max-snippet:-1","max-image-preview":"max-image-preview:large","max-video-preview":"max-video-preview:-1"},"canonical":"https:\/\/expressometro.mx\/index.php\/2020\/10\/27\/ecatepec-se-prepara-para-regresar-a-semaforo-rojo-ante-rebrote-de-covid-19\/","og_locale":"es_MX","og_type":"article","og_title":"Ecatepec se prepara para regresar a Sem\u00e1foro Rojo ante rebrote de Covid-19 - Expresso Metropolitano","og_description":"El alcalde Fernando Vilchis Contreras orden\u00f3 reactivar el Plan Eh\u00e9catl, debido a que autoridades de salud estiman que podr\u00eda registrarse un rebrote contagios de Covid-19 a nivel nacional, por lo que el gobierno municipal eval\u00faa si Ecatepec regresa al Sem\u00e1foro Rojo en los pr\u00f3ximos d\u00edas. El Plan Eh\u00e9catl contempl\u00f3 m\u00e1s de 30 acciones de apoyo a los habitantes de Ecatepec durante la Fase 3 de la emergencia por coronavirus, entre ellas la campa\u00f1a Qu\u00e9date en Casa, el programa de internet gratuito Ecatepec en L\u00ednea y la sanitizaci\u00f3n de mercados, transporte&hellip;","og_url":"https:\/\/expressometro.mx\/index.php\/2020\/10\/27\/ecatepec-se-prepara-para-regresar-a-semaforo-rojo-ante-rebrote-de-covid-19\/","og_site_name":"Expresso Metropolitano","article_published_time":"2020-10-27T21:05:06+00:00","article_modified_time":"2020-10-27T21:05:08+00:00","og_image":[{"width":554,"height":554,"url":"https:\/\/expressometro.mx\/wp-content\/uploads\/2020\/10\/CBC8267B-D932-49DE-80C7-417C7D242380.jpeg","type":"image\/jpeg"}],"author":"Expresso Metropolitano","twitter_misc":{"Escrito por":"Expresso Metropolitano","Tiempo de lectura":"2 minutos"},"schema":{"@context":"https:\/\/schema.org","@graph":[{"@type":"Article","@id":"https:\/\/expressometro.mx\/index.php\/2020\/10\/27\/ecatepec-se-prepara-para-regresar-a-semaforo-rojo-ante-rebrote-de-covid-19\/#article","isPartOf":{"@id":"https:\/\/expressometro.mx\/index.php\/2020\/10\/27\/ecatepec-se-prepara-para-regresar-a-semaforo-rojo-ante-rebrote-de-covid-19\/"},"author":{"name":"Expresso Metropolitano","@id":"https:\/\/expressometro.mx\/#\/schema\/person\/efa971b4a0664db8ed5c22b1b0dd2f5d"},"headline":"Ecatepec se prepara para regresar a Sem\u00e1foro Rojo ante rebrote de Covid-19","datePublished":"2020-10-27T21:05:06+00:00","dateModified":"2020-10-27T21:05:08+00:00","mainEntityOfPage":{"@id":"https:\/\/expressometro.mx\/index.php\/2020\/10\/27\/ecatepec-se-prepara-para-regresar-a-semaforo-rojo-ante-rebrote-de-covid-19\/"},"wordCount":493,"commentCount":0,"publisher":{"@id":"https:\/\/expressometro.mx\/#organization"},"image":{"@id":"https:\/\/expressometro.mx\/index.php\/2020\/10\/27\/ecatepec-se-prepara-para-regresar-a-semaforo-rojo-ante-rebrote-de-covid-19\/#primaryimage"},"thumbnailUrl":"https:\/\/expressometro.mx\/wp-content\/uploads\/2020\/10\/CBC8267B-D932-49DE-80C7-417C7D242380.jpeg","keywords":["COVID19","Ecatepec"],"articleSection":["Otros"],"inLanguage":"es","potentialAction":[{"@type":"CommentAction","name":"Comment","target":["https:\/\/expressometro.mx\/index.php\/2020\/10\/27\/ecatepec-se-prepara-para-regresar-a-semaforo-rojo-ante-rebrote-de-covid-19\/#respond"]}]},{"@type":"WebPage","@id":"https:\/\/expressometro.mx\/index.php\/2020\/10\/27\/ecatepec-se-prepara-para-regresar-a-semaforo-rojo-ante-rebrote-de-covid-19\/","url":"https:\/\/expressometro.mx\/index.php\/2020\/10\/27\/ecatepec-se-prepara-para-regresar-a-semaforo-rojo-ante-rebrote-de-covid-19\/","name":"Ecatepec se prepara para regresar a Sem\u00e1foro Rojo ante rebrote de Covid-19 - Expresso Metropolitano","isPartOf":{"@id":"https:\/\/expressometro.mx\/#website"},"primaryImageOfPage":{"@id":"https:\/\/expressometro.mx\/index.php\/2020\/10\/27\/ecatepec-se-prepara-para-regresar-a-semaforo-rojo-ante-rebrote-de-covid-19\/#primaryimage"},"image":{"@id":"https:\/\/expressometro.mx\/index.php\/2020\/10\/27\/ecatepec-se-prepara-para-regresar-a-semaforo-rojo-ante-rebrote-de-covid-19\/#primaryimage"},"thumbnailUrl":"https:\/\/expressometro.mx\/wp-content\/uploads\/2020\/10\/CBC8267B-D932-49DE-80C7-417C7D242380.jpeg","datePublished":"2020-10-27T21:05:06+00:00","dateModified":"2020-10-27T21:05:08+00:00","breadcrumb":{"@id":"https:\/\/expressometro.mx\/index.php\/2020\/10\/27\/ecatepec-se-prepara-para-regresar-a-semaforo-rojo-ante-rebrote-de-covid-19\/#breadcrumb"},"inLanguage":"es","potentialAction":[{"@type":"ReadAction","target":["https:\/\/expressometro.mx\/index.php\/2020\/10\/27\/ecatepec-se-prepara-para-regresar-a-semaforo-rojo-ante-rebrote-de-covid-19\/"]}]},{"@type":"ImageObject","inLanguage":"es","@id":"https:\/\/expressometro.mx\/index.php\/2020\/10\/27\/ecatepec-se-prepara-para-regresar-a-semaforo-rojo-ante-rebrote-de-covid-19\/#primaryimage","url":"https:\/\/expressometro.mx\/wp-content\/uploads\/2020\/10\/CBC8267B-D932-49DE-80C7-417C7D242380.jpeg","contentUrl":"https:\/\/expressometro.mx\/wp-content\/uploads\/2020\/10\/CBC8267B-D932-49DE-80C7-417C7D242380.jpeg","width":554,"height":554},{"@type":"BreadcrumbList","@id":"https:\/\/expressometro.mx\/index.php\/2020\/10\/27\/ecatepec-se-prepara-para-regresar-a-semaforo-rojo-ante-rebrote-de-covid-19\/#breadcrumb","itemListElement":[{"@type":"ListItem","position":1,"name":"Inicio","item":"https:\/\/expressometro.mx\/"},{"@type":"ListItem","position":2,"name":"Ecatepec se prepara para regresar a Sem\u00e1foro Rojo ante rebrote de Covid-19"}]},{"@type":"WebSite","@id":"https:\/\/expressometro.mx\/#website","url":"https:\/\/expressometro.mx\/","name":"Expresso Metropolitano","description":"Periodismo comprometido, informaci\u00f3n, investigaci\u00f3n y an\u00e1lisis","publisher":{"@id":"https:\/\/expressometro.mx\/#organization"},"potentialAction":[{"@type":"SearchAction","target":{"@type":"EntryPoint","urlTemplate":"https:\/\/expressometro.mx\/?s={search_term_string}"},"query-input":{"@type":"PropertyValueSpecification","valueRequired":true,"valueName":"search_term_string"}}],"inLanguage":"es"},{"@type":"Organization","@id":"https:\/\/expressometro.mx\/#organization","name":"Expresso Metropolitano","url":"https:\/\/expressometro.mx\/","logo":{"@type":"ImageObject","inLanguage":"es","@id":"https:\/\/expressometro.mx\/#\/schema\/logo\/image\/","url":"https:\/\/expressometro.mx\/wp-content\/uploads\/2019\/07\/cropped-Logo-Expresso-Metropolitano-1-1.jpeg","contentUrl":"https:\/\/expressometro.mx\/wp-content\/uploads\/2019\/07\/cropped-Logo-Expresso-Metropolitano-1-1.jpeg","width":290,"height":73,"caption":"Expresso Metropolitano"},"image":{"@id":"https:\/\/expressometro.mx\/#\/schema\/logo\/image\/"}},{"@type":"Person","@id":"https:\/\/expressometro.mx\/#\/schema\/person\/efa971b4a0664db8ed5c22b1b0dd2f5d","name":"Expresso Metropolitano","image":{"@type":"ImageObject","inLanguage":"es","@id":"https:\/\/secure.gravatar.com\/avatar\/a89f802b8de18c6952f223c88d3d106e9e3679839f4e25a02f4a6cc2ae6ba3b3?s=96&d=mm&r=g","url":"https:\/\/secure.gravatar.com\/avatar\/a89f802b8de18c6952f223c88d3d106e9e3679839f4e25a02f4a6cc2ae6ba3b3?s=96&d=mm&r=g","contentUrl":"https:\/\/secure.gravatar.com\/avatar\/a89f802b8de18c6952f223c88d3d106e9e3679839f4e25a02f4a6cc2ae6ba3b3?s=96&d=mm&r=g","caption":"Expresso Metropolitano"},"url":"https:\/\/expressometro.mx\/index.php\/author\/diego\/"}]}},"amp_enabled":true,"_links":{"self":[{"href":"https:\/\/expressometro.mx\/index.php\/wp-json\/wp\/v2\/posts\/1951","targetHints":{"allow":["GET"]}}],"collection":[{"href":"https:\/\/expressometro.mx\/index.php\/wp-json\/wp\/v2\/posts"}],"about":[{"href":"https:\/\/expressometro.mx\/index.php\/wp-json\/wp\/v2\/types\/post"}],"author":[{"embeddable":true,"href":"https:\/\/expressometro.mx\/index.php\/wp-json\/wp\/v2\/users\/1"}],"replies":[{"embeddable":true,"href":"https:\/\/expressometro.mx\/index.php\/wp-json\/wp\/v2\/comments?post=1951"}],"version-history":[{"count":1,"href":"https:\/\/expressometro.mx\/index.php\/wp-json\/wp\/v2\/posts\/1951\/revisions"}],"predecessor-version":[{"id":1953,"href":"https:\/\/expressometro.mx\/index.php\/wp-json\/wp\/v2\/posts\/1951\/revisions\/1953"}],"wp:featuredmedia":[{"embeddable":true,"href":"https:\/\/expressometro.mx\/index.php\/wp-json\/wp\/v2\/media\/1952"}],"wp:attachment":[{"href":"https:\/\/expressometro.mx\/index.php\/wp-json\/wp\/v2\/media?parent=1951"}],"wp:term":[{"taxonomy":"category","embeddable":true,"href":"https:\/\/expressometro.mx\/index.php\/wp-json\/wp\/v2\/categories?post=1951"},{"taxonomy":"post_tag","embeddable":true,"href":"https:\/\/expressometro.mx\/index.php\/wp-json\/wp\/v2\/tags?post=1951"}],"curies":[{"name":"wp","href":"https:\/\/api.w.org\/{rel}","templated":true}]}}