{"id":1948,"date":"2020-10-27T14:47:30","date_gmt":"2020-10-27T20:47:30","guid":{"rendered":"http:\/\/expressometro.mx\/?p=1948"},"modified":"2020-10-27T14:47:31","modified_gmt":"2020-10-27T20:47:31","slug":"se-han-reforzado-las-medidas-sanitarias-para-las-comparecencias-de-15-secretarios-y-del-fiscal-maurilio-hernandez","status":"publish","type":"post","link":"https:\/\/expressometro.mx\/index.php\/2020\/10\/27\/se-han-reforzado-las-medidas-sanitarias-para-las-comparecencias-de-15-secretarios-y-del-fiscal-maurilio-hernandez\/","title":{"rendered":"SE HAN REFORZADO LAS MEDIDAS SANITARIAS PARA LAS COMPARECENCIAS DE  15 SECRETARIOS Y DEL FISCAL: MAURILIO HERN\u00c1NDEZ"},"content":{"rendered":"\n<p>El diputado Maurilio Hern\u00e1ndez Gonz\u00e1lez, presidente de la Junta de Coordinaci\u00f3n Pol\u00edtica, anunci\u00f3 que la LX Legislatura del Estado de M\u00e9xico no pospondr\u00e1 las comparecencias de 15 integrantes del gabinete estatal y del titular de la Fiscal\u00eda General de Justicia, las cuales se realizar\u00e1n del mi\u00e9rcoles 28 de octubre al viernes 6 de noviembre, para lo cual se han reforzado las medidas sanitarias para evitar la propagaci\u00f3n del covid-19.<br>\n\u200bEl tambi\u00e9n l\u00edder parlamentario de Morena explic\u00f3 que se ha acordado que a cada una de las comparecencias ante el Pleno de la Legislatura solo acudan f\u00edsicamente 22 de 75 diputadas y diputados, entre ellos, los integrantes de la Directiva, de la Junta de Coordinaci\u00f3n Pol\u00edtica y quienes tendr\u00e1n participaciones, los dem\u00e1s podr\u00e1n seguirlas desde sus oficinas.<br>\n\u200bDijo que para Morena los temas prioritarios durante las comparecencias son la inseguridad p\u00fablica, que ya est\u00e1 rebasando a las autoridades, adem\u00e1s de salud, infraestructura, el uso de los programas sociales, el desarrollo econ\u00f3mico y los incentivos al campo.<br>\n\u200bEl legislador explic\u00f3 que, para su desarrollo, las comparecencias se han dividido en seis grupos, y se ha acordado un formato \u00e1gil con participaciones de los grupos parlamentarios de Morena, PRI, PAN, PT, PES, PRD, PVEM y de los legisladores sin partido, adem\u00e1s de una exposici\u00f3n inicial del compareciente quien tambi\u00e9n deber\u00e1 dar respuesta a todas las preguntas de las y los diputados<br>\n\u200bSe iniciar\u00e1n el mi\u00e9rcoles 28 de octubre, con el grupo de Pol\u00edtica y Seguridad, en el que participar\u00e1n el secretario general de Gobierno, Ernesto Nemer \u00c1lvarez, a las 10:00 horas; el secretario de Seguridad, Rodrigo Celis Mart\u00ednez, a las 12:00 horas, y el secretario de Justicia y Derechos Humanos, Rodrigo Espeleta Aladro, a las 14:00 horas.<br>\n\u200bPara el 29 de octubre se cit\u00f3 al grupo de Desarrollo Econ\u00f3mico, por lo que asistir\u00e1, a las 10:00 horas, el secretario de Finanzas, Rodrigo Jarque Lira; a las 12:00 horas, el secretario de Desarrollo Econ\u00f3mico, Enrique Edgardo Jacob Rocha, quien podr\u00eda comparecer a distancia, si se encuentra en condiciones f\u00edsicas de hacerlo al padecer covid-19, y a las 14:00 horas, la secretaria de Trabajo, Martha Hilda Gonz\u00e1lez Calder\u00f3n.<br>\n\u200bPara el jueves 30 de octubre, a las 10:00 horas se cit\u00f3 al fiscal General de Justicia del Estado de M\u00e9xico, Alejandro G\u00f3mez S\u00e1nchez; y a las 12:00 horas a Mar\u00eda Isabel S\u00e1nchez Holgu\u00edn, secretaria de la Mujer.<br>\n\u200bEl 3 de noviembre comparecer\u00e1 el grupo de Desarrollo Urbano y Movilidad, por lo que a las 10:00 horas se presentar\u00e1 el secretario de Desarrollo y Obra, Rafael D\u00edaz Leal Barrueta; a las 12:00 horas, el secretario de Movilidad, Luis Gilberto Lim\u00f3n Ch\u00e1vez, y a las 14:00 horas, la secretaria del Campo, Mercedes Col\u00edn Guadarrama.<br>\n\u200bDel grupo de Pol\u00edtica Social, est\u00e1 citado el 4 de noviembre a las 10:00 horas el secretario de Salud, Gabriel Jaime O\u2019Shea Cuevas; a las 12:00 horas, el secretario de Educaci\u00f3n, Gerardo Monroy Serrano, y a las 14:00 horas, el secretario de Desarrollo Social, Francisco Javier Eric Sevilla Montes de Oca.<br>\n\u200bFinalmente, el 6 de noviembre, del grupo de Desarrollo Sustentable comparecer\u00e1n, a las 10:00 horas, la secretaria de Cultura y Turismo, Marcela Gonz\u00e1lez Salas, y a las 12:00 horas, el secretario de Medio Ambiente, Jorge Rescala P\u00e9rez.<br>\n\u200bEl legislador precis\u00f3 que tambi\u00e9n se invitar\u00e1 al comisionado de Derechos Humanos del Estado de M\u00e9xico, Jorge Olvera Garc\u00eda, a comparecer el pr\u00f3ximo 6 de noviembre para dar un informe detallado sobre los hechos registrados entre el 10 y 11 de septiembre en un desalojo de la Visitadur\u00eda de Ecatepec.<\/p>\n","protected":false},"excerpt":{"rendered":"<p>Tambi\u00e9n se Invitar\u00e1 al comisionado de Derechos Humanos a comparecer por lo sucedido en Ecatepec.<\/p>\n","protected":false},"author":1,"featured_media":1949,"comment_status":"open","ping_status":"open","sticky":false,"template":"","format":"standard","meta":{"footnotes":""},"categories":[3],"tags":[83,99],"class_list":["post-1948","post","type-post","status-publish","format-standard","has-post-thumbnail","hentry","category-gobierno","tag-camara-de-diputados","tag-maurilio-hernandez"],"yoast_head":"<!-- This site is optimized with the Yoast SEO plugin v27.5 - https:\/\/yoast.com\/product\/yoast-seo-wordpress\/ -->\n<title>SE HAN REFORZADO LAS MEDIDAS SANITARIAS PARA LAS COMPARECENCIAS DE 15 SECRETARIOS Y DEL FISCAL: MAURILIO HERN\u00c1NDEZ - Expresso Metropolitano<\/title>\n<meta name=\"robots\" content=\"index, follow, max-snippet:-1, max-image-preview:large, max-video-preview:-1\" \/>\n<link rel=\"canonical\" href=\"https:\/\/expressometro.mx\/index.php\/2020\/10\/27\/se-han-reforzado-las-medidas-sanitarias-para-las-comparecencias-de-15-secretarios-y-del-fiscal-maurilio-hernandez\/\" \/>\n<meta property=\"og:locale\" content=\"es_MX\" \/>\n<meta property=\"og:type\" content=\"article\" \/>\n<meta property=\"og:title\" content=\"SE HAN REFORZADO LAS MEDIDAS SANITARIAS PARA LAS COMPARECENCIAS DE 15 SECRETARIOS Y DEL FISCAL: MAURILIO HERN\u00c1NDEZ - Expresso Metropolitano\" \/>\n<meta property=\"og:description\" content=\"Tambi\u00e9n se Invitar\u00e1 al comisionado de Derechos Humanos a comparecer por lo sucedido en Ecatepec.\" \/>\n<meta property=\"og:url\" content=\"https:\/\/expressometro.mx\/index.php\/2020\/10\/27\/se-han-reforzado-las-medidas-sanitarias-para-las-comparecencias-de-15-secretarios-y-del-fiscal-maurilio-hernandez\/\" \/>\n<meta property=\"og:site_name\" content=\"Expresso Metropolitano\" \/>\n<meta property=\"article:published_time\" content=\"2020-10-27T20:47:30+00:00\" \/>\n<meta property=\"article:modified_time\" content=\"2020-10-27T20:47:31+00:00\" \/>\n<meta property=\"og:image\" content=\"https:\/\/expressometro.mx\/wp-content\/uploads\/2020\/10\/4AA5C118-1A8E-40B4-A54F-7D1F90D1A145.jpeg\" \/>\n\t<meta property=\"og:image:width\" content=\"1024\" \/>\n\t<meta property=\"og:image:height\" content=\"768\" \/>\n\t<meta property=\"og:image:type\" content=\"image\/jpeg\" \/>\n<meta name=\"author\" content=\"Expresso Metropolitano\" \/>\n<meta name=\"twitter:label1\" content=\"Escrito por\" \/>\n\t<meta name=\"twitter:data1\" content=\"Expresso Metropolitano\" \/>\n\t<meta name=\"twitter:label2\" content=\"Tiempo de lectura\" \/>\n\t<meta name=\"twitter:data2\" content=\"3 minutos\" \/>\n<script type=\"application\/ld+json\" class=\"yoast-schema-graph\">{\"@context\":\"https:\\\/\\\/schema.org\",\"@graph\":[{\"@type\":\"Article\",\"@id\":\"https:\\\/\\\/expressometro.mx\\\/index.php\\\/2020\\\/10\\\/27\\\/se-han-reforzado-las-medidas-sanitarias-para-las-comparecencias-de-15-secretarios-y-del-fiscal-maurilio-hernandez\\\/#article\",\"isPartOf\":{\"@id\":\"https:\\\/\\\/expressometro.mx\\\/index.php\\\/2020\\\/10\\\/27\\\/se-han-reforzado-las-medidas-sanitarias-para-las-comparecencias-de-15-secretarios-y-del-fiscal-maurilio-hernandez\\\/\"},\"author\":{\"name\":\"Expresso Metropolitano\",\"@id\":\"https:\\\/\\\/expressometro.mx\\\/#\\\/schema\\\/person\\\/efa971b4a0664db8ed5c22b1b0dd2f5d\"},\"headline\":\"SE HAN REFORZADO LAS MEDIDAS SANITARIAS PARA LAS COMPARECENCIAS DE 15 SECRETARIOS Y DEL FISCAL: MAURILIO HERN\u00c1NDEZ\",\"datePublished\":\"2020-10-27T20:47:30+00:00\",\"dateModified\":\"2020-10-27T20:47:31+00:00\",\"mainEntityOfPage\":{\"@id\":\"https:\\\/\\\/expressometro.mx\\\/index.php\\\/2020\\\/10\\\/27\\\/se-han-reforzado-las-medidas-sanitarias-para-las-comparecencias-de-15-secretarios-y-del-fiscal-maurilio-hernandez\\\/\"},\"wordCount\":626,\"commentCount\":0,\"publisher\":{\"@id\":\"https:\\\/\\\/expressometro.mx\\\/#organization\"},\"image\":{\"@id\":\"https:\\\/\\\/expressometro.mx\\\/index.php\\\/2020\\\/10\\\/27\\\/se-han-reforzado-las-medidas-sanitarias-para-las-comparecencias-de-15-secretarios-y-del-fiscal-maurilio-hernandez\\\/#primaryimage\"},\"thumbnailUrl\":\"https:\\\/\\\/expressometro.mx\\\/wp-content\\\/uploads\\\/2020\\\/10\\\/4AA5C118-1A8E-40B4-A54F-7D1F90D1A145.jpeg\",\"keywords\":[\"C\u00e1mara de Diputados\",\"Maurilio Hern\u00e1ndez\"],\"articleSection\":[\"Gobierno\"],\"inLanguage\":\"es\",\"potentialAction\":[{\"@type\":\"CommentAction\",\"name\":\"Comment\",\"target\":[\"https:\\\/\\\/expressometro.mx\\\/index.php\\\/2020\\\/10\\\/27\\\/se-han-reforzado-las-medidas-sanitarias-para-las-comparecencias-de-15-secretarios-y-del-fiscal-maurilio-hernandez\\\/#respond\"]}]},{\"@type\":\"WebPage\",\"@id\":\"https:\\\/\\\/expressometro.mx\\\/index.php\\\/2020\\\/10\\\/27\\\/se-han-reforzado-las-medidas-sanitarias-para-las-comparecencias-de-15-secretarios-y-del-fiscal-maurilio-hernandez\\\/\",\"url\":\"https:\\\/\\\/expressometro.mx\\\/index.php\\\/2020\\\/10\\\/27\\\/se-han-reforzado-las-medidas-sanitarias-para-las-comparecencias-de-15-secretarios-y-del-fiscal-maurilio-hernandez\\\/\",\"name\":\"SE HAN REFORZADO LAS MEDIDAS SANITARIAS PARA LAS COMPARECENCIAS DE 15 SECRETARIOS Y DEL FISCAL: MAURILIO HERN\u00c1NDEZ - Expresso Metropolitano\",\"isPartOf\":{\"@id\":\"https:\\\/\\\/expressometro.mx\\\/#website\"},\"primaryImageOfPage\":{\"@id\":\"https:\\\/\\\/expressometro.mx\\\/index.php\\\/2020\\\/10\\\/27\\\/se-han-reforzado-las-medidas-sanitarias-para-las-comparecencias-de-15-secretarios-y-del-fiscal-maurilio-hernandez\\\/#primaryimage\"},\"image\":{\"@id\":\"https:\\\/\\\/expressometro.mx\\\/index.php\\\/2020\\\/10\\\/27\\\/se-han-reforzado-las-medidas-sanitarias-para-las-comparecencias-de-15-secretarios-y-del-fiscal-maurilio-hernandez\\\/#primaryimage\"},\"thumbnailUrl\":\"https:\\\/\\\/expressometro.mx\\\/wp-content\\\/uploads\\\/2020\\\/10\\\/4AA5C118-1A8E-40B4-A54F-7D1F90D1A145.jpeg\",\"datePublished\":\"2020-10-27T20:47:30+00:00\",\"dateModified\":\"2020-10-27T20:47:31+00:00\",\"breadcrumb\":{\"@id\":\"https:\\\/\\\/expressometro.mx\\\/index.php\\\/2020\\\/10\\\/27\\\/se-han-reforzado-las-medidas-sanitarias-para-las-comparecencias-de-15-secretarios-y-del-fiscal-maurilio-hernandez\\\/#breadcrumb\"},\"inLanguage\":\"es\",\"potentialAction\":[{\"@type\":\"ReadAction\",\"target\":[\"https:\\\/\\\/expressometro.mx\\\/index.php\\\/2020\\\/10\\\/27\\\/se-han-reforzado-las-medidas-sanitarias-para-las-comparecencias-de-15-secretarios-y-del-fiscal-maurilio-hernandez\\\/\"]}]},{\"@type\":\"ImageObject\",\"inLanguage\":\"es\",\"@id\":\"https:\\\/\\\/expressometro.mx\\\/index.php\\\/2020\\\/10\\\/27\\\/se-han-reforzado-las-medidas-sanitarias-para-las-comparecencias-de-15-secretarios-y-del-fiscal-maurilio-hernandez\\\/#primaryimage\",\"url\":\"https:\\\/\\\/expressometro.mx\\\/wp-content\\\/uploads\\\/2020\\\/10\\\/4AA5C118-1A8E-40B4-A54F-7D1F90D1A145.jpeg\",\"contentUrl\":\"https:\\\/\\\/expressometro.mx\\\/wp-content\\\/uploads\\\/2020\\\/10\\\/4AA5C118-1A8E-40B4-A54F-7D1F90D1A145.jpeg\",\"width\":1024,\"height\":768},{\"@type\":\"BreadcrumbList\",\"@id\":\"https:\\\/\\\/expressometro.mx\\\/index.php\\\/2020\\\/10\\\/27\\\/se-han-reforzado-las-medidas-sanitarias-para-las-comparecencias-de-15-secretarios-y-del-fiscal-maurilio-hernandez\\\/#breadcrumb\",\"itemListElement\":[{\"@type\":\"ListItem\",\"position\":1,\"name\":\"Inicio\",\"item\":\"https:\\\/\\\/expressometro.mx\\\/\"},{\"@type\":\"ListItem\",\"position\":2,\"name\":\"SE HAN REFORZADO LAS MEDIDAS SANITARIAS PARA LAS COMPARECENCIAS DE 15 SECRETARIOS Y DEL FISCAL: MAURILIO HERN\u00c1NDEZ\"}]},{\"@type\":\"WebSite\",\"@id\":\"https:\\\/\\\/expressometro.mx\\\/#website\",\"url\":\"https:\\\/\\\/expressometro.mx\\\/\",\"name\":\"Expresso Metropolitano\",\"description\":\"Periodismo comprometido, informaci\u00f3n, investigaci\u00f3n y an\u00e1lisis\",\"publisher\":{\"@id\":\"https:\\\/\\\/expressometro.mx\\\/#organization\"},\"potentialAction\":[{\"@type\":\"SearchAction\",\"target\":{\"@type\":\"EntryPoint\",\"urlTemplate\":\"https:\\\/\\\/expressometro.mx\\\/?s={search_term_string}\"},\"query-input\":{\"@type\":\"PropertyValueSpecification\",\"valueRequired\":true,\"valueName\":\"search_term_string\"}}],\"inLanguage\":\"es\"},{\"@type\":\"Organization\",\"@id\":\"https:\\\/\\\/expressometro.mx\\\/#organization\",\"name\":\"Expresso Metropolitano\",\"url\":\"https:\\\/\\\/expressometro.mx\\\/\",\"logo\":{\"@type\":\"ImageObject\",\"inLanguage\":\"es\",\"@id\":\"https:\\\/\\\/expressometro.mx\\\/#\\\/schema\\\/logo\\\/image\\\/\",\"url\":\"https:\\\/\\\/expressometro.mx\\\/wp-content\\\/uploads\\\/2019\\\/07\\\/cropped-Logo-Expresso-Metropolitano-1-1.jpeg\",\"contentUrl\":\"https:\\\/\\\/expressometro.mx\\\/wp-content\\\/uploads\\\/2019\\\/07\\\/cropped-Logo-Expresso-Metropolitano-1-1.jpeg\",\"width\":290,\"height\":73,\"caption\":\"Expresso Metropolitano\"},\"image\":{\"@id\":\"https:\\\/\\\/expressometro.mx\\\/#\\\/schema\\\/logo\\\/image\\\/\"}},{\"@type\":\"Person\",\"@id\":\"https:\\\/\\\/expressometro.mx\\\/#\\\/schema\\\/person\\\/efa971b4a0664db8ed5c22b1b0dd2f5d\",\"name\":\"Expresso Metropolitano\",\"image\":{\"@type\":\"ImageObject\",\"inLanguage\":\"es\",\"@id\":\"https:\\\/\\\/secure.gravatar.com\\\/avatar\\\/a89f802b8de18c6952f223c88d3d106e9e3679839f4e25a02f4a6cc2ae6ba3b3?s=96&d=mm&r=g\",\"url\":\"https:\\\/\\\/secure.gravatar.com\\\/avatar\\\/a89f802b8de18c6952f223c88d3d106e9e3679839f4e25a02f4a6cc2ae6ba3b3?s=96&d=mm&r=g\",\"contentUrl\":\"https:\\\/\\\/secure.gravatar.com\\\/avatar\\\/a89f802b8de18c6952f223c88d3d106e9e3679839f4e25a02f4a6cc2ae6ba3b3?s=96&d=mm&r=g\",\"caption\":\"Expresso Metropolitano\"},\"url\":\"https:\\\/\\\/expressometro.mx\\\/index.php\\\/author\\\/diego\\\/\"}]}<\/script>\n<!-- \/ Yoast SEO plugin. -->","yoast_head_json":{"title":"SE HAN REFORZADO LAS MEDIDAS SANITARIAS PARA LAS COMPARECENCIAS DE 15 SECRETARIOS Y DEL FISCAL: MAURILIO HERN\u00c1NDEZ - Expresso Metropolitano","robots":{"index":"index","follow":"follow","max-snippet":"max-snippet:-1","max-image-preview":"max-image-preview:large","max-video-preview":"max-video-preview:-1"},"canonical":"https:\/\/expressometro.mx\/index.php\/2020\/10\/27\/se-han-reforzado-las-medidas-sanitarias-para-las-comparecencias-de-15-secretarios-y-del-fiscal-maurilio-hernandez\/","og_locale":"es_MX","og_type":"article","og_title":"SE HAN REFORZADO LAS MEDIDAS SANITARIAS PARA LAS COMPARECENCIAS DE 15 SECRETARIOS Y DEL FISCAL: MAURILIO HERN\u00c1NDEZ - Expresso Metropolitano","og_description":"Tambi\u00e9n se Invitar\u00e1 al comisionado de Derechos Humanos a comparecer por lo sucedido en Ecatepec.","og_url":"https:\/\/expressometro.mx\/index.php\/2020\/10\/27\/se-han-reforzado-las-medidas-sanitarias-para-las-comparecencias-de-15-secretarios-y-del-fiscal-maurilio-hernandez\/","og_site_name":"Expresso Metropolitano","article_published_time":"2020-10-27T20:47:30+00:00","article_modified_time":"2020-10-27T20:47:31+00:00","og_image":[{"width":1024,"height":768,"url":"https:\/\/expressometro.mx\/wp-content\/uploads\/2020\/10\/4AA5C118-1A8E-40B4-A54F-7D1F90D1A145.jpeg","type":"image\/jpeg"}],"author":"Expresso Metropolitano","twitter_misc":{"Escrito por":"Expresso Metropolitano","Tiempo de lectura":"3 minutos"},"schema":{"@context":"https:\/\/schema.org","@graph":[{"@type":"Article","@id":"https:\/\/expressometro.mx\/index.php\/2020\/10\/27\/se-han-reforzado-las-medidas-sanitarias-para-las-comparecencias-de-15-secretarios-y-del-fiscal-maurilio-hernandez\/#article","isPartOf":{"@id":"https:\/\/expressometro.mx\/index.php\/2020\/10\/27\/se-han-reforzado-las-medidas-sanitarias-para-las-comparecencias-de-15-secretarios-y-del-fiscal-maurilio-hernandez\/"},"author":{"name":"Expresso Metropolitano","@id":"https:\/\/expressometro.mx\/#\/schema\/person\/efa971b4a0664db8ed5c22b1b0dd2f5d"},"headline":"SE HAN REFORZADO LAS MEDIDAS SANITARIAS PARA LAS COMPARECENCIAS DE 15 SECRETARIOS Y DEL FISCAL: MAURILIO HERN\u00c1NDEZ","datePublished":"2020-10-27T20:47:30+00:00","dateModified":"2020-10-27T20:47:31+00:00","mainEntityOfPage":{"@id":"https:\/\/expressometro.mx\/index.php\/2020\/10\/27\/se-han-reforzado-las-medidas-sanitarias-para-las-comparecencias-de-15-secretarios-y-del-fiscal-maurilio-hernandez\/"},"wordCount":626,"commentCount":0,"publisher":{"@id":"https:\/\/expressometro.mx\/#organization"},"image":{"@id":"https:\/\/expressometro.mx\/index.php\/2020\/10\/27\/se-han-reforzado-las-medidas-sanitarias-para-las-comparecencias-de-15-secretarios-y-del-fiscal-maurilio-hernandez\/#primaryimage"},"thumbnailUrl":"https:\/\/expressometro.mx\/wp-content\/uploads\/2020\/10\/4AA5C118-1A8E-40B4-A54F-7D1F90D1A145.jpeg","keywords":["C\u00e1mara de Diputados","Maurilio Hern\u00e1ndez"],"articleSection":["Gobierno"],"inLanguage":"es","potentialAction":[{"@type":"CommentAction","name":"Comment","target":["https:\/\/expressometro.mx\/index.php\/2020\/10\/27\/se-han-reforzado-las-medidas-sanitarias-para-las-comparecencias-de-15-secretarios-y-del-fiscal-maurilio-hernandez\/#respond"]}]},{"@type":"WebPage","@id":"https:\/\/expressometro.mx\/index.php\/2020\/10\/27\/se-han-reforzado-las-medidas-sanitarias-para-las-comparecencias-de-15-secretarios-y-del-fiscal-maurilio-hernandez\/","url":"https:\/\/expressometro.mx\/index.php\/2020\/10\/27\/se-han-reforzado-las-medidas-sanitarias-para-las-comparecencias-de-15-secretarios-y-del-fiscal-maurilio-hernandez\/","name":"SE HAN REFORZADO LAS MEDIDAS SANITARIAS PARA LAS COMPARECENCIAS DE 15 SECRETARIOS Y DEL FISCAL: MAURILIO HERN\u00c1NDEZ - Expresso Metropolitano","isPartOf":{"@id":"https:\/\/expressometro.mx\/#website"},"primaryImageOfPage":{"@id":"https:\/\/expressometro.mx\/index.php\/2020\/10\/27\/se-han-reforzado-las-medidas-sanitarias-para-las-comparecencias-de-15-secretarios-y-del-fiscal-maurilio-hernandez\/#primaryimage"},"image":{"@id":"https:\/\/expressometro.mx\/index.php\/2020\/10\/27\/se-han-reforzado-las-medidas-sanitarias-para-las-comparecencias-de-15-secretarios-y-del-fiscal-maurilio-hernandez\/#primaryimage"},"thumbnailUrl":"https:\/\/expressometro.mx\/wp-content\/uploads\/2020\/10\/4AA5C118-1A8E-40B4-A54F-7D1F90D1A145.jpeg","datePublished":"2020-10-27T20:47:30+00:00","dateModified":"2020-10-27T20:47:31+00:00","breadcrumb":{"@id":"https:\/\/expressometro.mx\/index.php\/2020\/10\/27\/se-han-reforzado-las-medidas-sanitarias-para-las-comparecencias-de-15-secretarios-y-del-fiscal-maurilio-hernandez\/#breadcrumb"},"inLanguage":"es","potentialAction":[{"@type":"ReadAction","target":["https:\/\/expressometro.mx\/index.php\/2020\/10\/27\/se-han-reforzado-las-medidas-sanitarias-para-las-comparecencias-de-15-secretarios-y-del-fiscal-maurilio-hernandez\/"]}]},{"@type":"ImageObject","inLanguage":"es","@id":"https:\/\/expressometro.mx\/index.php\/2020\/10\/27\/se-han-reforzado-las-medidas-sanitarias-para-las-comparecencias-de-15-secretarios-y-del-fiscal-maurilio-hernandez\/#primaryimage","url":"https:\/\/expressometro.mx\/wp-content\/uploads\/2020\/10\/4AA5C118-1A8E-40B4-A54F-7D1F90D1A145.jpeg","contentUrl":"https:\/\/expressometro.mx\/wp-content\/uploads\/2020\/10\/4AA5C118-1A8E-40B4-A54F-7D1F90D1A145.jpeg","width":1024,"height":768},{"@type":"BreadcrumbList","@id":"https:\/\/expressometro.mx\/index.php\/2020\/10\/27\/se-han-reforzado-las-medidas-sanitarias-para-las-comparecencias-de-15-secretarios-y-del-fiscal-maurilio-hernandez\/#breadcrumb","itemListElement":[{"@type":"ListItem","position":1,"name":"Inicio","item":"https:\/\/expressometro.mx\/"},{"@type":"ListItem","position":2,"name":"SE HAN REFORZADO LAS MEDIDAS SANITARIAS PARA LAS COMPARECENCIAS DE 15 SECRETARIOS Y DEL FISCAL: MAURILIO HERN\u00c1NDEZ"}]},{"@type":"WebSite","@id":"https:\/\/expressometro.mx\/#website","url":"https:\/\/expressometro.mx\/","name":"Expresso Metropolitano","description":"Periodismo comprometido, informaci\u00f3n, investigaci\u00f3n y an\u00e1lisis","publisher":{"@id":"https:\/\/expressometro.mx\/#organization"},"potentialAction":[{"@type":"SearchAction","target":{"@type":"EntryPoint","urlTemplate":"https:\/\/expressometro.mx\/?s={search_term_string}"},"query-input":{"@type":"PropertyValueSpecification","valueRequired":true,"valueName":"search_term_string"}}],"inLanguage":"es"},{"@type":"Organization","@id":"https:\/\/expressometro.mx\/#organization","name":"Expresso Metropolitano","url":"https:\/\/expressometro.mx\/","logo":{"@type":"ImageObject","inLanguage":"es","@id":"https:\/\/expressometro.mx\/#\/schema\/logo\/image\/","url":"https:\/\/expressometro.mx\/wp-content\/uploads\/2019\/07\/cropped-Logo-Expresso-Metropolitano-1-1.jpeg","contentUrl":"https:\/\/expressometro.mx\/wp-content\/uploads\/2019\/07\/cropped-Logo-Expresso-Metropolitano-1-1.jpeg","width":290,"height":73,"caption":"Expresso Metropolitano"},"image":{"@id":"https:\/\/expressometro.mx\/#\/schema\/logo\/image\/"}},{"@type":"Person","@id":"https:\/\/expressometro.mx\/#\/schema\/person\/efa971b4a0664db8ed5c22b1b0dd2f5d","name":"Expresso Metropolitano","image":{"@type":"ImageObject","inLanguage":"es","@id":"https:\/\/secure.gravatar.com\/avatar\/a89f802b8de18c6952f223c88d3d106e9e3679839f4e25a02f4a6cc2ae6ba3b3?s=96&d=mm&r=g","url":"https:\/\/secure.gravatar.com\/avatar\/a89f802b8de18c6952f223c88d3d106e9e3679839f4e25a02f4a6cc2ae6ba3b3?s=96&d=mm&r=g","contentUrl":"https:\/\/secure.gravatar.com\/avatar\/a89f802b8de18c6952f223c88d3d106e9e3679839f4e25a02f4a6cc2ae6ba3b3?s=96&d=mm&r=g","caption":"Expresso Metropolitano"},"url":"https:\/\/expressometro.mx\/index.php\/author\/diego\/"}]}},"amp_enabled":true,"_links":{"self":[{"href":"https:\/\/expressometro.mx\/index.php\/wp-json\/wp\/v2\/posts\/1948","targetHints":{"allow":["GET"]}}],"collection":[{"href":"https:\/\/expressometro.mx\/index.php\/wp-json\/wp\/v2\/posts"}],"about":[{"href":"https:\/\/expressometro.mx\/index.php\/wp-json\/wp\/v2\/types\/post"}],"author":[{"embeddable":true,"href":"https:\/\/expressometro.mx\/index.php\/wp-json\/wp\/v2\/users\/1"}],"replies":[{"embeddable":true,"href":"https:\/\/expressometro.mx\/index.php\/wp-json\/wp\/v2\/comments?post=1948"}],"version-history":[{"count":1,"href":"https:\/\/expressometro.mx\/index.php\/wp-json\/wp\/v2\/posts\/1948\/revisions"}],"predecessor-version":[{"id":1950,"href":"https:\/\/expressometro.mx\/index.php\/wp-json\/wp\/v2\/posts\/1948\/revisions\/1950"}],"wp:featuredmedia":[{"embeddable":true,"href":"https:\/\/expressometro.mx\/index.php\/wp-json\/wp\/v2\/media\/1949"}],"wp:attachment":[{"href":"https:\/\/expressometro.mx\/index.php\/wp-json\/wp\/v2\/media?parent=1948"}],"wp:term":[{"taxonomy":"category","embeddable":true,"href":"https:\/\/expressometro.mx\/index.php\/wp-json\/wp\/v2\/categories?post=1948"},{"taxonomy":"post_tag","embeddable":true,"href":"https:\/\/expressometro.mx\/index.php\/wp-json\/wp\/v2\/tags?post=1948"}],"curies":[{"name":"wp","href":"https:\/\/api.w.org\/{rel}","templated":true}]}}