{"id":1945,"date":"2020-10-23T12:55:23","date_gmt":"2020-10-23T17:55:23","guid":{"rendered":"http:\/\/expressometro.mx\/?p=1945"},"modified":"2020-10-24T00:58:49","modified_gmt":"2020-10-24T05:58:49","slug":"propone-el-pt-crear-organismo-para-el-mantenimiento-de-vialidades-de-cuautitlan-izcalli","status":"publish","type":"post","link":"https:\/\/expressometro.mx\/index.php\/2020\/10\/23\/propone-el-pt-crear-organismo-para-el-mantenimiento-de-vialidades-de-cuautitlan-izcalli\/","title":{"rendered":"PROPONE EL PT CREAR ORGANISMO PARA EL MANTENIMIENTO  DE VIALIDADES DE CUAUTITL\u00c1N IZCALLI"},"content":{"rendered":"\n<p>El diputado Armando Bautista G\u00f3mez propuso, en nombre del grupo parlamentario del PT, crear el organismo p\u00fablico descentralizado para la rehabilitaci\u00f3n de vialidades, carreteras y caminos de Cuautitl\u00e1n Izcalli con el prop\u00f3sito de dar soluci\u00f3n a la problem\u00e1tica que enfrentan sus habitantes debido a que 350 kil\u00f3metros de vialidades principales se encuentran en malas condiciones, lo que ha propiciado el incremento de los accidentes vehiculares.<br>\nEn sesi\u00f3n deliberante, Armando Bautista se\u00f1al\u00f3 que el actual organismo para el Mantenimiento de Vialidades de Cuautitl\u00e1n Izcalli (Mavici), no tiene liquidez ni solvencia para operar en \u00f3ptimas condiciones, ya que, asever\u00f3, administraciones pasadas lo saquearon poco a poco y lo hicieron una caja chica personal, por lo que propuso su sustituci\u00f3n.<br>\nExpres\u00f3 que la pavimentaci\u00f3n y el bacheo de calles son demandas que han llegado a superar peticiones sobre seguridad y lament\u00f3 que la mitad de los 700 kil\u00f3metros de vialidades primarias y secundarias se encuentren en completo abandono.<br>\nBautista G\u00f3mez afirm\u00f3 que el nuevo organismo, denominado Repara, para el que propone expedir su ley correspondiente, utilizar\u00e1 tecnolog\u00edas compatibles con el medio ambiente, generar\u00e1 pol\u00edticas p\u00fablicas que permitan, en algunos casos, reutilizar productos del reciclado como el triturado de llantas en la composici\u00f3n de una mezcla asf\u00e1ltica y contribuir\u00e1 a mejorar la infraestructura vial y la imagen urbana. La iniciativa fue remitida a las comisiones de Legislaci\u00f3n y Administraci\u00f3n Municipal y de Comunicaciones y Transportes.<br>\nPIDE ACLARAR INVASI\u00d3N DE PREDIO MUNICIAL EN CUAUTITL\u00c1N IZCALLI<br>\nEl legislador Armando Bautista tambi\u00e9n propuso un punto de acuerdo para solicitar al gobierno estatal y al municipio de Cuautitl\u00e1n Izcalli a que informen sobre la situaci\u00f3n en el registro p\u00fablico de la poligonal o predio del Parque Espejo de los Lirios, colindante con el fraccionamiento Ensue\u00f1o, en este municipio, pues seg\u00fan indic\u00f3, mediante artilugios legales, un exfuncionario municipal se ha adue\u00f1ado de este espacio.<br>\nEl legislador explic\u00f3 que se trata de una poligonal, convertida en andador de casi 12 metros de ancho por m\u00e1s de 500 metros de largo, esto es, seis mil metros cuadrados, que lo convierten en espacio atractivo para los intereses comerciales de una persona, en perjuicio de todo el municipio.<br>\nPor lo anterior, Bautista G\u00f3mez solicit\u00f3 que la Secretar\u00eda de Desarrollo Urbano y Metropolitano del gobierno estatal informe a la Legislatura sobre la autorizaci\u00f3n de uso de suelo, expropiaci\u00f3n y adjudicaci\u00f3n de un espacio p\u00fablico en favor de un particular de la poligonal mencionada.<br>\nTambi\u00e9n pide a la Secretar\u00eda de Justicia y Derechos Humanos, a trav\u00e9s del Instituto de la Funci\u00f3n Registral del Estado de M\u00e9xico, que verifique y transparente la informaci\u00f3n del registro p\u00fablico de la poligonal, mientras que al ayuntamiento de Cuautitl\u00e1n Izcalli le solicita presente el hist\u00f3rico de esta poligonal o predio para comparar el expediente legal y de tiempo presentado por las instancias estatales. Tambi\u00e9n pide instruir a la Biblioteca Legislativa a que busque en la colecci\u00f3n de decretos, el correspondiente a la desincorporaci\u00f3n del citado bien p\u00fablico.<br>\nEl punto de acuerdo, al cual se suscribi\u00f3 la diputada Karla Leticia Fiesco Garc\u00eda (PAN), fue enviado para su dictamen a las comisiones de Gobernaci\u00f3n y Puntos Constitucionales y de Desarrollo Urbano.<\/p>\n","protected":false},"excerpt":{"rendered":"<p>Expres\u00f3 que la pavimentaci\u00f3n y el bacheo de calles son demandas que han llegado a superar peticiones sobre seguridad. <\/p>\n","protected":false},"author":1,"featured_media":1946,"comment_status":"open","ping_status":"open","sticky":false,"template":"","format":"standard","meta":{"footnotes":""},"categories":[4,3],"tags":[98,97,96],"class_list":["post-1945","post","type-post","status-publish","format-standard","has-post-thumbnail","hentry","category-finanzas","category-gobierno","tag-armando-bautista","tag-cuautitlan-izcalli","tag-pt"],"yoast_head":"<!-- This site is optimized with the Yoast SEO plugin v27.5 - https:\/\/yoast.com\/product\/yoast-seo-wordpress\/ -->\n<title>PROPONE EL PT CREAR ORGANISMO PARA EL MANTENIMIENTO DE VIALIDADES DE CUAUTITL\u00c1N IZCALLI - Expresso Metropolitano<\/title>\n<meta name=\"robots\" content=\"index, follow, max-snippet:-1, max-image-preview:large, max-video-preview:-1\" \/>\n<link rel=\"canonical\" href=\"https:\/\/expressometro.mx\/index.php\/2020\/10\/23\/propone-el-pt-crear-organismo-para-el-mantenimiento-de-vialidades-de-cuautitlan-izcalli\/\" \/>\n<meta property=\"og:locale\" content=\"es_MX\" \/>\n<meta property=\"og:type\" content=\"article\" \/>\n<meta property=\"og:title\" content=\"PROPONE EL PT CREAR ORGANISMO PARA EL MANTENIMIENTO DE VIALIDADES DE CUAUTITL\u00c1N IZCALLI - Expresso Metropolitano\" \/>\n<meta property=\"og:description\" content=\"Expres\u00f3 que la pavimentaci\u00f3n y el bacheo de calles son demandas que han llegado a superar peticiones sobre seguridad.\" \/>\n<meta property=\"og:url\" content=\"https:\/\/expressometro.mx\/index.php\/2020\/10\/23\/propone-el-pt-crear-organismo-para-el-mantenimiento-de-vialidades-de-cuautitlan-izcalli\/\" \/>\n<meta property=\"og:site_name\" content=\"Expresso Metropolitano\" \/>\n<meta property=\"article:published_time\" content=\"2020-10-23T17:55:23+00:00\" \/>\n<meta property=\"article:modified_time\" content=\"2020-10-24T05:58:49+00:00\" \/>\n<meta property=\"og:image\" content=\"https:\/\/expressometro.mx\/wp-content\/uploads\/2020\/10\/785C8B36-FC3D-40B2-83EC-737774F47B0D.jpeg\" \/>\n\t<meta property=\"og:image:width\" content=\"1024\" \/>\n\t<meta property=\"og:image:height\" content=\"684\" \/>\n\t<meta property=\"og:image:type\" content=\"image\/jpeg\" \/>\n<meta name=\"author\" content=\"Expresso Metropolitano\" \/>\n<meta name=\"twitter:label1\" content=\"Escrito por\" \/>\n\t<meta name=\"twitter:data1\" content=\"Expresso Metropolitano\" \/>\n\t<meta name=\"twitter:label2\" content=\"Tiempo de lectura\" \/>\n\t<meta name=\"twitter:data2\" content=\"3 minutos\" \/>\n<script type=\"application\/ld+json\" class=\"yoast-schema-graph\">{\"@context\":\"https:\\\/\\\/schema.org\",\"@graph\":[{\"@type\":\"Article\",\"@id\":\"https:\\\/\\\/expressometro.mx\\\/index.php\\\/2020\\\/10\\\/23\\\/propone-el-pt-crear-organismo-para-el-mantenimiento-de-vialidades-de-cuautitlan-izcalli\\\/#article\",\"isPartOf\":{\"@id\":\"https:\\\/\\\/expressometro.mx\\\/index.php\\\/2020\\\/10\\\/23\\\/propone-el-pt-crear-organismo-para-el-mantenimiento-de-vialidades-de-cuautitlan-izcalli\\\/\"},\"author\":{\"name\":\"Expresso Metropolitano\",\"@id\":\"https:\\\/\\\/expressometro.mx\\\/#\\\/schema\\\/person\\\/efa971b4a0664db8ed5c22b1b0dd2f5d\"},\"headline\":\"PROPONE EL PT CREAR ORGANISMO PARA EL MANTENIMIENTO DE VIALIDADES DE CUAUTITL\u00c1N IZCALLI\",\"datePublished\":\"2020-10-23T17:55:23+00:00\",\"dateModified\":\"2020-10-24T05:58:49+00:00\",\"mainEntityOfPage\":{\"@id\":\"https:\\\/\\\/expressometro.mx\\\/index.php\\\/2020\\\/10\\\/23\\\/propone-el-pt-crear-organismo-para-el-mantenimiento-de-vialidades-de-cuautitlan-izcalli\\\/\"},\"wordCount\":582,\"commentCount\":0,\"publisher\":{\"@id\":\"https:\\\/\\\/expressometro.mx\\\/#organization\"},\"image\":{\"@id\":\"https:\\\/\\\/expressometro.mx\\\/index.php\\\/2020\\\/10\\\/23\\\/propone-el-pt-crear-organismo-para-el-mantenimiento-de-vialidades-de-cuautitlan-izcalli\\\/#primaryimage\"},\"thumbnailUrl\":\"https:\\\/\\\/expressometro.mx\\\/wp-content\\\/uploads\\\/2020\\\/10\\\/785C8B36-FC3D-40B2-83EC-737774F47B0D.jpeg\",\"keywords\":[\"Armando Bautista\",\"Cuautitl\u00e1n Izcalli\",\"PT\"],\"articleSection\":[\"Finanzas\",\"Gobierno\"],\"inLanguage\":\"es\",\"potentialAction\":[{\"@type\":\"CommentAction\",\"name\":\"Comment\",\"target\":[\"https:\\\/\\\/expressometro.mx\\\/index.php\\\/2020\\\/10\\\/23\\\/propone-el-pt-crear-organismo-para-el-mantenimiento-de-vialidades-de-cuautitlan-izcalli\\\/#respond\"]}]},{\"@type\":\"WebPage\",\"@id\":\"https:\\\/\\\/expressometro.mx\\\/index.php\\\/2020\\\/10\\\/23\\\/propone-el-pt-crear-organismo-para-el-mantenimiento-de-vialidades-de-cuautitlan-izcalli\\\/\",\"url\":\"https:\\\/\\\/expressometro.mx\\\/index.php\\\/2020\\\/10\\\/23\\\/propone-el-pt-crear-organismo-para-el-mantenimiento-de-vialidades-de-cuautitlan-izcalli\\\/\",\"name\":\"PROPONE EL PT CREAR ORGANISMO PARA EL MANTENIMIENTO DE VIALIDADES DE CUAUTITL\u00c1N IZCALLI - Expresso Metropolitano\",\"isPartOf\":{\"@id\":\"https:\\\/\\\/expressometro.mx\\\/#website\"},\"primaryImageOfPage\":{\"@id\":\"https:\\\/\\\/expressometro.mx\\\/index.php\\\/2020\\\/10\\\/23\\\/propone-el-pt-crear-organismo-para-el-mantenimiento-de-vialidades-de-cuautitlan-izcalli\\\/#primaryimage\"},\"image\":{\"@id\":\"https:\\\/\\\/expressometro.mx\\\/index.php\\\/2020\\\/10\\\/23\\\/propone-el-pt-crear-organismo-para-el-mantenimiento-de-vialidades-de-cuautitlan-izcalli\\\/#primaryimage\"},\"thumbnailUrl\":\"https:\\\/\\\/expressometro.mx\\\/wp-content\\\/uploads\\\/2020\\\/10\\\/785C8B36-FC3D-40B2-83EC-737774F47B0D.jpeg\",\"datePublished\":\"2020-10-23T17:55:23+00:00\",\"dateModified\":\"2020-10-24T05:58:49+00:00\",\"breadcrumb\":{\"@id\":\"https:\\\/\\\/expressometro.mx\\\/index.php\\\/2020\\\/10\\\/23\\\/propone-el-pt-crear-organismo-para-el-mantenimiento-de-vialidades-de-cuautitlan-izcalli\\\/#breadcrumb\"},\"inLanguage\":\"es\",\"potentialAction\":[{\"@type\":\"ReadAction\",\"target\":[\"https:\\\/\\\/expressometro.mx\\\/index.php\\\/2020\\\/10\\\/23\\\/propone-el-pt-crear-organismo-para-el-mantenimiento-de-vialidades-de-cuautitlan-izcalli\\\/\"]}]},{\"@type\":\"ImageObject\",\"inLanguage\":\"es\",\"@id\":\"https:\\\/\\\/expressometro.mx\\\/index.php\\\/2020\\\/10\\\/23\\\/propone-el-pt-crear-organismo-para-el-mantenimiento-de-vialidades-de-cuautitlan-izcalli\\\/#primaryimage\",\"url\":\"https:\\\/\\\/expressometro.mx\\\/wp-content\\\/uploads\\\/2020\\\/10\\\/785C8B36-FC3D-40B2-83EC-737774F47B0D.jpeg\",\"contentUrl\":\"https:\\\/\\\/expressometro.mx\\\/wp-content\\\/uploads\\\/2020\\\/10\\\/785C8B36-FC3D-40B2-83EC-737774F47B0D.jpeg\",\"width\":1024,\"height\":684},{\"@type\":\"BreadcrumbList\",\"@id\":\"https:\\\/\\\/expressometro.mx\\\/index.php\\\/2020\\\/10\\\/23\\\/propone-el-pt-crear-organismo-para-el-mantenimiento-de-vialidades-de-cuautitlan-izcalli\\\/#breadcrumb\",\"itemListElement\":[{\"@type\":\"ListItem\",\"position\":1,\"name\":\"Inicio\",\"item\":\"https:\\\/\\\/expressometro.mx\\\/\"},{\"@type\":\"ListItem\",\"position\":2,\"name\":\"PROPONE EL PT CREAR ORGANISMO PARA EL MANTENIMIENTO DE VIALIDADES DE CUAUTITL\u00c1N IZCALLI\"}]},{\"@type\":\"WebSite\",\"@id\":\"https:\\\/\\\/expressometro.mx\\\/#website\",\"url\":\"https:\\\/\\\/expressometro.mx\\\/\",\"name\":\"Expresso Metropolitano\",\"description\":\"Periodismo comprometido, informaci\u00f3n, investigaci\u00f3n y an\u00e1lisis\",\"publisher\":{\"@id\":\"https:\\\/\\\/expressometro.mx\\\/#organization\"},\"potentialAction\":[{\"@type\":\"SearchAction\",\"target\":{\"@type\":\"EntryPoint\",\"urlTemplate\":\"https:\\\/\\\/expressometro.mx\\\/?s={search_term_string}\"},\"query-input\":{\"@type\":\"PropertyValueSpecification\",\"valueRequired\":true,\"valueName\":\"search_term_string\"}}],\"inLanguage\":\"es\"},{\"@type\":\"Organization\",\"@id\":\"https:\\\/\\\/expressometro.mx\\\/#organization\",\"name\":\"Expresso Metropolitano\",\"url\":\"https:\\\/\\\/expressometro.mx\\\/\",\"logo\":{\"@type\":\"ImageObject\",\"inLanguage\":\"es\",\"@id\":\"https:\\\/\\\/expressometro.mx\\\/#\\\/schema\\\/logo\\\/image\\\/\",\"url\":\"https:\\\/\\\/expressometro.mx\\\/wp-content\\\/uploads\\\/2019\\\/07\\\/cropped-Logo-Expresso-Metropolitano-1-1.jpeg\",\"contentUrl\":\"https:\\\/\\\/expressometro.mx\\\/wp-content\\\/uploads\\\/2019\\\/07\\\/cropped-Logo-Expresso-Metropolitano-1-1.jpeg\",\"width\":290,\"height\":73,\"caption\":\"Expresso Metropolitano\"},\"image\":{\"@id\":\"https:\\\/\\\/expressometro.mx\\\/#\\\/schema\\\/logo\\\/image\\\/\"}},{\"@type\":\"Person\",\"@id\":\"https:\\\/\\\/expressometro.mx\\\/#\\\/schema\\\/person\\\/efa971b4a0664db8ed5c22b1b0dd2f5d\",\"name\":\"Expresso Metropolitano\",\"image\":{\"@type\":\"ImageObject\",\"inLanguage\":\"es\",\"@id\":\"https:\\\/\\\/secure.gravatar.com\\\/avatar\\\/a89f802b8de18c6952f223c88d3d106e9e3679839f4e25a02f4a6cc2ae6ba3b3?s=96&d=mm&r=g\",\"url\":\"https:\\\/\\\/secure.gravatar.com\\\/avatar\\\/a89f802b8de18c6952f223c88d3d106e9e3679839f4e25a02f4a6cc2ae6ba3b3?s=96&d=mm&r=g\",\"contentUrl\":\"https:\\\/\\\/secure.gravatar.com\\\/avatar\\\/a89f802b8de18c6952f223c88d3d106e9e3679839f4e25a02f4a6cc2ae6ba3b3?s=96&d=mm&r=g\",\"caption\":\"Expresso Metropolitano\"},\"url\":\"https:\\\/\\\/expressometro.mx\\\/index.php\\\/author\\\/diego\\\/\"}]}<\/script>\n<!-- \/ Yoast SEO plugin. -->","yoast_head_json":{"title":"PROPONE EL PT CREAR ORGANISMO PARA EL MANTENIMIENTO DE VIALIDADES DE CUAUTITL\u00c1N IZCALLI - Expresso Metropolitano","robots":{"index":"index","follow":"follow","max-snippet":"max-snippet:-1","max-image-preview":"max-image-preview:large","max-video-preview":"max-video-preview:-1"},"canonical":"https:\/\/expressometro.mx\/index.php\/2020\/10\/23\/propone-el-pt-crear-organismo-para-el-mantenimiento-de-vialidades-de-cuautitlan-izcalli\/","og_locale":"es_MX","og_type":"article","og_title":"PROPONE EL PT CREAR ORGANISMO PARA EL MANTENIMIENTO DE VIALIDADES DE CUAUTITL\u00c1N IZCALLI - Expresso Metropolitano","og_description":"Expres\u00f3 que la pavimentaci\u00f3n y el bacheo de calles son demandas que han llegado a superar peticiones sobre seguridad.","og_url":"https:\/\/expressometro.mx\/index.php\/2020\/10\/23\/propone-el-pt-crear-organismo-para-el-mantenimiento-de-vialidades-de-cuautitlan-izcalli\/","og_site_name":"Expresso Metropolitano","article_published_time":"2020-10-23T17:55:23+00:00","article_modified_time":"2020-10-24T05:58:49+00:00","og_image":[{"width":1024,"height":684,"url":"https:\/\/expressometro.mx\/wp-content\/uploads\/2020\/10\/785C8B36-FC3D-40B2-83EC-737774F47B0D.jpeg","type":"image\/jpeg"}],"author":"Expresso Metropolitano","twitter_misc":{"Escrito por":"Expresso Metropolitano","Tiempo de lectura":"3 minutos"},"schema":{"@context":"https:\/\/schema.org","@graph":[{"@type":"Article","@id":"https:\/\/expressometro.mx\/index.php\/2020\/10\/23\/propone-el-pt-crear-organismo-para-el-mantenimiento-de-vialidades-de-cuautitlan-izcalli\/#article","isPartOf":{"@id":"https:\/\/expressometro.mx\/index.php\/2020\/10\/23\/propone-el-pt-crear-organismo-para-el-mantenimiento-de-vialidades-de-cuautitlan-izcalli\/"},"author":{"name":"Expresso Metropolitano","@id":"https:\/\/expressometro.mx\/#\/schema\/person\/efa971b4a0664db8ed5c22b1b0dd2f5d"},"headline":"PROPONE EL PT CREAR ORGANISMO PARA EL MANTENIMIENTO DE VIALIDADES DE CUAUTITL\u00c1N IZCALLI","datePublished":"2020-10-23T17:55:23+00:00","dateModified":"2020-10-24T05:58:49+00:00","mainEntityOfPage":{"@id":"https:\/\/expressometro.mx\/index.php\/2020\/10\/23\/propone-el-pt-crear-organismo-para-el-mantenimiento-de-vialidades-de-cuautitlan-izcalli\/"},"wordCount":582,"commentCount":0,"publisher":{"@id":"https:\/\/expressometro.mx\/#organization"},"image":{"@id":"https:\/\/expressometro.mx\/index.php\/2020\/10\/23\/propone-el-pt-crear-organismo-para-el-mantenimiento-de-vialidades-de-cuautitlan-izcalli\/#primaryimage"},"thumbnailUrl":"https:\/\/expressometro.mx\/wp-content\/uploads\/2020\/10\/785C8B36-FC3D-40B2-83EC-737774F47B0D.jpeg","keywords":["Armando Bautista","Cuautitl\u00e1n Izcalli","PT"],"articleSection":["Finanzas","Gobierno"],"inLanguage":"es","potentialAction":[{"@type":"CommentAction","name":"Comment","target":["https:\/\/expressometro.mx\/index.php\/2020\/10\/23\/propone-el-pt-crear-organismo-para-el-mantenimiento-de-vialidades-de-cuautitlan-izcalli\/#respond"]}]},{"@type":"WebPage","@id":"https:\/\/expressometro.mx\/index.php\/2020\/10\/23\/propone-el-pt-crear-organismo-para-el-mantenimiento-de-vialidades-de-cuautitlan-izcalli\/","url":"https:\/\/expressometro.mx\/index.php\/2020\/10\/23\/propone-el-pt-crear-organismo-para-el-mantenimiento-de-vialidades-de-cuautitlan-izcalli\/","name":"PROPONE EL PT CREAR ORGANISMO PARA EL MANTENIMIENTO DE VIALIDADES DE CUAUTITL\u00c1N IZCALLI - Expresso Metropolitano","isPartOf":{"@id":"https:\/\/expressometro.mx\/#website"},"primaryImageOfPage":{"@id":"https:\/\/expressometro.mx\/index.php\/2020\/10\/23\/propone-el-pt-crear-organismo-para-el-mantenimiento-de-vialidades-de-cuautitlan-izcalli\/#primaryimage"},"image":{"@id":"https:\/\/expressometro.mx\/index.php\/2020\/10\/23\/propone-el-pt-crear-organismo-para-el-mantenimiento-de-vialidades-de-cuautitlan-izcalli\/#primaryimage"},"thumbnailUrl":"https:\/\/expressometro.mx\/wp-content\/uploads\/2020\/10\/785C8B36-FC3D-40B2-83EC-737774F47B0D.jpeg","datePublished":"2020-10-23T17:55:23+00:00","dateModified":"2020-10-24T05:58:49+00:00","breadcrumb":{"@id":"https:\/\/expressometro.mx\/index.php\/2020\/10\/23\/propone-el-pt-crear-organismo-para-el-mantenimiento-de-vialidades-de-cuautitlan-izcalli\/#breadcrumb"},"inLanguage":"es","potentialAction":[{"@type":"ReadAction","target":["https:\/\/expressometro.mx\/index.php\/2020\/10\/23\/propone-el-pt-crear-organismo-para-el-mantenimiento-de-vialidades-de-cuautitlan-izcalli\/"]}]},{"@type":"ImageObject","inLanguage":"es","@id":"https:\/\/expressometro.mx\/index.php\/2020\/10\/23\/propone-el-pt-crear-organismo-para-el-mantenimiento-de-vialidades-de-cuautitlan-izcalli\/#primaryimage","url":"https:\/\/expressometro.mx\/wp-content\/uploads\/2020\/10\/785C8B36-FC3D-40B2-83EC-737774F47B0D.jpeg","contentUrl":"https:\/\/expressometro.mx\/wp-content\/uploads\/2020\/10\/785C8B36-FC3D-40B2-83EC-737774F47B0D.jpeg","width":1024,"height":684},{"@type":"BreadcrumbList","@id":"https:\/\/expressometro.mx\/index.php\/2020\/10\/23\/propone-el-pt-crear-organismo-para-el-mantenimiento-de-vialidades-de-cuautitlan-izcalli\/#breadcrumb","itemListElement":[{"@type":"ListItem","position":1,"name":"Inicio","item":"https:\/\/expressometro.mx\/"},{"@type":"ListItem","position":2,"name":"PROPONE EL PT CREAR ORGANISMO PARA EL MANTENIMIENTO DE VIALIDADES DE CUAUTITL\u00c1N IZCALLI"}]},{"@type":"WebSite","@id":"https:\/\/expressometro.mx\/#website","url":"https:\/\/expressometro.mx\/","name":"Expresso Metropolitano","description":"Periodismo comprometido, informaci\u00f3n, investigaci\u00f3n y an\u00e1lisis","publisher":{"@id":"https:\/\/expressometro.mx\/#organization"},"potentialAction":[{"@type":"SearchAction","target":{"@type":"EntryPoint","urlTemplate":"https:\/\/expressometro.mx\/?s={search_term_string}"},"query-input":{"@type":"PropertyValueSpecification","valueRequired":true,"valueName":"search_term_string"}}],"inLanguage":"es"},{"@type":"Organization","@id":"https:\/\/expressometro.mx\/#organization","name":"Expresso Metropolitano","url":"https:\/\/expressometro.mx\/","logo":{"@type":"ImageObject","inLanguage":"es","@id":"https:\/\/expressometro.mx\/#\/schema\/logo\/image\/","url":"https:\/\/expressometro.mx\/wp-content\/uploads\/2019\/07\/cropped-Logo-Expresso-Metropolitano-1-1.jpeg","contentUrl":"https:\/\/expressometro.mx\/wp-content\/uploads\/2019\/07\/cropped-Logo-Expresso-Metropolitano-1-1.jpeg","width":290,"height":73,"caption":"Expresso Metropolitano"},"image":{"@id":"https:\/\/expressometro.mx\/#\/schema\/logo\/image\/"}},{"@type":"Person","@id":"https:\/\/expressometro.mx\/#\/schema\/person\/efa971b4a0664db8ed5c22b1b0dd2f5d","name":"Expresso Metropolitano","image":{"@type":"ImageObject","inLanguage":"es","@id":"https:\/\/secure.gravatar.com\/avatar\/a89f802b8de18c6952f223c88d3d106e9e3679839f4e25a02f4a6cc2ae6ba3b3?s=96&d=mm&r=g","url":"https:\/\/secure.gravatar.com\/avatar\/a89f802b8de18c6952f223c88d3d106e9e3679839f4e25a02f4a6cc2ae6ba3b3?s=96&d=mm&r=g","contentUrl":"https:\/\/secure.gravatar.com\/avatar\/a89f802b8de18c6952f223c88d3d106e9e3679839f4e25a02f4a6cc2ae6ba3b3?s=96&d=mm&r=g","caption":"Expresso Metropolitano"},"url":"https:\/\/expressometro.mx\/index.php\/author\/diego\/"}]}},"amp_enabled":true,"_links":{"self":[{"href":"https:\/\/expressometro.mx\/index.php\/wp-json\/wp\/v2\/posts\/1945","targetHints":{"allow":["GET"]}}],"collection":[{"href":"https:\/\/expressometro.mx\/index.php\/wp-json\/wp\/v2\/posts"}],"about":[{"href":"https:\/\/expressometro.mx\/index.php\/wp-json\/wp\/v2\/types\/post"}],"author":[{"embeddable":true,"href":"https:\/\/expressometro.mx\/index.php\/wp-json\/wp\/v2\/users\/1"}],"replies":[{"embeddable":true,"href":"https:\/\/expressometro.mx\/index.php\/wp-json\/wp\/v2\/comments?post=1945"}],"version-history":[{"count":1,"href":"https:\/\/expressometro.mx\/index.php\/wp-json\/wp\/v2\/posts\/1945\/revisions"}],"predecessor-version":[{"id":1947,"href":"https:\/\/expressometro.mx\/index.php\/wp-json\/wp\/v2\/posts\/1945\/revisions\/1947"}],"wp:featuredmedia":[{"embeddable":true,"href":"https:\/\/expressometro.mx\/index.php\/wp-json\/wp\/v2\/media\/1946"}],"wp:attachment":[{"href":"https:\/\/expressometro.mx\/index.php\/wp-json\/wp\/v2\/media?parent=1945"}],"wp:term":[{"taxonomy":"category","embeddable":true,"href":"https:\/\/expressometro.mx\/index.php\/wp-json\/wp\/v2\/categories?post=1945"},{"taxonomy":"post_tag","embeddable":true,"href":"https:\/\/expressometro.mx\/index.php\/wp-json\/wp\/v2\/tags?post=1945"}],"curies":[{"name":"wp","href":"https:\/\/api.w.org\/{rel}","templated":true}]}}