{"id":194,"date":"2019-08-18T21:08:53","date_gmt":"2019-08-19T02:08:53","guid":{"rendered":"http:\/\/expressometro.mx\/?p=194"},"modified":"2019-09-25T10:41:26","modified_gmt":"2019-09-25T15:41:26","slug":"promueve-la-legislatura-la-reutilizacion-de-utiles-escolares-y-uniformes","status":"publish","type":"post","link":"https:\/\/expressometro.mx\/index.php\/2019\/08\/18\/promueve-la-legislatura-la-reutilizacion-de-utiles-escolares-y-uniformes\/","title":{"rendered":"PROMUEVE LA LEGISLATURA LA REUTILIZACI\u00d3N DE \u00daTILES ESCOLARES Y UNIFORMES"},"content":{"rendered":"\n<p>Implementar campa\u00f1as de donaci\u00f3n de \u00fatiles escolares y uniformes en buen estado, para que sean reutilizados por los alumnos y contribuir a la disminuci\u00f3n del gasto familiar en este regreso a clases, es el exhorto de la 60 Legislatura mexiquense a la Secretar\u00eda de Educaci\u00f3n P\u00fablica del gobierno federal y a la Secretar\u00eda de Educaci\u00f3n de gobierno del Estado de M\u00e9xico aprobado de manera un\u00e1nime.<\/p>\n\n\n\n<p>Con medidas como estas, afirm\u00f3 la diputada Karla Leticia Fiesco Garc\u00eda (PAN), autora de la iniciativa, las familias podr\u00e1n ahorrar hasta 70% de lo que destinan a la adquisici\u00f3n de art\u00edculos escolares nuevos.<\/p>\n\n\n\n<p>Con este tipo de acciones tambi\u00e9n se contribuye a mitigar el cambio clim\u00e1tico y a conservar el medio ambiente, al reducirse el consumo de papel, lo que a su vez disminuye la tala desmedida de \u00e1rboles, y reduce los altos \u00edndices de contaminaci\u00f3n causada por algunos productos con los que se elaboran los \u00fatiles escolares.<\/p>\n\n\n\n<p>La diputada inform\u00f3 que en 2018 la Procuradur\u00eda Federal del Consumidor (Profeco) realiz\u00f3 un estudio comparativo de precios con base en los art\u00edculos que cada a\u00f1o solicita la Secretar\u00eda de Educaci\u00f3n P\u00fablica, en que el estimado fue de un m\u00ednimo de 901 pesos y un m\u00e1ximo de 2 mil 886 pesos, incluyendo \u00fatiles y uniformes.<\/p>\n\n\n\n<p>Destac\u00f3 que el presidente de la Asociaci\u00f3n de Papeler\u00edas del Estado de M\u00e9xico, Hugo \u00c1vila Guadarrama, se\u00f1al\u00f3 que este a\u00f1o el precio de los \u00fatiles escolares se increment\u00f3 alrededor de 5% en relaci\u00f3n con 2018, sin considerar que registran un alza de 10 a 15% en los d\u00edas previos al inicio de clases.<\/p>\n\n\n\n<p>Tambi\u00e9n dijo que, de acuerdo con la Encuesta Nacional de Deserci\u00f3n Escolar en la Educaci\u00f3n Media Superior 2018, la falta de recursos para comprar \u00fatiles escolares y para el pago de pasajes y de inscripciones fue el factor principal para que 49.7% de estudiantes dejaran inconclusa su preparaci\u00f3n acad\u00e9mica.<\/p>\n\n\n\n<p>Finalmente, la legisladora puntualiz\u00f3 que esta propuesta concuerda con los objetivos 4, 12 y 13 de la Agenda 2030 referidos a la educaci\u00f3n de calidad, el consumo responsable y la acci\u00f3n por el clima.<\/p>\n\n\n\n<p>En este sentido, Karla Fiesco afirm\u00f3 que se requieren acciones \u201cque transformen nuestras concepciones, nuestros h\u00e1bitos, nuestras perspectivas y que nos orienten en las acciones fundamentadas para avanzar colectivamente hacia una sociedad sostenible\u201d.<\/p>\n\n\n\n<p>A propuesta de la diputada Beatriz Garc\u00eda Villegas, el acuerdo fue aprobado a\u00f1adiendo entre los beneficiados a internados y casas hogar de la entidad. Tambi\u00e9n se sumaron las bancadas del PRD y del PT.<\/p>\n","protected":false},"excerpt":{"rendered":"<p>Implementar campa\u00f1as de donaci\u00f3n de \u00fatiles escolares y uniformes en buen estado, para que sean reutilizados por los alumnos y contribuir a la disminuci\u00f3n del gasto familiar en este regreso a clases, es el exhorto de la 60 Legislatura mexiquense a la Secretar\u00eda de Educaci\u00f3n P\u00fablica del gobierno federal y a la Secretar\u00eda de Educaci\u00f3n de gobierno del Estado de M\u00e9xico aprobado de manera un\u00e1nime. Con medidas como estas, afirm\u00f3 la diputada Karla Leticia Fiesco Garc\u00eda (PAN), autora de la iniciativa, las familias podr\u00e1n ahorrar hasta 70% de lo que&hellip;<\/p>\n","protected":false},"author":1,"featured_media":0,"comment_status":"open","ping_status":"open","sticky":false,"template":"","format":"standard","meta":{"footnotes":""},"categories":[11,4,3],"tags":[],"class_list":["post-194","post","type-post","status-publish","format-standard","hentry","category-cultura","category-finanzas","category-gobierno"],"yoast_head":"<!-- This site is optimized with the Yoast SEO plugin v27.4 - https:\/\/yoast.com\/product\/yoast-seo-wordpress\/ -->\n<title>PROMUEVE LA LEGISLATURA LA REUTILIZACI\u00d3N DE \u00daTILES ESCOLARES Y UNIFORMES - Expresso Metropolitano<\/title>\n<meta name=\"robots\" content=\"index, follow, max-snippet:-1, max-image-preview:large, max-video-preview:-1\" \/>\n<link rel=\"canonical\" href=\"https:\/\/expressometro.mx\/index.php\/2019\/08\/18\/promueve-la-legislatura-la-reutilizacion-de-utiles-escolares-y-uniformes\/\" \/>\n<meta property=\"og:locale\" content=\"es_MX\" \/>\n<meta property=\"og:type\" content=\"article\" \/>\n<meta property=\"og:title\" content=\"PROMUEVE LA LEGISLATURA LA REUTILIZACI\u00d3N DE \u00daTILES ESCOLARES Y UNIFORMES - Expresso Metropolitano\" \/>\n<meta property=\"og:description\" content=\"Implementar campa\u00f1as de donaci\u00f3n de \u00fatiles escolares y uniformes en buen estado, para que sean reutilizados por los alumnos y contribuir a la disminuci\u00f3n del gasto familiar en este regreso a clases, es el exhorto de la 60 Legislatura mexiquense a la Secretar\u00eda de Educaci\u00f3n P\u00fablica del gobierno federal y a la Secretar\u00eda de Educaci\u00f3n de gobierno del Estado de M\u00e9xico aprobado de manera un\u00e1nime. Con medidas como estas, afirm\u00f3 la diputada Karla Leticia Fiesco Garc\u00eda (PAN), autora de la iniciativa, las familias podr\u00e1n ahorrar hasta 70% de lo que&hellip;\" \/>\n<meta property=\"og:url\" content=\"https:\/\/expressometro.mx\/index.php\/2019\/08\/18\/promueve-la-legislatura-la-reutilizacion-de-utiles-escolares-y-uniformes\/\" \/>\n<meta property=\"og:site_name\" content=\"Expresso Metropolitano\" \/>\n<meta property=\"article:published_time\" content=\"2019-08-19T02:08:53+00:00\" \/>\n<meta property=\"article:modified_time\" content=\"2019-09-25T15:41:26+00:00\" \/>\n<meta property=\"og:image\" content=\"https:\/\/expressometro.mx\/wp-content\/uploads\/2019\/08\/1076.jpg\" \/>\n\t<meta property=\"og:image:width\" content=\"850\" \/>\n\t<meta property=\"og:image:height\" content=\"568\" \/>\n\t<meta property=\"og:image:type\" content=\"image\/jpeg\" \/>\n<meta name=\"author\" content=\"Expresso Metropolitano\" \/>\n<meta name=\"twitter:label1\" content=\"Escrito por\" \/>\n\t<meta name=\"twitter:data1\" content=\"Expresso Metropolitano\" \/>\n\t<meta name=\"twitter:label2\" content=\"Tiempo de lectura\" \/>\n\t<meta name=\"twitter:data2\" content=\"2 minutos\" \/>\n<script type=\"application\/ld+json\" class=\"yoast-schema-graph\">{\"@context\":\"https:\\\/\\\/schema.org\",\"@graph\":[{\"@type\":\"Article\",\"@id\":\"https:\\\/\\\/expressometro.mx\\\/index.php\\\/2019\\\/08\\\/18\\\/promueve-la-legislatura-la-reutilizacion-de-utiles-escolares-y-uniformes\\\/#article\",\"isPartOf\":{\"@id\":\"https:\\\/\\\/expressometro.mx\\\/index.php\\\/2019\\\/08\\\/18\\\/promueve-la-legislatura-la-reutilizacion-de-utiles-escolares-y-uniformes\\\/\"},\"author\":{\"name\":\"Expresso Metropolitano\",\"@id\":\"https:\\\/\\\/expressometro.mx\\\/#\\\/schema\\\/person\\\/efa971b4a0664db8ed5c22b1b0dd2f5d\"},\"headline\":\"PROMUEVE LA LEGISLATURA LA REUTILIZACI\u00d3N DE \u00daTILES ESCOLARES Y UNIFORMES\",\"datePublished\":\"2019-08-19T02:08:53+00:00\",\"dateModified\":\"2019-09-25T15:41:26+00:00\",\"mainEntityOfPage\":{\"@id\":\"https:\\\/\\\/expressometro.mx\\\/index.php\\\/2019\\\/08\\\/18\\\/promueve-la-legislatura-la-reutilizacion-de-utiles-escolares-y-uniformes\\\/\"},\"wordCount\":449,\"commentCount\":0,\"publisher\":{\"@id\":\"https:\\\/\\\/expressometro.mx\\\/#organization\"},\"articleSection\":[\"Cultura\",\"Finanzas\",\"Gobierno\"],\"inLanguage\":\"es\",\"potentialAction\":[{\"@type\":\"CommentAction\",\"name\":\"Comment\",\"target\":[\"https:\\\/\\\/expressometro.mx\\\/index.php\\\/2019\\\/08\\\/18\\\/promueve-la-legislatura-la-reutilizacion-de-utiles-escolares-y-uniformes\\\/#respond\"]}]},{\"@type\":\"WebPage\",\"@id\":\"https:\\\/\\\/expressometro.mx\\\/index.php\\\/2019\\\/08\\\/18\\\/promueve-la-legislatura-la-reutilizacion-de-utiles-escolares-y-uniformes\\\/\",\"url\":\"https:\\\/\\\/expressometro.mx\\\/index.php\\\/2019\\\/08\\\/18\\\/promueve-la-legislatura-la-reutilizacion-de-utiles-escolares-y-uniformes\\\/\",\"name\":\"PROMUEVE LA LEGISLATURA LA REUTILIZACI\u00d3N DE \u00daTILES ESCOLARES Y UNIFORMES - Expresso Metropolitano\",\"isPartOf\":{\"@id\":\"https:\\\/\\\/expressometro.mx\\\/#website\"},\"datePublished\":\"2019-08-19T02:08:53+00:00\",\"dateModified\":\"2019-09-25T15:41:26+00:00\",\"breadcrumb\":{\"@id\":\"https:\\\/\\\/expressometro.mx\\\/index.php\\\/2019\\\/08\\\/18\\\/promueve-la-legislatura-la-reutilizacion-de-utiles-escolares-y-uniformes\\\/#breadcrumb\"},\"inLanguage\":\"es\",\"potentialAction\":[{\"@type\":\"ReadAction\",\"target\":[\"https:\\\/\\\/expressometro.mx\\\/index.php\\\/2019\\\/08\\\/18\\\/promueve-la-legislatura-la-reutilizacion-de-utiles-escolares-y-uniformes\\\/\"]}]},{\"@type\":\"BreadcrumbList\",\"@id\":\"https:\\\/\\\/expressometro.mx\\\/index.php\\\/2019\\\/08\\\/18\\\/promueve-la-legislatura-la-reutilizacion-de-utiles-escolares-y-uniformes\\\/#breadcrumb\",\"itemListElement\":[{\"@type\":\"ListItem\",\"position\":1,\"name\":\"Inicio\",\"item\":\"https:\\\/\\\/expressometro.mx\\\/\"},{\"@type\":\"ListItem\",\"position\":2,\"name\":\"PROMUEVE LA LEGISLATURA LA REUTILIZACI\u00d3N DE \u00daTILES ESCOLARES Y UNIFORMES\"}]},{\"@type\":\"WebSite\",\"@id\":\"https:\\\/\\\/expressometro.mx\\\/#website\",\"url\":\"https:\\\/\\\/expressometro.mx\\\/\",\"name\":\"Expresso Metropolitano\",\"description\":\"Periodismo comprometido, informaci\u00f3n, investigaci\u00f3n y an\u00e1lisis\",\"publisher\":{\"@id\":\"https:\\\/\\\/expressometro.mx\\\/#organization\"},\"potentialAction\":[{\"@type\":\"SearchAction\",\"target\":{\"@type\":\"EntryPoint\",\"urlTemplate\":\"https:\\\/\\\/expressometro.mx\\\/?s={search_term_string}\"},\"query-input\":{\"@type\":\"PropertyValueSpecification\",\"valueRequired\":true,\"valueName\":\"search_term_string\"}}],\"inLanguage\":\"es\"},{\"@type\":\"Organization\",\"@id\":\"https:\\\/\\\/expressometro.mx\\\/#organization\",\"name\":\"Expresso Metropolitano\",\"url\":\"https:\\\/\\\/expressometro.mx\\\/\",\"logo\":{\"@type\":\"ImageObject\",\"inLanguage\":\"es\",\"@id\":\"https:\\\/\\\/expressometro.mx\\\/#\\\/schema\\\/logo\\\/image\\\/\",\"url\":\"https:\\\/\\\/expressometro.mx\\\/wp-content\\\/uploads\\\/2019\\\/07\\\/cropped-Logo-Expresso-Metropolitano-1-1.jpeg\",\"contentUrl\":\"https:\\\/\\\/expressometro.mx\\\/wp-content\\\/uploads\\\/2019\\\/07\\\/cropped-Logo-Expresso-Metropolitano-1-1.jpeg\",\"width\":290,\"height\":73,\"caption\":\"Expresso Metropolitano\"},\"image\":{\"@id\":\"https:\\\/\\\/expressometro.mx\\\/#\\\/schema\\\/logo\\\/image\\\/\"}},{\"@type\":\"Person\",\"@id\":\"https:\\\/\\\/expressometro.mx\\\/#\\\/schema\\\/person\\\/efa971b4a0664db8ed5c22b1b0dd2f5d\",\"name\":\"Expresso Metropolitano\",\"image\":{\"@type\":\"ImageObject\",\"inLanguage\":\"es\",\"@id\":\"https:\\\/\\\/secure.gravatar.com\\\/avatar\\\/a89f802b8de18c6952f223c88d3d106e9e3679839f4e25a02f4a6cc2ae6ba3b3?s=96&d=mm&r=g\",\"url\":\"https:\\\/\\\/secure.gravatar.com\\\/avatar\\\/a89f802b8de18c6952f223c88d3d106e9e3679839f4e25a02f4a6cc2ae6ba3b3?s=96&d=mm&r=g\",\"contentUrl\":\"https:\\\/\\\/secure.gravatar.com\\\/avatar\\\/a89f802b8de18c6952f223c88d3d106e9e3679839f4e25a02f4a6cc2ae6ba3b3?s=96&d=mm&r=g\",\"caption\":\"Expresso Metropolitano\"},\"url\":\"https:\\\/\\\/expressometro.mx\\\/index.php\\\/author\\\/diego\\\/\"}]}<\/script>\n<!-- \/ Yoast SEO plugin. -->","yoast_head_json":{"title":"PROMUEVE LA LEGISLATURA LA REUTILIZACI\u00d3N DE \u00daTILES ESCOLARES Y UNIFORMES - Expresso Metropolitano","robots":{"index":"index","follow":"follow","max-snippet":"max-snippet:-1","max-image-preview":"max-image-preview:large","max-video-preview":"max-video-preview:-1"},"canonical":"https:\/\/expressometro.mx\/index.php\/2019\/08\/18\/promueve-la-legislatura-la-reutilizacion-de-utiles-escolares-y-uniformes\/","og_locale":"es_MX","og_type":"article","og_title":"PROMUEVE LA LEGISLATURA LA REUTILIZACI\u00d3N DE \u00daTILES ESCOLARES Y UNIFORMES - Expresso Metropolitano","og_description":"Implementar campa\u00f1as de donaci\u00f3n de \u00fatiles escolares y uniformes en buen estado, para que sean reutilizados por los alumnos y contribuir a la disminuci\u00f3n del gasto familiar en este regreso a clases, es el exhorto de la 60 Legislatura mexiquense a la Secretar\u00eda de Educaci\u00f3n P\u00fablica del gobierno federal y a la Secretar\u00eda de Educaci\u00f3n de gobierno del Estado de M\u00e9xico aprobado de manera un\u00e1nime. Con medidas como estas, afirm\u00f3 la diputada Karla Leticia Fiesco Garc\u00eda (PAN), autora de la iniciativa, las familias podr\u00e1n ahorrar hasta 70% de lo que&hellip;","og_url":"https:\/\/expressometro.mx\/index.php\/2019\/08\/18\/promueve-la-legislatura-la-reutilizacion-de-utiles-escolares-y-uniformes\/","og_site_name":"Expresso Metropolitano","article_published_time":"2019-08-19T02:08:53+00:00","article_modified_time":"2019-09-25T15:41:26+00:00","og_image":[{"width":850,"height":568,"url":"https:\/\/expressometro.mx\/wp-content\/uploads\/2019\/08\/1076.jpg","type":"image\/jpeg"}],"author":"Expresso Metropolitano","twitter_misc":{"Escrito por":"Expresso Metropolitano","Tiempo de lectura":"2 minutos"},"schema":{"@context":"https:\/\/schema.org","@graph":[{"@type":"Article","@id":"https:\/\/expressometro.mx\/index.php\/2019\/08\/18\/promueve-la-legislatura-la-reutilizacion-de-utiles-escolares-y-uniformes\/#article","isPartOf":{"@id":"https:\/\/expressometro.mx\/index.php\/2019\/08\/18\/promueve-la-legislatura-la-reutilizacion-de-utiles-escolares-y-uniformes\/"},"author":{"name":"Expresso Metropolitano","@id":"https:\/\/expressometro.mx\/#\/schema\/person\/efa971b4a0664db8ed5c22b1b0dd2f5d"},"headline":"PROMUEVE LA LEGISLATURA LA REUTILIZACI\u00d3N DE \u00daTILES ESCOLARES Y UNIFORMES","datePublished":"2019-08-19T02:08:53+00:00","dateModified":"2019-09-25T15:41:26+00:00","mainEntityOfPage":{"@id":"https:\/\/expressometro.mx\/index.php\/2019\/08\/18\/promueve-la-legislatura-la-reutilizacion-de-utiles-escolares-y-uniformes\/"},"wordCount":449,"commentCount":0,"publisher":{"@id":"https:\/\/expressometro.mx\/#organization"},"articleSection":["Cultura","Finanzas","Gobierno"],"inLanguage":"es","potentialAction":[{"@type":"CommentAction","name":"Comment","target":["https:\/\/expressometro.mx\/index.php\/2019\/08\/18\/promueve-la-legislatura-la-reutilizacion-de-utiles-escolares-y-uniformes\/#respond"]}]},{"@type":"WebPage","@id":"https:\/\/expressometro.mx\/index.php\/2019\/08\/18\/promueve-la-legislatura-la-reutilizacion-de-utiles-escolares-y-uniformes\/","url":"https:\/\/expressometro.mx\/index.php\/2019\/08\/18\/promueve-la-legislatura-la-reutilizacion-de-utiles-escolares-y-uniformes\/","name":"PROMUEVE LA LEGISLATURA LA REUTILIZACI\u00d3N DE \u00daTILES ESCOLARES Y UNIFORMES - Expresso Metropolitano","isPartOf":{"@id":"https:\/\/expressometro.mx\/#website"},"datePublished":"2019-08-19T02:08:53+00:00","dateModified":"2019-09-25T15:41:26+00:00","breadcrumb":{"@id":"https:\/\/expressometro.mx\/index.php\/2019\/08\/18\/promueve-la-legislatura-la-reutilizacion-de-utiles-escolares-y-uniformes\/#breadcrumb"},"inLanguage":"es","potentialAction":[{"@type":"ReadAction","target":["https:\/\/expressometro.mx\/index.php\/2019\/08\/18\/promueve-la-legislatura-la-reutilizacion-de-utiles-escolares-y-uniformes\/"]}]},{"@type":"BreadcrumbList","@id":"https:\/\/expressometro.mx\/index.php\/2019\/08\/18\/promueve-la-legislatura-la-reutilizacion-de-utiles-escolares-y-uniformes\/#breadcrumb","itemListElement":[{"@type":"ListItem","position":1,"name":"Inicio","item":"https:\/\/expressometro.mx\/"},{"@type":"ListItem","position":2,"name":"PROMUEVE LA LEGISLATURA LA REUTILIZACI\u00d3N DE \u00daTILES ESCOLARES Y UNIFORMES"}]},{"@type":"WebSite","@id":"https:\/\/expressometro.mx\/#website","url":"https:\/\/expressometro.mx\/","name":"Expresso Metropolitano","description":"Periodismo comprometido, informaci\u00f3n, investigaci\u00f3n y an\u00e1lisis","publisher":{"@id":"https:\/\/expressometro.mx\/#organization"},"potentialAction":[{"@type":"SearchAction","target":{"@type":"EntryPoint","urlTemplate":"https:\/\/expressometro.mx\/?s={search_term_string}"},"query-input":{"@type":"PropertyValueSpecification","valueRequired":true,"valueName":"search_term_string"}}],"inLanguage":"es"},{"@type":"Organization","@id":"https:\/\/expressometro.mx\/#organization","name":"Expresso Metropolitano","url":"https:\/\/expressometro.mx\/","logo":{"@type":"ImageObject","inLanguage":"es","@id":"https:\/\/expressometro.mx\/#\/schema\/logo\/image\/","url":"https:\/\/expressometro.mx\/wp-content\/uploads\/2019\/07\/cropped-Logo-Expresso-Metropolitano-1-1.jpeg","contentUrl":"https:\/\/expressometro.mx\/wp-content\/uploads\/2019\/07\/cropped-Logo-Expresso-Metropolitano-1-1.jpeg","width":290,"height":73,"caption":"Expresso Metropolitano"},"image":{"@id":"https:\/\/expressometro.mx\/#\/schema\/logo\/image\/"}},{"@type":"Person","@id":"https:\/\/expressometro.mx\/#\/schema\/person\/efa971b4a0664db8ed5c22b1b0dd2f5d","name":"Expresso Metropolitano","image":{"@type":"ImageObject","inLanguage":"es","@id":"https:\/\/secure.gravatar.com\/avatar\/a89f802b8de18c6952f223c88d3d106e9e3679839f4e25a02f4a6cc2ae6ba3b3?s=96&d=mm&r=g","url":"https:\/\/secure.gravatar.com\/avatar\/a89f802b8de18c6952f223c88d3d106e9e3679839f4e25a02f4a6cc2ae6ba3b3?s=96&d=mm&r=g","contentUrl":"https:\/\/secure.gravatar.com\/avatar\/a89f802b8de18c6952f223c88d3d106e9e3679839f4e25a02f4a6cc2ae6ba3b3?s=96&d=mm&r=g","caption":"Expresso Metropolitano"},"url":"https:\/\/expressometro.mx\/index.php\/author\/diego\/"}]}},"amp_enabled":true,"_links":{"self":[{"href":"https:\/\/expressometro.mx\/index.php\/wp-json\/wp\/v2\/posts\/194","targetHints":{"allow":["GET"]}}],"collection":[{"href":"https:\/\/expressometro.mx\/index.php\/wp-json\/wp\/v2\/posts"}],"about":[{"href":"https:\/\/expressometro.mx\/index.php\/wp-json\/wp\/v2\/types\/post"}],"author":[{"embeddable":true,"href":"https:\/\/expressometro.mx\/index.php\/wp-json\/wp\/v2\/users\/1"}],"replies":[{"embeddable":true,"href":"https:\/\/expressometro.mx\/index.php\/wp-json\/wp\/v2\/comments?post=194"}],"version-history":[{"count":1,"href":"https:\/\/expressometro.mx\/index.php\/wp-json\/wp\/v2\/posts\/194\/revisions"}],"predecessor-version":[{"id":196,"href":"https:\/\/expressometro.mx\/index.php\/wp-json\/wp\/v2\/posts\/194\/revisions\/196"}],"wp:attachment":[{"href":"https:\/\/expressometro.mx\/index.php\/wp-json\/wp\/v2\/media?parent=194"}],"wp:term":[{"taxonomy":"category","embeddable":true,"href":"https:\/\/expressometro.mx\/index.php\/wp-json\/wp\/v2\/categories?post=194"},{"taxonomy":"post_tag","embeddable":true,"href":"https:\/\/expressometro.mx\/index.php\/wp-json\/wp\/v2\/tags?post=194"}],"curies":[{"name":"wp","href":"https:\/\/api.w.org\/{rel}","templated":true}]}}